{"id":45008,"date":"2025-05-07T19:40:00","date_gmt":"2025-05-07T22:40:00","guid":{"rendered":"https:\/\/www.em.com.br\/emfoco\/?p=45008"},"modified":"2025-05-06T16:03:45","modified_gmt":"2025-05-06T19:03:45","slug":"minas-gerais-enfrenta-crise-de-saude-com-aumento-de-srag-e-casos-graves-de-influenza","status":"publish","type":"post","link":"https:\/\/www.em.com.br\/emfoco\/2025\/05\/07\/minas-gerais-enfrenta-crise-de-saude-com-aumento-de-srag-e-casos-graves-de-influenza\/","title":{"rendered":"Minas Gerais enfrenta crise de sa\u00fade com aumento de SRAG e casos graves de influenza"},"content":{"rendered":"\n<p><a href=\"https:\/\/www.em.com.br\/emfoco\/2025\/05\/05\/as-menores-cidades-de-minas-gerais-revelam-um-brasil-invisivel\/\" target=\"_blank\" rel=\"noreferrer noopener\"><strong>Minas Gerais<\/strong> <\/a>enfrenta uma emerg\u00eancia em sa\u00fade p\u00fablica devido ao avan\u00e7o preocupante da <strong><a href=\"https:\/\/dive.sc.gov.br\/index.php\/sindrome-respiratoria-aguda-grave-srag\" target=\"_blank\" rel=\"noreferrer noopener\">S\u00edndrome Respirat\u00f3ria Aguda Grave (SRAG)<\/a><\/strong> e de outras doen\u00e7as infecciosas. V\u00edrus como o <strong>sincicial respirat\u00f3rio e o influenza A<\/strong> s\u00e3o os principais respons\u00e1veis pela escalada de casos, especialmente entre crian\u00e7as pequenas.<\/p>\n\n\n\n<p>Com hospitais sobrecarregados e uma corrida por leitos de UTI e enfermarias, o governo estadual foi for\u00e7ado a adotar medidas dr\u00e1sticas para conter a crise e garantir atendimento \u00e0 popula\u00e7\u00e3o.<\/p>\n\n\n\n<h2 class=\"wp-block-heading\">Estado libera a\u00e7\u00f5es emergenciais sem burocracia<\/h2>\n\n\n\n<p>O governo de Minas Gerais decretou oficialmente a situa\u00e7\u00e3o de emerg\u00eancia e passou a operar em regime de urg\u00eancia, com a ativa\u00e7\u00e3o do <strong>Centro de Opera\u00e7\u00f5es de Emerg\u00eancias em Sa\u00fade por SRAG (COE-Minas-SRAG)<\/strong>. A <strong>Secretaria de Estado de Sa\u00fade (SES-MG)<\/strong> coordena os esfor\u00e7os.<\/p>\n\n\n\n<p>Entre as a\u00e7\u00f5es emergenciais est\u00e3o:<\/p>\n\n\n\n<ul class=\"wp-block-list\">\n<li><strong>Dispensa de licita\u00e7\u00e3o<\/strong> para aquisi\u00e7\u00e3o de insumos e servi\u00e7os;<\/li>\n\n\n\n<li><strong>Requisi\u00e7\u00e3o de bens e servi\u00e7os<\/strong> de empresas e pessoas f\u00edsicas;<\/li>\n\n\n\n<li><strong>Tramita\u00e7\u00e3o acelerada<\/strong> de processos administrativos.<\/li>\n<\/ul>\n\n\n\n<p>Essas medidas visam garantir resposta r\u00e1pida e eficaz, evitando o colapso do sistema de sa\u00fade diante da crescente demanda.<\/p>\n\n\n\n<figure class=\"wp-block-image\"><img decoding=\"async\" src=\"https:\/\/www.em.com.br\/emfoco\/wp-content\/uploads\/2025\/03\/hospital_1741365383301-1024x576.jpg\" alt=\"\"\/><figcaption class=\"wp-element-caption\">Hospital &#8211; Cr\u00e9ditos: depositphotos.com \/ HayDmitriy<\/figcaption><\/figure>\n\n\n\n<h2 class=\"wp-block-heading\">Hospitais operam no limite com casos pedi\u00e1tricos<\/h2>\n\n\n\n<p>O aumento dos atendimentos tem sido mais intenso entre crian\u00e7as de at\u00e9 quatro anos. S\u00f3 em <strong>Belo Horizonte<\/strong>, os casos de SRAG subiram 49% em abril em compara\u00e7\u00e3o a mar\u00e7o, provocando satura\u00e7\u00e3o nas unidades de sa\u00fade pedi\u00e1tricas.<\/p>\n\n\n\n<p>Para conter o impacto, a prefeitura abriu novos leitos de enfermaria infantil, mas o ritmo de infec\u00e7\u00e3o preocupa. M\u00e9dicos alertam para a necessidade de cuidados redobrados com os sintomas gripais, principalmente nos pequenos.<\/p>\n\n\n\n<h2 class=\"wp-block-heading\">Cidades mineiras declaram emerg\u00eancia sanit\u00e1ria<\/h2>\n\n\n\n<p>At\u00e9 o momento, seis munic\u00edpios mineiros j\u00e1 decretaram situa\u00e7\u00e3o de emerg\u00eancia, citando superlota\u00e7\u00e3o hospitalar e risco de desassist\u00eancia como motivos. A crise escancarou a fragilidade das redes municipais frente a surtos sazonais.<\/p>\n\n\n\n<p>As cidades afetadas intensificaram campanhas de orienta\u00e7\u00e3o e refor\u00e7aram o atendimento de urg\u00eancia. A coordena\u00e7\u00e3o entre os entes federativos tem sido vital para evitar um cen\u00e1rio ainda mais grave.<\/p>\n\n\n\n<h2 class=\"wp-block-heading\">Como enfrentar essa nova onda respirat\u00f3ria?<\/h2>\n\n\n\n<p>O desafio agora \u00e9 duplo: garantir atendimento imediato a quem precisa e conter a propaga\u00e7\u00e3o dos v\u00edrus. Para isso, especialistas recomendam:<\/p>\n\n\n\n<ul class=\"wp-block-list\">\n<li><strong>Manter vacina\u00e7\u00e3o em dia, inclusive contra a gripe;<\/strong><\/li>\n\n\n\n<li><strong>Evitar aglomera\u00e7\u00f5es e locais fechados com pouca ventila\u00e7\u00e3o;<\/strong><\/li>\n\n\n\n<li><strong>Levar imediatamente ao m\u00e9dico crian\u00e7as com febre alta, tosse persistente ou dificuldade para respirar.<\/strong><\/li>\n<\/ul>\n\n\n\n<p>O surto refor\u00e7a a necessidade de um sistema de sa\u00fade preparado e \u00e1gil. A resposta \u00e0 crise ser\u00e1 decisiva para evitar trag\u00e9dias e proteger os mais vulner\u00e1veis.<\/p>\n","protected":false},"excerpt":{"rendered":"<p>Minas Gerais enfrenta uma emerg\u00eancia em sa\u00fade p\u00fablica devido ao avan\u00e7o preocupante da S\u00edndrome Respirat\u00f3ria Aguda Grave (SRAG) e de outras doen\u00e7as infecciosas. V\u00edrus como o sincicial respirat\u00f3rio e o influenza A s\u00e3o os principais respons\u00e1veis pela escalada de casos, especialmente entre crian\u00e7as pequenas. Com hospitais sobrecarregados e uma corrida por leitos de UTI e [&hellip;]<\/p>\n","protected":false},"author":11,"featured_media":39864,"comment_status":"open","ping_status":"open","sticky":false,"template":"","format":"standard","meta":{"jnews-multi-image_gallery":[],"jnews_single_post":{"format":"standard"},"jnews_primary_category":[],"jnews_social_meta":[],"jnews_override_counter":[],"footnotes":""},"categories":[138,1],"tags":[8390,8389,207],"class_list":["post-45008","post","type-post","status-publish","format-standard","has-post-thumbnail","hentry","category-mundo","category-noticias","tag-crise-de-saude","tag-influenza","tag-minas-gerais"],"yoast_head":"<!-- This site is optimized with the Yoast SEO plugin v23.8 - https:\/\/yoast.com\/wordpress\/plugins\/seo\/ -->\n<title>Minas Gerais enfrenta crise de sa\u00fade com aumento de SRAG e casos graves de influenza - Estado de Minas - Em foco<\/title>\n<meta name=\"description\" content=\"Minas Gerais enfrenta uma crise de sa\u00fade p\u00fablica devido ao surto de SRAG. Saiba como o governo est\u00e1 reagindo para evitar o colapso.\" \/>\n<meta name=\"robots\" content=\"index, follow, max-snippet:-1, max-image-preview:large, max-video-preview:-1\" \/>\n<link rel=\"canonical\" href=\"https:\/\/www.em.com.br\/emfoco\/2025\/05\/07\/minas-gerais-enfrenta-crise-de-saude-com-aumento-de-srag-e-casos-graves-de-influenza\/\" \/>\n<meta property=\"og:locale\" content=\"pt_BR\" \/>\n<meta property=\"og:type\" content=\"article\" \/>\n<meta property=\"og:title\" content=\"Minas Gerais enfrenta crise de sa\u00fade com aumento de SRAG e casos graves de influenza - Estado de Minas - Em foco\" \/>\n<meta property=\"og:description\" content=\"Minas Gerais enfrenta uma crise de sa\u00fade p\u00fablica devido ao surto de SRAG. Saiba como o governo est\u00e1 reagindo para evitar o colapso.\" \/>\n<meta property=\"og:url\" content=\"https:\/\/www.em.com.br\/emfoco\/2025\/05\/07\/minas-gerais-enfrenta-crise-de-saude-com-aumento-de-srag-e-casos-graves-de-influenza\/\" \/>\n<meta property=\"og:site_name\" content=\"Estado de Minas - Em foco\" \/>\n<meta property=\"article:published_time\" content=\"2025-05-07T22:40:00+00:00\" \/>\n<meta property=\"article:modified_time\" content=\"2025-05-06T19:03:45+00:00\" \/>\n<meta property=\"og:image\" content=\"https:\/\/www.em.com.br\/emfoco\/wp-content\/uploads\/2025\/04\/romeu-zema-1.jpg\" \/>\n\t<meta property=\"og:image:width\" content=\"1280\" \/>\n\t<meta property=\"og:image:height\" content=\"720\" \/>\n\t<meta property=\"og:image:type\" content=\"image\/jpeg\" \/>\n<meta name=\"author\" content=\"Andre\u0301 Rangel\u00a0\" \/>\n<meta name=\"twitter:card\" content=\"summary_large_image\" \/>\n<meta name=\"twitter:label1\" content=\"Escrito por\" \/>\n\t<meta name=\"twitter:data1\" content=\"Andre\u0301 Rangel\u00a0\" \/>\n\t<meta name=\"twitter:label2\" content=\"Est. tempo de leitura\" \/>\n\t<meta name=\"twitter:data2\" content=\"3 minutos\" \/>\n<!-- \/ Yoast SEO plugin. -->","yoast_head_json":{"title":"Minas Gerais enfrenta crise de sa\u00fade com aumento de SRAG e casos graves de influenza - Estado de Minas - Em foco","description":"Minas Gerais enfrenta uma crise de sa\u00fade p\u00fablica devido ao surto de SRAG. Saiba como o governo est\u00e1 reagindo para evitar o colapso.","robots":{"index":"index","follow":"follow","max-snippet":"max-snippet:-1","max-image-preview":"max-image-preview:large","max-video-preview":"max-video-preview:-1"},"canonical":"https:\/\/www.em.com.br\/emfoco\/2025\/05\/07\/minas-gerais-enfrenta-crise-de-saude-com-aumento-de-srag-e-casos-graves-de-influenza\/","og_locale":"pt_BR","og_type":"article","og_title":"Minas Gerais enfrenta crise de sa\u00fade com aumento de SRAG e casos graves de influenza - Estado de Minas - Em foco","og_description":"Minas Gerais enfrenta uma crise de sa\u00fade p\u00fablica devido ao surto de SRAG. Saiba como o governo est\u00e1 reagindo para evitar o colapso.","og_url":"https:\/\/www.em.com.br\/emfoco\/2025\/05\/07\/minas-gerais-enfrenta-crise-de-saude-com-aumento-de-srag-e-casos-graves-de-influenza\/","og_site_name":"Estado de Minas - Em foco","article_published_time":"2025-05-07T22:40:00+00:00","article_modified_time":"2025-05-06T19:03:45+00:00","og_image":[{"width":1280,"height":720,"url":"https:\/\/www.em.com.br\/emfoco\/wp-content\/uploads\/2025\/04\/romeu-zema-1.jpg","type":"image\/jpeg"}],"author":"Andre\u0301 Rangel\u00a0","twitter_card":"summary_large_image","twitter_misc":{"Escrito por":"Andre\u0301 Rangel\u00a0","Est. tempo de leitura":"3 minutos"},"schema":{"@context":"https:\/\/schema.org","@graph":[{"@type":"WebPage","@id":"https:\/\/www.em.com.br\/emfoco\/2025\/05\/07\/minas-gerais-enfrenta-crise-de-saude-com-aumento-de-srag-e-casos-graves-de-influenza\/","url":"https:\/\/www.em.com.br\/emfoco\/2025\/05\/07\/minas-gerais-enfrenta-crise-de-saude-com-aumento-de-srag-e-casos-graves-de-influenza\/","name":"Minas Gerais enfrenta crise de sa\u00fade com aumento de SRAG e casos graves de influenza - Estado de Minas - Em foco","isPartOf":{"@id":"https:\/\/www.em.com.br\/emfoco\/#website"},"primaryImageOfPage":{"@id":"https:\/\/www.em.com.br\/emfoco\/2025\/05\/07\/minas-gerais-enfrenta-crise-de-saude-com-aumento-de-srag-e-casos-graves-de-influenza\/#primaryimage"},"image":{"@id":"https:\/\/www.em.com.br\/emfoco\/2025\/05\/07\/minas-gerais-enfrenta-crise-de-saude-com-aumento-de-srag-e-casos-graves-de-influenza\/#primaryimage"},"thumbnailUrl":"https:\/\/www.em.com.br\/emfoco\/wp-content\/uploads\/2025\/04\/romeu-zema-1.jpg","datePublished":"2025-05-07T22:40:00+00:00","dateModified":"2025-05-06T19:03:45+00:00","author":{"@id":"https:\/\/www.em.com.br\/emfoco\/#\/schema\/person\/60eda09c1fedf0d6891f4cef4b60b8b8"},"description":"Minas Gerais enfrenta uma crise de sa\u00fade p\u00fablica devido ao surto de SRAG. Saiba como o governo est\u00e1 reagindo para evitar o colapso.","breadcrumb":{"@id":"https:\/\/www.em.com.br\/emfoco\/2025\/05\/07\/minas-gerais-enfrenta-crise-de-saude-com-aumento-de-srag-e-casos-graves-de-influenza\/#breadcrumb"},"inLanguage":"pt-BR","potentialAction":[{"@type":"ReadAction","target":["https:\/\/www.em.com.br\/emfoco\/2025\/05\/07\/minas-gerais-enfrenta-crise-de-saude-com-aumento-de-srag-e-casos-graves-de-influenza\/"]}]},{"@type":"ImageObject","inLanguage":"pt-BR","@id":"https:\/\/www.em.com.br\/emfoco\/2025\/05\/07\/minas-gerais-enfrenta-crise-de-saude-com-aumento-de-srag-e-casos-graves-de-influenza\/#primaryimage","url":"https:\/\/www.em.com.br\/emfoco\/wp-content\/uploads\/2025\/04\/romeu-zema-1.jpg","contentUrl":"https:\/\/www.em.com.br\/emfoco\/wp-content\/uploads\/2025\/04\/romeu-zema-1.jpg","width":1280,"height":720,"caption":"Romeu Zema - Cr\u00e9ditos: Divulga\u00e7\u00e3o\/Flickr"},{"@type":"BreadcrumbList","@id":"https:\/\/www.em.com.br\/emfoco\/2025\/05\/07\/minas-gerais-enfrenta-crise-de-saude-com-aumento-de-srag-e-casos-graves-de-influenza\/#breadcrumb","itemListElement":[{"@type":"ListItem","position":1,"name":"In\u00edcio","item":"https:\/\/www.em.com.br\/emfoco\/"},{"@type":"ListItem","position":2,"name":"Minas Gerais enfrenta crise de sa\u00fade com aumento de SRAG e casos graves de influenza"}]},{"@type":"WebSite","@id":"https:\/\/www.em.com.br\/emfoco\/#website","url":"https:\/\/www.em.com.br\/emfoco\/","name":"Estado de Minas - Em foco","description":"Acompanhe as \u00faltimas not\u00edcias e fique bem informado sobre tudo o que acontece em Minas Gerais, Brasil e no mundo.","potentialAction":[{"@type":"SearchAction","target":{"@type":"EntryPoint","urlTemplate":"https:\/\/www.em.com.br\/emfoco\/?s={search_term_string}"},"query-input":{"@type":"PropertyValueSpecification","valueRequired":true,"valueName":"search_term_string"}}],"inLanguage":"pt-BR"},{"@type":"Person","@id":"https:\/\/www.em.com.br\/emfoco\/#\/schema\/person\/60eda09c1fedf0d6891f4cef4b60b8b8","name":"Andre\u0301 Rangel\u00a0","image":{"@type":"ImageObject","inLanguage":"pt-BR","@id":"https:\/\/www.em.com.br\/emfoco\/#\/schema\/person\/image\/","url":"https:\/\/secure.gravatar.com\/avatar\/6234dc814c77c8ef6d8bba622c787efc?s=96&d=mm&r=g","contentUrl":"https:\/\/secure.gravatar.com\/avatar\/6234dc814c77c8ef6d8bba622c787efc?s=96&d=mm&r=g","caption":"Andre\u0301 Rangel\u00a0"},"url":"https:\/\/www.em.com.br\/emfoco\/author\/luizmyth\/"}]}},"_links":{"self":[{"href":"https:\/\/www.em.com.br\/emfoco\/wp-json\/wp\/v2\/posts\/45008","targetHints":{"allow":["GET"]}}],"collection":[{"href":"https:\/\/www.em.com.br\/emfoco\/wp-json\/wp\/v2\/posts"}],"about":[{"href":"https:\/\/www.em.com.br\/emfoco\/wp-json\/wp\/v2\/types\/post"}],"author":[{"embeddable":true,"href":"https:\/\/www.em.com.br\/emfoco\/wp-json\/wp\/v2\/users\/11"}],"replies":[{"embeddable":true,"href":"https:\/\/www.em.com.br\/emfoco\/wp-json\/wp\/v2\/comments?post=45008"}],"version-history":[{"count":4,"href":"https:\/\/www.em.com.br\/emfoco\/wp-json\/wp\/v2\/posts\/45008\/revisions"}],"predecessor-version":[{"id":45055,"href":"https:\/\/www.em.com.br\/emfoco\/wp-json\/wp\/v2\/posts\/45008\/revisions\/45055"}],"wp:featuredmedia":[{"embeddable":true,"href":"https:\/\/www.em.com.br\/emfoco\/wp-json\/wp\/v2\/media\/39864"}],"wp:attachment":[{"href":"https:\/\/www.em.com.br\/emfoco\/wp-json\/wp\/v2\/media?parent=45008"}],"wp:term":[{"taxonomy":"category","embeddable":true,"href":"https:\/\/www.em.com.br\/emfoco\/wp-json\/wp\/v2\/categories?post=45008"},{"taxonomy":"post_tag","embeddable":true,"href":"https:\/\/www.em.com.br\/emfoco\/wp-json\/wp\/v2\/tags?post=45008"}],"curies":[{"name":"wp","href":"https:\/\/api.w.org\/{rel}","templated":true}]}}