{"id":45004,"date":"2025-05-07T17:00:00","date_gmt":"2025-05-07T20:00:00","guid":{"rendered":"https:\/\/www.em.com.br\/emfoco\/?p=45004"},"modified":"2025-05-06T16:02:24","modified_gmt":"2025-05-06T19:02:24","slug":"nova-lei-traz-mudancas-para-o-bpc-e-pode-afetar-milhoes-de-beneficiarios","status":"publish","type":"post","link":"https:\/\/www.em.com.br\/emfoco\/2025\/05\/07\/nova-lei-traz-mudancas-para-o-bpc-e-pode-afetar-milhoes-de-beneficiarios\/","title":{"rendered":"Nova lei traz mudan\u00e7as para o BPC e pode afetar milh\u00f5es de  benefici\u00e1rios"},"content":{"rendered":"\n<p>Uma nova legisla\u00e7\u00e3o aprovada em 2025 est\u00e1 transformando as regras do <strong><a href=\"https:\/\/www.em.com.br\/emfoco\/2025\/05\/06\/o-que-muda-com-o-novo-salario-minimo-e-como-isso-impacta-quem-recebe-o-bpc\/\" target=\"_blank\" rel=\"noreferrer noopener\">Benef\u00edcio de Presta\u00e7\u00e3o Continuada (BPC)<\/a><\/strong>. A <strong>Lei n\u00ba 15.077\/24<\/strong> estabelece medidas mais r\u00edgidas para garantir que o aux\u00edlio chegue apenas a quem realmente precisa \u2014 idosos em situa\u00e7\u00e3o de vulnerabilidade e pessoas com defici\u00eancia de baixa renda.<\/p>\n\n\n\n<p>O objetivo \u00e9 claro: <strong>combater fraudes<\/strong>, refor\u00e7ar o controle e <strong>promover justi\u00e7a social<\/strong>, sem prejudicar os benefici\u00e1rios leg\u00edtimos.<\/p>\n\n\n\n<h2 class=\"wp-block-heading\">Biometria obrigat\u00f3ria e Cad\u00danico mais atualizado<\/h2>\n\n\n\n<p>Entre as mudan\u00e7as mais impactantes est\u00e1 a identifica\u00e7\u00e3o biom\u00e9trica obrigat\u00f3ria. Todos os benefici\u00e1rios, inclusive os antigos, precisar\u00e3o registrar digitais e foto facial nas ag\u00eancias do <strong>INSS<\/strong>. O processo \u00e9 presencial, mediante agendamento pelo telefone 135, site ou aplicativo<strong> <em><a href=\"https:\/\/www.gov.br\/pt-br\/temas\/meu-inss\" target=\"_blank\" rel=\"noreferrer noopener\">Meu INSS<\/a><\/em><\/strong>.<\/p>\n\n\n\n<p>Outra altera\u00e7\u00e3o importante \u00e9 a atualiza\u00e7\u00e3o mais frequente do<strong> Cad\u00danico<\/strong>: antes feita a cada quatro anos, agora ser\u00e1 exigida a cada dois. Essa medida visa manter os dados alinhados \u00e0 realidade econ\u00f4mica das fam\u00edlias.<\/p>\n\n\n\n<figure class=\"wp-block-image\"><img decoding=\"async\" src=\"https:\/\/www.em.com.br\/emfoco\/wp-content\/uploads\/2025\/03\/bpc-carrossel-1024x576.jpg\" alt=\"\"\/><figcaption class=\"wp-element-caption\">BPC &#8211; Cr\u00e9ditos: Divulga\u00e7\u00e3o\/Gov.br<\/figcaption><\/figure>\n\n\n\n<h2 class=\"wp-block-heading\">Renda de c\u00f4njuges fora de casa n\u00e3o ser\u00e1 mais contada<\/h2>\n\n\n\n<p>A lei tamb\u00e9m corrige uma antiga pol\u00eamica: a renda de c\u00f4njuges que n\u00e3o moram com o requerente n\u00e3o ser\u00e1 mais considerada na an\u00e1lise do benef\u00edcio. A mudan\u00e7a atende casos de separa\u00e7\u00f5es informais, abandono e situa\u00e7\u00f5es em que o parceiro vive em outra cidade por motivo de trabalho ou sa\u00fade.<\/p>\n\n\n\n<p>Esse ajuste \u00e9 visto como um avan\u00e7o na compreens\u00e3o da diversidade familiar, garantindo que a an\u00e1lise da renda seja mais justa e condizente com a realidade social.<\/p>\n\n\n\n<h2 class=\"wp-block-heading\">Cruzamento de dados vai identificar fraudes<\/h2>\n\n\n\n<p>Com a nova legisla\u00e7\u00e3o, o INSS passa a contar com ferramentas mais sofisticadas de fiscaliza\u00e7\u00e3o. Agora, h\u00e1 um cruzamento direto com bancos de dados da<strong> Receita Federal<\/strong>, institui\u00e7\u00f5es financeiras e outros \u00f3rg\u00e3os p\u00fablicos, permitindo verificar inconsist\u00eancias com mais agilidade.<\/p>\n\n\n\n<p>Caso sejam identificadas irregularidades, o benef\u00edcio pode ser cancelado e os valores indevidamente recebidos, cobrados.<\/p>\n\n\n\n<h2 class=\"wp-block-heading\">Quem n\u00e3o seguir as novas regras pode perder o benef\u00edcio<\/h2>\n\n\n\n<p>O benefici\u00e1rio que n\u00e3o fizer a biometria ou n\u00e3o atualizar o Cad\u00danico poder\u00e1 ter o benef\u00edcio suspenso. Se, ap\u00f3s 60 dias, a situa\u00e7\u00e3o n\u00e3o for regularizada, o BPC ser\u00e1 cancelado definitivamente.<\/p>\n\n\n\n<p>Al\u00e9m disso, caso fique comprovada alguma fraude, o titular poder\u00e1 ser obrigado a devolver os valores recebidos. Por isso, \u00e9 fundamental manter os dados em dia e acompanhar regularmente as comunica\u00e7\u00f5es oficiais do INSS.<\/p>\n","protected":false},"excerpt":{"rendered":"<p>Uma nova legisla\u00e7\u00e3o aprovada em 2025 est\u00e1 transformando as regras do Benef\u00edcio de Presta\u00e7\u00e3o Continuada (BPC). A Lei n\u00ba 15.077\/24 estabelece medidas mais r\u00edgidas para garantir que o aux\u00edlio chegue apenas a quem realmente precisa \u2014 idosos em situa\u00e7\u00e3o de vulnerabilidade e pessoas com defici\u00eancia de baixa renda. O objetivo \u00e9 claro: combater fraudes, refor\u00e7ar [&hellip;]<\/p>\n","protected":false},"author":11,"featured_media":24973,"comment_status":"open","ping_status":"open","sticky":false,"template":"","format":"standard","meta":{"jnews-multi-image_gallery":[],"jnews_single_post":{"format":"standard"},"jnews_primary_category":[],"jnews_social_meta":[],"jnews_override_counter":[],"footnotes":""},"categories":[28,1],"tags":[257,7392,7917],"class_list":["post-45004","post","type-post","status-publish","format-standard","has-post-thumbnail","hentry","category-economia","category-noticias","tag-bpc","tag-bpc-2025","tag-pagamento-bpc"],"yoast_head":"<!-- This site is optimized with the Yoast SEO plugin v23.8 - https:\/\/yoast.com\/wordpress\/plugins\/seo\/ -->\n<title>Nova lei traz mudan\u00e7as para o BPC e pode afetar milh\u00f5es de benefici\u00e1rios - Estado de Minas - Em foco<\/title>\n<meta name=\"description\" content=\"Com a nova legisla\u00e7\u00e3o, milh\u00f5es de benefici\u00e1rios podem perder o Benef\u00edcio de Presta\u00e7\u00e3o Continuada (BPC). Saiba mais.\" \/>\n<meta name=\"robots\" content=\"index, follow, max-snippet:-1, max-image-preview:large, max-video-preview:-1\" \/>\n<link rel=\"canonical\" href=\"https:\/\/www.em.com.br\/emfoco\/2025\/05\/07\/nova-lei-traz-mudancas-para-o-bpc-e-pode-afetar-milhoes-de-beneficiarios\/\" \/>\n<meta property=\"og:locale\" content=\"pt_BR\" \/>\n<meta property=\"og:type\" content=\"article\" \/>\n<meta property=\"og:title\" content=\"Nova lei traz mudan\u00e7as para o BPC e pode afetar milh\u00f5es de benefici\u00e1rios - Estado de Minas - Em foco\" \/>\n<meta property=\"og:description\" content=\"Com a nova legisla\u00e7\u00e3o, milh\u00f5es de benefici\u00e1rios podem perder o Benef\u00edcio de Presta\u00e7\u00e3o Continuada (BPC). Saiba mais.\" \/>\n<meta property=\"og:url\" content=\"https:\/\/www.em.com.br\/emfoco\/2025\/05\/07\/nova-lei-traz-mudancas-para-o-bpc-e-pode-afetar-milhoes-de-beneficiarios\/\" \/>\n<meta property=\"og:site_name\" content=\"Estado de Minas - Em foco\" \/>\n<meta property=\"article:published_time\" content=\"2025-05-07T20:00:00+00:00\" \/>\n<meta property=\"article:modified_time\" content=\"2025-05-06T19:02:24+00:00\" \/>\n<meta property=\"og:image\" content=\"https:\/\/www.em.com.br\/emfoco\/wp-content\/uploads\/2025\/03\/idosos-com-dinheiro_1741098418131.jpg\" \/>\n\t<meta property=\"og:image:width\" content=\"1280\" \/>\n\t<meta property=\"og:image:height\" content=\"720\" \/>\n\t<meta property=\"og:image:type\" content=\"image\/jpeg\" \/>\n<meta name=\"author\" content=\"Andre\u0301 Rangel\u00a0\" \/>\n<meta name=\"twitter:card\" content=\"summary_large_image\" \/>\n<meta name=\"twitter:label1\" content=\"Escrito por\" \/>\n\t<meta name=\"twitter:data1\" content=\"Andre\u0301 Rangel\u00a0\" \/>\n\t<meta name=\"twitter:label2\" content=\"Est. tempo de leitura\" \/>\n\t<meta name=\"twitter:data2\" content=\"3 minutos\" \/>\n<!-- \/ Yoast SEO plugin. -->","yoast_head_json":{"title":"Nova lei traz mudan\u00e7as para o BPC e pode afetar milh\u00f5es de benefici\u00e1rios - Estado de Minas - Em foco","description":"Com a nova legisla\u00e7\u00e3o, milh\u00f5es de benefici\u00e1rios podem perder o Benef\u00edcio de Presta\u00e7\u00e3o Continuada (BPC). Saiba mais.","robots":{"index":"index","follow":"follow","max-snippet":"max-snippet:-1","max-image-preview":"max-image-preview:large","max-video-preview":"max-video-preview:-1"},"canonical":"https:\/\/www.em.com.br\/emfoco\/2025\/05\/07\/nova-lei-traz-mudancas-para-o-bpc-e-pode-afetar-milhoes-de-beneficiarios\/","og_locale":"pt_BR","og_type":"article","og_title":"Nova lei traz mudan\u00e7as para o BPC e pode afetar milh\u00f5es de benefici\u00e1rios - Estado de Minas - Em foco","og_description":"Com a nova legisla\u00e7\u00e3o, milh\u00f5es de benefici\u00e1rios podem perder o Benef\u00edcio de Presta\u00e7\u00e3o Continuada (BPC). Saiba mais.","og_url":"https:\/\/www.em.com.br\/emfoco\/2025\/05\/07\/nova-lei-traz-mudancas-para-o-bpc-e-pode-afetar-milhoes-de-beneficiarios\/","og_site_name":"Estado de Minas - Em foco","article_published_time":"2025-05-07T20:00:00+00:00","article_modified_time":"2025-05-06T19:02:24+00:00","og_image":[{"width":1280,"height":720,"url":"https:\/\/www.em.com.br\/emfoco\/wp-content\/uploads\/2025\/03\/idosos-com-dinheiro_1741098418131.jpg","type":"image\/jpeg"}],"author":"Andre\u0301 Rangel\u00a0","twitter_card":"summary_large_image","twitter_misc":{"Escrito por":"Andre\u0301 Rangel\u00a0","Est. tempo de leitura":"3 minutos"},"schema":{"@context":"https:\/\/schema.org","@graph":[{"@type":"WebPage","@id":"https:\/\/www.em.com.br\/emfoco\/2025\/05\/07\/nova-lei-traz-mudancas-para-o-bpc-e-pode-afetar-milhoes-de-beneficiarios\/","url":"https:\/\/www.em.com.br\/emfoco\/2025\/05\/07\/nova-lei-traz-mudancas-para-o-bpc-e-pode-afetar-milhoes-de-beneficiarios\/","name":"Nova lei traz mudan\u00e7as para o BPC e pode afetar milh\u00f5es de benefici\u00e1rios - Estado de Minas - Em foco","isPartOf":{"@id":"https:\/\/www.em.com.br\/emfoco\/#website"},"primaryImageOfPage":{"@id":"https:\/\/www.em.com.br\/emfoco\/2025\/05\/07\/nova-lei-traz-mudancas-para-o-bpc-e-pode-afetar-milhoes-de-beneficiarios\/#primaryimage"},"image":{"@id":"https:\/\/www.em.com.br\/emfoco\/2025\/05\/07\/nova-lei-traz-mudancas-para-o-bpc-e-pode-afetar-milhoes-de-beneficiarios\/#primaryimage"},"thumbnailUrl":"https:\/\/www.em.com.br\/emfoco\/wp-content\/uploads\/2025\/03\/idosos-com-dinheiro_1741098418131.jpg","datePublished":"2025-05-07T20:00:00+00:00","dateModified":"2025-05-06T19:02:24+00:00","author":{"@id":"https:\/\/www.em.com.br\/emfoco\/#\/schema\/person\/60eda09c1fedf0d6891f4cef4b60b8b8"},"description":"Com a nova legisla\u00e7\u00e3o, milh\u00f5es de benefici\u00e1rios podem perder o Benef\u00edcio de Presta\u00e7\u00e3o Continuada (BPC). Saiba mais.","breadcrumb":{"@id":"https:\/\/www.em.com.br\/emfoco\/2025\/05\/07\/nova-lei-traz-mudancas-para-o-bpc-e-pode-afetar-milhoes-de-beneficiarios\/#breadcrumb"},"inLanguage":"pt-BR","potentialAction":[{"@type":"ReadAction","target":["https:\/\/www.em.com.br\/emfoco\/2025\/05\/07\/nova-lei-traz-mudancas-para-o-bpc-e-pode-afetar-milhoes-de-beneficiarios\/"]}]},{"@type":"ImageObject","inLanguage":"pt-BR","@id":"https:\/\/www.em.com.br\/emfoco\/2025\/05\/07\/nova-lei-traz-mudancas-para-o-bpc-e-pode-afetar-milhoes-de-beneficiarios\/#primaryimage","url":"https:\/\/www.em.com.br\/emfoco\/wp-content\/uploads\/2025\/03\/idosos-com-dinheiro_1741098418131.jpg","contentUrl":"https:\/\/www.em.com.br\/emfoco\/wp-content\/uploads\/2025\/03\/idosos-com-dinheiro_1741098418131.jpg","width":1280,"height":720,"caption":"Novo projeto garante cr\u00e9dito igual para idosos no pa\u00eds - Cr\u00e9ditos: depositphotos.com \/ AndrewLozovyi"},{"@type":"BreadcrumbList","@id":"https:\/\/www.em.com.br\/emfoco\/2025\/05\/07\/nova-lei-traz-mudancas-para-o-bpc-e-pode-afetar-milhoes-de-beneficiarios\/#breadcrumb","itemListElement":[{"@type":"ListItem","position":1,"name":"In\u00edcio","item":"https:\/\/www.em.com.br\/emfoco\/"},{"@type":"ListItem","position":2,"name":"Nova lei traz mudan\u00e7as para o BPC e pode afetar milh\u00f5es de benefici\u00e1rios"}]},{"@type":"WebSite","@id":"https:\/\/www.em.com.br\/emfoco\/#website","url":"https:\/\/www.em.com.br\/emfoco\/","name":"Estado de Minas - Em foco","description":"Acompanhe as \u00faltimas not\u00edcias e fique bem informado sobre tudo o que acontece em Minas Gerais, Brasil e no mundo.","potentialAction":[{"@type":"SearchAction","target":{"@type":"EntryPoint","urlTemplate":"https:\/\/www.em.com.br\/emfoco\/?s={search_term_string}"},"query-input":{"@type":"PropertyValueSpecification","valueRequired":true,"valueName":"search_term_string"}}],"inLanguage":"pt-BR"},{"@type":"Person","@id":"https:\/\/www.em.com.br\/emfoco\/#\/schema\/person\/60eda09c1fedf0d6891f4cef4b60b8b8","name":"Andre\u0301 Rangel\u00a0","image":{"@type":"ImageObject","inLanguage":"pt-BR","@id":"https:\/\/www.em.com.br\/emfoco\/#\/schema\/person\/image\/","url":"https:\/\/secure.gravatar.com\/avatar\/6234dc814c77c8ef6d8bba622c787efc?s=96&d=mm&r=g","contentUrl":"https:\/\/secure.gravatar.com\/avatar\/6234dc814c77c8ef6d8bba622c787efc?s=96&d=mm&r=g","caption":"Andre\u0301 Rangel\u00a0"},"url":"https:\/\/www.em.com.br\/emfoco\/author\/luizmyth\/"}]}},"_links":{"self":[{"href":"https:\/\/www.em.com.br\/emfoco\/wp-json\/wp\/v2\/posts\/45004","targetHints":{"allow":["GET"]}}],"collection":[{"href":"https:\/\/www.em.com.br\/emfoco\/wp-json\/wp\/v2\/posts"}],"about":[{"href":"https:\/\/www.em.com.br\/emfoco\/wp-json\/wp\/v2\/types\/post"}],"author":[{"embeddable":true,"href":"https:\/\/www.em.com.br\/emfoco\/wp-json\/wp\/v2\/users\/11"}],"replies":[{"embeddable":true,"href":"https:\/\/www.em.com.br\/emfoco\/wp-json\/wp\/v2\/comments?post=45004"}],"version-history":[{"count":3,"href":"https:\/\/www.em.com.br\/emfoco\/wp-json\/wp\/v2\/posts\/45004\/revisions"}],"predecessor-version":[{"id":45048,"href":"https:\/\/www.em.com.br\/emfoco\/wp-json\/wp\/v2\/posts\/45004\/revisions\/45048"}],"wp:featuredmedia":[{"embeddable":true,"href":"https:\/\/www.em.com.br\/emfoco\/wp-json\/wp\/v2\/media\/24973"}],"wp:attachment":[{"href":"https:\/\/www.em.com.br\/emfoco\/wp-json\/wp\/v2\/media?parent=45004"}],"wp:term":[{"taxonomy":"category","embeddable":true,"href":"https:\/\/www.em.com.br\/emfoco\/wp-json\/wp\/v2\/categories?post=45004"},{"taxonomy":"post_tag","embeddable":true,"href":"https:\/\/www.em.com.br\/emfoco\/wp-json\/wp\/v2\/tags?post=45004"}],"curies":[{"name":"wp","href":"https:\/\/api.w.org\/{rel}","templated":true}]}}