{"id":44956,"date":"2025-05-06T17:30:00","date_gmt":"2025-05-06T20:30:00","guid":{"rendered":"https:\/\/www.em.com.br\/emfoco\/?p=44956"},"modified":"2025-05-06T13:19:41","modified_gmt":"2025-05-06T16:19:41","slug":"essa-cidade-virou-tendencia-entre-quem-busca-morar-bem-longe-da-correria-urbana","status":"publish","type":"post","link":"https:\/\/www.em.com.br\/emfoco\/2025\/05\/06\/essa-cidade-virou-tendencia-entre-quem-busca-morar-bem-longe-da-correria-urbana\/","title":{"rendered":"Essa cidade virou tend\u00eancia entre quem busca morar bem longe da correria urbana"},"content":{"rendered":"\n<p><strong>Torres<\/strong>, situada no litoral norte do <strong>Rio Grande do Sul<\/strong>, \u00e9 uma cidade que se destaca por suas paisagens naturais impressionantes e qualidade de vida elevada. Conhecida por suas fal\u00e9sias e praias bem preservadas, Torres oferece um ambiente acolhedor tanto para residentes quanto para visitantes. A cidade combina a serenidade do litoral com uma infraestrutura que promove um estilo de vida equilibrado, segundo o site <a href=\"https:\/\/bmcnews.com.br\/2025\/04\/22\/cidade-no-litoral-gaucho-encanta-com-sua-qualidade-de-vida-e-educacao\/\" target=\"_blank\" rel=\"noreferrer noopener\">BM&amp;C News.<\/a><\/p>\n\n\n\n<p>Residir em Torres proporciona a oportunidade de viver em um ambiente seguro, com ruas arborizadas e um ritmo de vida mais calmo. A cidade oferece servi\u00e7os acess\u00edveis e uma comunidade receptiva, ideal para aqueles que buscam um ref\u00fagio do cotidiano agitado. Al\u00e9m disso, a cidade se destaca pela limpeza urbana e pelo compromisso com a preserva\u00e7\u00e3o ambiental.<\/p>\n\n\n\n<h2 class=\"wp-block-heading\">Como se desenvolvem a educa\u00e7\u00e3o e a cultura nessa cidade sulista?<\/h2>\n\n\n\n<p>Torres possui um sistema educacional diversificado, com op\u00e7\u00f5es que v\u00e3o desde a educa\u00e7\u00e3o infantil at\u00e9 o ensino superior. A cidade abriga institui\u00e7\u00f5es que promovem uma forma\u00e7\u00e3o cidad\u00e3 e humanizada, al\u00e9m de contar com um campus da Universidade Estadual do Rio Grande do Sul (UERGS). A educa\u00e7\u00e3o em Torres \u00e9 enriquecida por projetos que valorizam a cultura local e a sustentabilidade ambiental.<\/p>\n\n\n\n<p>O calend\u00e1rio cultural de Torres \u00e9 vibrante, com eventos que celebram a arte e o esporte. O Festival Internacional de Balonismo \u00e9 um dos destaques, atraindo visitantes de todo o mundo para um espet\u00e1culo visual \u00fanico. A cidade tamb\u00e9m oferece diversas atividades ao ar livre, como caminhadas em trilhas ecol\u00f3gicas e esportes aqu\u00e1ticos, promovendo um estilo de vida saud\u00e1vel e ativo.<\/p>\n\n\n\n<h2 class=\"wp-block-heading\">Qual \u00e9 a situa\u00e7\u00e3o econ\u00f4mica e de infraestrutura de Torres?<\/h2>\n\n\n\n<p>A economia de Torres \u00e9 impulsionada pelo turismo, com\u00e9rcio e servi\u00e7os. A cidade tem experimentado um crescimento no mercado imobili\u00e1rio, atraindo pessoas que buscam qualidade de vida em um ambiente litor\u00e2neo. A infraestrutura urbana \u00e9 eficiente, com boas op\u00e7\u00f5es de sa\u00fade, transporte p\u00fablico e servi\u00e7os essenciais.<\/p>\n\n\n\n<p>Durante o ver\u00e3o, Torres recebe um aumento significativo no n\u00famero de visitantes, mas consegue manter uma organiza\u00e7\u00e3o que beneficia tanto turistas quanto moradores. A cidade \u00e9 um exemplo de como o desenvolvimento pode ocorrer de forma sustent\u00e1vel, sem comprometer a qualidade de vida dos residentes.<\/p>\n\n\n<div class=\"wp-block-image\">\n<figure class=\"aligncenter size-large\"><img loading=\"lazy\" decoding=\"async\" width=\"1024\" height=\"704\" src=\"https:\/\/www.em.com.br\/emfoco\/wp-content\/uploads\/2025\/05\/2048px-Parque_da_Guarita_-_Torres_-_RS-1024x704.jpg\" alt=\"Essa cidade virou tend\u00eancia entre quem busca morar bem longe da correria urbana\" class=\"wp-image-44958\" srcset=\"https:\/\/www.em.com.br\/emfoco\/wp-content\/uploads\/2025\/05\/2048px-Parque_da_Guarita_-_Torres_-_RS-1024x704.jpg 1024w, https:\/\/www.em.com.br\/emfoco\/wp-content\/uploads\/2025\/05\/2048px-Parque_da_Guarita_-_Torres_-_RS-300x206.jpg 300w, https:\/\/www.em.com.br\/emfoco\/wp-content\/uploads\/2025\/05\/2048px-Parque_da_Guarita_-_Torres_-_RS-768x528.jpg 768w, https:\/\/www.em.com.br\/emfoco\/wp-content\/uploads\/2025\/05\/2048px-Parque_da_Guarita_-_Torres_-_RS-1536x1056.jpg 1536w, https:\/\/www.em.com.br\/emfoco\/wp-content\/uploads\/2025\/05\/2048px-Parque_da_Guarita_-_Torres_-_RS-750x516.jpg 750w, https:\/\/www.em.com.br\/emfoco\/wp-content\/uploads\/2025\/05\/2048px-Parque_da_Guarita_-_Torres_-_RS-1140x784.jpg 1140w, https:\/\/www.em.com.br\/emfoco\/wp-content\/uploads\/2025\/05\/2048px-Parque_da_Guarita_-_Torres_-_RS.jpg 2048w\" sizes=\"auto, (max-width: 1024px) 100vw, 1024px\" \/><figcaption class=\"wp-element-caption\">Torres (Foto: Wikimedia)<\/figcaption><\/figure><\/div>\n\n\n<h2 class=\"wp-block-heading\">Quais s\u00e3o os principais pontos tur\u00edsticos da cidade?<\/h2>\n\n\n\n<p>Torres oferece uma variedade de atra\u00e7\u00f5es para os amantes da natureza e das paisagens inspiradoras. Entre os principais pontos tur\u00edsticos est\u00e3o:<\/p>\n\n\n\n<ul class=\"wp-block-list\">\n<li><strong>Praia da Guarita:<\/strong> Considerada uma das mais bonitas do Brasil, cercada por fal\u00e9sias e com \u00e1guas limpas, ideal para banho e trilhas.<\/li>\n\n\n\n<li><strong>Parque da Guarita:<\/strong> \u00c1rea de preserva\u00e7\u00e3o com mirantes naturais, trilhas e vista panor\u00e2mica do mar e das forma\u00e7\u00f5es rochosas.<\/li>\n\n\n\n<li><strong>Praia de Itapeva:<\/strong> \u00d3tima para quem busca tranquilidade e natureza preservada.<\/li>\n\n\n\n<li><strong>Praia Grande:<\/strong> Central, com boa infraestrutura, bares e quiosques, sendo o ponto mais movimentado no ver\u00e3o.<\/li>\n\n\n\n<li><strong>Ilha dos Lobos:<\/strong> \u00c1rea de prote\u00e7\u00e3o ambiental, acess\u00edvel por passeio de barco, onde \u00e9 poss\u00edvel observar lobos-marinhos.<\/li>\n\n\n\n<li><strong>Morro do Farol:<\/strong> Cart\u00e3o-postal da cidade, com vista para toda a costa e ponto ideal para voos de parapente.<\/li>\n<\/ul>\n\n\n\n<h2 class=\"wp-block-heading\">Por que escolher Torres como destino?<\/h2>\n\n\n\n<p>Morar em Torres \u00e9 uma excelente escolha para quem busca qualidade de vida, seguran\u00e7a e contato com a natureza. A cidade oferece uma infraestrutura robusta, clima agrad\u00e1vel e diversas op\u00e7\u00f5es de lazer ao ar livre. \u00c9 um local ideal tanto para fam\u00edlias quanto para aqueles que desejam empreender ou trabalhar remotamente.<\/p>\n\n\n\n<p>Visitar Torres \u00e9 uma experi\u00eancia que encanta pela simplicidade e beleza. As paisagens \u00fanicas, o clima acolhedor e a boa gastronomia local tornam a cidade um <a href=\"https:\/\/www.em.com.br\/emfoco\/2025\/05\/05\/o-lugar-no-brasil-que-une-paz-natureza-e-cultura-em-uma-so-regiao\/\" target=\"_blank\" rel=\"noreferrer noopener\">destino<\/a> completo para quem busca descanso ou aventura. Seja para uma escapada de fim de semana ou f\u00e9rias prolongadas, Torres oferece um ref\u00fagio perfeito para novas descobertas.<\/p>\n","protected":false},"excerpt":{"rendered":"<p>Torres, situada no litoral norte do Rio Grande do Sul, \u00e9 uma cidade que se destaca por suas paisagens naturais impressionantes e qualidade de vida elevada. Conhecida por suas fal\u00e9sias e praias bem preservadas, Torres oferece um ambiente acolhedor tanto para residentes quanto para visitantes. A cidade combina a serenidade do litoral com uma infraestrutura [&hellip;]<\/p>\n","protected":false},"author":10,"featured_media":44957,"comment_status":"open","ping_status":"open","sticky":false,"template":"","format":"standard","meta":{"jnews-multi-image_gallery":[],"jnews_single_post":{"format":"standard"},"jnews_primary_category":[],"jnews_social_meta":[],"jnews_override_counter":[],"footnotes":""},"categories":[26,1],"tags":[158,310,321,157],"class_list":["post-44956","post","type-post","status-publish","format-standard","has-post-thumbnail","hentry","category-cidades","category-noticias","tag-brasil","tag-cidade","tag-praias","tag-turismo"],"yoast_head":"<!-- This site is optimized with the Yoast SEO plugin v23.8 - https:\/\/yoast.com\/wordpress\/plugins\/seo\/ -->\n<title>Essa cidade virou tend\u00eancia entre quem busca morar bem longe da correria urbana - Estado de Minas - Em foco<\/title>\n<meta name=\"description\" content=\"Essa cidade combina natureza, tranquilidade e infraestrutura moderna. Descubra por que ela vem atraindo novos moradores.\" \/>\n<meta name=\"robots\" content=\"index, follow, max-snippet:-1, max-image-preview:large, max-video-preview:-1\" \/>\n<link rel=\"canonical\" href=\"https:\/\/www.em.com.br\/emfoco\/2025\/05\/06\/essa-cidade-virou-tendencia-entre-quem-busca-morar-bem-longe-da-correria-urbana\/\" \/>\n<meta property=\"og:locale\" content=\"pt_BR\" \/>\n<meta property=\"og:type\" content=\"article\" \/>\n<meta property=\"og:title\" content=\"Essa cidade virou tend\u00eancia entre quem busca morar bem longe da correria urbana - Estado de Minas - Em foco\" \/>\n<meta property=\"og:description\" content=\"Essa cidade combina natureza, tranquilidade e infraestrutura moderna. Descubra por que ela vem atraindo novos moradores.\" \/>\n<meta property=\"og:url\" content=\"https:\/\/www.em.com.br\/emfoco\/2025\/05\/06\/essa-cidade-virou-tendencia-entre-quem-busca-morar-bem-longe-da-correria-urbana\/\" \/>\n<meta property=\"og:site_name\" content=\"Estado de Minas - Em foco\" \/>\n<meta property=\"article:published_time\" content=\"2025-05-06T20:30:00+00:00\" \/>\n<meta property=\"article:modified_time\" content=\"2025-05-06T16:19:41+00:00\" \/>\n<meta property=\"og:image\" content=\"https:\/\/www.em.com.br\/emfoco\/wp-content\/uploads\/2025\/05\/Torres_Torres_-_RS_Brazil_-_panoramio_-_rafael_alexandre_de_\u2026_6.jpg\" \/>\n\t<meta property=\"og:image:width\" content=\"1600\" \/>\n\t<meta property=\"og:image:height\" content=\"1009\" \/>\n\t<meta property=\"og:image:type\" content=\"image\/jpeg\" \/>\n<meta name=\"author\" content=\"Patryck Reinehr\" \/>\n<meta name=\"twitter:card\" content=\"summary_large_image\" \/>\n<meta name=\"twitter:label1\" content=\"Escrito por\" \/>\n\t<meta name=\"twitter:data1\" content=\"Patryck Reinehr\" \/>\n\t<meta name=\"twitter:label2\" content=\"Est. tempo de leitura\" \/>\n\t<meta name=\"twitter:data2\" content=\"4 minutos\" \/>\n<!-- \/ Yoast SEO plugin. -->","yoast_head_json":{"title":"Essa cidade virou tend\u00eancia entre quem busca morar bem longe da correria urbana - Estado de Minas - Em foco","description":"Essa cidade combina natureza, tranquilidade e infraestrutura moderna. Descubra por que ela vem atraindo novos moradores.","robots":{"index":"index","follow":"follow","max-snippet":"max-snippet:-1","max-image-preview":"max-image-preview:large","max-video-preview":"max-video-preview:-1"},"canonical":"https:\/\/www.em.com.br\/emfoco\/2025\/05\/06\/essa-cidade-virou-tendencia-entre-quem-busca-morar-bem-longe-da-correria-urbana\/","og_locale":"pt_BR","og_type":"article","og_title":"Essa cidade virou tend\u00eancia entre quem busca morar bem longe da correria urbana - Estado de Minas - Em foco","og_description":"Essa cidade combina natureza, tranquilidade e infraestrutura moderna. Descubra por que ela vem atraindo novos moradores.","og_url":"https:\/\/www.em.com.br\/emfoco\/2025\/05\/06\/essa-cidade-virou-tendencia-entre-quem-busca-morar-bem-longe-da-correria-urbana\/","og_site_name":"Estado de Minas - Em foco","article_published_time":"2025-05-06T20:30:00+00:00","article_modified_time":"2025-05-06T16:19:41+00:00","og_image":[{"width":1600,"height":1009,"url":"https:\/\/www.em.com.br\/emfoco\/wp-content\/uploads\/2025\/05\/Torres_Torres_-_RS_Brazil_-_panoramio_-_rafael_alexandre_de_\u2026_6.jpg","type":"image\/jpeg"}],"author":"Patryck Reinehr","twitter_card":"summary_large_image","twitter_misc":{"Escrito por":"Patryck Reinehr","Est. tempo de leitura":"4 minutos"},"schema":{"@context":"https:\/\/schema.org","@graph":[{"@type":"WebPage","@id":"https:\/\/www.em.com.br\/emfoco\/2025\/05\/06\/essa-cidade-virou-tendencia-entre-quem-busca-morar-bem-longe-da-correria-urbana\/","url":"https:\/\/www.em.com.br\/emfoco\/2025\/05\/06\/essa-cidade-virou-tendencia-entre-quem-busca-morar-bem-longe-da-correria-urbana\/","name":"Essa cidade virou tend\u00eancia entre quem busca morar bem longe da correria urbana - Estado de Minas - Em foco","isPartOf":{"@id":"https:\/\/www.em.com.br\/emfoco\/#website"},"primaryImageOfPage":{"@id":"https:\/\/www.em.com.br\/emfoco\/2025\/05\/06\/essa-cidade-virou-tendencia-entre-quem-busca-morar-bem-longe-da-correria-urbana\/#primaryimage"},"image":{"@id":"https:\/\/www.em.com.br\/emfoco\/2025\/05\/06\/essa-cidade-virou-tendencia-entre-quem-busca-morar-bem-longe-da-correria-urbana\/#primaryimage"},"thumbnailUrl":"https:\/\/www.em.com.br\/emfoco\/wp-content\/uploads\/2025\/05\/Torres_Torres_-_RS_Brazil_-_panoramio_-_rafael_alexandre_de_\u2026_6.jpg","datePublished":"2025-05-06T20:30:00+00:00","dateModified":"2025-05-06T16:19:41+00:00","author":{"@id":"https:\/\/www.em.com.br\/emfoco\/#\/schema\/person\/43407752bebcbbb4d0ec79deedc0d7ce"},"description":"Essa cidade combina natureza, tranquilidade e infraestrutura moderna. Descubra por que ela vem atraindo novos moradores.","breadcrumb":{"@id":"https:\/\/www.em.com.br\/emfoco\/2025\/05\/06\/essa-cidade-virou-tendencia-entre-quem-busca-morar-bem-longe-da-correria-urbana\/#breadcrumb"},"inLanguage":"pt-BR","potentialAction":[{"@type":"ReadAction","target":["https:\/\/www.em.com.br\/emfoco\/2025\/05\/06\/essa-cidade-virou-tendencia-entre-quem-busca-morar-bem-longe-da-correria-urbana\/"]}]},{"@type":"ImageObject","inLanguage":"pt-BR","@id":"https:\/\/www.em.com.br\/emfoco\/2025\/05\/06\/essa-cidade-virou-tendencia-entre-quem-busca-morar-bem-longe-da-correria-urbana\/#primaryimage","url":"https:\/\/www.em.com.br\/emfoco\/wp-content\/uploads\/2025\/05\/Torres_Torres_-_RS_Brazil_-_panoramio_-_rafael_alexandre_de_\u2026_6.jpg","contentUrl":"https:\/\/www.em.com.br\/emfoco\/wp-content\/uploads\/2025\/05\/Torres_Torres_-_RS_Brazil_-_panoramio_-_rafael_alexandre_de_\u2026_6.jpg","width":1600,"height":1009,"caption":"Torres (Foto: Wikimedia)"},{"@type":"BreadcrumbList","@id":"https:\/\/www.em.com.br\/emfoco\/2025\/05\/06\/essa-cidade-virou-tendencia-entre-quem-busca-morar-bem-longe-da-correria-urbana\/#breadcrumb","itemListElement":[{"@type":"ListItem","position":1,"name":"In\u00edcio","item":"https:\/\/www.em.com.br\/emfoco\/"},{"@type":"ListItem","position":2,"name":"Essa cidade virou tend\u00eancia entre quem busca morar bem longe da correria urbana"}]},{"@type":"WebSite","@id":"https:\/\/www.em.com.br\/emfoco\/#website","url":"https:\/\/www.em.com.br\/emfoco\/","name":"Estado de Minas - Em foco","description":"Acompanhe as \u00faltimas not\u00edcias e fique bem informado sobre tudo o que acontece em Minas Gerais, Brasil e no mundo.","potentialAction":[{"@type":"SearchAction","target":{"@type":"EntryPoint","urlTemplate":"https:\/\/www.em.com.br\/emfoco\/?s={search_term_string}"},"query-input":{"@type":"PropertyValueSpecification","valueRequired":true,"valueName":"search_term_string"}}],"inLanguage":"pt-BR"},{"@type":"Person","@id":"https:\/\/www.em.com.br\/emfoco\/#\/schema\/person\/43407752bebcbbb4d0ec79deedc0d7ce","name":"Patryck Reinehr","image":{"@type":"ImageObject","inLanguage":"pt-BR","@id":"https:\/\/www.em.com.br\/emfoco\/#\/schema\/person\/image\/","url":"https:\/\/secure.gravatar.com\/avatar\/570c7fb2898c0e2df0823196891bea88?s=96&d=mm&r=g","contentUrl":"https:\/\/secure.gravatar.com\/avatar\/570c7fb2898c0e2df0823196891bea88?s=96&d=mm&r=g","caption":"Patryck Reinehr"},"url":"https:\/\/www.em.com.br\/emfoco\/author\/patryckmyth\/"}]}},"_links":{"self":[{"href":"https:\/\/www.em.com.br\/emfoco\/wp-json\/wp\/v2\/posts\/44956","targetHints":{"allow":["GET"]}}],"collection":[{"href":"https:\/\/www.em.com.br\/emfoco\/wp-json\/wp\/v2\/posts"}],"about":[{"href":"https:\/\/www.em.com.br\/emfoco\/wp-json\/wp\/v2\/types\/post"}],"author":[{"embeddable":true,"href":"https:\/\/www.em.com.br\/emfoco\/wp-json\/wp\/v2\/users\/10"}],"replies":[{"embeddable":true,"href":"https:\/\/www.em.com.br\/emfoco\/wp-json\/wp\/v2\/comments?post=44956"}],"version-history":[{"count":1,"href":"https:\/\/www.em.com.br\/emfoco\/wp-json\/wp\/v2\/posts\/44956\/revisions"}],"predecessor-version":[{"id":44959,"href":"https:\/\/www.em.com.br\/emfoco\/wp-json\/wp\/v2\/posts\/44956\/revisions\/44959"}],"wp:featuredmedia":[{"embeddable":true,"href":"https:\/\/www.em.com.br\/emfoco\/wp-json\/wp\/v2\/media\/44957"}],"wp:attachment":[{"href":"https:\/\/www.em.com.br\/emfoco\/wp-json\/wp\/v2\/media?parent=44956"}],"wp:term":[{"taxonomy":"category","embeddable":true,"href":"https:\/\/www.em.com.br\/emfoco\/wp-json\/wp\/v2\/categories?post=44956"},{"taxonomy":"post_tag","embeddable":true,"href":"https:\/\/www.em.com.br\/emfoco\/wp-json\/wp\/v2\/tags?post=44956"}],"curies":[{"name":"wp","href":"https:\/\/api.w.org\/{rel}","templated":true}]}}