{"id":44921,"date":"2025-05-16T16:40:00","date_gmt":"2025-05-16T19:40:00","guid":{"rendered":"https:\/\/www.em.com.br\/emfoco\/?p=44921"},"modified":"2025-05-15T18:10:17","modified_gmt":"2025-05-15T21:10:17","slug":"a-batata-doce-pode-ser-sua-maior-aliada-contra-a-pressao-alta-e-inflamacoes","status":"publish","type":"post","link":"https:\/\/www.em.com.br\/emfoco\/2025\/05\/16\/a-batata-doce-pode-ser-sua-maior-aliada-contra-a-pressao-alta-e-inflamacoes\/","title":{"rendered":"A batata-doce pode ser sua maior aliada contra a press\u00e3o alta e inflama\u00e7\u00f5es"},"content":{"rendered":"\n<p>A batata-doce \u00e9 um alimento altamente nutritivo, conhecido por seus in\u00fameros benef\u00edcios \u00e0 sa\u00fade. Rica em <strong>vitaminas<\/strong> e <strong>minerais<\/strong>, ela \u00e9 uma excelente fonte de vitamina A, essencial para a sa\u00fade ocular e o fortalecimento do sistema imunol\u00f3gico. Al\u00e9m disso, cont\u00e9m <strong>vitamina C<\/strong>, que auxilia na prote\u00e7\u00e3o contra infec\u00e7\u00f5es e na absor\u00e7\u00e3o de ferro pelo organismo.<\/p>\n\n\n\n<p>Outro benef\u00edcio significativo da batata-doce \u00e9 sua alta concentra\u00e7\u00e3o de <em>fibras<\/em>. As fibras s\u00e3o fundamentais para o bom funcionamento do sistema digestivo, ajudando a prevenir a constipa\u00e7\u00e3o e promovendo uma sensa\u00e7\u00e3o de saciedade, o que pode ser \u00fatil para quem busca controlar o peso. Al\u00e9m disso,<strong> a batata-doce possui baixo \u00edndice glic\u00eamico, o que significa que ela libera a\u00e7\u00facar no sangue de forma lenta e constante, sendo uma \u00f3tima op\u00e7\u00e3o para pessoas com diabetes.<\/strong><\/p>\n\n\n\n<h2 class=\"wp-block-heading\">Como a batata-doce pode ajudar na preven\u00e7\u00e3o de doen\u00e7as?<\/h2>\n\n\n\n<p>O consumo regular de batata-doce pode desempenhar um papel importante na preven\u00e7\u00e3o de diversas doen\u00e7as. Devido ao seu alto teor de <strong><a href=\"https:\/\/www.tuasaude.com\/antioxidante\/\" target=\"_blank\" rel=\"noreferrer noopener\">antioxidantes<\/a><\/strong>, como o <strong>betacaroteno<\/strong>, ela ajuda a combater os radicais livres no corpo, reduzindo o risco de doen\u00e7as cr\u00f4nicas, como doen\u00e7as card\u00edacas e c\u00e2ncer. Os antioxidantes tamb\u00e9m s\u00e3o conhecidos por suas propriedades anti-inflamat\u00f3rias, que podem ajudar a aliviar sintomas de condi\u00e7\u00f5es inflamat\u00f3rias, como a artrite.<\/p>\n\n\n\n<p>Al\u00e9m disso, a batata-doce \u00e9 uma fonte de <strong>pot\u00e1ssio<\/strong>, um<strong> mineral essencial para a sa\u00fade <a href=\"https:\/\/www.em.com.br\/emfoco\/2025\/02\/13\/saude-cardiovascular-e-emagrecimento-como-o-azeite-de-oliva-pode-ajudar\/\" target=\"_blank\" rel=\"noreferrer noopener\">cardiovascular<\/a>.<\/strong> O pot\u00e1ssio ajuda a regular a press\u00e3o arterial, reduzindo o risco de hipertens\u00e3o e, consequentemente, de acidentes vasculares cerebrais. A presen\u00e7a de magn\u00e9sio na batata-doce tamb\u00e9m contribui para a sa\u00fade do cora\u00e7\u00e3o, ajudando a manter um ritmo card\u00edaco regular.<\/p>\n\n\n\n<figure class=\"wp-block-image size-large\"><img loading=\"lazy\" decoding=\"async\" width=\"1024\" height=\"576\" src=\"https:\/\/www.em.com.br\/emfoco\/wp-content\/uploads\/2025\/04\/Batata-doce_1744468407401-1024x576.jpg\" alt=\"Batata-doce, o superalimento que beneficia sua sa\u00fade f\u00edsica e mental!\" class=\"wp-image-37813\" srcset=\"https:\/\/www.em.com.br\/emfoco\/wp-content\/uploads\/2025\/04\/Batata-doce_1744468407401-1024x576.jpg 1024w, https:\/\/www.em.com.br\/emfoco\/wp-content\/uploads\/2025\/04\/Batata-doce_1744468407401-300x169.jpg 300w, https:\/\/www.em.com.br\/emfoco\/wp-content\/uploads\/2025\/04\/Batata-doce_1744468407401-768x432.jpg 768w, https:\/\/www.em.com.br\/emfoco\/wp-content\/uploads\/2025\/04\/Batata-doce_1744468407401-750x422.jpg 750w, https:\/\/www.em.com.br\/emfoco\/wp-content\/uploads\/2025\/04\/Batata-doce_1744468407401-1140x641.jpg 1140w, https:\/\/www.em.com.br\/emfoco\/wp-content\/uploads\/2025\/04\/Batata-doce_1744468407401.jpg 1280w\" sizes=\"auto, (max-width: 1024px) 100vw, 1024px\" \/><figcaption class=\"wp-element-caption\">Chips de batata-doce &#8211; Cr\u00e9ditos: depositphotos.com \/ maxsol7<\/figcaption><\/figure>\n\n\n\n<h2 class=\"wp-block-heading\">Qual \u00e9 uma receita saud\u00e1vel com batata-doce?<\/h2>\n\n\n\n<p>Uma maneira deliciosa e saud\u00e1vel de incorporar a batata-doce na dieta \u00e9 preparando um pur\u00ea de batata-doce com ervas. Esta receita \u00e9 simples e r\u00e1pida, al\u00e9m de ser uma excelente op\u00e7\u00e3o para acompanhar pratos principais.<\/p>\n\n\n\n<ol class=\"wp-block-list\">\n<li><strong>Ingredientes:<\/strong>\n<ul class=\"wp-block-list\">\n<li>2 batatas-doces m\u00e9dias<\/li>\n\n\n\n<li>2 colheres de sopa de azeite de oliva<\/li>\n\n\n\n<li>1 dente de alho picado<\/li>\n\n\n\n<li>1 colher de ch\u00e1 de alecrim fresco picado<\/li>\n\n\n\n<li>Sal e pimenta a gosto<\/li>\n<\/ul>\n<\/li>\n\n\n\n<li><strong>Modo de preparo:<\/strong>\n<ol class=\"wp-block-list\">\n<li>Lave e descasque as batatas-doces. Corte-as em peda\u00e7os m\u00e9dios.<\/li>\n\n\n\n<li>Cozinhe as batatas-doces em \u00e1gua fervente com uma pitada de sal at\u00e9 ficarem macias, aproximadamente 15-20 minutos.<\/li>\n\n\n\n<li>Escorra as batatas e coloque-as em uma tigela grande.<\/li>\n\n\n\n<li>Adicione o azeite de oliva, o alho picado e o alecrim. Amasse as batatas at\u00e9 obter um pur\u00ea homog\u00eaneo.<\/li>\n\n\n\n<li>Tempere com sal e pimenta a gosto. Sirva quente.<\/li>\n<\/ol>\n<\/li>\n<\/ol>\n\n\n\n<h2 class=\"wp-block-heading\">Por que incluir a batata-doce na dieta di\u00e1ria?<\/h2>\n\n\n\n<p>Incluir a batata-doce na dieta di\u00e1ria pode trazer in\u00fameros benef\u00edcios \u00e0 sa\u00fade, gra\u00e7as ao seu perfil nutricional impressionante. Al\u00e9m de ser uma fonte rica de vitaminas e minerais, ela \u00e9 vers\u00e1til e pode ser incorporada em diversas receitas, desde pratos principais at\u00e9 sobremesas. Seu sabor adocicado e textura cremosa a tornam um ingrediente favorito em muitas cozinhas ao redor do mundo.<\/p>\n\n\n\n<p>Al\u00e9m disso, a batata-doce \u00e9 acess\u00edvel e f\u00e1cil de encontrar em mercados e feiras, tornando-se uma op\u00e7\u00e3o pr\u00e1tica para quem busca uma alimenta\u00e7\u00e3o mais saud\u00e1vel. Ao optar por incluir a batata-doce na dieta, \u00e9 poss\u00edvel desfrutar de suas propriedades nutricionais enquanto se experimenta uma variedade de pratos saborosos e nutritivos.<\/p>\n","protected":false},"excerpt":{"rendered":"<p>A batata-doce \u00e9 um alimento altamente nutritivo, conhecido por seus in\u00fameros benef\u00edcios \u00e0 sa\u00fade. Rica em vitaminas e minerais, ela \u00e9 uma excelente fonte de vitamina A, essencial para a sa\u00fade ocular e o fortalecimento do sistema imunol\u00f3gico. Al\u00e9m disso, cont\u00e9m vitamina C, que auxilia na prote\u00e7\u00e3o contra infec\u00e7\u00f5es e na absor\u00e7\u00e3o de ferro pelo [&hellip;]<\/p>\n","protected":false},"author":13,"featured_media":37812,"comment_status":"open","ping_status":"open","sticky":false,"template":"","format":"standard","meta":{"jnews-multi-image_gallery":[],"jnews_single_post":{"format":"standard"},"jnews_primary_category":[],"jnews_social_meta":[],"jnews_override_counter":[],"footnotes":""},"categories":[29],"tags":[6774,7474,3509,415],"class_list":["post-44921","post","type-post","status-publish","format-standard","has-post-thumbnail","hentry","category-entretenimento","tag-alimento-funcional","tag-batata-doce","tag-nutricao","tag-saude"],"yoast_head":"<!-- This site is optimized with the Yoast SEO plugin v23.8 - https:\/\/yoast.com\/wordpress\/plugins\/seo\/ -->\n<title>A batata-doce pode ser sua maior aliada contra a press\u00e3o alta e inflama\u00e7\u00f5es - Estado de Minas - Em foco<\/title>\n<meta name=\"description\" content=\"Rico em fibras e antioxidantes, a batata-doce surpreende por ajudar na preven\u00e7\u00e3o de doen\u00e7as e ainda ser f\u00e1cil de preparar.\" \/>\n<meta name=\"robots\" content=\"index, follow, max-snippet:-1, max-image-preview:large, max-video-preview:-1\" \/>\n<link rel=\"canonical\" href=\"https:\/\/www.em.com.br\/emfoco\/2025\/05\/16\/a-batata-doce-pode-ser-sua-maior-aliada-contra-a-pressao-alta-e-inflamacoes\/\" \/>\n<meta property=\"og:locale\" content=\"pt_BR\" \/>\n<meta property=\"og:type\" content=\"article\" \/>\n<meta property=\"og:title\" content=\"A batata-doce pode ser sua maior aliada contra a press\u00e3o alta e inflama\u00e7\u00f5es - Estado de Minas - Em foco\" \/>\n<meta property=\"og:description\" content=\"Rico em fibras e antioxidantes, a batata-doce surpreende por ajudar na preven\u00e7\u00e3o de doen\u00e7as e ainda ser f\u00e1cil de preparar.\" \/>\n<meta property=\"og:url\" content=\"https:\/\/www.em.com.br\/emfoco\/2025\/05\/16\/a-batata-doce-pode-ser-sua-maior-aliada-contra-a-pressao-alta-e-inflamacoes\/\" \/>\n<meta property=\"og:site_name\" content=\"Estado de Minas - Em foco\" \/>\n<meta property=\"article:published_time\" content=\"2025-05-16T19:40:00+00:00\" \/>\n<meta property=\"article:modified_time\" content=\"2025-05-15T21:10:17+00:00\" \/>\n<meta property=\"og:image\" content=\"https:\/\/www.em.com.br\/emfoco\/wp-content\/uploads\/2025\/04\/Batata-doce_1744468372125.jpg\" \/>\n\t<meta property=\"og:image:width\" content=\"1280\" \/>\n\t<meta property=\"og:image:height\" content=\"720\" \/>\n\t<meta property=\"og:image:type\" content=\"image\/jpeg\" \/>\n<meta name=\"author\" content=\"Gabriel Martins\" \/>\n<meta name=\"twitter:card\" content=\"summary_large_image\" \/>\n<meta name=\"twitter:label1\" content=\"Escrito por\" \/>\n\t<meta name=\"twitter:data1\" content=\"Gabriel Martins\" \/>\n\t<meta name=\"twitter:label2\" content=\"Est. tempo de leitura\" \/>\n\t<meta name=\"twitter:data2\" content=\"4 minutos\" \/>\n<!-- \/ Yoast SEO plugin. -->","yoast_head_json":{"title":"A batata-doce pode ser sua maior aliada contra a press\u00e3o alta e inflama\u00e7\u00f5es - Estado de Minas - Em foco","description":"Rico em fibras e antioxidantes, a batata-doce surpreende por ajudar na preven\u00e7\u00e3o de doen\u00e7as e ainda ser f\u00e1cil de preparar.","robots":{"index":"index","follow":"follow","max-snippet":"max-snippet:-1","max-image-preview":"max-image-preview:large","max-video-preview":"max-video-preview:-1"},"canonical":"https:\/\/www.em.com.br\/emfoco\/2025\/05\/16\/a-batata-doce-pode-ser-sua-maior-aliada-contra-a-pressao-alta-e-inflamacoes\/","og_locale":"pt_BR","og_type":"article","og_title":"A batata-doce pode ser sua maior aliada contra a press\u00e3o alta e inflama\u00e7\u00f5es - Estado de Minas - Em foco","og_description":"Rico em fibras e antioxidantes, a batata-doce surpreende por ajudar na preven\u00e7\u00e3o de doen\u00e7as e ainda ser f\u00e1cil de preparar.","og_url":"https:\/\/www.em.com.br\/emfoco\/2025\/05\/16\/a-batata-doce-pode-ser-sua-maior-aliada-contra-a-pressao-alta-e-inflamacoes\/","og_site_name":"Estado de Minas - Em foco","article_published_time":"2025-05-16T19:40:00+00:00","article_modified_time":"2025-05-15T21:10:17+00:00","og_image":[{"width":1280,"height":720,"url":"https:\/\/www.em.com.br\/emfoco\/wp-content\/uploads\/2025\/04\/Batata-doce_1744468372125.jpg","type":"image\/jpeg"}],"author":"Gabriel Martins","twitter_card":"summary_large_image","twitter_misc":{"Escrito por":"Gabriel Martins","Est. tempo de leitura":"4 minutos"},"schema":{"@context":"https:\/\/schema.org","@graph":[{"@type":"WebPage","@id":"https:\/\/www.em.com.br\/emfoco\/2025\/05\/16\/a-batata-doce-pode-ser-sua-maior-aliada-contra-a-pressao-alta-e-inflamacoes\/","url":"https:\/\/www.em.com.br\/emfoco\/2025\/05\/16\/a-batata-doce-pode-ser-sua-maior-aliada-contra-a-pressao-alta-e-inflamacoes\/","name":"A batata-doce pode ser sua maior aliada contra a press\u00e3o alta e inflama\u00e7\u00f5es - Estado de Minas - Em foco","isPartOf":{"@id":"https:\/\/www.em.com.br\/emfoco\/#website"},"primaryImageOfPage":{"@id":"https:\/\/www.em.com.br\/emfoco\/2025\/05\/16\/a-batata-doce-pode-ser-sua-maior-aliada-contra-a-pressao-alta-e-inflamacoes\/#primaryimage"},"image":{"@id":"https:\/\/www.em.com.br\/emfoco\/2025\/05\/16\/a-batata-doce-pode-ser-sua-maior-aliada-contra-a-pressao-alta-e-inflamacoes\/#primaryimage"},"thumbnailUrl":"https:\/\/www.em.com.br\/emfoco\/wp-content\/uploads\/2025\/04\/Batata-doce_1744468372125.jpg","datePublished":"2025-05-16T19:40:00+00:00","dateModified":"2025-05-15T21:10:17+00:00","author":{"@id":"https:\/\/www.em.com.br\/emfoco\/#\/schema\/person\/1c9ddeab18b98abeffef834667bcf08a"},"description":"Rico em fibras e antioxidantes, a batata-doce surpreende por ajudar na preven\u00e7\u00e3o de doen\u00e7as e ainda ser f\u00e1cil de preparar.","breadcrumb":{"@id":"https:\/\/www.em.com.br\/emfoco\/2025\/05\/16\/a-batata-doce-pode-ser-sua-maior-aliada-contra-a-pressao-alta-e-inflamacoes\/#breadcrumb"},"inLanguage":"pt-BR","potentialAction":[{"@type":"ReadAction","target":["https:\/\/www.em.com.br\/emfoco\/2025\/05\/16\/a-batata-doce-pode-ser-sua-maior-aliada-contra-a-pressao-alta-e-inflamacoes\/"]}]},{"@type":"ImageObject","inLanguage":"pt-BR","@id":"https:\/\/www.em.com.br\/emfoco\/2025\/05\/16\/a-batata-doce-pode-ser-sua-maior-aliada-contra-a-pressao-alta-e-inflamacoes\/#primaryimage","url":"https:\/\/www.em.com.br\/emfoco\/wp-content\/uploads\/2025\/04\/Batata-doce_1744468372125.jpg","contentUrl":"https:\/\/www.em.com.br\/emfoco\/wp-content\/uploads\/2025\/04\/Batata-doce_1744468372125.jpg","width":1280,"height":720,"caption":"Batata-doce - Cr\u00e9ditos: depositphotos.com \/ AndriiGorulko"},{"@type":"BreadcrumbList","@id":"https:\/\/www.em.com.br\/emfoco\/2025\/05\/16\/a-batata-doce-pode-ser-sua-maior-aliada-contra-a-pressao-alta-e-inflamacoes\/#breadcrumb","itemListElement":[{"@type":"ListItem","position":1,"name":"In\u00edcio","item":"https:\/\/www.em.com.br\/emfoco\/"},{"@type":"ListItem","position":2,"name":"A batata-doce pode ser sua maior aliada contra a press\u00e3o alta e inflama\u00e7\u00f5es"}]},{"@type":"WebSite","@id":"https:\/\/www.em.com.br\/emfoco\/#website","url":"https:\/\/www.em.com.br\/emfoco\/","name":"Estado de Minas - Em foco","description":"Acompanhe as \u00faltimas not\u00edcias e fique bem informado sobre tudo o que acontece em Minas Gerais, Brasil e no mundo.","potentialAction":[{"@type":"SearchAction","target":{"@type":"EntryPoint","urlTemplate":"https:\/\/www.em.com.br\/emfoco\/?s={search_term_string}"},"query-input":{"@type":"PropertyValueSpecification","valueRequired":true,"valueName":"search_term_string"}}],"inLanguage":"pt-BR"},{"@type":"Person","@id":"https:\/\/www.em.com.br\/emfoco\/#\/schema\/person\/1c9ddeab18b98abeffef834667bcf08a","name":"Gabriel Martins","image":{"@type":"ImageObject","inLanguage":"pt-BR","@id":"https:\/\/www.em.com.br\/emfoco\/#\/schema\/person\/image\/","url":"https:\/\/secure.gravatar.com\/avatar\/f0f1e2efdfd88f1ad2cb08c5c2731e50?s=96&d=mm&r=g","contentUrl":"https:\/\/secure.gravatar.com\/avatar\/f0f1e2efdfd88f1ad2cb08c5c2731e50?s=96&d=mm&r=g","caption":"Gabriel Martins"},"sameAs":["https:\/\/www.em.com.br\/emfoco\/"],"url":"https:\/\/www.em.com.br\/emfoco\/author\/gabrielmartinsmyth\/"}]}},"_links":{"self":[{"href":"https:\/\/www.em.com.br\/emfoco\/wp-json\/wp\/v2\/posts\/44921","targetHints":{"allow":["GET"]}}],"collection":[{"href":"https:\/\/www.em.com.br\/emfoco\/wp-json\/wp\/v2\/posts"}],"about":[{"href":"https:\/\/www.em.com.br\/emfoco\/wp-json\/wp\/v2\/types\/post"}],"author":[{"embeddable":true,"href":"https:\/\/www.em.com.br\/emfoco\/wp-json\/wp\/v2\/users\/13"}],"replies":[{"embeddable":true,"href":"https:\/\/www.em.com.br\/emfoco\/wp-json\/wp\/v2\/comments?post=44921"}],"version-history":[{"count":2,"href":"https:\/\/www.em.com.br\/emfoco\/wp-json\/wp\/v2\/posts\/44921\/revisions"}],"predecessor-version":[{"id":44930,"href":"https:\/\/www.em.com.br\/emfoco\/wp-json\/wp\/v2\/posts\/44921\/revisions\/44930"}],"wp:featuredmedia":[{"embeddable":true,"href":"https:\/\/www.em.com.br\/emfoco\/wp-json\/wp\/v2\/media\/37812"}],"wp:attachment":[{"href":"https:\/\/www.em.com.br\/emfoco\/wp-json\/wp\/v2\/media?parent=44921"}],"wp:term":[{"taxonomy":"category","embeddable":true,"href":"https:\/\/www.em.com.br\/emfoco\/wp-json\/wp\/v2\/categories?post=44921"},{"taxonomy":"post_tag","embeddable":true,"href":"https:\/\/www.em.com.br\/emfoco\/wp-json\/wp\/v2\/tags?post=44921"}],"curies":[{"name":"wp","href":"https:\/\/api.w.org\/{rel}","templated":true}]}}