{"id":44914,"date":"2025-05-15T16:40:00","date_gmt":"2025-05-15T19:40:00","guid":{"rendered":"https:\/\/www.em.com.br\/emfoco\/?p=44914"},"modified":"2025-05-14T17:57:20","modified_gmt":"2025-05-14T20:57:20","slug":"entenda-como-a-cenoura-pode-melhorar-sua-visao-pele-e-digestao","status":"publish","type":"post","link":"https:\/\/www.em.com.br\/emfoco\/2025\/05\/15\/entenda-como-a-cenoura-pode-melhorar-sua-visao-pele-e-digestao\/","title":{"rendered":"Entenda como a cenoura pode melhorar sua vis\u00e3o, pele e digest\u00e3o!"},"content":{"rendered":"\n<p>A cenoura \u00e9 um vegetal amplamente consumido e apreciado por seu sabor adocicado e textura crocante. Al\u00e9m de ser um ingrediente vers\u00e1til na culin\u00e1ria, a cenoura \u00e9 rica em nutrientes essenciais que promovem a sa\u00fade de diversas maneiras. Um dos principais componentes da cenoura \u00e9 o <strong>betacaroteno<\/strong>, um <strong>antioxidante <\/strong>que o corpo converte em <strong><a href=\"https:\/\/www.tuasaude.com\/alimentos-ricos-em-vitamina-a\/\" target=\"_blank\" rel=\"noreferrer noopener\">vitamina A<\/a><\/strong>, essencial para a vis\u00e3o, o sistema imunol\u00f3gico e a sa\u00fade da pele.<\/p>\n\n\n\n<p>Al\u00e9m do betacaroteno, a cenoura cont\u00e9m fibras diet\u00e9ticas que auxiliam na digest\u00e3o e contribuem para a sensa\u00e7\u00e3o de saciedade, o que pode ser ben\u00e9fico para o controle de peso. As fibras tamb\u00e9m ajudam a regular os n\u00edveis de colesterol no sangue, reduzindo o risco de doen\u00e7as card\u00edacas. Outro benef\u00edcio significativo \u00e9 a presen\u00e7a de antioxidantes, que combatem os radicais livres e podem reduzir o risco de doen\u00e7as cr\u00f4nicas.<\/p>\n\n\n\n<h2 class=\"wp-block-heading\">Como a cenoura pode melhorar a sa\u00fade ocular?<\/h2>\n\n\n\n<p><strong>A sa\u00fade ocular \u00e9 uma das \u00e1reas mais beneficiadas pelo consumo regular de cenoura.<\/strong> A vitamina A, derivada do betacaroteno presente na cenoura, \u00e9 crucial para a manuten\u00e7\u00e3o da vis\u00e3o. A defici\u00eancia dessa vitamina pode levar a problemas como a cegueira noturna e, em casos graves, \u00e0 xeroftalmia, uma condi\u00e7\u00e3o que pode resultar em danos irrevers\u00edveis \u00e0 c\u00f3rnea.<\/p>\n\n\n\n<p>Al\u00e9m disso, os antioxidantes presentes na cenoura, como a <strong>lute\u00edna <\/strong>e a <strong>zeaxantina<\/strong>, s\u00e3o conhecidos por <strong>proteger os olhos contra a degenera\u00e7\u00e3o macular<\/strong> relacionada \u00e0 idade e cataratas. Incorporar cenouras na dieta pode, portanto, ser uma estrat\u00e9gia eficaz para preservar a sa\u00fade ocular ao longo dos anos.<\/p>\n\n\n\n<figure class=\"wp-block-image size-large\"><img loading=\"lazy\" decoding=\"async\" width=\"1024\" height=\"576\" src=\"https:\/\/www.em.com.br\/emfoco\/wp-content\/uploads\/2025\/04\/Cenoura_1743871316782-1024x576.jpg\" alt=\"Conhe\u00e7a os benef\u00edcios da cenoura que pode transformar sua sa\u00fade\" class=\"wp-image-35581\" srcset=\"https:\/\/www.em.com.br\/emfoco\/wp-content\/uploads\/2025\/04\/Cenoura_1743871316782-1024x576.jpg 1024w, https:\/\/www.em.com.br\/emfoco\/wp-content\/uploads\/2025\/04\/Cenoura_1743871316782-300x169.jpg 300w, https:\/\/www.em.com.br\/emfoco\/wp-content\/uploads\/2025\/04\/Cenoura_1743871316782-768x432.jpg 768w, https:\/\/www.em.com.br\/emfoco\/wp-content\/uploads\/2025\/04\/Cenoura_1743871316782-750x422.jpg 750w, https:\/\/www.em.com.br\/emfoco\/wp-content\/uploads\/2025\/04\/Cenoura_1743871316782-1140x641.jpg 1140w, https:\/\/www.em.com.br\/emfoco\/wp-content\/uploads\/2025\/04\/Cenoura_1743871316782.jpg 1280w\" sizes=\"auto, (max-width: 1024px) 100vw, 1024px\" \/><figcaption class=\"wp-element-caption\">Cenoura &#8211; Cr\u00e9ditos: depositphotos.com \/ VadimVasenin<\/figcaption><\/figure>\n\n\n\n<h2 class=\"wp-block-heading\">De que forma a cenoura contribui para a sa\u00fade da pele?<\/h2>\n\n\n\n<p>A cenoura \u00e9 um aliado poderoso para a sa\u00fade da pele devido ao seu alto teor de antioxidantes e vitamina A. Esses nutrientes ajudam a proteger a pele dos danos causados pelos <strong>raios UV<\/strong> e promovem a regenera\u00e7\u00e3o celular, mantendo a pele saud\u00e1vel e jovem. A vitamina A tamb\u00e9m desempenha um papel importante na produ\u00e7\u00e3o de col\u00e1geno, essencial para a elasticidade e firmeza da pele.<\/p>\n\n\n\n<p>Al\u00e9m disso, o consumo regular de cenoura pode ajudar a combater a acne, pois a vitamina A regula a produ\u00e7\u00e3o de sebo e reduz a inflama\u00e7\u00e3o. A presen\u00e7a de antioxidantes tamb\u00e9m contribui para a redu\u00e7\u00e3o de manchas e o envelhecimento precoce, proporcionando uma apar\u00eancia mais radiante e uniforme.<\/p>\n\n\n\n<h2 class=\"wp-block-heading\">Qual \u00e9 uma receita saud\u00e1vel com cenoura?<\/h2>\n\n\n\n<p>Uma maneira deliciosa e saud\u00e1vel de incorporar cenouras na dieta \u00e9 preparando uma <strong><a href=\"https:\/\/www.em.com.br\/emfoco\/2025\/05\/04\/conheca-a-sopa-que-limpa-o-intestino-e-combate-inflamacoes\/\" target=\"_blank\" rel=\"noreferrer noopener\">sopa <\/a>de cenoura e gengibre<\/strong>. Esta receita \u00e9 simples, nutritiva e perfeita para qualquer \u00e9poca do ano.<\/p>\n\n\n\n<ol class=\"wp-block-list\">\n<li><strong>Ingredientes:<\/strong>\n<ul class=\"wp-block-list\">\n<li>4 cenouras m\u00e9dias, descascadas e picadas<\/li>\n\n\n\n<li>1 cebola m\u00e9dia, picada<\/li>\n\n\n\n<li>2 dentes de alho, picados<\/li>\n\n\n\n<li>1 colher de sopa de gengibre fresco ralado<\/li>\n\n\n\n<li>4 x\u00edcaras de caldo de legumes<\/li>\n\n\n\n<li>2 colheres de sopa de azeite de oliva<\/li>\n\n\n\n<li>Sal e pimenta a gosto<\/li>\n<\/ul>\n<\/li>\n\n\n\n<li><strong>Modo de preparo:<\/strong>\n<ol class=\"wp-block-list\">\n<li>Em uma panela grande, aque\u00e7a o azeite de oliva em fogo m\u00e9dio. Adicione a cebola e o alho, refogando at\u00e9 ficarem macios.<\/li>\n\n\n\n<li>Acrescente as cenouras e o gengibre, cozinhando por mais alguns minutos.<\/li>\n\n\n\n<li>Adicione o caldo de legumes, tempere com sal e pimenta, e deixe ferver. Reduza o fogo e cozinhe at\u00e9 que as cenouras estejam macias.<\/li>\n\n\n\n<li>Use um liquidificador ou mixer para bater a sopa at\u00e9 obter uma consist\u00eancia cremosa.<\/li>\n\n\n\n<li>Ajuste o tempero, se necess\u00e1rio, e sirva quente.<\/li>\n<\/ol>\n<\/li>\n<\/ol>\n\n\n\n<p>Esta sopa n\u00e3o s\u00f3 \u00e9 rica em sabor, mas tamb\u00e9m em nutrientes, aproveitando ao m\u00e1ximo os benef\u00edcios da cenoura para a sa\u00fade.<\/p>\n","protected":false},"excerpt":{"rendered":"<p>A cenoura \u00e9 um vegetal amplamente consumido e apreciado por seu sabor adocicado e textura crocante. Al\u00e9m de ser um ingrediente vers\u00e1til na culin\u00e1ria, a cenoura \u00e9 rica em nutrientes essenciais que promovem a sa\u00fade de diversas maneiras. Um dos principais componentes da cenoura \u00e9 o betacaroteno, um antioxidante que o corpo converte em vitamina [&hellip;]<\/p>\n","protected":false},"author":13,"featured_media":35580,"comment_status":"open","ping_status":"open","sticky":false,"template":"","format":"standard","meta":{"jnews-multi-image_gallery":[],"jnews_single_post":{"format":"standard"},"jnews_primary_category":[],"jnews_social_meta":[],"jnews_override_counter":[],"footnotes":""},"categories":[29],"tags":[4528,988,415,5850],"class_list":["post-44914","post","type-post","status-publish","format-standard","has-post-thumbnail","hentry","category-entretenimento","tag-cenoura","tag-pele","tag-saude","tag-vitamina-a"],"yoast_head":"<!-- This site is optimized with the Yoast SEO plugin v23.8 - https:\/\/yoast.com\/wordpress\/plugins\/seo\/ -->\n<title>Entenda como a cenoura pode melhorar sua vis\u00e3o, pele e digest\u00e3o! - Estado de Minas - Em foco<\/title>\n<meta name=\"description\" content=\"Rica em vitamina A e antioxidantes, a cenoura fortalece a vis\u00e3o, protege a pele e auxilia na digest\u00e3o de forma natural.\" \/>\n<meta name=\"robots\" content=\"index, follow, max-snippet:-1, max-image-preview:large, max-video-preview:-1\" \/>\n<link rel=\"canonical\" href=\"https:\/\/www.em.com.br\/emfoco\/2025\/05\/15\/entenda-como-a-cenoura-pode-melhorar-sua-visao-pele-e-digestao\/\" \/>\n<meta property=\"og:locale\" content=\"pt_BR\" \/>\n<meta property=\"og:type\" content=\"article\" \/>\n<meta property=\"og:title\" content=\"Entenda como a cenoura pode melhorar sua vis\u00e3o, pele e digest\u00e3o! - Estado de Minas - Em foco\" \/>\n<meta property=\"og:description\" content=\"Rica em vitamina A e antioxidantes, a cenoura fortalece a vis\u00e3o, protege a pele e auxilia na digest\u00e3o de forma natural.\" \/>\n<meta property=\"og:url\" content=\"https:\/\/www.em.com.br\/emfoco\/2025\/05\/15\/entenda-como-a-cenoura-pode-melhorar-sua-visao-pele-e-digestao\/\" \/>\n<meta property=\"og:site_name\" content=\"Estado de Minas - Em foco\" \/>\n<meta property=\"article:published_time\" content=\"2025-05-15T19:40:00+00:00\" \/>\n<meta property=\"article:modified_time\" content=\"2025-05-14T20:57:20+00:00\" \/>\n<meta property=\"og:image\" content=\"https:\/\/www.em.com.br\/emfoco\/wp-content\/uploads\/2025\/04\/Cenoura_1743871263710.jpg\" \/>\n\t<meta property=\"og:image:width\" content=\"1280\" \/>\n\t<meta property=\"og:image:height\" content=\"720\" \/>\n\t<meta property=\"og:image:type\" content=\"image\/jpeg\" \/>\n<meta name=\"author\" content=\"Gabriel Martins\" \/>\n<meta name=\"twitter:card\" content=\"summary_large_image\" \/>\n<meta name=\"twitter:label1\" content=\"Escrito por\" \/>\n\t<meta name=\"twitter:data1\" content=\"Gabriel Martins\" \/>\n\t<meta name=\"twitter:label2\" content=\"Est. tempo de leitura\" \/>\n\t<meta name=\"twitter:data2\" content=\"4 minutos\" \/>\n<!-- \/ Yoast SEO plugin. -->","yoast_head_json":{"title":"Entenda como a cenoura pode melhorar sua vis\u00e3o, pele e digest\u00e3o! - Estado de Minas - Em foco","description":"Rica em vitamina A e antioxidantes, a cenoura fortalece a vis\u00e3o, protege a pele e auxilia na digest\u00e3o de forma natural.","robots":{"index":"index","follow":"follow","max-snippet":"max-snippet:-1","max-image-preview":"max-image-preview:large","max-video-preview":"max-video-preview:-1"},"canonical":"https:\/\/www.em.com.br\/emfoco\/2025\/05\/15\/entenda-como-a-cenoura-pode-melhorar-sua-visao-pele-e-digestao\/","og_locale":"pt_BR","og_type":"article","og_title":"Entenda como a cenoura pode melhorar sua vis\u00e3o, pele e digest\u00e3o! - Estado de Minas - Em foco","og_description":"Rica em vitamina A e antioxidantes, a cenoura fortalece a vis\u00e3o, protege a pele e auxilia na digest\u00e3o de forma natural.","og_url":"https:\/\/www.em.com.br\/emfoco\/2025\/05\/15\/entenda-como-a-cenoura-pode-melhorar-sua-visao-pele-e-digestao\/","og_site_name":"Estado de Minas - Em foco","article_published_time":"2025-05-15T19:40:00+00:00","article_modified_time":"2025-05-14T20:57:20+00:00","og_image":[{"width":1280,"height":720,"url":"https:\/\/www.em.com.br\/emfoco\/wp-content\/uploads\/2025\/04\/Cenoura_1743871263710.jpg","type":"image\/jpeg"}],"author":"Gabriel Martins","twitter_card":"summary_large_image","twitter_misc":{"Escrito por":"Gabriel Martins","Est. tempo de leitura":"4 minutos"},"schema":{"@context":"https:\/\/schema.org","@graph":[{"@type":"WebPage","@id":"https:\/\/www.em.com.br\/emfoco\/2025\/05\/15\/entenda-como-a-cenoura-pode-melhorar-sua-visao-pele-e-digestao\/","url":"https:\/\/www.em.com.br\/emfoco\/2025\/05\/15\/entenda-como-a-cenoura-pode-melhorar-sua-visao-pele-e-digestao\/","name":"Entenda como a cenoura pode melhorar sua vis\u00e3o, pele e digest\u00e3o! - Estado de Minas - Em foco","isPartOf":{"@id":"https:\/\/www.em.com.br\/emfoco\/#website"},"primaryImageOfPage":{"@id":"https:\/\/www.em.com.br\/emfoco\/2025\/05\/15\/entenda-como-a-cenoura-pode-melhorar-sua-visao-pele-e-digestao\/#primaryimage"},"image":{"@id":"https:\/\/www.em.com.br\/emfoco\/2025\/05\/15\/entenda-como-a-cenoura-pode-melhorar-sua-visao-pele-e-digestao\/#primaryimage"},"thumbnailUrl":"https:\/\/www.em.com.br\/emfoco\/wp-content\/uploads\/2025\/04\/Cenoura_1743871263710.jpg","datePublished":"2025-05-15T19:40:00+00:00","dateModified":"2025-05-14T20:57:20+00:00","author":{"@id":"https:\/\/www.em.com.br\/emfoco\/#\/schema\/person\/1c9ddeab18b98abeffef834667bcf08a"},"description":"Rica em vitamina A e antioxidantes, a cenoura fortalece a vis\u00e3o, protege a pele e auxilia na digest\u00e3o de forma natural.","breadcrumb":{"@id":"https:\/\/www.em.com.br\/emfoco\/2025\/05\/15\/entenda-como-a-cenoura-pode-melhorar-sua-visao-pele-e-digestao\/#breadcrumb"},"inLanguage":"pt-BR","potentialAction":[{"@type":"ReadAction","target":["https:\/\/www.em.com.br\/emfoco\/2025\/05\/15\/entenda-como-a-cenoura-pode-melhorar-sua-visao-pele-e-digestao\/"]}]},{"@type":"ImageObject","inLanguage":"pt-BR","@id":"https:\/\/www.em.com.br\/emfoco\/2025\/05\/15\/entenda-como-a-cenoura-pode-melhorar-sua-visao-pele-e-digestao\/#primaryimage","url":"https:\/\/www.em.com.br\/emfoco\/wp-content\/uploads\/2025\/04\/Cenoura_1743871263710.jpg","contentUrl":"https:\/\/www.em.com.br\/emfoco\/wp-content\/uploads\/2025\/04\/Cenoura_1743871263710.jpg","width":1280,"height":720,"caption":"Cenoura - Cr\u00e9ditos: depositphotos.com \/ maxsol7"},{"@type":"BreadcrumbList","@id":"https:\/\/www.em.com.br\/emfoco\/2025\/05\/15\/entenda-como-a-cenoura-pode-melhorar-sua-visao-pele-e-digestao\/#breadcrumb","itemListElement":[{"@type":"ListItem","position":1,"name":"In\u00edcio","item":"https:\/\/www.em.com.br\/emfoco\/"},{"@type":"ListItem","position":2,"name":"Entenda como a cenoura pode melhorar sua vis\u00e3o, pele e digest\u00e3o!"}]},{"@type":"WebSite","@id":"https:\/\/www.em.com.br\/emfoco\/#website","url":"https:\/\/www.em.com.br\/emfoco\/","name":"Estado de Minas - Em foco","description":"Acompanhe as \u00faltimas not\u00edcias e fique bem informado sobre tudo o que acontece em Minas Gerais, Brasil e no mundo.","potentialAction":[{"@type":"SearchAction","target":{"@type":"EntryPoint","urlTemplate":"https:\/\/www.em.com.br\/emfoco\/?s={search_term_string}"},"query-input":{"@type":"PropertyValueSpecification","valueRequired":true,"valueName":"search_term_string"}}],"inLanguage":"pt-BR"},{"@type":"Person","@id":"https:\/\/www.em.com.br\/emfoco\/#\/schema\/person\/1c9ddeab18b98abeffef834667bcf08a","name":"Gabriel Martins","image":{"@type":"ImageObject","inLanguage":"pt-BR","@id":"https:\/\/www.em.com.br\/emfoco\/#\/schema\/person\/image\/","url":"https:\/\/secure.gravatar.com\/avatar\/f0f1e2efdfd88f1ad2cb08c5c2731e50?s=96&d=mm&r=g","contentUrl":"https:\/\/secure.gravatar.com\/avatar\/f0f1e2efdfd88f1ad2cb08c5c2731e50?s=96&d=mm&r=g","caption":"Gabriel Martins"},"sameAs":["https:\/\/www.em.com.br\/emfoco\/"],"url":"https:\/\/www.em.com.br\/emfoco\/author\/gabrielmartinsmyth\/"}]}},"_links":{"self":[{"href":"https:\/\/www.em.com.br\/emfoco\/wp-json\/wp\/v2\/posts\/44914","targetHints":{"allow":["GET"]}}],"collection":[{"href":"https:\/\/www.em.com.br\/emfoco\/wp-json\/wp\/v2\/posts"}],"about":[{"href":"https:\/\/www.em.com.br\/emfoco\/wp-json\/wp\/v2\/types\/post"}],"author":[{"embeddable":true,"href":"https:\/\/www.em.com.br\/emfoco\/wp-json\/wp\/v2\/users\/13"}],"replies":[{"embeddable":true,"href":"https:\/\/www.em.com.br\/emfoco\/wp-json\/wp\/v2\/comments?post=44914"}],"version-history":[{"count":2,"href":"https:\/\/www.em.com.br\/emfoco\/wp-json\/wp\/v2\/posts\/44914\/revisions"}],"predecessor-version":[{"id":44925,"href":"https:\/\/www.em.com.br\/emfoco\/wp-json\/wp\/v2\/posts\/44914\/revisions\/44925"}],"wp:featuredmedia":[{"embeddable":true,"href":"https:\/\/www.em.com.br\/emfoco\/wp-json\/wp\/v2\/media\/35580"}],"wp:attachment":[{"href":"https:\/\/www.em.com.br\/emfoco\/wp-json\/wp\/v2\/media?parent=44914"}],"wp:term":[{"taxonomy":"category","embeddable":true,"href":"https:\/\/www.em.com.br\/emfoco\/wp-json\/wp\/v2\/categories?post=44914"},{"taxonomy":"post_tag","embeddable":true,"href":"https:\/\/www.em.com.br\/emfoco\/wp-json\/wp\/v2\/tags?post=44914"}],"curies":[{"name":"wp","href":"https:\/\/api.w.org\/{rel}","templated":true}]}}