{"id":44811,"date":"2025-05-14T17:40:00","date_gmt":"2025-05-14T20:40:00","guid":{"rendered":"https:\/\/www.em.com.br\/emfoco\/?p=44811"},"modified":"2025-05-13T23:07:28","modified_gmt":"2025-05-14T02:07:28","slug":"da-tragedia-a-inovacao-como-essa-cidade-japonesa-renasceu","status":"publish","type":"post","link":"https:\/\/www.em.com.br\/emfoco\/2025\/05\/14\/da-tragedia-a-inovacao-como-essa-cidade-japonesa-renasceu\/","title":{"rendered":"Da trag\u00e9dia a inova\u00e7\u00e3o! Como essa cidade japonesa renasceu"},"content":{"rendered":"\n<p>Em mar\u00e7o de 2011, a cidade de <strong>Fukushima<\/strong>, no <strong>Jap\u00e3o<\/strong>, foi palco de um dos desastres nucleares mais significativos da hist\u00f3ria. Um terremoto seguido de tsunami danificou gravemente a usina nuclear de<strong> <a href=\"https:\/\/pt.wikipedia.org\/wiki\/Acidente_nuclear_de_Fukushima_I\" target=\"_blank\" rel=\"noreferrer noopener\">Fukushima Daiichi<\/a><\/strong>, resultando em vazamentos radioativos. Este evento trouxe \u00e0 tona preocupa\u00e7\u00f5es globais sobre a seguran\u00e7a nuclear e as consequ\u00eancias ambientais e sociais de tais incidentes.<\/p>\n\n\n\n<h2 class=\"wp-block-heading\">Como Fukushima se recuperou ap\u00f3s o desastre?<\/h2>\n\n\n\n<p>A recupera\u00e7\u00e3o de Fukushima foi um processo longo e complexo. As autoridades japonesas implementaram medidas rigorosas para descontaminar a \u00e1rea e garantir a seguran\u00e7a dos residentes. Al\u00e9m disso, esfor\u00e7os significativos foram feitos para reconstruir a infraestrutura e revitalizar a economia local. O governo tamb\u00e9m investiu em tecnologias de energia renov\u00e1vel para reduzir a depend\u00eancia de energia nuclear.<\/p>\n\n\n\n<figure class=\"wp-block-image size-large\"><img loading=\"lazy\" decoding=\"async\" width=\"1024\" height=\"576\" src=\"https:\/\/www.em.com.br\/emfoco\/wp-content\/uploads\/2025\/05\/Fukushima_1746537441043-1024x576.jpg\" alt=\"Da trag\u00e9dia a inova\u00e7\u00e3o! Como essa cidade japonesa renasceu ap\u00f3s um desastre nuclear\" class=\"wp-image-44830\" srcset=\"https:\/\/www.em.com.br\/emfoco\/wp-content\/uploads\/2025\/05\/Fukushima_1746537441043-1024x576.jpg 1024w, https:\/\/www.em.com.br\/emfoco\/wp-content\/uploads\/2025\/05\/Fukushima_1746537441043-300x169.jpg 300w, https:\/\/www.em.com.br\/emfoco\/wp-content\/uploads\/2025\/05\/Fukushima_1746537441043-768x432.jpg 768w, https:\/\/www.em.com.br\/emfoco\/wp-content\/uploads\/2025\/05\/Fukushima_1746537441043-750x422.jpg 750w, https:\/\/www.em.com.br\/emfoco\/wp-content\/uploads\/2025\/05\/Fukushima_1746537441043-1140x641.jpg 1140w, https:\/\/www.em.com.br\/emfoco\/wp-content\/uploads\/2025\/05\/Fukushima_1746537441043.jpg 1280w\" sizes=\"auto, (max-width: 1024px) 100vw, 1024px\" \/><figcaption class=\"wp-element-caption\">Fukushima &#8211; Cr\u00e9ditos: depositphotos.com \/ Torsakarin<\/figcaption><\/figure>\n\n\n\n<h2 class=\"wp-block-heading\">Qual \u00e9 a qualidade de vida em Fukushima hoje?<\/h2>\n\n\n\n<p>Atualmente, a qualidade de vida em Fukushima tem melhorado gradualmente. A regi\u00e3o tem se esfor\u00e7ado para garantir que os n\u00edveis de radia\u00e7\u00e3o estejam dentro dos padr\u00f5es seguros. Os servi\u00e7os de sa\u00fade foram refor\u00e7ados para monitorar a sa\u00fade dos residentes, e programas de apoio psicol\u00f3gico foram implementados para ajudar aqueles afetados pelo trauma do desastre.<\/p>\n\n\n\n<h2 class=\"wp-block-heading\">Como est\u00e1 a educa\u00e7\u00e3o em Fukushima ap\u00f3s o desastre?<\/h2>\n\n\n\n<p>A educa\u00e7\u00e3o em Fukushima passou por uma transforma\u00e7\u00e3o significativa desde o desastre. Escolas foram reconstru\u00eddas e modernizadas, com \u00eanfase em seguran\u00e7a e resili\u00eancia. Programas educacionais foram desenvolvidos para ensinar os alunos sobre desastres naturais e seguran\u00e7a nuclear, preparando-os melhor para o futuro.<\/p>\n\n\n\n<h2 class=\"wp-block-heading\">Fukushima \u00e9 um destino tur\u00edstico seguro?<\/h2>\n\n\n\n<p>O turismo em Fukushima est\u00e1 em recupera\u00e7\u00e3o, com muitos visitantes curiosos para aprender sobre a hist\u00f3ria e a resili\u00eancia da regi\u00e3o. A cidade oferece tours educativos sobre o desastre e as medidas de recupera\u00e7\u00e3o. Al\u00e9m disso, Fukushima \u00e9 conhecida por suas belezas naturais, como <strong><a href=\"https:\/\/www.em.com.br\/emfoco\/2025\/04\/02\/destino-nas-montanhas-encanta-turistas-com-arquitetura-europeia-e-gastronomia-refinada\/\" target=\"_blank\" rel=\"noreferrer noopener\">montanhas <\/a><\/strong>e fontes termais, que continuam a atrair turistas.<\/p>\n\n\n\n<h2 class=\"wp-block-heading\">Quais s\u00e3o as li\u00e7\u00f5es aprendidas com o desastre de Fukushima?<\/h2>\n\n\n\n<p>O desastre de Fukushima serviu como um alerta global sobre os riscos associados \u00e0 energia nuclear. As li\u00e7\u00f5es aprendidas incluem a import\u00e2ncia de medidas de seguran\u00e7a rigorosas, a necessidade de planos de evacua\u00e7\u00e3o eficazes e a relev\u00e2ncia de investir em fontes de energia alternativas. A experi\u00eancia de Fukushima continua a influenciar pol\u00edticas energ\u00e9ticas em todo o mundo.<\/p>\n\n\n\n<h2 class=\"wp-block-heading\">Como Fukushima est\u00e1 se preparando para o futuro?<\/h2>\n\n\n\n<p>Fukushima est\u00e1 focada em um futuro sustent\u00e1vel e seguro. A regi\u00e3o est\u00e1 investindo em energias renov\u00e1veis, como solar e e\u00f3lica, para se tornar um modelo de sustentabilidade. Al\u00e9m disso, programas de pesquisa e desenvolvimento est\u00e3o em andamento para promover inova\u00e7\u00f5es tecnol\u00f3gicas que possam prevenir futuros desastres e melhorar a resili\u00eancia da comunidade.<\/p>\n","protected":false},"excerpt":{"rendered":"<p>Em mar\u00e7o de 2011, a cidade de Fukushima, no Jap\u00e3o, foi palco de um dos desastres nucleares mais significativos da hist\u00f3ria. Um terremoto seguido de tsunami danificou gravemente a usina nuclear de Fukushima Daiichi, resultando em vazamentos radioativos. Este evento trouxe \u00e0 tona preocupa\u00e7\u00f5es globais sobre a seguran\u00e7a nuclear e as consequ\u00eancias ambientais e sociais [&hellip;]<\/p>\n","protected":false},"author":13,"featured_media":44829,"comment_status":"open","ping_status":"open","sticky":false,"template":"","format":"standard","meta":{"jnews-multi-image_gallery":[],"jnews_single_post":{"format":"standard"},"jnews_primary_category":[],"jnews_social_meta":[],"jnews_override_counter":[],"footnotes":""},"categories":[26],"tags":[8354,8355,8353,1752],"class_list":["post-44811","post","type-post","status-publish","format-standard","has-post-thumbnail","hentry","category-cidades","tag-desastre-nuclear","tag-energia-nuclear","tag-fukushima","tag-recuperacao"],"yoast_head":"<!-- This site is optimized with the Yoast SEO plugin v23.8 - https:\/\/yoast.com\/wordpress\/plugins\/seo\/ -->\n<title>Da trag\u00e9dia a inova\u00e7\u00e3o! Como essa cidade japonesa renasceu - Estado de Minas - Em foco<\/title>\n<meta name=\"description\" content=\"Ap\u00f3s um desastre nuclear, essa cidade investiu em inova\u00e7\u00e3o, educa\u00e7\u00e3o e sustentabilidade para se reinventar.\" \/>\n<meta name=\"robots\" content=\"index, follow, max-snippet:-1, max-image-preview:large, max-video-preview:-1\" \/>\n<link rel=\"canonical\" href=\"https:\/\/www.em.com.br\/emfoco\/2025\/05\/14\/da-tragedia-a-inovacao-como-essa-cidade-japonesa-renasceu\/\" \/>\n<meta property=\"og:locale\" content=\"pt_BR\" \/>\n<meta property=\"og:type\" content=\"article\" \/>\n<meta property=\"og:title\" content=\"Da trag\u00e9dia a inova\u00e7\u00e3o! Como essa cidade japonesa renasceu - Estado de Minas - Em foco\" \/>\n<meta property=\"og:description\" content=\"Ap\u00f3s um desastre nuclear, essa cidade investiu em inova\u00e7\u00e3o, educa\u00e7\u00e3o e sustentabilidade para se reinventar.\" \/>\n<meta property=\"og:url\" content=\"https:\/\/www.em.com.br\/emfoco\/2025\/05\/14\/da-tragedia-a-inovacao-como-essa-cidade-japonesa-renasceu\/\" \/>\n<meta property=\"og:site_name\" content=\"Estado de Minas - Em foco\" \/>\n<meta property=\"article:published_time\" content=\"2025-05-14T20:40:00+00:00\" \/>\n<meta property=\"article:modified_time\" content=\"2025-05-14T02:07:28+00:00\" \/>\n<meta property=\"og:image\" content=\"https:\/\/www.em.com.br\/emfoco\/wp-content\/uploads\/2025\/05\/Fukushima_1746537392200.jpg\" \/>\n\t<meta property=\"og:image:width\" content=\"1280\" \/>\n\t<meta property=\"og:image:height\" content=\"720\" \/>\n\t<meta property=\"og:image:type\" content=\"image\/jpeg\" \/>\n<meta name=\"author\" content=\"Gabriel Martins\" \/>\n<meta name=\"twitter:card\" content=\"summary_large_image\" \/>\n<meta name=\"twitter:label1\" content=\"Escrito por\" \/>\n\t<meta name=\"twitter:data1\" content=\"Gabriel Martins\" \/>\n\t<meta name=\"twitter:label2\" content=\"Est. tempo de leitura\" \/>\n\t<meta name=\"twitter:data2\" content=\"3 minutos\" \/>\n<!-- \/ Yoast SEO plugin. -->","yoast_head_json":{"title":"Da trag\u00e9dia a inova\u00e7\u00e3o! Como essa cidade japonesa renasceu - Estado de Minas - Em foco","description":"Ap\u00f3s um desastre nuclear, essa cidade investiu em inova\u00e7\u00e3o, educa\u00e7\u00e3o e sustentabilidade para se reinventar.","robots":{"index":"index","follow":"follow","max-snippet":"max-snippet:-1","max-image-preview":"max-image-preview:large","max-video-preview":"max-video-preview:-1"},"canonical":"https:\/\/www.em.com.br\/emfoco\/2025\/05\/14\/da-tragedia-a-inovacao-como-essa-cidade-japonesa-renasceu\/","og_locale":"pt_BR","og_type":"article","og_title":"Da trag\u00e9dia a inova\u00e7\u00e3o! Como essa cidade japonesa renasceu - Estado de Minas - Em foco","og_description":"Ap\u00f3s um desastre nuclear, essa cidade investiu em inova\u00e7\u00e3o, educa\u00e7\u00e3o e sustentabilidade para se reinventar.","og_url":"https:\/\/www.em.com.br\/emfoco\/2025\/05\/14\/da-tragedia-a-inovacao-como-essa-cidade-japonesa-renasceu\/","og_site_name":"Estado de Minas - Em foco","article_published_time":"2025-05-14T20:40:00+00:00","article_modified_time":"2025-05-14T02:07:28+00:00","og_image":[{"width":1280,"height":720,"url":"https:\/\/www.em.com.br\/emfoco\/wp-content\/uploads\/2025\/05\/Fukushima_1746537392200.jpg","type":"image\/jpeg"}],"author":"Gabriel Martins","twitter_card":"summary_large_image","twitter_misc":{"Escrito por":"Gabriel Martins","Est. tempo de leitura":"3 minutos"},"schema":{"@context":"https:\/\/schema.org","@graph":[{"@type":"WebPage","@id":"https:\/\/www.em.com.br\/emfoco\/2025\/05\/14\/da-tragedia-a-inovacao-como-essa-cidade-japonesa-renasceu\/","url":"https:\/\/www.em.com.br\/emfoco\/2025\/05\/14\/da-tragedia-a-inovacao-como-essa-cidade-japonesa-renasceu\/","name":"Da trag\u00e9dia a inova\u00e7\u00e3o! Como essa cidade japonesa renasceu - Estado de Minas - Em foco","isPartOf":{"@id":"https:\/\/www.em.com.br\/emfoco\/#website"},"primaryImageOfPage":{"@id":"https:\/\/www.em.com.br\/emfoco\/2025\/05\/14\/da-tragedia-a-inovacao-como-essa-cidade-japonesa-renasceu\/#primaryimage"},"image":{"@id":"https:\/\/www.em.com.br\/emfoco\/2025\/05\/14\/da-tragedia-a-inovacao-como-essa-cidade-japonesa-renasceu\/#primaryimage"},"thumbnailUrl":"https:\/\/www.em.com.br\/emfoco\/wp-content\/uploads\/2025\/05\/Fukushima_1746537392200.jpg","datePublished":"2025-05-14T20:40:00+00:00","dateModified":"2025-05-14T02:07:28+00:00","author":{"@id":"https:\/\/www.em.com.br\/emfoco\/#\/schema\/person\/1c9ddeab18b98abeffef834667bcf08a"},"description":"Ap\u00f3s um desastre nuclear, essa cidade investiu em inova\u00e7\u00e3o, educa\u00e7\u00e3o e sustentabilidade para se reinventar.","breadcrumb":{"@id":"https:\/\/www.em.com.br\/emfoco\/2025\/05\/14\/da-tragedia-a-inovacao-como-essa-cidade-japonesa-renasceu\/#breadcrumb"},"inLanguage":"pt-BR","potentialAction":[{"@type":"ReadAction","target":["https:\/\/www.em.com.br\/emfoco\/2025\/05\/14\/da-tragedia-a-inovacao-como-essa-cidade-japonesa-renasceu\/"]}]},{"@type":"ImageObject","inLanguage":"pt-BR","@id":"https:\/\/www.em.com.br\/emfoco\/2025\/05\/14\/da-tragedia-a-inovacao-como-essa-cidade-japonesa-renasceu\/#primaryimage","url":"https:\/\/www.em.com.br\/emfoco\/wp-content\/uploads\/2025\/05\/Fukushima_1746537392200.jpg","contentUrl":"https:\/\/www.em.com.br\/emfoco\/wp-content\/uploads\/2025\/05\/Fukushima_1746537392200.jpg","width":1280,"height":720,"caption":"Fukushima - Cr\u00e9ditos: depositphotos.com \/ Torsakarin"},{"@type":"BreadcrumbList","@id":"https:\/\/www.em.com.br\/emfoco\/2025\/05\/14\/da-tragedia-a-inovacao-como-essa-cidade-japonesa-renasceu\/#breadcrumb","itemListElement":[{"@type":"ListItem","position":1,"name":"In\u00edcio","item":"https:\/\/www.em.com.br\/emfoco\/"},{"@type":"ListItem","position":2,"name":"Da trag\u00e9dia a inova\u00e7\u00e3o! Como essa cidade japonesa renasceu"}]},{"@type":"WebSite","@id":"https:\/\/www.em.com.br\/emfoco\/#website","url":"https:\/\/www.em.com.br\/emfoco\/","name":"Estado de Minas - Em foco","description":"Acompanhe as \u00faltimas not\u00edcias e fique bem informado sobre tudo o que acontece em Minas Gerais, Brasil e no mundo.","potentialAction":[{"@type":"SearchAction","target":{"@type":"EntryPoint","urlTemplate":"https:\/\/www.em.com.br\/emfoco\/?s={search_term_string}"},"query-input":{"@type":"PropertyValueSpecification","valueRequired":true,"valueName":"search_term_string"}}],"inLanguage":"pt-BR"},{"@type":"Person","@id":"https:\/\/www.em.com.br\/emfoco\/#\/schema\/person\/1c9ddeab18b98abeffef834667bcf08a","name":"Gabriel Martins","image":{"@type":"ImageObject","inLanguage":"pt-BR","@id":"https:\/\/www.em.com.br\/emfoco\/#\/schema\/person\/image\/","url":"https:\/\/secure.gravatar.com\/avatar\/f0f1e2efdfd88f1ad2cb08c5c2731e50?s=96&d=mm&r=g","contentUrl":"https:\/\/secure.gravatar.com\/avatar\/f0f1e2efdfd88f1ad2cb08c5c2731e50?s=96&d=mm&r=g","caption":"Gabriel Martins"},"sameAs":["https:\/\/www.em.com.br\/emfoco\/"],"url":"https:\/\/www.em.com.br\/emfoco\/author\/gabrielmartinsmyth\/"}]}},"_links":{"self":[{"href":"https:\/\/www.em.com.br\/emfoco\/wp-json\/wp\/v2\/posts\/44811","targetHints":{"allow":["GET"]}}],"collection":[{"href":"https:\/\/www.em.com.br\/emfoco\/wp-json\/wp\/v2\/posts"}],"about":[{"href":"https:\/\/www.em.com.br\/emfoco\/wp-json\/wp\/v2\/types\/post"}],"author":[{"embeddable":true,"href":"https:\/\/www.em.com.br\/emfoco\/wp-json\/wp\/v2\/users\/13"}],"replies":[{"embeddable":true,"href":"https:\/\/www.em.com.br\/emfoco\/wp-json\/wp\/v2\/comments?post=44811"}],"version-history":[{"count":3,"href":"https:\/\/www.em.com.br\/emfoco\/wp-json\/wp\/v2\/posts\/44811\/revisions"}],"predecessor-version":[{"id":47083,"href":"https:\/\/www.em.com.br\/emfoco\/wp-json\/wp\/v2\/posts\/44811\/revisions\/47083"}],"wp:featuredmedia":[{"embeddable":true,"href":"https:\/\/www.em.com.br\/emfoco\/wp-json\/wp\/v2\/media\/44829"}],"wp:attachment":[{"href":"https:\/\/www.em.com.br\/emfoco\/wp-json\/wp\/v2\/media?parent=44811"}],"wp:term":[{"taxonomy":"category","embeddable":true,"href":"https:\/\/www.em.com.br\/emfoco\/wp-json\/wp\/v2\/categories?post=44811"},{"taxonomy":"post_tag","embeddable":true,"href":"https:\/\/www.em.com.br\/emfoco\/wp-json\/wp\/v2\/tags?post=44811"}],"curies":[{"name":"wp","href":"https:\/\/api.w.org\/{rel}","templated":true}]}}