{"id":44718,"date":"2025-05-05T17:30:00","date_gmt":"2025-05-05T20:30:00","guid":{"rendered":"https:\/\/www.em.com.br\/emfoco\/?p=44718"},"modified":"2025-05-05T18:11:39","modified_gmt":"2025-05-05T21:11:39","slug":"o-lugar-no-brasil-que-une-paz-natureza-e-cultura-em-uma-so-regiao","status":"publish","type":"post","link":"https:\/\/www.em.com.br\/emfoco\/2025\/05\/05\/o-lugar-no-brasil-que-une-paz-natureza-e-cultura-em-uma-so-regiao\/","title":{"rendered":"O lugar no Brasil que une paz, natureza e cultura em uma s\u00f3 regi\u00e3o"},"content":{"rendered":"\n<p>A <strong>Chapada Diamantina<\/strong>, localizada no cora\u00e7\u00e3o da <strong>Bahia<\/strong>, \u00e9 um destino que encanta por suas paisagens naturais exuberantes e rica heran\u00e7a cultural. Com cidades como <strong>Len\u00e7\u00f3is<\/strong>, <strong>Mucug\u00ea<\/strong> e <strong>Ibicoara<\/strong>, a regi\u00e3o oferece um estilo de vida que privilegia a simplicidade e a conex\u00e3o com a natureza. Este artigo explora os aspectos que tornam a Chapada Diamantina um lugar especial para viver e visitar.<\/p>\n\n\n\n<p>O cotidiano na Chapada Diamantina \u00e9 marcado por um ritmo mais tranquilo, onde a seguran\u00e7a e o ar puro s\u00e3o parte do dia a dia. A comunidade local valoriza a sustentabilidade e a agricultura org\u00e2nica, contribuindo para uma qualidade de vida elevada. Mesmo com uma infraestrutura mais modesta, a regi\u00e3o oferece um ambiente acolhedor e prop\u00edcio ao bem-estar, segundo dados do site <a href=\"https:\/\/bmcnews.com.br\/2025\/04\/22\/esse-destino-no-interior-da-bahia-encanta-com-suas-paisagens-deslumbrantes\/\" target=\"_blank\" rel=\"noreferrer noopener\">Bm&amp;C News.<\/a><\/p>\n\n\n\n<h2 class=\"wp-block-heading\">De que forma se desenvolve a educa\u00e7\u00e3o na regi\u00e3o da Chapada Diamantina?<\/h2>\n\n\n\n<p>A educa\u00e7\u00e3o na Chapada Diamantina tem se desenvolvido com o apoio de escolas p\u00fablicas e particulares que atendem as comunidades locais. Em cidades como Len\u00e7\u00f3is e Mucug\u00ea, iniciativas de educa\u00e7\u00e3o contextualizada focam em pr\u00e1ticas sustent\u00e1veis e na valoriza\u00e7\u00e3o da cultura regional. Projetos sociais e ONGs desempenham um papel crucial, oferecendo atividades culturais e esportivas para crian\u00e7as e adolescentes.<\/p>\n\n\n\n<p>Para aqueles que buscam ensino superior, a regi\u00e3o conta com polos de universidades p\u00fablicas e privadas em cidades pr\u00f3ximas, como Seabra e Itaberaba. Al\u00e9m disso, o ensino \u00e0 dist\u00e2ncia \u00e9 uma op\u00e7\u00e3o vi\u00e1vel, ampliando as oportunidades educacionais para os moradores da Chapada.<\/p>\n\n\n\n<h2 class=\"wp-block-heading\">Qual \u00e9 o papel do turismo na economia da Chapada Diamantina?<\/h2>\n\n\n\n<p>O turismo \u00e9 um dos principais motores econ\u00f4micos da Chapada Diamantina, impulsionando a economia local e preservando a identidade cultural da regi\u00e3o. Com uma paisagem diversificada que inclui cachoeiras, grutas e montanhas, a Chapada atrai aventureiros e ecologistas de todo o mundo. O turismo de base comunit\u00e1ria e o ecoturismo s\u00e3o pr\u00e1ticas em crescimento, promovendo a inclus\u00e3o social e o respeito ao meio ambiente.<\/p>\n\n\n\n<p>A cultura local \u00e9 um atrativo \u00e0 parte, com artesanato, gastronomia t\u00edpica e festas tradicionais que encantam os visitantes. A m\u00fasica regional e as manifesta\u00e7\u00f5es culturais s\u00e3o parte integrante do cotidiano dos moradores, enriquecendo a <a href=\"https:\/\/www.em.com.br\/emfoco\/2025\/05\/03\/esta-cidade-brasileira-virou-referencia-em-seguranca-e-bem-estar\/\" target=\"_blank\" rel=\"noreferrer noopener\">experi\u00eancia <\/a>de quem visita a regi\u00e3o.<\/p>\n\n\n<div class=\"wp-block-image\">\n<figure class=\"aligncenter size-large\"><img loading=\"lazy\" decoding=\"async\" width=\"1024\" height=\"576\" src=\"https:\/\/www.em.com.br\/emfoco\/wp-content\/uploads\/2025\/05\/chapada-diamantina_1746477383972-1024x576.jpg\" alt=\"O lugar no Brasil que une paz, natureza e cultura em uma s\u00f3 regi\u00e3o\" class=\"wp-image-44720\" srcset=\"https:\/\/www.em.com.br\/emfoco\/wp-content\/uploads\/2025\/05\/chapada-diamantina_1746477383972-1024x576.jpg 1024w, https:\/\/www.em.com.br\/emfoco\/wp-content\/uploads\/2025\/05\/chapada-diamantina_1746477383972-300x169.jpg 300w, https:\/\/www.em.com.br\/emfoco\/wp-content\/uploads\/2025\/05\/chapada-diamantina_1746477383972-768x432.jpg 768w, https:\/\/www.em.com.br\/emfoco\/wp-content\/uploads\/2025\/05\/chapada-diamantina_1746477383972-750x422.jpg 750w, https:\/\/www.em.com.br\/emfoco\/wp-content\/uploads\/2025\/05\/chapada-diamantina_1746477383972-1140x641.jpg 1140w, https:\/\/www.em.com.br\/emfoco\/wp-content\/uploads\/2025\/05\/chapada-diamantina_1746477383972.jpg 1280w\" sizes=\"auto, (max-width: 1024px) 100vw, 1024px\" \/><figcaption class=\"wp-element-caption\">Chapada Diamantina (Cr\u00e9ditos: depositphotos.com \/ Saaaaa)<\/figcaption><\/figure><\/div>\n\n\n<h2 class=\"wp-block-heading\">Quais s\u00e3o os principais pontos tur\u00edsticos na Chapada Diamantina que merecem visita?<\/h2>\n\n\n\n<p>A Chapada Diamantina \u00e9 um dos destinos tur\u00edsticos mais completos do Brasil, oferecendo uma variedade de experi\u00eancias inesquec\u00edveis. Entre os principais pontos tur\u00edsticos est\u00e3o:<\/p>\n\n\n\n<ul class=\"wp-block-list\">\n<li><strong>Cachoeira da Fuma\u00e7a:<\/strong> Com mais de 340 metros de queda livre, \u00e9 uma das mais altas do Brasil.<\/li>\n\n\n\n<li><strong>Morro do Pai In\u00e1cio:<\/strong> Oferece uma vista panor\u00e2mica da chapada, ideal para contemplar o p\u00f4r do sol.<\/li>\n\n\n\n<li><strong>Po\u00e7o Azul e Po\u00e7o Encantado:<\/strong> Cavernas alagadas com \u00e1guas cristalinas que proporcionam um espet\u00e1culo visual \u00fanico.<\/li>\n\n\n\n<li><strong>Vale do Pati:<\/strong> Considerado uma das trilhas mais bonitas do Brasil, perfeito para trekking.<\/li>\n\n\n\n<li><strong>Gruta da Lapa Doce e Pratinha:<\/strong> Conhecidas por suas forma\u00e7\u00f5es calc\u00e1rias impressionantes e \u00e1guas cristalinas.<\/li>\n\n\n\n<li><strong>Cachoeira do Burac\u00e3o:<\/strong> Uma experi\u00eancia emocionante localizada pr\u00f3xima a Ibicoara.<\/li>\n<\/ul>\n\n\n\n<h2 class=\"wp-block-heading\">Por que viver na Chapada Diamantina pode ser uma escolha atrativa?<\/h2>\n\n\n\n<p>Viver na Chapada Diamantina \u00e9 uma escolha para aqueles que buscam um estilo de vida mais tranquilo e em harmonia com a natureza. A regi\u00e3o oferece um ambiente prop\u00edcio ao bem-estar f\u00edsico e mental, com uma comunidade ativa e acolhedora. Apesar de uma infraestrutura mais simples, a qualidade de vida \u00e9 alta para quem valoriza rela\u00e7\u00f5es humanas e um estilo de vida consciente e sustent\u00e1vel.<\/p>\n\n\n\n<p>Com suas belezas naturais e rica cultura, a Chapada Diamantina \u00e9 um tesouro brasileiro que merece ser explorado e apreciado, seja para morar ou visitar.<\/p>\n","protected":false},"excerpt":{"rendered":"<p>A Chapada Diamantina, localizada no cora\u00e7\u00e3o da Bahia, \u00e9 um destino que encanta por suas paisagens naturais exuberantes e rica heran\u00e7a cultural. Com cidades como Len\u00e7\u00f3is, Mucug\u00ea e Ibicoara, a regi\u00e3o oferece um estilo de vida que privilegia a simplicidade e a conex\u00e3o com a natureza. Este artigo explora os aspectos que tornam a Chapada [&hellip;]<\/p>\n","protected":false},"author":10,"featured_media":44719,"comment_status":"open","ping_status":"open","sticky":false,"template":"","format":"standard","meta":{"jnews-multi-image_gallery":[],"jnews_single_post":{"format":"standard"},"jnews_primary_category":[],"jnews_social_meta":[],"jnews_override_counter":[],"footnotes":""},"categories":[26,1],"tags":[158,8343,8344,157],"class_list":["post-44718","post","type-post","status-publish","format-standard","has-post-thumbnail","hentry","category-cidades","category-noticias","tag-brasil","tag-lugar","tag-regiao","tag-turismo"],"yoast_head":"<!-- This site is optimized with the Yoast SEO plugin v23.8 - https:\/\/yoast.com\/wordpress\/plugins\/seo\/ -->\n<title>O lugar no Brasil que une paz, natureza e cultura em uma s\u00f3 regi\u00e3o - Estado de Minas - Em foco<\/title>\n<meta name=\"description\" content=\"Quer viver cercado por belezas naturais e tranquilidade? Conhe\u00e7a essa regi\u00e3o e entenda por que ela virou o novo sonho de muitos.\" \/>\n<meta name=\"robots\" content=\"index, follow, max-snippet:-1, max-image-preview:large, max-video-preview:-1\" \/>\n<link rel=\"canonical\" href=\"https:\/\/www.em.com.br\/emfoco\/2025\/05\/05\/o-lugar-no-brasil-que-une-paz-natureza-e-cultura-em-uma-so-regiao\/\" \/>\n<meta property=\"og:locale\" content=\"pt_BR\" \/>\n<meta property=\"og:type\" content=\"article\" \/>\n<meta property=\"og:title\" content=\"O lugar no Brasil que une paz, natureza e cultura em uma s\u00f3 regi\u00e3o - Estado de Minas - Em foco\" \/>\n<meta property=\"og:description\" content=\"Quer viver cercado por belezas naturais e tranquilidade? Conhe\u00e7a essa regi\u00e3o e entenda por que ela virou o novo sonho de muitos.\" \/>\n<meta property=\"og:url\" content=\"https:\/\/www.em.com.br\/emfoco\/2025\/05\/05\/o-lugar-no-brasil-que-une-paz-natureza-e-cultura-em-uma-so-regiao\/\" \/>\n<meta property=\"og:site_name\" content=\"Estado de Minas - Em foco\" \/>\n<meta property=\"article:published_time\" content=\"2025-05-05T20:30:00+00:00\" \/>\n<meta property=\"article:modified_time\" content=\"2025-05-05T21:11:39+00:00\" \/>\n<meta property=\"og:image\" content=\"https:\/\/www.em.com.br\/emfoco\/wp-content\/uploads\/2025\/05\/chapada-diamantina_1746477152826.jpg\" \/>\n\t<meta property=\"og:image:width\" content=\"1280\" \/>\n\t<meta property=\"og:image:height\" content=\"720\" \/>\n\t<meta property=\"og:image:type\" content=\"image\/jpeg\" \/>\n<meta name=\"author\" content=\"Patryck Reinehr\" \/>\n<meta name=\"twitter:card\" content=\"summary_large_image\" \/>\n<meta name=\"twitter:label1\" content=\"Escrito por\" \/>\n\t<meta name=\"twitter:data1\" content=\"Patryck Reinehr\" \/>\n\t<meta name=\"twitter:label2\" content=\"Est. tempo de leitura\" \/>\n\t<meta name=\"twitter:data2\" content=\"4 minutos\" \/>\n<!-- \/ Yoast SEO plugin. -->","yoast_head_json":{"title":"O lugar no Brasil que une paz, natureza e cultura em uma s\u00f3 regi\u00e3o - Estado de Minas - Em foco","description":"Quer viver cercado por belezas naturais e tranquilidade? Conhe\u00e7a essa regi\u00e3o e entenda por que ela virou o novo sonho de muitos.","robots":{"index":"index","follow":"follow","max-snippet":"max-snippet:-1","max-image-preview":"max-image-preview:large","max-video-preview":"max-video-preview:-1"},"canonical":"https:\/\/www.em.com.br\/emfoco\/2025\/05\/05\/o-lugar-no-brasil-que-une-paz-natureza-e-cultura-em-uma-so-regiao\/","og_locale":"pt_BR","og_type":"article","og_title":"O lugar no Brasil que une paz, natureza e cultura em uma s\u00f3 regi\u00e3o - Estado de Minas - Em foco","og_description":"Quer viver cercado por belezas naturais e tranquilidade? Conhe\u00e7a essa regi\u00e3o e entenda por que ela virou o novo sonho de muitos.","og_url":"https:\/\/www.em.com.br\/emfoco\/2025\/05\/05\/o-lugar-no-brasil-que-une-paz-natureza-e-cultura-em-uma-so-regiao\/","og_site_name":"Estado de Minas - Em foco","article_published_time":"2025-05-05T20:30:00+00:00","article_modified_time":"2025-05-05T21:11:39+00:00","og_image":[{"width":1280,"height":720,"url":"https:\/\/www.em.com.br\/emfoco\/wp-content\/uploads\/2025\/05\/chapada-diamantina_1746477152826.jpg","type":"image\/jpeg"}],"author":"Patryck Reinehr","twitter_card":"summary_large_image","twitter_misc":{"Escrito por":"Patryck Reinehr","Est. tempo de leitura":"4 minutos"},"schema":{"@context":"https:\/\/schema.org","@graph":[{"@type":"WebPage","@id":"https:\/\/www.em.com.br\/emfoco\/2025\/05\/05\/o-lugar-no-brasil-que-une-paz-natureza-e-cultura-em-uma-so-regiao\/","url":"https:\/\/www.em.com.br\/emfoco\/2025\/05\/05\/o-lugar-no-brasil-que-une-paz-natureza-e-cultura-em-uma-so-regiao\/","name":"O lugar no Brasil que une paz, natureza e cultura em uma s\u00f3 regi\u00e3o - Estado de Minas - Em foco","isPartOf":{"@id":"https:\/\/www.em.com.br\/emfoco\/#website"},"primaryImageOfPage":{"@id":"https:\/\/www.em.com.br\/emfoco\/2025\/05\/05\/o-lugar-no-brasil-que-une-paz-natureza-e-cultura-em-uma-so-regiao\/#primaryimage"},"image":{"@id":"https:\/\/www.em.com.br\/emfoco\/2025\/05\/05\/o-lugar-no-brasil-que-une-paz-natureza-e-cultura-em-uma-so-regiao\/#primaryimage"},"thumbnailUrl":"https:\/\/www.em.com.br\/emfoco\/wp-content\/uploads\/2025\/05\/chapada-diamantina_1746477152826.jpg","datePublished":"2025-05-05T20:30:00+00:00","dateModified":"2025-05-05T21:11:39+00:00","author":{"@id":"https:\/\/www.em.com.br\/emfoco\/#\/schema\/person\/43407752bebcbbb4d0ec79deedc0d7ce"},"description":"Quer viver cercado por belezas naturais e tranquilidade? Conhe\u00e7a essa regi\u00e3o e entenda por que ela virou o novo sonho de muitos.","breadcrumb":{"@id":"https:\/\/www.em.com.br\/emfoco\/2025\/05\/05\/o-lugar-no-brasil-que-une-paz-natureza-e-cultura-em-uma-so-regiao\/#breadcrumb"},"inLanguage":"pt-BR","potentialAction":[{"@type":"ReadAction","target":["https:\/\/www.em.com.br\/emfoco\/2025\/05\/05\/o-lugar-no-brasil-que-une-paz-natureza-e-cultura-em-uma-so-regiao\/"]}]},{"@type":"ImageObject","inLanguage":"pt-BR","@id":"https:\/\/www.em.com.br\/emfoco\/2025\/05\/05\/o-lugar-no-brasil-que-une-paz-natureza-e-cultura-em-uma-so-regiao\/#primaryimage","url":"https:\/\/www.em.com.br\/emfoco\/wp-content\/uploads\/2025\/05\/chapada-diamantina_1746477152826.jpg","contentUrl":"https:\/\/www.em.com.br\/emfoco\/wp-content\/uploads\/2025\/05\/chapada-diamantina_1746477152826.jpg","width":1280,"height":720,"caption":"Chapada Diamantina (Cr\u00e9ditos: depositphotos.com \/ Elena Skalovskaia)"},{"@type":"BreadcrumbList","@id":"https:\/\/www.em.com.br\/emfoco\/2025\/05\/05\/o-lugar-no-brasil-que-une-paz-natureza-e-cultura-em-uma-so-regiao\/#breadcrumb","itemListElement":[{"@type":"ListItem","position":1,"name":"In\u00edcio","item":"https:\/\/www.em.com.br\/emfoco\/"},{"@type":"ListItem","position":2,"name":"O lugar no Brasil que une paz, natureza e cultura em uma s\u00f3 regi\u00e3o"}]},{"@type":"WebSite","@id":"https:\/\/www.em.com.br\/emfoco\/#website","url":"https:\/\/www.em.com.br\/emfoco\/","name":"Estado de Minas - Em foco","description":"Acompanhe as \u00faltimas not\u00edcias e fique bem informado sobre tudo o que acontece em Minas Gerais, Brasil e no mundo.","potentialAction":[{"@type":"SearchAction","target":{"@type":"EntryPoint","urlTemplate":"https:\/\/www.em.com.br\/emfoco\/?s={search_term_string}"},"query-input":{"@type":"PropertyValueSpecification","valueRequired":true,"valueName":"search_term_string"}}],"inLanguage":"pt-BR"},{"@type":"Person","@id":"https:\/\/www.em.com.br\/emfoco\/#\/schema\/person\/43407752bebcbbb4d0ec79deedc0d7ce","name":"Patryck Reinehr","image":{"@type":"ImageObject","inLanguage":"pt-BR","@id":"https:\/\/www.em.com.br\/emfoco\/#\/schema\/person\/image\/","url":"https:\/\/secure.gravatar.com\/avatar\/570c7fb2898c0e2df0823196891bea88?s=96&d=mm&r=g","contentUrl":"https:\/\/secure.gravatar.com\/avatar\/570c7fb2898c0e2df0823196891bea88?s=96&d=mm&r=g","caption":"Patryck Reinehr"},"url":"https:\/\/www.em.com.br\/emfoco\/author\/patryckmyth\/"}]}},"_links":{"self":[{"href":"https:\/\/www.em.com.br\/emfoco\/wp-json\/wp\/v2\/posts\/44718","targetHints":{"allow":["GET"]}}],"collection":[{"href":"https:\/\/www.em.com.br\/emfoco\/wp-json\/wp\/v2\/posts"}],"about":[{"href":"https:\/\/www.em.com.br\/emfoco\/wp-json\/wp\/v2\/types\/post"}],"author":[{"embeddable":true,"href":"https:\/\/www.em.com.br\/emfoco\/wp-json\/wp\/v2\/users\/10"}],"replies":[{"embeddable":true,"href":"https:\/\/www.em.com.br\/emfoco\/wp-json\/wp\/v2\/comments?post=44718"}],"version-history":[{"count":1,"href":"https:\/\/www.em.com.br\/emfoco\/wp-json\/wp\/v2\/posts\/44718\/revisions"}],"predecessor-version":[{"id":44721,"href":"https:\/\/www.em.com.br\/emfoco\/wp-json\/wp\/v2\/posts\/44718\/revisions\/44721"}],"wp:featuredmedia":[{"embeddable":true,"href":"https:\/\/www.em.com.br\/emfoco\/wp-json\/wp\/v2\/media\/44719"}],"wp:attachment":[{"href":"https:\/\/www.em.com.br\/emfoco\/wp-json\/wp\/v2\/media?parent=44718"}],"wp:term":[{"taxonomy":"category","embeddable":true,"href":"https:\/\/www.em.com.br\/emfoco\/wp-json\/wp\/v2\/categories?post=44718"},{"taxonomy":"post_tag","embeddable":true,"href":"https:\/\/www.em.com.br\/emfoco\/wp-json\/wp\/v2\/tags?post=44718"}],"curies":[{"name":"wp","href":"https:\/\/api.w.org\/{rel}","templated":true}]}}