{"id":44667,"date":"2025-05-11T22:20:00","date_gmt":"2025-05-12T01:20:00","guid":{"rendered":"https:\/\/www.em.com.br\/emfoco\/?p=44667"},"modified":"2025-05-10T16:41:11","modified_gmt":"2025-05-10T19:41:11","slug":"whatsapp-para-de-funcionar-em-celulares-da-apple-veja-se-o-seu-esta-na-lista","status":"publish","type":"post","link":"https:\/\/www.em.com.br\/emfoco\/2025\/05\/11\/whatsapp-para-de-funcionar-em-celulares-da-apple-veja-se-o-seu-esta-na-lista\/","title":{"rendered":"WhatsApp para de funcionar em celulares da Apple! Veja se o seu est\u00e1 na lista"},"content":{"rendered":"\n<p>A partir de 5 de maio de 2025, o <strong>WhatsApp<\/strong> deixar\u00e1 de ser compat\u00edvel com <strong><a href=\"https:\/\/www.em.com.br\/emfoco\/2025\/04\/30\/novo-iphone-promete-design-revolucionario-em-comemoracao-aos-20-anos-e-preco-nunca-visto\/\" target=\"_blank\" rel=\"noreferrer noopener\">iPhones <\/a><\/strong>que utilizam vers\u00f5es do <strong>iOS <\/strong>inferiores \u00e0 <strong>15.1<\/strong>. Atualmente, a vers\u00e3o mais recente do sistema operacional da Apple \u00e9 o iOS 18.4.1. Essa mudan\u00e7a afetar\u00e1 dispositivos como o iPhone 5s e o iPhone 6, que n\u00e3o conseguem atualizar al\u00e9m do iOS 12.5.7 e iOS 12, respectivamente.<\/p>\n\n\n\n<p>Com essa atualiza\u00e7\u00e3o, apenas modelos a partir do iPhone 6s, que podem ser atualizados at\u00e9 o iOS 15.8.4, continuar\u00e3o a ter suporte para o aplicativo de mensagens. A decis\u00e3o de descontinuar o suporte para vers\u00f5es mais antigas do iOS visa garantir que os usu\u00e1rios tenham acesso a melhorias de seguran\u00e7a e novos recursos.<\/p>\n\n\n\n<h2 class=\"wp-block-heading\">Por que o WhatsApp est\u00e1 descontinuando o suporte para iOS antigos?<\/h2>\n\n\n\n<p>As atualiza\u00e7\u00f5es de aplicativos, como as do WhatsApp, s\u00e3o essenciais para corrigir erros, introduzir novos recursos e aumentar a seguran\u00e7a dos usu\u00e1rios. Quando um dispositivo n\u00e3o consegue mais suportar essas atualiza\u00e7\u00f5es, ele eventualmente deixa de ser capaz de executar o aplicativo. Essa \u00e9 uma pr\u00e1tica comum para garantir que os usu\u00e1rios tenham a melhor experi\u00eancia poss\u00edvel.<\/p>\n\n\n\n<p>Al\u00e9m disso, manter a compatibilidade com vers\u00f5es mais antigas do iOS pode limitar a capacidade dos desenvolvedores de implementar novos recursos e melhorias de seguran\u00e7a. Portanto, a decis\u00e3o de descontinuar o suporte para vers\u00f5es mais antigas \u00e9 uma forma de garantir que o aplicativo continue evoluindo.<\/p>\n\n\n\n<figure class=\"wp-block-image size-large\"><img loading=\"lazy\" decoding=\"async\" width=\"1024\" height=\"576\" src=\"https:\/\/www.em.com.br\/emfoco\/wp-content\/uploads\/2025\/05\/iphone_1746465798704-1024x576.jpg\" alt=\"WhatsApp para de funcionar em celulares da Apple! Veja se o seu est\u00e1 na lista\" class=\"wp-image-44672\" srcset=\"https:\/\/www.em.com.br\/emfoco\/wp-content\/uploads\/2025\/05\/iphone_1746465798704-1024x576.jpg 1024w, https:\/\/www.em.com.br\/emfoco\/wp-content\/uploads\/2025\/05\/iphone_1746465798704-300x169.jpg 300w, https:\/\/www.em.com.br\/emfoco\/wp-content\/uploads\/2025\/05\/iphone_1746465798704-768x432.jpg 768w, https:\/\/www.em.com.br\/emfoco\/wp-content\/uploads\/2025\/05\/iphone_1746465798704-750x422.jpg 750w, https:\/\/www.em.com.br\/emfoco\/wp-content\/uploads\/2025\/05\/iphone_1746465798704-1140x642.jpg 1140w, https:\/\/www.em.com.br\/emfoco\/wp-content\/uploads\/2025\/05\/iphone_1746465798704.jpg 1279w\" sizes=\"auto, (max-width: 1024px) 100vw, 1024px\" \/><figcaption class=\"wp-element-caption\">iPhone &#8211; Cr\u00e9ditos: depositphotos.com \/ dimarik<\/figcaption><\/figure>\n\n\n\n<h2 class=\"wp-block-heading\">Como atualizar seu iPhone para continuar usando o WhatsApp?<\/h2>\n\n\n\n<p><strong>Para continuar usando o WhatsApp, \u00e9 importante garantir que o iPhone esteja atualizado com a vers\u00e3o mais recente do iOS dispon\u00edvel para o dispositivo.<\/strong> Existem duas maneiras de realizar essa atualiza\u00e7\u00e3o: manualmente ou automaticamente.<\/p>\n\n\n\n<p><strong>Atualiza\u00e7\u00e3o manual:<\/strong> Acesse <em>Ajustes<\/em> &gt; <em>Geral<\/em> &gt; <em>Atualiza\u00e7\u00e3o de Software<\/em>. A tela exibir\u00e1 a vers\u00e3o do iOS atualmente instalada e informar\u00e1 se h\u00e1 uma atualiza\u00e7\u00e3o dispon\u00edvel.<\/p>\n\n\n\n<p><strong>Atualiza\u00e7\u00e3o autom\u00e1tica:<\/strong> Acesse <em>Ajustes<\/em> > <em>Geral<\/em> > <em>Atualiza\u00e7\u00e3o de Software<\/em> > <em>Atualiza\u00e7\u00f5es Autom\u00e1ticas<\/em>. Nas se\u00e7\u00f5es <em>Instalar Automaticamente<\/em> e <em>Baixar Automaticamente<\/em>, ative a op\u00e7\u00e3o <strong>Atualiza\u00e7\u00f5es do <a href=\"https:\/\/www.apple.com\/br\/ios\/ios-18\/\" target=\"_blank\" rel=\"noreferrer noopener\">iOS<\/a><\/strong>. Com essa configura\u00e7\u00e3o, o iPhone instalar\u00e1 a atualiza\u00e7\u00e3o durante a noite, enquanto estiver conectado ao Wi-Fi e sendo carregado.<\/p>\n\n\n\n<h2 class=\"wp-block-heading\">Quais s\u00e3o as implica\u00e7\u00f5es para os usu\u00e1rios afetados?<\/h2>\n\n\n\n<p>Os usu\u00e1rios de iPhones que n\u00e3o podem ser atualizados para o iOS 15.1 ou superior enfrentar\u00e3o a necessidade de considerar a troca de dispositivo para continuar usando o WhatsApp. Isso pode ser um inconveniente para aqueles que preferem manter seus dispositivos antigos, mas \u00e9 uma realidade comum no mundo da tecnologia, onde a evolu\u00e7\u00e3o constante dos softwares requer hardware compat\u00edvel.<\/p>\n\n\n\n<p>Para muitos, essa mudan\u00e7a pode ser vista como uma oportunidade de atualizar para um dispositivo mais moderno, que oferece melhor desempenho e seguran\u00e7a. No entanto, \u00e9 importante que os usu\u00e1rios afetados planejem essa transi\u00e7\u00e3o para minimizar interrup\u00e7\u00f5es em seu uso di\u00e1rio do aplicativo.<\/p>\n\n\n\n<h2 class=\"wp-block-heading\">O que esperar do futuro das atualiza\u00e7\u00f5es do WhatsApp?<\/h2>\n\n\n\n<p>Com a descontinua\u00e7\u00e3o do suporte para vers\u00f5es mais antigas do iOS, o WhatsApp poder\u00e1 focar em desenvolver novas funcionalidades e aprimorar a seguran\u00e7a do aplicativo. Isso inclui melhorias na criptografia, novas ferramentas de comunica\u00e7\u00e3o e integra\u00e7\u00e3o com outros servi\u00e7os digitais.<\/p>\n\n\n\n<p>Os usu\u00e1rios podem esperar que o WhatsApp continue a evoluir, trazendo inova\u00e7\u00f5es que melhoram a experi\u00eancia de uso e garantem a prote\u00e7\u00e3o dos dados pessoais. Manter o aplicativo atualizado \u00e9 essencial para aproveitar essas melhorias e garantir uma comunica\u00e7\u00e3o segura e eficiente.<\/p>\n","protected":false},"excerpt":{"rendered":"<p>A partir de 5 de maio de 2025, o WhatsApp deixar\u00e1 de ser compat\u00edvel com iPhones que utilizam vers\u00f5es do iOS inferiores \u00e0 15.1. Atualmente, a vers\u00e3o mais recente do sistema operacional da Apple \u00e9 o iOS 18.4.1. Essa mudan\u00e7a afetar\u00e1 dispositivos como o iPhone 5s e o iPhone 6, que n\u00e3o conseguem atualizar al\u00e9m [&hellip;]<\/p>\n","protected":false},"author":13,"featured_media":40804,"comment_status":"open","ping_status":"open","sticky":false,"template":"","format":"standard","meta":{"jnews-multi-image_gallery":[],"jnews_single_post":{"format":"standard"},"jnews_primary_category":[],"jnews_social_meta":[],"jnews_override_counter":[],"footnotes":""},"categories":[4204],"tags":[3662,3857,3608,2814],"class_list":["post-44667","post","type-post","status-publish","format-standard","has-post-thumbnail","hentry","category-tecnologia","tag-apple","tag-ios","tag-iphone","tag-whatsapp"],"yoast_head":"<!-- This site is optimized with the Yoast SEO plugin v23.8 - https:\/\/yoast.com\/wordpress\/plugins\/seo\/ -->\n<title>WhatsApp para de funcionar em celulares da Apple! Veja se o seu est\u00e1 na lista - Estado de Minas - Em foco<\/title>\n<meta name=\"description\" content=\"O WhatsApp descontinuar\u00e1 suporte para iPhones antigos em 2025. Aprenda como manter seu dispositivo atualizado.\" \/>\n<meta name=\"robots\" content=\"index, follow, max-snippet:-1, max-image-preview:large, max-video-preview:-1\" \/>\n<link rel=\"canonical\" href=\"https:\/\/www.em.com.br\/emfoco\/2025\/05\/11\/whatsapp-para-de-funcionar-em-celulares-da-apple-veja-se-o-seu-esta-na-lista\/\" \/>\n<meta property=\"og:locale\" content=\"pt_BR\" \/>\n<meta property=\"og:type\" content=\"article\" \/>\n<meta property=\"og:title\" content=\"WhatsApp para de funcionar em celulares da Apple! Veja se o seu est\u00e1 na lista - Estado de Minas - Em foco\" \/>\n<meta property=\"og:description\" content=\"O WhatsApp descontinuar\u00e1 suporte para iPhones antigos em 2025. Aprenda como manter seu dispositivo atualizado.\" \/>\n<meta property=\"og:url\" content=\"https:\/\/www.em.com.br\/emfoco\/2025\/05\/11\/whatsapp-para-de-funcionar-em-celulares-da-apple-veja-se-o-seu-esta-na-lista\/\" \/>\n<meta property=\"og:site_name\" content=\"Estado de Minas - Em foco\" \/>\n<meta property=\"article:published_time\" content=\"2025-05-12T01:20:00+00:00\" \/>\n<meta property=\"article:modified_time\" content=\"2025-05-10T19:41:11+00:00\" \/>\n<meta property=\"og:image\" content=\"https:\/\/www.em.com.br\/emfoco\/wp-content\/uploads\/2025\/04\/Apple-logo_1745417528475.jpg\" \/>\n\t<meta property=\"og:image:width\" content=\"1280\" \/>\n\t<meta property=\"og:image:height\" content=\"720\" \/>\n\t<meta property=\"og:image:type\" content=\"image\/jpeg\" \/>\n<meta name=\"author\" content=\"Gabriel Martins\" \/>\n<meta name=\"twitter:card\" content=\"summary_large_image\" \/>\n<meta name=\"twitter:label1\" content=\"Escrito por\" \/>\n\t<meta name=\"twitter:data1\" content=\"Gabriel Martins\" \/>\n\t<meta name=\"twitter:label2\" content=\"Est. tempo de leitura\" \/>\n\t<meta name=\"twitter:data2\" content=\"4 minutos\" \/>\n<!-- \/ Yoast SEO plugin. -->","yoast_head_json":{"title":"WhatsApp para de funcionar em celulares da Apple! Veja se o seu est\u00e1 na lista - Estado de Minas - Em foco","description":"O WhatsApp descontinuar\u00e1 suporte para iPhones antigos em 2025. Aprenda como manter seu dispositivo atualizado.","robots":{"index":"index","follow":"follow","max-snippet":"max-snippet:-1","max-image-preview":"max-image-preview:large","max-video-preview":"max-video-preview:-1"},"canonical":"https:\/\/www.em.com.br\/emfoco\/2025\/05\/11\/whatsapp-para-de-funcionar-em-celulares-da-apple-veja-se-o-seu-esta-na-lista\/","og_locale":"pt_BR","og_type":"article","og_title":"WhatsApp para de funcionar em celulares da Apple! Veja se o seu est\u00e1 na lista - Estado de Minas - Em foco","og_description":"O WhatsApp descontinuar\u00e1 suporte para iPhones antigos em 2025. Aprenda como manter seu dispositivo atualizado.","og_url":"https:\/\/www.em.com.br\/emfoco\/2025\/05\/11\/whatsapp-para-de-funcionar-em-celulares-da-apple-veja-se-o-seu-esta-na-lista\/","og_site_name":"Estado de Minas - Em foco","article_published_time":"2025-05-12T01:20:00+00:00","article_modified_time":"2025-05-10T19:41:11+00:00","og_image":[{"width":1280,"height":720,"url":"https:\/\/www.em.com.br\/emfoco\/wp-content\/uploads\/2025\/04\/Apple-logo_1745417528475.jpg","type":"image\/jpeg"}],"author":"Gabriel Martins","twitter_card":"summary_large_image","twitter_misc":{"Escrito por":"Gabriel Martins","Est. tempo de leitura":"4 minutos"},"schema":{"@context":"https:\/\/schema.org","@graph":[{"@type":"WebPage","@id":"https:\/\/www.em.com.br\/emfoco\/2025\/05\/11\/whatsapp-para-de-funcionar-em-celulares-da-apple-veja-se-o-seu-esta-na-lista\/","url":"https:\/\/www.em.com.br\/emfoco\/2025\/05\/11\/whatsapp-para-de-funcionar-em-celulares-da-apple-veja-se-o-seu-esta-na-lista\/","name":"WhatsApp para de funcionar em celulares da Apple! Veja se o seu est\u00e1 na lista - Estado de Minas - Em foco","isPartOf":{"@id":"https:\/\/www.em.com.br\/emfoco\/#website"},"primaryImageOfPage":{"@id":"https:\/\/www.em.com.br\/emfoco\/2025\/05\/11\/whatsapp-para-de-funcionar-em-celulares-da-apple-veja-se-o-seu-esta-na-lista\/#primaryimage"},"image":{"@id":"https:\/\/www.em.com.br\/emfoco\/2025\/05\/11\/whatsapp-para-de-funcionar-em-celulares-da-apple-veja-se-o-seu-esta-na-lista\/#primaryimage"},"thumbnailUrl":"https:\/\/www.em.com.br\/emfoco\/wp-content\/uploads\/2025\/04\/Apple-logo_1745417528475.jpg","datePublished":"2025-05-12T01:20:00+00:00","dateModified":"2025-05-10T19:41:11+00:00","author":{"@id":"https:\/\/www.em.com.br\/emfoco\/#\/schema\/person\/1c9ddeab18b98abeffef834667bcf08a"},"description":"O WhatsApp descontinuar\u00e1 suporte para iPhones antigos em 2025. Aprenda como manter seu dispositivo atualizado.","breadcrumb":{"@id":"https:\/\/www.em.com.br\/emfoco\/2025\/05\/11\/whatsapp-para-de-funcionar-em-celulares-da-apple-veja-se-o-seu-esta-na-lista\/#breadcrumb"},"inLanguage":"pt-BR","potentialAction":[{"@type":"ReadAction","target":["https:\/\/www.em.com.br\/emfoco\/2025\/05\/11\/whatsapp-para-de-funcionar-em-celulares-da-apple-veja-se-o-seu-esta-na-lista\/"]}]},{"@type":"ImageObject","inLanguage":"pt-BR","@id":"https:\/\/www.em.com.br\/emfoco\/2025\/05\/11\/whatsapp-para-de-funcionar-em-celulares-da-apple-veja-se-o-seu-esta-na-lista\/#primaryimage","url":"https:\/\/www.em.com.br\/emfoco\/wp-content\/uploads\/2025\/04\/Apple-logo_1745417528475.jpg","contentUrl":"https:\/\/www.em.com.br\/emfoco\/wp-content\/uploads\/2025\/04\/Apple-logo_1745417528475.jpg","width":1280,"height":720,"caption":"Logo da Apple - Cr\u00e9ditos: depositphotos.com \/ frantic00"},{"@type":"BreadcrumbList","@id":"https:\/\/www.em.com.br\/emfoco\/2025\/05\/11\/whatsapp-para-de-funcionar-em-celulares-da-apple-veja-se-o-seu-esta-na-lista\/#breadcrumb","itemListElement":[{"@type":"ListItem","position":1,"name":"In\u00edcio","item":"https:\/\/www.em.com.br\/emfoco\/"},{"@type":"ListItem","position":2,"name":"WhatsApp para de funcionar em celulares da Apple! Veja se o seu est\u00e1 na lista"}]},{"@type":"WebSite","@id":"https:\/\/www.em.com.br\/emfoco\/#website","url":"https:\/\/www.em.com.br\/emfoco\/","name":"Estado de Minas - Em foco","description":"Acompanhe as \u00faltimas not\u00edcias e fique bem informado sobre tudo o que acontece em Minas Gerais, Brasil e no mundo.","potentialAction":[{"@type":"SearchAction","target":{"@type":"EntryPoint","urlTemplate":"https:\/\/www.em.com.br\/emfoco\/?s={search_term_string}"},"query-input":{"@type":"PropertyValueSpecification","valueRequired":true,"valueName":"search_term_string"}}],"inLanguage":"pt-BR"},{"@type":"Person","@id":"https:\/\/www.em.com.br\/emfoco\/#\/schema\/person\/1c9ddeab18b98abeffef834667bcf08a","name":"Gabriel Martins","image":{"@type":"ImageObject","inLanguage":"pt-BR","@id":"https:\/\/www.em.com.br\/emfoco\/#\/schema\/person\/image\/","url":"https:\/\/secure.gravatar.com\/avatar\/f0f1e2efdfd88f1ad2cb08c5c2731e50?s=96&d=mm&r=g","contentUrl":"https:\/\/secure.gravatar.com\/avatar\/f0f1e2efdfd88f1ad2cb08c5c2731e50?s=96&d=mm&r=g","caption":"Gabriel Martins"},"sameAs":["https:\/\/www.em.com.br\/emfoco\/"],"url":"https:\/\/www.em.com.br\/emfoco\/author\/gabrielmartinsmyth\/"}]}},"_links":{"self":[{"href":"https:\/\/www.em.com.br\/emfoco\/wp-json\/wp\/v2\/posts\/44667","targetHints":{"allow":["GET"]}}],"collection":[{"href":"https:\/\/www.em.com.br\/emfoco\/wp-json\/wp\/v2\/posts"}],"about":[{"href":"https:\/\/www.em.com.br\/emfoco\/wp-json\/wp\/v2\/types\/post"}],"author":[{"embeddable":true,"href":"https:\/\/www.em.com.br\/emfoco\/wp-json\/wp\/v2\/users\/13"}],"replies":[{"embeddable":true,"href":"https:\/\/www.em.com.br\/emfoco\/wp-json\/wp\/v2\/comments?post=44667"}],"version-history":[{"count":2,"href":"https:\/\/www.em.com.br\/emfoco\/wp-json\/wp\/v2\/posts\/44667\/revisions"}],"predecessor-version":[{"id":44673,"href":"https:\/\/www.em.com.br\/emfoco\/wp-json\/wp\/v2\/posts\/44667\/revisions\/44673"}],"wp:featuredmedia":[{"embeddable":true,"href":"https:\/\/www.em.com.br\/emfoco\/wp-json\/wp\/v2\/media\/40804"}],"wp:attachment":[{"href":"https:\/\/www.em.com.br\/emfoco\/wp-json\/wp\/v2\/media?parent=44667"}],"wp:term":[{"taxonomy":"category","embeddable":true,"href":"https:\/\/www.em.com.br\/emfoco\/wp-json\/wp\/v2\/categories?post=44667"},{"taxonomy":"post_tag","embeddable":true,"href":"https:\/\/www.em.com.br\/emfoco\/wp-json\/wp\/v2\/tags?post=44667"}],"curies":[{"name":"wp","href":"https:\/\/api.w.org\/{rel}","templated":true}]}}