{"id":44619,"date":"2025-05-07T16:20:00","date_gmt":"2025-05-07T19:20:00","guid":{"rendered":"https:\/\/www.em.com.br\/emfoco\/?p=44619"},"modified":"2025-05-07T12:09:01","modified_gmt":"2025-05-07T15:09:01","slug":"novas-regras-para-emissao-de-nota-fiscal-eletronica-entram-em-vigor-em-novembro-de-2025","status":"publish","type":"post","link":"https:\/\/www.em.com.br\/emfoco\/2025\/05\/07\/novas-regras-para-emissao-de-nota-fiscal-eletronica-entram-em-vigor-em-novembro-de-2025\/","title":{"rendered":"Novas regras para emiss\u00e3o de Nota Fiscal Eletr\u00f4nica entram em vigor em novembro de 2025"},"content":{"rendered":"\n<p>Recentemente, o <strong>Di\u00e1rio Oficial da Uni\u00e3o <\/strong>publicou o <strong>Ajuste SINIEF n\u00ba 11\/2025<\/strong>, que introduz mudan\u00e7as significativas na emiss\u00e3o da<strong> <a href=\"https:\/\/portalcontabilsc.com.br\/noticias\/nfe-e-nfc-e-mudam-a-partir-do-dia-03-de-novembro-entenda-as-mudancas\/\" target=\"_blank\" rel=\"noreferrer noopener\">Nota Fiscal<\/a> de Consumidor Eletr\u00f4nica<\/strong> (NFC-e). A partir de 3 de novembro de 2025, a NFC-e s\u00f3 poder\u00e1 ser emitida quando o destinat\u00e1rio for uma pessoa f\u00edsica inscrita no <a href=\"https:\/\/www.em.com.br\/emfoco\/2025\/05\/04\/cpf-na-nota-como-um-simples-habito-pode-te-dar-dinheiro-de-volta\/\" target=\"_blank\" rel=\"noreferrer noopener\">CPF<\/a>. Isso significa que a emiss\u00e3o desse documento para pessoas jur\u00eddicas, inscritas no CNPJ, n\u00e3o ser\u00e1 mais permitida.<\/p>\n\n\n\n<p>Essa altera\u00e7\u00e3o ocorre porque o Ajuste SINIEF n\u00ba 11\/2025 remove a possibilidade de emiss\u00e3o de NFC-e para destinat\u00e1rios com CNPJ. Para opera\u00e7\u00f5es cujo destinat\u00e1rio seja uma pessoa jur\u00eddica, a emiss\u00e3o dever\u00e1 ser feita atrav\u00e9s da <strong>Nota Fiscal Eletr\u00f4nica <\/strong>(NF-e), modelo 55. Essa mudan\u00e7a visa padronizar e simplificar o processo de emiss\u00e3o de notas fiscais para empresas.<\/p>\n\n\n\n<h2 class=\"wp-block-heading\">Quais s\u00e3o as novas regras para a NF-e?<\/h2>\n\n\n\n<p>Al\u00e9m das mudan\u00e7as na NFC-e, o Ajuste SINIEF n\u00ba 12\/2025 traz atualiza\u00e7\u00f5es importantes para a NF-e, que tamb\u00e9m entrar\u00e3o em vigor em 3 de novembro de 2025. Uma das principais altera\u00e7\u00f5es \u00e9 que, nas opera\u00e7\u00f5es presenciais, o preenchimento do endere\u00e7o do destinat\u00e1rio passar\u00e1 a ser opcional. Isso pode simplificar o processo de emiss\u00e3o em situa\u00e7\u00f5es onde o endere\u00e7o n\u00e3o \u00e9 essencial.<\/p>\n\n\n\n<p>Outra mudan\u00e7a relevante \u00e9 a introdu\u00e7\u00e3o do <strong>Danfe <\/strong>simplificado para opera\u00e7\u00f5es presenciais e entregas a domic\u00edlio, quando o destinat\u00e1rio for uma pessoa jur\u00eddica. Essa simplifica\u00e7\u00e3o visa agilizar o processo de emiss\u00e3o e entrega de documentos fiscais em opera\u00e7\u00f5es de varejo.<\/p>\n\n\n\n<h2 class=\"wp-block-heading\">Como funciona a emiss\u00e3o em conting\u00eancia?<\/h2>\n\n\n\n<p>O Ajuste SINIEF n\u00ba 12\/2025 tamb\u00e9m aborda situa\u00e7\u00f5es em que problemas t\u00e9cnicos impe\u00e7am a emiss\u00e3o imediata da NF-e. Nesses casos, \u00e9 permitida a gera\u00e7\u00e3o pr\u00e9via e a autoriza\u00e7\u00e3o de uso posterior do documento fiscal. Essa medida garante que as opera\u00e7\u00f5es n\u00e3o sejam interrompidas devido a falhas t\u00e9cnicas.<\/p>\n\n\n\n<p>As NF-e geradas em conting\u00eancia devem ser transmitidas at\u00e9 o primeiro dia \u00fatil subsequente \u00e0 sua emiss\u00e3o, ap\u00f3s a resolu\u00e7\u00e3o dos problemas t\u00e9cnicos. Essa regra assegura que todas as transa\u00e7\u00f5es sejam devidamente registradas e que a conformidade fiscal seja mantida.<\/p>\n\n\n\n<h2 class=\"wp-block-heading\">Impactos das mudan\u00e7as para empresas e consumidores<\/h2>\n\n\n\n<figure class=\"wp-block-image size-large\"><img loading=\"lazy\" decoding=\"async\" width=\"1024\" height=\"576\" src=\"https:\/\/www.em.com.br\/emfoco\/wp-content\/uploads\/2025\/05\/ESCRITORIO_1746466037849-1024x576.jpg\" alt=\"\" class=\"wp-image-44676\" srcset=\"https:\/\/www.em.com.br\/emfoco\/wp-content\/uploads\/2025\/05\/ESCRITORIO_1746466037849-1024x576.jpg 1024w, https:\/\/www.em.com.br\/emfoco\/wp-content\/uploads\/2025\/05\/ESCRITORIO_1746466037849-300x169.jpg 300w, https:\/\/www.em.com.br\/emfoco\/wp-content\/uploads\/2025\/05\/ESCRITORIO_1746466037849-768x432.jpg 768w, https:\/\/www.em.com.br\/emfoco\/wp-content\/uploads\/2025\/05\/ESCRITORIO_1746466037849-750x422.jpg 750w, https:\/\/www.em.com.br\/emfoco\/wp-content\/uploads\/2025\/05\/ESCRITORIO_1746466037849-1140x641.jpg 1140w, https:\/\/www.em.com.br\/emfoco\/wp-content\/uploads\/2025\/05\/ESCRITORIO_1746466037849.jpg 1280w\" sizes=\"auto, (max-width: 1024px) 100vw, 1024px\" \/><figcaption class=\"wp-element-caption\">Colegas de trabalho conversando-Cr\u00e9ditos: depositphotos.com \/ Ischukigor<\/figcaption><\/figure>\n\n\n\n<p>As altera\u00e7\u00f5es na emiss\u00e3o de NFC-e e NF-e trazem impactos tanto para empresas quanto para consumidores. Para as empresas, a necessidade de emitir NF-e para opera\u00e7\u00f5es com pessoas jur\u00eddicas pode exigir ajustes nos sistemas de emiss\u00e3o de notas fiscais. Al\u00e9m disso, a simplifica\u00e7\u00e3o do Danfe e a op\u00e7\u00e3o de emiss\u00e3o em conting\u00eancia podem facilitar o processo de vendas e entregas.<\/p>\n\n\n\n<p>Para os consumidores, especialmente aqueles que realizam compras como pessoas f\u00edsicas, as mudan\u00e7as podem n\u00e3o ser t\u00e3o percept\u00edveis. No entanto, a padroniza\u00e7\u00e3o e simplifica\u00e7\u00e3o dos processos fiscais podem resultar em uma experi\u00eancia de compra mais eficiente e menos burocr\u00e1tica.<\/p>\n\n\n\n<p>Em resumo, as novas regras para a emiss\u00e3o de NFC-e e NF-e, que entram em vigor em novembro de 2025, visam melhorar a efici\u00eancia e a conformidade fiscal no <strong>Brasil<\/strong>. Empresas e consumidores devem se preparar para essas mudan\u00e7as, garantindo que todos os processos estejam alinhados com as novas diretrizes fiscais.<\/p>\n\n\n\n<h2 class=\"wp-block-heading\">Impacto nos sistemas de gest\u00e3o empresarial<\/h2>\n\n\n\n<p>Com as mudan\u00e7as na emiss\u00e3o de NFC-e e NF-e, as empresas precisar\u00e3o rever e atualizar seus sistemas de gest\u00e3o para garantir a conformidade com as novas normas. Isso pode envolver desde atualiza\u00e7\u00f5es de software at\u00e9 treinamentos para a equipe respons\u00e1vel pela emiss\u00e3o de notas fiscais. \u00c9 importante que as empresas estejam preparadas para essas adapta\u00e7\u00f5es, a fim de evitar interrup\u00e7\u00f5es nas opera\u00e7\u00f5es e continuar atendendo aos clientes de maneira eficiente.<\/p>\n\n\n\n<p>Adicionalmente, as empresas podem considerar a automa\u00e7\u00e3o de alguns processos fiscais para otimizar a efici\u00eancia operacional. Solu\u00e7\u00f5es tecnol\u00f3gicas que integrem a emiss\u00e3o de notas fiscais aos sistemas de gest\u00e3o podem reduzir erros, aumentar a agilidade e melhorar a rastreabilidade das opera\u00e7\u00f5es comerciais, proporcionando uma resposta mais r\u00e1pida \u00e0s necessidades dos clientes e \u00e0s exig\u00eancias regulat\u00f3rias.<\/p>\n","protected":false},"excerpt":{"rendered":"<p>Recentemente, o Di\u00e1rio Oficial da Uni\u00e3o publicou o Ajuste SINIEF n\u00ba 11\/2025, que introduz mudan\u00e7as significativas na emiss\u00e3o da Nota Fiscal de Consumidor Eletr\u00f4nica (NFC-e). A partir de 3 de novembro de 2025, a NFC-e s\u00f3 poder\u00e1 ser emitida quando o destinat\u00e1rio for uma pessoa f\u00edsica inscrita no CPF. Isso significa que a emiss\u00e3o desse [&hellip;]<\/p>\n","protected":false},"author":12,"featured_media":44671,"comment_status":"open","ping_status":"open","sticky":false,"template":"","format":"standard","meta":{"jnews-multi-image_gallery":[],"jnews_single_post":{"format":"standard"},"jnews_primary_category":[],"jnews_social_meta":[],"jnews_override_counter":[],"footnotes":""},"categories":[28,1],"tags":[8341,8340,7366,8342],"class_list":["post-44619","post","type-post","status-publish","format-standard","has-post-thumbnail","hentry","category-economia","category-noticias","tag-nf-e","tag-nfc-e","tag-nota-fiscal-eletronica","tag-sinief"],"yoast_head":"<!-- This site is optimized with the Yoast SEO plugin v23.8 - https:\/\/yoast.com\/wordpress\/plugins\/seo\/ -->\n<title>Novas regras para emiss\u00e3o de Nota Fiscal Eletr\u00f4nica entram em vigor em novembro de 2025 - Estado de Minas - Em foco<\/title>\n<meta name=\"description\" content=\"A partir de novembro de 2025, NFC-e ser\u00e1 v\u00e1lida apenas para CPF. Veja como as empresas devem se adaptar \u00e0s novas regras.\" \/>\n<meta name=\"robots\" content=\"index, follow, max-snippet:-1, max-image-preview:large, max-video-preview:-1\" \/>\n<link rel=\"canonical\" href=\"https:\/\/www.em.com.br\/emfoco\/2025\/05\/07\/novas-regras-para-emissao-de-nota-fiscal-eletronica-entram-em-vigor-em-novembro-de-2025\/\" \/>\n<meta property=\"og:locale\" content=\"pt_BR\" \/>\n<meta property=\"og:type\" content=\"article\" \/>\n<meta property=\"og:title\" content=\"Novas regras para emiss\u00e3o de Nota Fiscal Eletr\u00f4nica entram em vigor em novembro de 2025 - Estado de Minas - Em foco\" \/>\n<meta property=\"og:description\" content=\"A partir de novembro de 2025, NFC-e ser\u00e1 v\u00e1lida apenas para CPF. Veja como as empresas devem se adaptar \u00e0s novas regras.\" \/>\n<meta property=\"og:url\" content=\"https:\/\/www.em.com.br\/emfoco\/2025\/05\/07\/novas-regras-para-emissao-de-nota-fiscal-eletronica-entram-em-vigor-em-novembro-de-2025\/\" \/>\n<meta property=\"og:site_name\" content=\"Estado de Minas - Em foco\" \/>\n<meta property=\"article:published_time\" content=\"2025-05-07T19:20:00+00:00\" \/>\n<meta property=\"article:modified_time\" content=\"2025-05-07T15:09:01+00:00\" \/>\n<meta property=\"og:image\" content=\"https:\/\/www.em.com.br\/emfoco\/wp-content\/uploads\/2025\/05\/nota-fiscal_1746465722015.jpg\" \/>\n\t<meta property=\"og:image:width\" content=\"1280\" \/>\n\t<meta property=\"og:image:height\" content=\"720\" \/>\n\t<meta property=\"og:image:type\" content=\"image\/jpeg\" \/>\n<meta name=\"author\" content=\"Keren Ester\" \/>\n<meta name=\"twitter:card\" content=\"summary_large_image\" \/>\n<meta name=\"twitter:label1\" content=\"Escrito por\" \/>\n\t<meta name=\"twitter:data1\" content=\"Keren Ester\" \/>\n\t<meta name=\"twitter:label2\" content=\"Est. tempo de leitura\" \/>\n\t<meta name=\"twitter:data2\" content=\"4 minutos\" \/>\n<!-- \/ Yoast SEO plugin. -->","yoast_head_json":{"title":"Novas regras para emiss\u00e3o de Nota Fiscal Eletr\u00f4nica entram em vigor em novembro de 2025 - Estado de Minas - Em foco","description":"A partir de novembro de 2025, NFC-e ser\u00e1 v\u00e1lida apenas para CPF. Veja como as empresas devem se adaptar \u00e0s novas regras.","robots":{"index":"index","follow":"follow","max-snippet":"max-snippet:-1","max-image-preview":"max-image-preview:large","max-video-preview":"max-video-preview:-1"},"canonical":"https:\/\/www.em.com.br\/emfoco\/2025\/05\/07\/novas-regras-para-emissao-de-nota-fiscal-eletronica-entram-em-vigor-em-novembro-de-2025\/","og_locale":"pt_BR","og_type":"article","og_title":"Novas regras para emiss\u00e3o de Nota Fiscal Eletr\u00f4nica entram em vigor em novembro de 2025 - Estado de Minas - Em foco","og_description":"A partir de novembro de 2025, NFC-e ser\u00e1 v\u00e1lida apenas para CPF. Veja como as empresas devem se adaptar \u00e0s novas regras.","og_url":"https:\/\/www.em.com.br\/emfoco\/2025\/05\/07\/novas-regras-para-emissao-de-nota-fiscal-eletronica-entram-em-vigor-em-novembro-de-2025\/","og_site_name":"Estado de Minas - Em foco","article_published_time":"2025-05-07T19:20:00+00:00","article_modified_time":"2025-05-07T15:09:01+00:00","og_image":[{"width":1280,"height":720,"url":"https:\/\/www.em.com.br\/emfoco\/wp-content\/uploads\/2025\/05\/nota-fiscal_1746465722015.jpg","type":"image\/jpeg"}],"author":"Keren Ester","twitter_card":"summary_large_image","twitter_misc":{"Escrito por":"Keren Ester","Est. tempo de leitura":"4 minutos"},"schema":{"@context":"https:\/\/schema.org","@graph":[{"@type":"WebPage","@id":"https:\/\/www.em.com.br\/emfoco\/2025\/05\/07\/novas-regras-para-emissao-de-nota-fiscal-eletronica-entram-em-vigor-em-novembro-de-2025\/","url":"https:\/\/www.em.com.br\/emfoco\/2025\/05\/07\/novas-regras-para-emissao-de-nota-fiscal-eletronica-entram-em-vigor-em-novembro-de-2025\/","name":"Novas regras para emiss\u00e3o de Nota Fiscal Eletr\u00f4nica entram em vigor em novembro de 2025 - Estado de Minas - Em foco","isPartOf":{"@id":"https:\/\/www.em.com.br\/emfoco\/#website"},"primaryImageOfPage":{"@id":"https:\/\/www.em.com.br\/emfoco\/2025\/05\/07\/novas-regras-para-emissao-de-nota-fiscal-eletronica-entram-em-vigor-em-novembro-de-2025\/#primaryimage"},"image":{"@id":"https:\/\/www.em.com.br\/emfoco\/2025\/05\/07\/novas-regras-para-emissao-de-nota-fiscal-eletronica-entram-em-vigor-em-novembro-de-2025\/#primaryimage"},"thumbnailUrl":"https:\/\/www.em.com.br\/emfoco\/wp-content\/uploads\/2025\/05\/nota-fiscal_1746465722015.jpg","datePublished":"2025-05-07T19:20:00+00:00","dateModified":"2025-05-07T15:09:01+00:00","author":{"@id":"https:\/\/www.em.com.br\/emfoco\/#\/schema\/person\/2e06e19826e476d778787245c8ef334d"},"description":"A partir de novembro de 2025, NFC-e ser\u00e1 v\u00e1lida apenas para CPF. Veja como as empresas devem se adaptar \u00e0s novas regras.","breadcrumb":{"@id":"https:\/\/www.em.com.br\/emfoco\/2025\/05\/07\/novas-regras-para-emissao-de-nota-fiscal-eletronica-entram-em-vigor-em-novembro-de-2025\/#breadcrumb"},"inLanguage":"pt-BR","potentialAction":[{"@type":"ReadAction","target":["https:\/\/www.em.com.br\/emfoco\/2025\/05\/07\/novas-regras-para-emissao-de-nota-fiscal-eletronica-entram-em-vigor-em-novembro-de-2025\/"]}]},{"@type":"ImageObject","inLanguage":"pt-BR","@id":"https:\/\/www.em.com.br\/emfoco\/2025\/05\/07\/novas-regras-para-emissao-de-nota-fiscal-eletronica-entram-em-vigor-em-novembro-de-2025\/#primaryimage","url":"https:\/\/www.em.com.br\/emfoco\/wp-content\/uploads\/2025\/05\/nota-fiscal_1746465722015.jpg","contentUrl":"https:\/\/www.em.com.br\/emfoco\/wp-content\/uploads\/2025\/05\/nota-fiscal_1746465722015.jpg","width":1280,"height":720,"caption":"Documentos, calculadora e dinheiro-Cr\u00e9ditos: depositphotos.com \/ alfexe"},{"@type":"BreadcrumbList","@id":"https:\/\/www.em.com.br\/emfoco\/2025\/05\/07\/novas-regras-para-emissao-de-nota-fiscal-eletronica-entram-em-vigor-em-novembro-de-2025\/#breadcrumb","itemListElement":[{"@type":"ListItem","position":1,"name":"In\u00edcio","item":"https:\/\/www.em.com.br\/emfoco\/"},{"@type":"ListItem","position":2,"name":"Novas regras para emiss\u00e3o de Nota Fiscal Eletr\u00f4nica entram em vigor em novembro de 2025"}]},{"@type":"WebSite","@id":"https:\/\/www.em.com.br\/emfoco\/#website","url":"https:\/\/www.em.com.br\/emfoco\/","name":"Estado de Minas - Em foco","description":"Acompanhe as \u00faltimas not\u00edcias e fique bem informado sobre tudo o que acontece em Minas Gerais, Brasil e no mundo.","potentialAction":[{"@type":"SearchAction","target":{"@type":"EntryPoint","urlTemplate":"https:\/\/www.em.com.br\/emfoco\/?s={search_term_string}"},"query-input":{"@type":"PropertyValueSpecification","valueRequired":true,"valueName":"search_term_string"}}],"inLanguage":"pt-BR"},{"@type":"Person","@id":"https:\/\/www.em.com.br\/emfoco\/#\/schema\/person\/2e06e19826e476d778787245c8ef334d","name":"Keren Ester","image":{"@type":"ImageObject","inLanguage":"pt-BR","@id":"https:\/\/www.em.com.br\/emfoco\/#\/schema\/person\/image\/","url":"https:\/\/secure.gravatar.com\/avatar\/b3d0f2b934f7fab59c611ea63b5cf4b1?s=96&d=mm&r=g","contentUrl":"https:\/\/secure.gravatar.com\/avatar\/b3d0f2b934f7fab59c611ea63b5cf4b1?s=96&d=mm&r=g","caption":"Keren Ester"},"url":"https:\/\/www.em.com.br\/emfoco\/author\/kerenmyth\/"}]}},"_links":{"self":[{"href":"https:\/\/www.em.com.br\/emfoco\/wp-json\/wp\/v2\/posts\/44619","targetHints":{"allow":["GET"]}}],"collection":[{"href":"https:\/\/www.em.com.br\/emfoco\/wp-json\/wp\/v2\/posts"}],"about":[{"href":"https:\/\/www.em.com.br\/emfoco\/wp-json\/wp\/v2\/types\/post"}],"author":[{"embeddable":true,"href":"https:\/\/www.em.com.br\/emfoco\/wp-json\/wp\/v2\/users\/12"}],"replies":[{"embeddable":true,"href":"https:\/\/www.em.com.br\/emfoco\/wp-json\/wp\/v2\/comments?post=44619"}],"version-history":[{"count":3,"href":"https:\/\/www.em.com.br\/emfoco\/wp-json\/wp\/v2\/posts\/44619\/revisions"}],"predecessor-version":[{"id":45267,"href":"https:\/\/www.em.com.br\/emfoco\/wp-json\/wp\/v2\/posts\/44619\/revisions\/45267"}],"wp:featuredmedia":[{"embeddable":true,"href":"https:\/\/www.em.com.br\/emfoco\/wp-json\/wp\/v2\/media\/44671"}],"wp:attachment":[{"href":"https:\/\/www.em.com.br\/emfoco\/wp-json\/wp\/v2\/media?parent=44619"}],"wp:term":[{"taxonomy":"category","embeddable":true,"href":"https:\/\/www.em.com.br\/emfoco\/wp-json\/wp\/v2\/categories?post=44619"},{"taxonomy":"post_tag","embeddable":true,"href":"https:\/\/www.em.com.br\/emfoco\/wp-json\/wp\/v2\/tags?post=44619"}],"curies":[{"name":"wp","href":"https:\/\/api.w.org\/{rel}","templated":true}]}}