{"id":44435,"date":"2025-05-06T08:40:00","date_gmt":"2025-05-06T11:40:00","guid":{"rendered":"https:\/\/www.em.com.br\/emfoco\/?p=44435"},"modified":"2025-05-05T23:17:24","modified_gmt":"2025-05-06T02:17:24","slug":"o-que-muda-com-o-novo-salario-minimo-e-como-isso-impacta-quem-recebe-o-bpc","status":"publish","type":"post","link":"https:\/\/www.em.com.br\/emfoco\/2025\/05\/06\/o-que-muda-com-o-novo-salario-minimo-e-como-isso-impacta-quem-recebe-o-bpc\/","title":{"rendered":"O que muda com o novo sal\u00e1rio m\u00ednimo e como isso impacta quem recebe o BPC"},"content":{"rendered":"\n<p>O reajuste do <a href=\"https:\/\/economia.uol.com.br\/noticias\/redacao\/2025\/05\/05\/valor-do-salario-minimo-de-2025-teve-reajuste-de-75-confira.amp.htm#:~:text=O%20valor%20atualizado%20do%20sal%C3%A1rio,para%20R%24%201.518%2C00.\" target=\"_blank\" rel=\"noreferrer noopener\">sal\u00e1rio m\u00ednimo<\/a> \u00e9 um evento aguardado anualmente no <strong>Brasil<\/strong>, impactando diretamente a vida de milh\u00f5es de trabalhadores e benefici\u00e1rios de programas sociais. Em 2025, o sal\u00e1rio m\u00ednimo foi ajustado para R$ 1.320,00, um aumento que visa acompanhar a infla\u00e7\u00e3o e garantir o poder de compra da popula\u00e7\u00e3o. Este ajuste n\u00e3o apenas afeta os trabalhadores formais, mas tamb\u00e9m tem repercuss\u00f5es significativas para aqueles que dependem de benef\u00edcios sociais, como o <strong>Benef\u00edcio de Presta\u00e7\u00e3o Continuada<\/strong> (BPC).<\/p>\n\n\n\n<p>O BPC \u00e9 um programa assistencial que garante um sal\u00e1rio m\u00ednimo mensal a idosos com 65 anos ou mais e pessoas com defici\u00eancia de qualquer idade, desde que comprovem n\u00e3o possuir meios de prover a pr\u00f3pria manuten\u00e7\u00e3o. Com o aumento do sal\u00e1rio m\u00ednimo, o valor do BPC tamb\u00e9m \u00e9 ajustado, garantindo que os benefici\u00e1rios mantenham seu poder de compra frente ao aumento do custo de vida.<\/p>\n\n\n\n<h2 class=\"wp-block-heading\">Como o aumento do sal\u00e1rio m\u00ednimo afeta o BPC?<\/h2>\n\n\n\n<p>O reajuste do sal\u00e1rio m\u00ednimo tem um impacto direto no valor do BPC, uma vez que este benef\u00edcio \u00e9 calculado com base no sal\u00e1rio m\u00ednimo vigente. Assim, com o novo valor de R$ 1.320,00, os benefici\u00e1rios do BPC passam a receber este montante mensalmente. Este aumento \u00e9 crucial para ajudar a cobrir despesas b\u00e1sicas, como alimenta\u00e7\u00e3o, medicamentos e outras necessidades essenciais.<\/p>\n\n\n\n<p>Al\u00e9m disso, o aumento do sal\u00e1rio m\u00ednimo pode influenciar o crit\u00e9rio de renda familiar per capita para concess\u00e3o do BPC. Atualmente, para ter direito ao benef\u00edcio, a renda familiar per capita deve ser inferior a um quarto do sal\u00e1rio m\u00ednimo. Com o novo valor, este crit\u00e9rio tamb\u00e9m \u00e9 ajustado, potencialmente ampliando o n\u00famero de pessoas eleg\u00edveis para o benef\u00edcio.<\/p>\n\n\n\n<h2 class=\"wp-block-heading\">Quais s\u00e3o os impactos econ\u00f4micos do reajuste?<\/h2>\n\n\n\n<p>O aumento do sal\u00e1rio m\u00ednimo tem um efeito cascata na economia. Por um lado, ele melhora o poder de compra dos trabalhadores e benefici\u00e1rios de programas sociais, estimulando o consumo e, consequentemente, a economia. Por outro lado, o reajuste pode representar um desafio para pequenas e m\u00e9dias empresas, que precisam ajustar suas folhas de pagamento, o que pode impactar a gera\u00e7\u00e3o de empregos.<\/p>\n\n\n\n<p>Al\u00e9m disso, o aumento do sal\u00e1rio m\u00ednimo tamb\u00e9m pode influenciar a infla\u00e7\u00e3o. Com mais dinheiro em circula\u00e7\u00e3o, a demanda por produtos e servi\u00e7os pode aumentar, pressionando os pre\u00e7os. O governo, portanto, precisa equilibrar o reajuste do sal\u00e1rio m\u00ednimo com pol\u00edticas econ\u00f4micas que controlem a infla\u00e7\u00e3o e garantam a estabilidade econ\u00f4mica.<\/p>\n\n\n\n<h2 class=\"wp-block-heading\">Impactos nas finan\u00e7as p\u00fablicas<\/h2>\n\n\n\n<figure class=\"wp-block-image size-large\"><img loading=\"lazy\" decoding=\"async\" width=\"1024\" height=\"576\" src=\"https:\/\/www.em.com.br\/emfoco\/wp-content\/uploads\/2025\/05\/SALARIO-BRASIL_1746451253639-1024x576.jpg\" alt=\"O que muda com o novo sal\u00e1rio m\u00ednimo e como isso impacta quem recebe o BPC\" class=\"wp-image-44470\" srcset=\"https:\/\/www.em.com.br\/emfoco\/wp-content\/uploads\/2025\/05\/SALARIO-BRASIL_1746451253639-1024x576.jpg 1024w, https:\/\/www.em.com.br\/emfoco\/wp-content\/uploads\/2025\/05\/SALARIO-BRASIL_1746451253639-300x169.jpg 300w, https:\/\/www.em.com.br\/emfoco\/wp-content\/uploads\/2025\/05\/SALARIO-BRASIL_1746451253639-768x432.jpg 768w, https:\/\/www.em.com.br\/emfoco\/wp-content\/uploads\/2025\/05\/SALARIO-BRASIL_1746451253639-750x422.jpg 750w, https:\/\/www.em.com.br\/emfoco\/wp-content\/uploads\/2025\/05\/SALARIO-BRASIL_1746451253639-1140x641.jpg 1140w, https:\/\/www.em.com.br\/emfoco\/wp-content\/uploads\/2025\/05\/SALARIO-BRASIL_1746451253639.jpg 1280w\" sizes=\"auto, (max-width: 1024px) 100vw, 1024px\" \/><figcaption class=\"wp-element-caption\">Mulher com dinheiro na m\u00e3o-Cr\u00e9ditos: depositphotos.com \/ verganifotografia<\/figcaption><\/figure>\n\n\n\n<p>O aumento do sal\u00e1rio m\u00ednimo tamb\u00e9m possui implica\u00e7\u00f5es diretas nas finan\u00e7as p\u00fablicas, uma vez que o ajuste afeta o or\u00e7amento do governo. Isso \u00e9 observado principalmente por conta dos gastos com servidores p\u00fablicos e outros benef\u00edcios atrelados ao sal\u00e1rio m\u00ednimo, que passam a exigir mais recursos. A administra\u00e7\u00e3o p\u00fablica precisa, portanto, rever suas prioridades or\u00e7ament\u00e1rias para garantir que esses reajustes n\u00e3o comprometam investimentos em \u00e1reas priorit\u00e1rias, como sa\u00fade e educa\u00e7\u00e3o.<\/p>\n\n\n\n<p>Al\u00e9m disso, o aumento nas despesas pode pressionar o governo a buscar novas fontes de receita ou a implementar medidas de conten\u00e7\u00e3o de gastos em outras \u00e1reas, o que pode gerar discuss\u00f5es significativas na esfera pol\u00edtica sobre a melhor trajet\u00f3ria fiscal para o pa\u00eds. Essas decis\u00f5es s\u00e3o cr\u00edticas para assegurar a continuidade do crescimento econ\u00f4mico e a manuten\u00e7\u00e3o do equil\u00edbrio fiscal.<\/p>\n\n\n\n<h2 class=\"wp-block-heading\">O que esperar do futuro?<\/h2>\n\n\n\n<p>Com o reajuste do sal\u00e1rio m\u00ednimo em 2025, espera-se que os benefici\u00e1rios do <a href=\"https:\/\/www.em.com.br\/emfoco\/2025\/05\/04\/reembolso-do-inss-garante-acesso-ao-bpc-em-todo-o-pais\/\" target=\"_blank\" rel=\"noreferrer noopener\">BPC <\/a>e trabalhadores formais tenham um al\u00edvio financeiro em meio ao aumento do custo de vida. No entanto, \u00e9 fundamental que o governo continue monitorando os impactos econ\u00f4micos e sociais dessas mudan\u00e7as, ajustando pol\u00edticas conforme necess\u00e1rio para garantir que os benef\u00edcios do aumento sejam amplamente sentidos.<\/p>\n\n\n\n<p>Em suma, o novo sal\u00e1rio m\u00ednimo representa um passo importante para a melhoria das condi\u00e7\u00f5es de vida de milh\u00f5es de brasileiros. No entanto, \u00e9 crucial que este aumento seja acompanhado de medidas que assegurem a sustentabilidade econ\u00f4mica e o bem-estar social a longo prazo.<\/p>\n","protected":false},"excerpt":{"rendered":"<p>O reajuste do sal\u00e1rio m\u00ednimo \u00e9 um evento aguardado anualmente no Brasil, impactando diretamente a vida de milh\u00f5es de trabalhadores e benefici\u00e1rios de programas sociais. Em 2025, o sal\u00e1rio m\u00ednimo foi ajustado para R$ 1.320,00, um aumento que visa acompanhar a infla\u00e7\u00e3o e garantir o poder de compra da popula\u00e7\u00e3o. Este ajuste n\u00e3o apenas afeta [&hellip;]<\/p>\n","protected":false},"author":12,"featured_media":44479,"comment_status":"open","ping_status":"open","sticky":false,"template":"","format":"standard","meta":{"jnews-multi-image_gallery":[],"jnews_single_post":{"format":"standard"},"jnews_primary_category":[],"jnews_social_meta":[],"jnews_override_counter":[],"footnotes":""},"categories":[28,1],"tags":[257,1176,8322,717],"class_list":["post-44435","post","type-post","status-publish","format-standard","has-post-thumbnail","hentry","category-economia","category-noticias","tag-bpc","tag-economia-brasileira","tag-implicacoes","tag-salario-minimo"],"yoast_head":"<!-- This site is optimized with the Yoast SEO plugin v23.8 - https:\/\/yoast.com\/wordpress\/plugins\/seo\/ -->\n<title>O que muda com o novo sal\u00e1rio m\u00ednimo e como isso impacta quem recebe o BPC - Estado de Minas - Em foco<\/title>\n<meta name=\"description\" content=\"O aumento do sal\u00e1rio m\u00ednimo traz mudan\u00e7as no BPC, no consumo e no or\u00e7amento do governo. Veja o que esperar para 2025.\" \/>\n<meta name=\"robots\" content=\"index, follow, max-snippet:-1, max-image-preview:large, max-video-preview:-1\" \/>\n<link rel=\"canonical\" href=\"https:\/\/www.em.com.br\/emfoco\/2025\/05\/06\/o-que-muda-com-o-novo-salario-minimo-e-como-isso-impacta-quem-recebe-o-bpc\/\" \/>\n<meta property=\"og:locale\" content=\"pt_BR\" \/>\n<meta property=\"og:type\" content=\"article\" \/>\n<meta property=\"og:title\" content=\"O que muda com o novo sal\u00e1rio m\u00ednimo e como isso impacta quem recebe o BPC - Estado de Minas - Em foco\" \/>\n<meta property=\"og:description\" content=\"O aumento do sal\u00e1rio m\u00ednimo traz mudan\u00e7as no BPC, no consumo e no or\u00e7amento do governo. Veja o que esperar para 2025.\" \/>\n<meta property=\"og:url\" content=\"https:\/\/www.em.com.br\/emfoco\/2025\/05\/06\/o-que-muda-com-o-novo-salario-minimo-e-como-isso-impacta-quem-recebe-o-bpc\/\" \/>\n<meta property=\"og:site_name\" content=\"Estado de Minas - Em foco\" \/>\n<meta property=\"article:published_time\" content=\"2025-05-06T11:40:00+00:00\" \/>\n<meta property=\"article:modified_time\" content=\"2025-05-06T02:17:24+00:00\" \/>\n<meta property=\"og:image\" content=\"https:\/\/www.em.com.br\/emfoco\/wp-content\/uploads\/2025\/05\/dinheiro-cadeirante_1746451813924.jpg\" \/>\n\t<meta property=\"og:image:width\" content=\"1280\" \/>\n\t<meta property=\"og:image:height\" content=\"720\" \/>\n\t<meta property=\"og:image:type\" content=\"image\/jpeg\" \/>\n<meta name=\"author\" content=\"Keren Ester\" \/>\n<meta name=\"twitter:card\" content=\"summary_large_image\" \/>\n<meta name=\"twitter:label1\" content=\"Escrito por\" \/>\n\t<meta name=\"twitter:data1\" content=\"Keren Ester\" \/>\n\t<meta name=\"twitter:label2\" content=\"Est. tempo de leitura\" \/>\n\t<meta name=\"twitter:data2\" content=\"4 minutos\" \/>\n<!-- \/ Yoast SEO plugin. -->","yoast_head_json":{"title":"O que muda com o novo sal\u00e1rio m\u00ednimo e como isso impacta quem recebe o BPC - Estado de Minas - Em foco","description":"O aumento do sal\u00e1rio m\u00ednimo traz mudan\u00e7as no BPC, no consumo e no or\u00e7amento do governo. Veja o que esperar para 2025.","robots":{"index":"index","follow":"follow","max-snippet":"max-snippet:-1","max-image-preview":"max-image-preview:large","max-video-preview":"max-video-preview:-1"},"canonical":"https:\/\/www.em.com.br\/emfoco\/2025\/05\/06\/o-que-muda-com-o-novo-salario-minimo-e-como-isso-impacta-quem-recebe-o-bpc\/","og_locale":"pt_BR","og_type":"article","og_title":"O que muda com o novo sal\u00e1rio m\u00ednimo e como isso impacta quem recebe o BPC - Estado de Minas - Em foco","og_description":"O aumento do sal\u00e1rio m\u00ednimo traz mudan\u00e7as no BPC, no consumo e no or\u00e7amento do governo. Veja o que esperar para 2025.","og_url":"https:\/\/www.em.com.br\/emfoco\/2025\/05\/06\/o-que-muda-com-o-novo-salario-minimo-e-como-isso-impacta-quem-recebe-o-bpc\/","og_site_name":"Estado de Minas - Em foco","article_published_time":"2025-05-06T11:40:00+00:00","article_modified_time":"2025-05-06T02:17:24+00:00","og_image":[{"width":1280,"height":720,"url":"https:\/\/www.em.com.br\/emfoco\/wp-content\/uploads\/2025\/05\/dinheiro-cadeirante_1746451813924.jpg","type":"image\/jpeg"}],"author":"Keren Ester","twitter_card":"summary_large_image","twitter_misc":{"Escrito por":"Keren Ester","Est. tempo de leitura":"4 minutos"},"schema":{"@context":"https:\/\/schema.org","@graph":[{"@type":"WebPage","@id":"https:\/\/www.em.com.br\/emfoco\/2025\/05\/06\/o-que-muda-com-o-novo-salario-minimo-e-como-isso-impacta-quem-recebe-o-bpc\/","url":"https:\/\/www.em.com.br\/emfoco\/2025\/05\/06\/o-que-muda-com-o-novo-salario-minimo-e-como-isso-impacta-quem-recebe-o-bpc\/","name":"O que muda com o novo sal\u00e1rio m\u00ednimo e como isso impacta quem recebe o BPC - Estado de Minas - Em foco","isPartOf":{"@id":"https:\/\/www.em.com.br\/emfoco\/#website"},"primaryImageOfPage":{"@id":"https:\/\/www.em.com.br\/emfoco\/2025\/05\/06\/o-que-muda-com-o-novo-salario-minimo-e-como-isso-impacta-quem-recebe-o-bpc\/#primaryimage"},"image":{"@id":"https:\/\/www.em.com.br\/emfoco\/2025\/05\/06\/o-que-muda-com-o-novo-salario-minimo-e-como-isso-impacta-quem-recebe-o-bpc\/#primaryimage"},"thumbnailUrl":"https:\/\/www.em.com.br\/emfoco\/wp-content\/uploads\/2025\/05\/dinheiro-cadeirante_1746451813924.jpg","datePublished":"2025-05-06T11:40:00+00:00","dateModified":"2025-05-06T02:17:24+00:00","author":{"@id":"https:\/\/www.em.com.br\/emfoco\/#\/schema\/person\/2e06e19826e476d778787245c8ef334d"},"description":"O aumento do sal\u00e1rio m\u00ednimo traz mudan\u00e7as no BPC, no consumo e no or\u00e7amento do governo. Veja o que esperar para 2025.","breadcrumb":{"@id":"https:\/\/www.em.com.br\/emfoco\/2025\/05\/06\/o-que-muda-com-o-novo-salario-minimo-e-como-isso-impacta-quem-recebe-o-bpc\/#breadcrumb"},"inLanguage":"pt-BR","potentialAction":[{"@type":"ReadAction","target":["https:\/\/www.em.com.br\/emfoco\/2025\/05\/06\/o-que-muda-com-o-novo-salario-minimo-e-como-isso-impacta-quem-recebe-o-bpc\/"]}]},{"@type":"ImageObject","inLanguage":"pt-BR","@id":"https:\/\/www.em.com.br\/emfoco\/2025\/05\/06\/o-que-muda-com-o-novo-salario-minimo-e-como-isso-impacta-quem-recebe-o-bpc\/#primaryimage","url":"https:\/\/www.em.com.br\/emfoco\/wp-content\/uploads\/2025\/05\/dinheiro-cadeirante_1746451813924.jpg","contentUrl":"https:\/\/www.em.com.br\/emfoco\/wp-content\/uploads\/2025\/05\/dinheiro-cadeirante_1746451813924.jpg","width":1280,"height":720,"caption":"Mulher com defici\u00eancia revisando documentos-Cr\u00e9ditos: depositphotos.com \/ HayDmitriy"},{"@type":"BreadcrumbList","@id":"https:\/\/www.em.com.br\/emfoco\/2025\/05\/06\/o-que-muda-com-o-novo-salario-minimo-e-como-isso-impacta-quem-recebe-o-bpc\/#breadcrumb","itemListElement":[{"@type":"ListItem","position":1,"name":"In\u00edcio","item":"https:\/\/www.em.com.br\/emfoco\/"},{"@type":"ListItem","position":2,"name":"O que muda com o novo sal\u00e1rio m\u00ednimo e como isso impacta quem recebe o BPC"}]},{"@type":"WebSite","@id":"https:\/\/www.em.com.br\/emfoco\/#website","url":"https:\/\/www.em.com.br\/emfoco\/","name":"Estado de Minas - Em foco","description":"Acompanhe as \u00faltimas not\u00edcias e fique bem informado sobre tudo o que acontece em Minas Gerais, Brasil e no mundo.","potentialAction":[{"@type":"SearchAction","target":{"@type":"EntryPoint","urlTemplate":"https:\/\/www.em.com.br\/emfoco\/?s={search_term_string}"},"query-input":{"@type":"PropertyValueSpecification","valueRequired":true,"valueName":"search_term_string"}}],"inLanguage":"pt-BR"},{"@type":"Person","@id":"https:\/\/www.em.com.br\/emfoco\/#\/schema\/person\/2e06e19826e476d778787245c8ef334d","name":"Keren Ester","image":{"@type":"ImageObject","inLanguage":"pt-BR","@id":"https:\/\/www.em.com.br\/emfoco\/#\/schema\/person\/image\/","url":"https:\/\/secure.gravatar.com\/avatar\/b3d0f2b934f7fab59c611ea63b5cf4b1?s=96&d=mm&r=g","contentUrl":"https:\/\/secure.gravatar.com\/avatar\/b3d0f2b934f7fab59c611ea63b5cf4b1?s=96&d=mm&r=g","caption":"Keren Ester"},"url":"https:\/\/www.em.com.br\/emfoco\/author\/kerenmyth\/"}]}},"_links":{"self":[{"href":"https:\/\/www.em.com.br\/emfoco\/wp-json\/wp\/v2\/posts\/44435","targetHints":{"allow":["GET"]}}],"collection":[{"href":"https:\/\/www.em.com.br\/emfoco\/wp-json\/wp\/v2\/posts"}],"about":[{"href":"https:\/\/www.em.com.br\/emfoco\/wp-json\/wp\/v2\/types\/post"}],"author":[{"embeddable":true,"href":"https:\/\/www.em.com.br\/emfoco\/wp-json\/wp\/v2\/users\/12"}],"replies":[{"embeddable":true,"href":"https:\/\/www.em.com.br\/emfoco\/wp-json\/wp\/v2\/comments?post=44435"}],"version-history":[{"count":3,"href":"https:\/\/www.em.com.br\/emfoco\/wp-json\/wp\/v2\/posts\/44435\/revisions"}],"predecessor-version":[{"id":44766,"href":"https:\/\/www.em.com.br\/emfoco\/wp-json\/wp\/v2\/posts\/44435\/revisions\/44766"}],"wp:featuredmedia":[{"embeddable":true,"href":"https:\/\/www.em.com.br\/emfoco\/wp-json\/wp\/v2\/media\/44479"}],"wp:attachment":[{"href":"https:\/\/www.em.com.br\/emfoco\/wp-json\/wp\/v2\/media?parent=44435"}],"wp:term":[{"taxonomy":"category","embeddable":true,"href":"https:\/\/www.em.com.br\/emfoco\/wp-json\/wp\/v2\/categories?post=44435"},{"taxonomy":"post_tag","embeddable":true,"href":"https:\/\/www.em.com.br\/emfoco\/wp-json\/wp\/v2\/tags?post=44435"}],"curies":[{"name":"wp","href":"https:\/\/api.w.org\/{rel}","templated":true}]}}