{"id":44073,"date":"2025-05-04T10:00:35","date_gmt":"2025-05-04T13:00:35","guid":{"rendered":"https:\/\/www.em.com.br\/emfoco\/?p=44073"},"modified":"2025-05-04T10:00:36","modified_gmt":"2025-05-04T13:00:36","slug":"nova-lei-aperta-o-cerco-para-modificacoes-em-carros-entenda-o-que-muda","status":"publish","type":"post","link":"https:\/\/www.em.com.br\/emfoco\/2025\/05\/04\/nova-lei-aperta-o-cerco-para-modificacoes-em-carros-entenda-o-que-muda\/","title":{"rendered":"Nova lei aperta o cerco para modifica\u00e7\u00f5es em carros; entenda o que muda"},"content":{"rendered":"\n<p>E mais: <strong>n\u00e3o apenas motoristas<\/strong>, mas qualquer pessoa que <strong>adquirir, transportar ou usar<\/strong> carros adulterados pode ser responsabilizada. A medida busca atingir toda a cadeia criminosa envolvida, incluindo <strong>ve\u00edculos como reboques e semirreboques<\/strong>.<\/p>\n\n\n\n<h2 class=\"wp-block-heading\">O que muda na puni\u00e7\u00e3o por placa irregular<\/h2>\n\n\n\n<p>A nova lei tamb\u00e9m impacta diretamente o C\u00f3digo de Tr\u00e2nsito Brasileiro (CTB). <strong>Conduzir ve\u00edculo sem placa \u00e9 infra\u00e7\u00e3o grav\u00edssima<\/strong>, com multa de R$ 293,47 e sete pontos na CNH. Al\u00e9m disso, o ve\u00edculo pode ser apreendido.<\/p>\n\n\n\n<p>Fraudes simples, como o uso de <strong>fita isolante para alterar letras ou n\u00fameros<\/strong>, agora podem custar caro. O objetivo do endurecimento \u00e9 <strong>inibir pr\u00e1ticas comuns entre criminosos<\/strong> e dificultar a\u00e7\u00f5es que mascaram roubos, clonagens ou transporte ilegal.<\/p>\n\n\n\n<h2 class=\"wp-block-heading\">Placas Mercosul dividem opini\u00f5es sobre seguran\u00e7a<\/h2>\n\n\n\n<p>Com a chegada do padr\u00e3o Mercosul, surgiram novas d\u00favidas. Apesar de trazerem QR Code e chip de rastreamento, <strong>as placas n\u00e3o possuem lacres de fixa\u00e7\u00e3o<\/strong>, o que pode facilitar a retirada indevida.<\/p>\n\n\n\n<p>Outro problema \u00e9 a <strong>pel\u00edcula reflexiva de baixa durabilidade<\/strong>, que pode se deteriorar rapidamente, prejudicando a leitura por c\u00e2meras de monitoramento. Especialistas como Danilo Costa, do Instituto Brasileiro de Direito de Tr\u00e2nsito, alertam que esses fatores <strong>reduzem a efic\u00e1cia da fiscaliza\u00e7\u00e3o e favorecem adultera\u00e7\u00f5es<\/strong>.<\/p>\n\n\n\n<h2 class=\"wp-block-heading\">Nova lei busca cortar o lucro do crime<\/h2>\n\n\n\n<p>Ao punir n\u00e3o apenas quem adulterou, mas tamb\u00e9m quem <strong>possui ou utiliza carros com identifica\u00e7\u00e3o irregular<\/strong>, a nova legisla\u00e7\u00e3o fecha o cerco contra quadrilhas especializadas.<\/p>\n\n\n\n<p>A medida visa enfraquecer o <strong>mercado negro de ve\u00edculos e pe\u00e7as roubadas<\/strong>, ampliando o risco legal para todos os envolvidos. \u00c9 uma tentativa de desestimular o uso de carros clonados em atividades il\u00edcitas, como assaltos, tr\u00e1fico ou transporte de cargas roubadas.<\/p>\n\n\n\n<h2 class=\"wp-block-heading\">Futuro da fiscaliza\u00e7\u00e3o exige tecnologia e revis\u00e3o<\/h2>\n\n\n\n<p>Apesar do avan\u00e7o, o pa\u00eds ainda enfrenta <strong>desafios na fiscaliza\u00e7\u00e3o e adapta\u00e7\u00e3o tecnol\u00f3gica<\/strong>. Sistemas antigos e falta de padroniza\u00e7\u00e3o entre os estados dificultam a aplica\u00e7\u00e3o plena da nova lei.<\/p>\n\n\n\n<p>Espera-se que nos pr\u00f3ximos anos haja <strong>revis\u00e3o do modelo de placa<\/strong>, melhoria nos materiais utilizados e <strong>investimentos em tecnologia de leitura autom\u00e1tica<\/strong>. Afinal, <strong>a legisla\u00e7\u00e3o s\u00f3 funciona se for aplicada com rigor e efici\u00eancia<\/strong>.<\/p>\n\n\n\n<p>A adultera\u00e7\u00e3o de placas e chassis de ve\u00edculos agora \u00e9 crime com puni\u00e7\u00e3o severa. A Lei n\u00ba 14.562, sancionada em 2023, alterou o C\u00f3digo Penal e refor\u00e7ou o combate a fraudes no setor automotivo. A nova regra prev\u00ea <strong>pena de at\u00e9 seis anos de pris\u00e3o<\/strong>, al\u00e9m de multa, para quem for flagrado com ve\u00edculos com identifica\u00e7\u00e3o adulterada, raspada ou removida.<\/p>\n\n\n\n<p>E mais: <strong>n\u00e3o apenas motoristas<\/strong>, mas qualquer pessoa que <strong>adquirir, transportar ou usar<\/strong> ve\u00edculos adulterados pode ser responsabilizada. A medida busca atingir toda a cadeia criminosa envolvida, incluindo <strong>ve\u00edculos como reboques e semirreboques<\/strong>.<\/p>\n\n\n\n<figure class=\"wp-block-image\"><img decoding=\"async\" src=\"https:\/\/www.em.com.br\/emfoco\/wp-content\/uploads\/2025\/03\/multa_1741284933630-1024x576.jpg\" alt=\"\"\/><figcaption class=\"wp-element-caption\">Policiais aplicando multa &#8211; Cr\u00e9ditos: depositphotos.com \/ tonodiaz<\/figcaption><\/figure>\n\n\n\n<h2 class=\"wp-block-heading\">O que muda na puni\u00e7\u00e3o por placa irregular<\/h2>\n\n\n\n<p>A nova lei tamb\u00e9m impacta diretamente o C\u00f3digo de Tr\u00e2nsito Brasileiro (CTB). <strong>Conduzir ve\u00edculo sem placa \u00e9 infra\u00e7\u00e3o grav\u00edssima<\/strong>, com multa de R$ 293,47 e sete pontos na CNH. Al\u00e9m disso, o ve\u00edculo pode ser apreendido.<\/p>\n\n\n\n<p>Fraudes simples, como o uso de <strong>fita isolante para alterar letras ou n\u00fameros<\/strong>, agora podem custar caro. O objetivo do endurecimento \u00e9 <strong>inibir pr\u00e1ticas comuns entre criminosos<\/strong> e dificultar a\u00e7\u00f5es que mascaram roubos, clonagens ou transporte ilegal.<\/p>\n\n\n\n<h2 class=\"wp-block-heading\">Placas Mercosul dividem opini\u00f5es sobre seguran\u00e7a<\/h2>\n\n\n\n<p>Com a chegada do padr\u00e3o Mercosul, surgiram novas d\u00favidas. Apesar de trazerem QR Code e chip de rastreamento, <strong>as placas n\u00e3o possuem lacres de fixa\u00e7\u00e3o<\/strong>, o que pode facilitar a retirada indevida.<\/p>\n\n\n\n<p>Outro problema \u00e9 a <strong>pel\u00edcula reflexiva de baixa durabilidade<\/strong>, que pode se deteriorar rapidamente, prejudicando a leitura por c\u00e2meras de monitoramento. Especialistas como Danilo Costa, do Instituto Brasileiro de Direito de Tr\u00e2nsito, alertam que esses fatores <strong>reduzem a efic\u00e1cia da fiscaliza\u00e7\u00e3o e favorecem adultera\u00e7\u00f5es<\/strong>.<\/p>\n\n\n\n<h2 class=\"wp-block-heading\">Nova lei busca cortar o lucro do crime<\/h2>\n\n\n\n<p>Ao punir n\u00e3o apenas quem adulterou, mas tamb\u00e9m quem <strong>possui ou utiliza ve\u00edculos com identifica\u00e7\u00e3o irregular<\/strong>, a nova legisla\u00e7\u00e3o fecha o cerco contra quadrilhas especializadas.<\/p>\n\n\n\n<p>A medida visa enfraquecer o <strong>mercado negro de ve\u00edculos e pe\u00e7as roubadas<\/strong>, ampliando o risco legal para todos os envolvidos. \u00c9 uma tentativa de desestimular o uso de carros clonados em atividades il\u00edcitas, como assaltos, tr\u00e1fico ou transporte de cargas roubadas.<\/p>\n\n\n\n<h2 class=\"wp-block-heading\">Futuro da fiscaliza\u00e7\u00e3o exige tecnologia e revis\u00e3o<\/h2>\n\n\n\n<p>Apesar do avan\u00e7o, o pa\u00eds ainda enfrenta <strong>desafios na fiscaliza\u00e7\u00e3o e adapta\u00e7\u00e3o tecnol\u00f3gica<\/strong>. Sistemas antigos e falta de padroniza\u00e7\u00e3o entre os estados dificultam a aplica\u00e7\u00e3o plena da nova lei.<\/p>\n\n\n\n<p>Espera-se que nos pr\u00f3ximos anos haja <strong>revis\u00e3o do modelo de placa<\/strong>, melhoria nos materiais utilizados e <strong>investimentos em tecnologia de leitura autom\u00e1tica<\/strong>. Afinal, <strong>a legisla\u00e7\u00e3o s\u00f3 funciona se for aplicada com rigor e efici\u00eancia<\/strong>.<\/p>\n","protected":false},"excerpt":{"rendered":"<p>E mais: n\u00e3o apenas motoristas, mas qualquer pessoa que adquirir, transportar ou usar carros adulterados pode ser responsabilizada. A medida busca atingir toda a cadeia criminosa envolvida, incluindo ve\u00edculos como reboques e semirreboques. O que muda na puni\u00e7\u00e3o por placa irregular A nova lei tamb\u00e9m impacta diretamente o C\u00f3digo de Tr\u00e2nsito Brasileiro (CTB). Conduzir ve\u00edculo [&hellip;]<\/p>\n","protected":false},"author":11,"featured_media":25837,"comment_status":"open","ping_status":"open","sticky":false,"template":"","format":"standard","meta":{"jnews-multi-image_gallery":[],"jnews_single_post":{"format":"standard"},"jnews_primary_category":[],"jnews_social_meta":[],"jnews_override_counter":[],"footnotes":""},"categories":[138,1],"tags":[818,1116,7565],"class_list":["post-44073","post","type-post","status-publish","format-standard","has-post-thumbnail","hentry","category-mundo","category-noticias","tag-carro","tag-carros","tag-leis-de-transito"],"yoast_head":"<!-- This site is optimized with the Yoast SEO plugin v23.8 - https:\/\/yoast.com\/wordpress\/plugins\/seo\/ -->\n<title>Nova lei aperta o cerco para modifica\u00e7\u00f5es em carros; entenda o que muda - Estado de Minas - Em foco<\/title>\n<meta name=\"description\" content=\"Nova lei pune e aperta ainda mais motoristas que realizam modifica\u00e7\u00f5es em seus carros. Veja o que muda e o impacto.\" \/>\n<meta name=\"robots\" content=\"index, follow, max-snippet:-1, max-image-preview:large, max-video-preview:-1\" \/>\n<link rel=\"canonical\" href=\"https:\/\/www.em.com.br\/emfoco\/2025\/05\/04\/nova-lei-aperta-o-cerco-para-modificacoes-em-carros-entenda-o-que-muda\/\" \/>\n<meta property=\"og:locale\" content=\"pt_BR\" \/>\n<meta property=\"og:type\" content=\"article\" \/>\n<meta property=\"og:title\" content=\"Nova lei aperta o cerco para modifica\u00e7\u00f5es em carros; entenda o que muda - Estado de Minas - Em foco\" \/>\n<meta property=\"og:description\" content=\"Nova lei pune e aperta ainda mais motoristas que realizam modifica\u00e7\u00f5es em seus carros. Veja o que muda e o impacto.\" \/>\n<meta property=\"og:url\" content=\"https:\/\/www.em.com.br\/emfoco\/2025\/05\/04\/nova-lei-aperta-o-cerco-para-modificacoes-em-carros-entenda-o-que-muda\/\" \/>\n<meta property=\"og:site_name\" content=\"Estado de Minas - Em foco\" \/>\n<meta property=\"article:published_time\" content=\"2025-05-04T13:00:35+00:00\" \/>\n<meta property=\"article:modified_time\" content=\"2025-05-04T13:00:36+00:00\" \/>\n<meta property=\"og:image\" content=\"https:\/\/www.em.com.br\/emfoco\/wp-content\/uploads\/2025\/03\/multa_1741284903511.jpg\" \/>\n\t<meta property=\"og:image:width\" content=\"1280\" \/>\n\t<meta property=\"og:image:height\" content=\"720\" \/>\n\t<meta property=\"og:image:type\" content=\"image\/jpeg\" \/>\n<meta name=\"author\" content=\"Andre\u0301 Rangel\u00a0\" \/>\n<meta name=\"twitter:card\" content=\"summary_large_image\" \/>\n<meta name=\"twitter:label1\" content=\"Escrito por\" \/>\n\t<meta name=\"twitter:data1\" content=\"Andre\u0301 Rangel\u00a0\" \/>\n\t<meta name=\"twitter:label2\" content=\"Est. tempo de leitura\" \/>\n\t<meta name=\"twitter:data2\" content=\"5 minutos\" \/>\n<!-- \/ Yoast SEO plugin. -->","yoast_head_json":{"title":"Nova lei aperta o cerco para modifica\u00e7\u00f5es em carros; entenda o que muda - Estado de Minas - Em foco","description":"Nova lei pune e aperta ainda mais motoristas que realizam modifica\u00e7\u00f5es em seus carros. Veja o que muda e o impacto.","robots":{"index":"index","follow":"follow","max-snippet":"max-snippet:-1","max-image-preview":"max-image-preview:large","max-video-preview":"max-video-preview:-1"},"canonical":"https:\/\/www.em.com.br\/emfoco\/2025\/05\/04\/nova-lei-aperta-o-cerco-para-modificacoes-em-carros-entenda-o-que-muda\/","og_locale":"pt_BR","og_type":"article","og_title":"Nova lei aperta o cerco para modifica\u00e7\u00f5es em carros; entenda o que muda - Estado de Minas - Em foco","og_description":"Nova lei pune e aperta ainda mais motoristas que realizam modifica\u00e7\u00f5es em seus carros. Veja o que muda e o impacto.","og_url":"https:\/\/www.em.com.br\/emfoco\/2025\/05\/04\/nova-lei-aperta-o-cerco-para-modificacoes-em-carros-entenda-o-que-muda\/","og_site_name":"Estado de Minas - Em foco","article_published_time":"2025-05-04T13:00:35+00:00","article_modified_time":"2025-05-04T13:00:36+00:00","og_image":[{"width":1280,"height":720,"url":"https:\/\/www.em.com.br\/emfoco\/wp-content\/uploads\/2025\/03\/multa_1741284903511.jpg","type":"image\/jpeg"}],"author":"Andre\u0301 Rangel\u00a0","twitter_card":"summary_large_image","twitter_misc":{"Escrito por":"Andre\u0301 Rangel\u00a0","Est. tempo de leitura":"5 minutos"},"schema":{"@context":"https:\/\/schema.org","@graph":[{"@type":"WebPage","@id":"https:\/\/www.em.com.br\/emfoco\/2025\/05\/04\/nova-lei-aperta-o-cerco-para-modificacoes-em-carros-entenda-o-que-muda\/","url":"https:\/\/www.em.com.br\/emfoco\/2025\/05\/04\/nova-lei-aperta-o-cerco-para-modificacoes-em-carros-entenda-o-que-muda\/","name":"Nova lei aperta o cerco para modifica\u00e7\u00f5es em carros; entenda o que muda - Estado de Minas - Em foco","isPartOf":{"@id":"https:\/\/www.em.com.br\/emfoco\/#website"},"primaryImageOfPage":{"@id":"https:\/\/www.em.com.br\/emfoco\/2025\/05\/04\/nova-lei-aperta-o-cerco-para-modificacoes-em-carros-entenda-o-que-muda\/#primaryimage"},"image":{"@id":"https:\/\/www.em.com.br\/emfoco\/2025\/05\/04\/nova-lei-aperta-o-cerco-para-modificacoes-em-carros-entenda-o-que-muda\/#primaryimage"},"thumbnailUrl":"https:\/\/www.em.com.br\/emfoco\/wp-content\/uploads\/2025\/03\/multa_1741284903511.jpg","datePublished":"2025-05-04T13:00:35+00:00","dateModified":"2025-05-04T13:00:36+00:00","author":{"@id":"https:\/\/www.em.com.br\/emfoco\/#\/schema\/person\/60eda09c1fedf0d6891f4cef4b60b8b8"},"description":"Nova lei pune e aperta ainda mais motoristas que realizam modifica\u00e7\u00f5es em seus carros. Veja o que muda e o impacto.","breadcrumb":{"@id":"https:\/\/www.em.com.br\/emfoco\/2025\/05\/04\/nova-lei-aperta-o-cerco-para-modificacoes-em-carros-entenda-o-que-muda\/#breadcrumb"},"inLanguage":"pt-BR","potentialAction":[{"@type":"ReadAction","target":["https:\/\/www.em.com.br\/emfoco\/2025\/05\/04\/nova-lei-aperta-o-cerco-para-modificacoes-em-carros-entenda-o-que-muda\/"]}]},{"@type":"ImageObject","inLanguage":"pt-BR","@id":"https:\/\/www.em.com.br\/emfoco\/2025\/05\/04\/nova-lei-aperta-o-cerco-para-modificacoes-em-carros-entenda-o-que-muda\/#primaryimage","url":"https:\/\/www.em.com.br\/emfoco\/wp-content\/uploads\/2025\/03\/multa_1741284903511.jpg","contentUrl":"https:\/\/www.em.com.br\/emfoco\/wp-content\/uploads\/2025\/03\/multa_1741284903511.jpg","width":1280,"height":720,"caption":"Alerta urgente sobre extintor surpreende motoristas - Cr\u00e9ditos: depositphotos.com \/ Kzenon"},{"@type":"BreadcrumbList","@id":"https:\/\/www.em.com.br\/emfoco\/2025\/05\/04\/nova-lei-aperta-o-cerco-para-modificacoes-em-carros-entenda-o-que-muda\/#breadcrumb","itemListElement":[{"@type":"ListItem","position":1,"name":"In\u00edcio","item":"https:\/\/www.em.com.br\/emfoco\/"},{"@type":"ListItem","position":2,"name":"Nova lei aperta o cerco para modifica\u00e7\u00f5es em carros; entenda o que muda"}]},{"@type":"WebSite","@id":"https:\/\/www.em.com.br\/emfoco\/#website","url":"https:\/\/www.em.com.br\/emfoco\/","name":"Estado de Minas - Em foco","description":"Acompanhe as \u00faltimas not\u00edcias e fique bem informado sobre tudo o que acontece em Minas Gerais, Brasil e no mundo.","potentialAction":[{"@type":"SearchAction","target":{"@type":"EntryPoint","urlTemplate":"https:\/\/www.em.com.br\/emfoco\/?s={search_term_string}"},"query-input":{"@type":"PropertyValueSpecification","valueRequired":true,"valueName":"search_term_string"}}],"inLanguage":"pt-BR"},{"@type":"Person","@id":"https:\/\/www.em.com.br\/emfoco\/#\/schema\/person\/60eda09c1fedf0d6891f4cef4b60b8b8","name":"Andre\u0301 Rangel\u00a0","image":{"@type":"ImageObject","inLanguage":"pt-BR","@id":"https:\/\/www.em.com.br\/emfoco\/#\/schema\/person\/image\/","url":"https:\/\/secure.gravatar.com\/avatar\/6234dc814c77c8ef6d8bba622c787efc?s=96&d=mm&r=g","contentUrl":"https:\/\/secure.gravatar.com\/avatar\/6234dc814c77c8ef6d8bba622c787efc?s=96&d=mm&r=g","caption":"Andre\u0301 Rangel\u00a0"},"url":"https:\/\/www.em.com.br\/emfoco\/author\/luizmyth\/"}]}},"_links":{"self":[{"href":"https:\/\/www.em.com.br\/emfoco\/wp-json\/wp\/v2\/posts\/44073","targetHints":{"allow":["GET"]}}],"collection":[{"href":"https:\/\/www.em.com.br\/emfoco\/wp-json\/wp\/v2\/posts"}],"about":[{"href":"https:\/\/www.em.com.br\/emfoco\/wp-json\/wp\/v2\/types\/post"}],"author":[{"embeddable":true,"href":"https:\/\/www.em.com.br\/emfoco\/wp-json\/wp\/v2\/users\/11"}],"replies":[{"embeddable":true,"href":"https:\/\/www.em.com.br\/emfoco\/wp-json\/wp\/v2\/comments?post=44073"}],"version-history":[{"count":3,"href":"https:\/\/www.em.com.br\/emfoco\/wp-json\/wp\/v2\/posts\/44073\/revisions"}],"predecessor-version":[{"id":44102,"href":"https:\/\/www.em.com.br\/emfoco\/wp-json\/wp\/v2\/posts\/44073\/revisions\/44102"}],"wp:featuredmedia":[{"embeddable":true,"href":"https:\/\/www.em.com.br\/emfoco\/wp-json\/wp\/v2\/media\/25837"}],"wp:attachment":[{"href":"https:\/\/www.em.com.br\/emfoco\/wp-json\/wp\/v2\/media?parent=44073"}],"wp:term":[{"taxonomy":"category","embeddable":true,"href":"https:\/\/www.em.com.br\/emfoco\/wp-json\/wp\/v2\/categories?post=44073"},{"taxonomy":"post_tag","embeddable":true,"href":"https:\/\/www.em.com.br\/emfoco\/wp-json\/wp\/v2\/tags?post=44073"}],"curies":[{"name":"wp","href":"https:\/\/api.w.org\/{rel}","templated":true}]}}