{"id":44018,"date":"2025-05-04T20:20:00","date_gmt":"2025-05-04T23:20:00","guid":{"rendered":"https:\/\/www.em.com.br\/emfoco\/?p=44018"},"modified":"2025-05-03T18:01:04","modified_gmt":"2025-05-03T21:01:04","slug":"inss-libera-2a-parcela-do-13o-salario-com-novo-calendario-oficial","status":"publish","type":"post","link":"https:\/\/www.em.com.br\/emfoco\/2025\/05\/04\/inss-libera-2a-parcela-do-13o-salario-com-novo-calendario-oficial\/","title":{"rendered":"INSS libera 2\u00aa parcela do 13\u00ba sal\u00e1rio com novo calend\u00e1rio oficial"},"content":{"rendered":"\n<p>Aten\u00e7\u00e3o, aposentados e pensionistas: o <strong><a href=\"https:\/\/www.bbc.com\/portuguese\/articles\/c74nkg9llyxo\" target=\"_blank\" rel=\"noreferrer noopener\">INSS <\/a><\/strong>inicia o pagamento da segunda parcela do<strong> <a href=\"https:\/\/www.em.com.br\/emfoco\/2025\/04\/24\/inss-comeca-hoje-24-o-pagamento-da-1a-parcela-do-13o-salario-veja-como-sacar\/\" target=\"_blank\" rel=\"noreferrer noopener\">13\u00ba sal\u00e1rio<\/a> <\/strong>no dia 26 de maio de 2025. O valor ser\u00e1 depositado seguindo o calend\u00e1rio habitual de benef\u00edcios, e todos os repasses estar\u00e3o conclu\u00eddos at\u00e9 6 de junho. A medida injeta bilh\u00f5es na economia e representa al\u00edvio no bolso de milh\u00f5es de brasileiros.<\/p>\n\n\n\n<p>O pagamento \u00e9 escalonado conforme o <strong>pen\u00faltimo d\u00edgito do N\u00famero do Benef\u00edcio (NB)<\/strong>, n\u00famero que aparece antes do tra\u00e7o nos documentos do INSS.<\/p>\n\n\n\n<h2 class=\"wp-block-heading\">Quem tem direito ao 13\u00ba do INSS em 2025?<\/h2>\n\n\n\n<p>O abono \u00e9 destinado a quem recebe <strong>aposentadoria, pens\u00e3o por morte, aux\u00edlio-doen\u00e7a, aux\u00edlio-acidente e aux\u00edlio-reclus\u00e3o<\/strong>. Esses s\u00e3o benef\u00edcios de car\u00e1ter previdenci\u00e1rio, com direito ao 13\u00ba.<\/p>\n\n\n\n<p>Ficam de fora: benefici\u00e1rios do <strong>BPC (Benef\u00edcio de Presta\u00e7\u00e3o Continuada)<\/strong>, <strong>Renda Mensal Vital\u00edcia <\/strong>e<strong> aux\u00edlio-inclus\u00e3o<\/strong>, pois esses programas t\u00eam natureza assistencial e, por lei, n\u00e3o incluem o 13\u00ba.<\/p>\n\n\n\n<h2 class=\"wp-block-heading\">Veja o calend\u00e1rio oficial de pagamentos<\/h2>\n\n\n\n<p>Confira as datas de acordo com o valor do benef\u00edcio e o pen\u00faltimo d\u00edgito do n\u00famero do benef\u00edcio:<\/p>\n\n\n\n<p><strong>Quem recebe at\u00e9 1 sal\u00e1rio m\u00ednimo (R$ 1.518,00):<\/strong><\/p>\n\n\n\n<ul class=\"wp-block-list\">\n<li>D\u00edgito 1: 26\/5<\/li>\n\n\n\n<li>D\u00edgito 2: 27\/5<\/li>\n\n\n\n<li>D\u00edgito 3: 28\/5<\/li>\n\n\n\n<li>D\u00edgito 4: 29\/5<\/li>\n\n\n\n<li>D\u00edgito 5: 30\/5<\/li>\n\n\n\n<li>D\u00edgito 6: 2\/6<\/li>\n\n\n\n<li>D\u00edgito 7: 3\/6<\/li>\n\n\n\n<li>D\u00edgito 8: 4\/6<\/li>\n\n\n\n<li>D\u00edgito 9: 5\/6<\/li>\n\n\n\n<li>D\u00edgito 0: 6\/6<\/li>\n<\/ul>\n\n\n\n<figure class=\"wp-block-image\"><img decoding=\"async\" src=\"https:\/\/www.em.com.br\/emfoco\/wp-content\/uploads\/2025\/03\/salario-brasil_1741821655132-1024x576.jpg\" alt=\"\"\/><figcaption class=\"wp-element-caption\">13\u00ba sal\u00e1rio &#8211; Cr\u00e9ditos: depositphotos.com \/ j.dudzinski<\/figcaption><\/figure>\n\n\n\n<p><strong>Quem recebe acima do m\u00ednimo:<\/strong><\/p>\n\n\n\n<ul class=\"wp-block-list\">\n<li>D\u00edgitos 1 e 6: 2\/6<\/li>\n\n\n\n<li>D\u00edgitos 2 e 7: 3\/6<\/li>\n\n\n\n<li>D\u00edgitos 3 e 8: 4\/6<\/li>\n\n\n\n<li>D\u00edgitos 4 e 9: 5\/6<\/li>\n\n\n\n<li>D\u00edgitos 5 e 0: 6\/6<\/li>\n<\/ul>\n\n\n\n<h2 class=\"wp-block-heading\">Como consultar seu extrato do 13\u00ba sal\u00e1rio?<\/h2>\n\n\n\n<p>A consulta pode ser feita no <strong>site ou app Meu INSS<\/strong>. Basta acessar, clicar em \u201c<strong>Do que voc\u00ea precisa?<\/strong>\u201d e digitar \u201c<strong>Extrato de pagamento<\/strong>\u201d. O documento em PDF exibir\u00e1 os valores a serem recebidos na segunda parcela.<\/p>\n\n\n\n<p>Se preferir, o telefone 135 tamb\u00e9m est\u00e1 dispon\u00edvel. O atendimento humano funciona de segunda a s\u00e1bado, das 7h \u00e0s 22h, enquanto o atendimento autom\u00e1tico \u00e9 24 horas.<\/p>\n\n\n\n<h2 class=\"wp-block-heading\">Qual o valor da 2\u00aa parcela do 13\u00ba sal\u00e1rio?<\/h2>\n\n\n\n<p>A segunda parcela representa o valor restante do abono, j\u00e1 descontando o que foi antecipado anteriormente. N\u00e3o h\u00e1 desconto do INSS nessa etapa para quem n\u00e3o paga Imposto de Renda, o que beneficia a maioria dos segurados.<\/p>\n\n\n\n<p>Desde 2020, o governo antecipa o 13\u00ba como forma de movimentar a economia e garantir renda extra ainda no primeiro semestre.<\/p>\n","protected":false},"excerpt":{"rendered":"<p>Aten\u00e7\u00e3o, aposentados e pensionistas: o INSS inicia o pagamento da segunda parcela do 13\u00ba sal\u00e1rio no dia 26 de maio de 2025. O valor ser\u00e1 depositado seguindo o calend\u00e1rio habitual de benef\u00edcios, e todos os repasses estar\u00e3o conclu\u00eddos at\u00e9 6 de junho. A medida injeta bilh\u00f5es na economia e representa al\u00edvio no bolso de milh\u00f5es [&hellip;]<\/p>\n","protected":false},"author":11,"featured_media":40947,"comment_status":"open","ping_status":"open","sticky":false,"template":"","format":"standard","meta":{"jnews-multi-image_gallery":[],"jnews_single_post":{"format":"standard"},"jnews_primary_category":[],"jnews_social_meta":[],"jnews_override_counter":[],"footnotes":""},"categories":[28,1],"tags":[174,7323,1390],"class_list":["post-44018","post","type-post","status-publish","format-standard","has-post-thumbnail","hentry","category-economia","category-noticias","tag-inss","tag-inss-2025","tag-pagamentos-inss"],"yoast_head":"<!-- This site is optimized with the Yoast SEO plugin v23.8 - https:\/\/yoast.com\/wordpress\/plugins\/seo\/ -->\n<title>INSS libera 2\u00aa parcela do 13\u00ba sal\u00e1rio com novo calend\u00e1rio oficial - Estado de Minas - Em foco<\/title>\n<meta name=\"description\" content=\"A 2\u00aa parcela do 13\u00ba do INSS ser\u00e1 paga em breve. Veja o calend\u00e1rio completo, quem tem direito e como consultar o valor.\" \/>\n<meta name=\"robots\" content=\"index, follow, max-snippet:-1, max-image-preview:large, max-video-preview:-1\" \/>\n<link rel=\"canonical\" href=\"https:\/\/www.em.com.br\/emfoco\/2025\/05\/04\/inss-libera-2a-parcela-do-13o-salario-com-novo-calendario-oficial\/\" \/>\n<meta property=\"og:locale\" content=\"pt_BR\" \/>\n<meta property=\"og:type\" content=\"article\" \/>\n<meta property=\"og:title\" content=\"INSS libera 2\u00aa parcela do 13\u00ba sal\u00e1rio com novo calend\u00e1rio oficial - Estado de Minas - Em foco\" \/>\n<meta property=\"og:description\" content=\"A 2\u00aa parcela do 13\u00ba do INSS ser\u00e1 paga em breve. Veja o calend\u00e1rio completo, quem tem direito e como consultar o valor.\" \/>\n<meta property=\"og:url\" content=\"https:\/\/www.em.com.br\/emfoco\/2025\/05\/04\/inss-libera-2a-parcela-do-13o-salario-com-novo-calendario-oficial\/\" \/>\n<meta property=\"og:site_name\" content=\"Estado de Minas - Em foco\" \/>\n<meta property=\"article:published_time\" content=\"2025-05-04T23:20:00+00:00\" \/>\n<meta property=\"article:modified_time\" content=\"2025-05-03T21:01:04+00:00\" \/>\n<meta property=\"og:image\" content=\"https:\/\/www.em.com.br\/emfoco\/wp-content\/uploads\/2025\/04\/sacar-dinheiro-brasil_1745429233704.jpg\" \/>\n\t<meta property=\"og:image:width\" content=\"1280\" \/>\n\t<meta property=\"og:image:height\" content=\"720\" \/>\n\t<meta property=\"og:image:type\" content=\"image\/jpeg\" \/>\n<meta name=\"author\" content=\"Andre\u0301 Rangel\u00a0\" \/>\n<meta name=\"twitter:card\" content=\"summary_large_image\" \/>\n<meta name=\"twitter:label1\" content=\"Escrito por\" \/>\n\t<meta name=\"twitter:data1\" content=\"Andre\u0301 Rangel\u00a0\" \/>\n\t<meta name=\"twitter:label2\" content=\"Est. tempo de leitura\" \/>\n\t<meta name=\"twitter:data2\" content=\"3 minutos\" \/>\n<!-- \/ Yoast SEO plugin. -->","yoast_head_json":{"title":"INSS libera 2\u00aa parcela do 13\u00ba sal\u00e1rio com novo calend\u00e1rio oficial - Estado de Minas - Em foco","description":"A 2\u00aa parcela do 13\u00ba do INSS ser\u00e1 paga em breve. Veja o calend\u00e1rio completo, quem tem direito e como consultar o valor.","robots":{"index":"index","follow":"follow","max-snippet":"max-snippet:-1","max-image-preview":"max-image-preview:large","max-video-preview":"max-video-preview:-1"},"canonical":"https:\/\/www.em.com.br\/emfoco\/2025\/05\/04\/inss-libera-2a-parcela-do-13o-salario-com-novo-calendario-oficial\/","og_locale":"pt_BR","og_type":"article","og_title":"INSS libera 2\u00aa parcela do 13\u00ba sal\u00e1rio com novo calend\u00e1rio oficial - Estado de Minas - Em foco","og_description":"A 2\u00aa parcela do 13\u00ba do INSS ser\u00e1 paga em breve. Veja o calend\u00e1rio completo, quem tem direito e como consultar o valor.","og_url":"https:\/\/www.em.com.br\/emfoco\/2025\/05\/04\/inss-libera-2a-parcela-do-13o-salario-com-novo-calendario-oficial\/","og_site_name":"Estado de Minas - Em foco","article_published_time":"2025-05-04T23:20:00+00:00","article_modified_time":"2025-05-03T21:01:04+00:00","og_image":[{"width":1280,"height":720,"url":"https:\/\/www.em.com.br\/emfoco\/wp-content\/uploads\/2025\/04\/sacar-dinheiro-brasil_1745429233704.jpg","type":"image\/jpeg"}],"author":"Andre\u0301 Rangel\u00a0","twitter_card":"summary_large_image","twitter_misc":{"Escrito por":"Andre\u0301 Rangel\u00a0","Est. tempo de leitura":"3 minutos"},"schema":{"@context":"https:\/\/schema.org","@graph":[{"@type":"WebPage","@id":"https:\/\/www.em.com.br\/emfoco\/2025\/05\/04\/inss-libera-2a-parcela-do-13o-salario-com-novo-calendario-oficial\/","url":"https:\/\/www.em.com.br\/emfoco\/2025\/05\/04\/inss-libera-2a-parcela-do-13o-salario-com-novo-calendario-oficial\/","name":"INSS libera 2\u00aa parcela do 13\u00ba sal\u00e1rio com novo calend\u00e1rio oficial - Estado de Minas - Em foco","isPartOf":{"@id":"https:\/\/www.em.com.br\/emfoco\/#website"},"primaryImageOfPage":{"@id":"https:\/\/www.em.com.br\/emfoco\/2025\/05\/04\/inss-libera-2a-parcela-do-13o-salario-com-novo-calendario-oficial\/#primaryimage"},"image":{"@id":"https:\/\/www.em.com.br\/emfoco\/2025\/05\/04\/inss-libera-2a-parcela-do-13o-salario-com-novo-calendario-oficial\/#primaryimage"},"thumbnailUrl":"https:\/\/www.em.com.br\/emfoco\/wp-content\/uploads\/2025\/04\/sacar-dinheiro-brasil_1745429233704.jpg","datePublished":"2025-05-04T23:20:00+00:00","dateModified":"2025-05-03T21:01:04+00:00","author":{"@id":"https:\/\/www.em.com.br\/emfoco\/#\/schema\/person\/60eda09c1fedf0d6891f4cef4b60b8b8"},"description":"A 2\u00aa parcela do 13\u00ba do INSS ser\u00e1 paga em breve. Veja o calend\u00e1rio completo, quem tem direito e como consultar o valor.","breadcrumb":{"@id":"https:\/\/www.em.com.br\/emfoco\/2025\/05\/04\/inss-libera-2a-parcela-do-13o-salario-com-novo-calendario-oficial\/#breadcrumb"},"inLanguage":"pt-BR","potentialAction":[{"@type":"ReadAction","target":["https:\/\/www.em.com.br\/emfoco\/2025\/05\/04\/inss-libera-2a-parcela-do-13o-salario-com-novo-calendario-oficial\/"]}]},{"@type":"ImageObject","inLanguage":"pt-BR","@id":"https:\/\/www.em.com.br\/emfoco\/2025\/05\/04\/inss-libera-2a-parcela-do-13o-salario-com-novo-calendario-oficial\/#primaryimage","url":"https:\/\/www.em.com.br\/emfoco\/wp-content\/uploads\/2025\/04\/sacar-dinheiro-brasil_1745429233704.jpg","contentUrl":"https:\/\/www.em.com.br\/emfoco\/wp-content\/uploads\/2025\/04\/sacar-dinheiro-brasil_1745429233704.jpg","width":1280,"height":720,"caption":"Limite de saque em caixa eletr\u00f4nico pode mudar"},{"@type":"BreadcrumbList","@id":"https:\/\/www.em.com.br\/emfoco\/2025\/05\/04\/inss-libera-2a-parcela-do-13o-salario-com-novo-calendario-oficial\/#breadcrumb","itemListElement":[{"@type":"ListItem","position":1,"name":"In\u00edcio","item":"https:\/\/www.em.com.br\/emfoco\/"},{"@type":"ListItem","position":2,"name":"INSS libera 2\u00aa parcela do 13\u00ba sal\u00e1rio com novo calend\u00e1rio oficial"}]},{"@type":"WebSite","@id":"https:\/\/www.em.com.br\/emfoco\/#website","url":"https:\/\/www.em.com.br\/emfoco\/","name":"Estado de Minas - Em foco","description":"Acompanhe as \u00faltimas not\u00edcias e fique bem informado sobre tudo o que acontece em Minas Gerais, Brasil e no mundo.","potentialAction":[{"@type":"SearchAction","target":{"@type":"EntryPoint","urlTemplate":"https:\/\/www.em.com.br\/emfoco\/?s={search_term_string}"},"query-input":{"@type":"PropertyValueSpecification","valueRequired":true,"valueName":"search_term_string"}}],"inLanguage":"pt-BR"},{"@type":"Person","@id":"https:\/\/www.em.com.br\/emfoco\/#\/schema\/person\/60eda09c1fedf0d6891f4cef4b60b8b8","name":"Andre\u0301 Rangel\u00a0","image":{"@type":"ImageObject","inLanguage":"pt-BR","@id":"https:\/\/www.em.com.br\/emfoco\/#\/schema\/person\/image\/","url":"https:\/\/secure.gravatar.com\/avatar\/6234dc814c77c8ef6d8bba622c787efc?s=96&d=mm&r=g","contentUrl":"https:\/\/secure.gravatar.com\/avatar\/6234dc814c77c8ef6d8bba622c787efc?s=96&d=mm&r=g","caption":"Andre\u0301 Rangel\u00a0"},"url":"https:\/\/www.em.com.br\/emfoco\/author\/luizmyth\/"}]}},"_links":{"self":[{"href":"https:\/\/www.em.com.br\/emfoco\/wp-json\/wp\/v2\/posts\/44018","targetHints":{"allow":["GET"]}}],"collection":[{"href":"https:\/\/www.em.com.br\/emfoco\/wp-json\/wp\/v2\/posts"}],"about":[{"href":"https:\/\/www.em.com.br\/emfoco\/wp-json\/wp\/v2\/types\/post"}],"author":[{"embeddable":true,"href":"https:\/\/www.em.com.br\/emfoco\/wp-json\/wp\/v2\/users\/11"}],"replies":[{"embeddable":true,"href":"https:\/\/www.em.com.br\/emfoco\/wp-json\/wp\/v2\/comments?post=44018"}],"version-history":[{"count":5,"href":"https:\/\/www.em.com.br\/emfoco\/wp-json\/wp\/v2\/posts\/44018\/revisions"}],"predecessor-version":[{"id":44056,"href":"https:\/\/www.em.com.br\/emfoco\/wp-json\/wp\/v2\/posts\/44018\/revisions\/44056"}],"wp:featuredmedia":[{"embeddable":true,"href":"https:\/\/www.em.com.br\/emfoco\/wp-json\/wp\/v2\/media\/40947"}],"wp:attachment":[{"href":"https:\/\/www.em.com.br\/emfoco\/wp-json\/wp\/v2\/media?parent=44018"}],"wp:term":[{"taxonomy":"category","embeddable":true,"href":"https:\/\/www.em.com.br\/emfoco\/wp-json\/wp\/v2\/categories?post=44018"},{"taxonomy":"post_tag","embeddable":true,"href":"https:\/\/www.em.com.br\/emfoco\/wp-json\/wp\/v2\/tags?post=44018"}],"curies":[{"name":"wp","href":"https:\/\/api.w.org\/{rel}","templated":true}]}}