{"id":44013,"date":"2025-05-04T18:20:00","date_gmt":"2025-05-04T21:20:00","guid":{"rendered":"https:\/\/www.em.com.br\/emfoco\/?p=44013"},"modified":"2025-05-03T08:49:59","modified_gmt":"2025-05-03T11:49:59","slug":"minas-gerais-e-destaque-nacional-na-geracao-de-empregos","status":"publish","type":"post","link":"https:\/\/www.em.com.br\/emfoco\/2025\/05\/04\/minas-gerais-e-destaque-nacional-na-geracao-de-empregos\/","title":{"rendered":"Minas Gerais \u00e9 destaque nacional na gera\u00e7\u00e3o de empregos"},"content":{"rendered":"\n<p><a href=\"https:\/\/www.em.com.br\/emfoco\/2025\/05\/02\/um-dos-melhores-lugares-para-se-viver-em-minas-gerais-que-poucos-conhecem\/\" target=\"_blank\" rel=\"noreferrer noopener\"><strong>Minas Gerais<\/strong> <\/a>come\u00e7ou 2025 com for\u00e7a total no mercado de trabalho. Com 75,89 mil novas vagas no primeiro trimestre, o estado ficou atr\u00e1s apenas de <strong>S\u00e3o Paulo <\/strong>em gera\u00e7\u00e3o de empregos, segundo o <strong><a href=\"https:\/\/www.gov.br\/trabalho-e-emprego\/pt-br\/assuntos\/estatisticas-trabalho\/novo-caged\/novo-caged-2024\/junho\" target=\"_blank\" rel=\"noreferrer noopener\">Novo Caged<\/a><\/strong>. Em mar\u00e7o, o saldo mineiro foi de 18,1 mil postos com carteira assinada, superando expectativas e mostrando vigor na retomada econ\u00f4mica.<\/p>\n\n\n\n<p>Apenas o setor de Com\u00e9rcio teve desempenho negativo, com 846 vagas a menos. Os demais \u2014 <strong>Agropecu\u00e1ria, Servi\u00e7os, Constru\u00e7\u00e3o e Ind\u00fastria<\/strong> \u2014 registraram saldo positivo, consolidando Minas como motor da economia nacional.<\/p>\n\n\n\n<h2 class=\"wp-block-heading\">Agropecu\u00e1ria lidera a retomada do emprego em mar\u00e7o<\/h2>\n\n\n\n<p>O grande protagonista da gera\u00e7\u00e3o de empregos em Minas foi o setor agropecu\u00e1rio, com 7,3 mil novas vagas apenas em mar\u00e7o. O avan\u00e7o das colheitas e o aumento da demanda por m\u00e3o de obra rural impulsionaram o resultado.<\/p>\n\n\n\n<p>Servi\u00e7os, com 6,5 mil empregos, e Constru\u00e7\u00e3o, com 3,4 mil, tamb\u00e9m puxaram a alta. A Ind\u00fastria somou 1,6 mil novas oportunidades, consolidando um cen\u00e1rio de recupera\u00e7\u00e3o ampla e diversificada no estado.<\/p>\n\n\n\n<h2 class=\"wp-block-heading\">Jovens e homens foram maioria entre os contratados<\/h2>\n\n\n\n<p>Entre os trabalhadores beneficiados, jovens entre 18 e 24 anos lideraram os n\u00fameros, com 9,5 mil contrata\u00e7\u00f5es l\u00edquidas. A maioria dos novos postos foi ocupada por homens (13,4 mil), e pessoas com ensino m\u00e9dio completo somaram 9,2 mil vagas.<\/p>\n\n\n\n<p>Esses dados mostram que o dinamismo do mercado est\u00e1 especialmente voltado \u00e0 m\u00e3o de obra jovem e com escolaridade intermedi\u00e1ria \u2014 um sinal positivo para a inclus\u00e3o de novos profissionais.<\/p>\n\n\n\n<figure class=\"wp-block-image\"><img decoding=\"async\" src=\"https:\/\/www.em.com.br\/emfoco\/wp-content\/uploads\/2025\/04\/INSS-brasil_1745092313907-1024x576.jpg\" alt=\"\"\/><figcaption class=\"wp-element-caption\">Dinheiro &#8211; Cr\u00e9ditos: depositphotos.com \/ rafapress<\/figcaption><\/figure>\n\n\n\n<h2 class=\"wp-block-heading\">Munic\u00edpios do interior surpreendem na gera\u00e7\u00e3o de vagas<\/h2>\n\n\n\n<p>Minas Gerais tamb\u00e9m se destacou pela <strong>distri<\/strong>b<strong>ui\u00e7\u00e3o regional dos empregos<\/strong>. <strong>Paracatu<\/strong>, no Noroeste do estado, registrou o melhor saldo municipal, com 1,3 mil novos postos. Cidades como <strong>Una\u00ed, Rio Parana\u00edba, S\u00e3o Gotardo e Juiz de Fora<\/strong> tamb\u00e9m apresentaram desempenho acima da m\u00e9dia.<\/p>\n\n\n\n<p>Esse movimento confirma o papel estrat\u00e9gico do interior na retomada econ\u00f4mica, com forte presen\u00e7a do agroneg\u00f3cio e de polos industriais descentralizados.<\/p>\n\n\n\n<h2 class=\"wp-block-heading\">Brasil gera 654 mil empregos e projeta crescimento<\/h2>\n\n\n\n<p>No cen\u00e1rio nacional, o Brasil fechou o primeiro trimestre de 2025 com 654,5 mil empregos formais, puxados pelo setor de Servi\u00e7os (362,8 mil vagas). S\u00e3o Paulo liderou o ranking estadual, com Minas Gerais logo atr\u00e1s.<\/p>\n\n\n\n<p>Apesar dos bons n\u00fameros, os desafios persistem: \u00e9 preciso investir em qualifica\u00e7\u00e3o profissional e acompanhar as transforma\u00e7\u00f5es tecnol\u00f3gicas. Setores como energia renov\u00e1vel e tecnologia devem ganhar protagonismo nos pr\u00f3ximos meses, elevando a expectativa de uma gera\u00e7\u00e3o de empregos ainda mais robusta ao longo do ano.<\/p>\n","protected":false},"excerpt":{"rendered":"<p>Minas Gerais come\u00e7ou 2025 com for\u00e7a total no mercado de trabalho. Com 75,89 mil novas vagas no primeiro trimestre, o estado ficou atr\u00e1s apenas de S\u00e3o Paulo em gera\u00e7\u00e3o de empregos, segundo o Novo Caged. Em mar\u00e7o, o saldo mineiro foi de 18,1 mil postos com carteira assinada, superando expectativas e mostrando vigor na retomada [&hellip;]<\/p>\n","protected":false},"author":11,"featured_media":33855,"comment_status":"open","ping_status":"open","sticky":false,"template":"","format":"standard","meta":{"jnews-multi-image_gallery":[],"jnews_single_post":{"format":"standard"},"jnews_primary_category":[],"jnews_social_meta":[],"jnews_override_counter":[],"footnotes":""},"categories":[138,1],"tags":[3672,207,508],"class_list":["post-44013","post","type-post","status-publish","format-standard","has-post-thumbnail","hentry","category-mundo","category-noticias","tag-empregos","tag-minas-gerais","tag-trabalho"],"yoast_head":"<!-- This site is optimized with the Yoast SEO plugin v23.8 - https:\/\/yoast.com\/wordpress\/plugins\/seo\/ -->\n<title>Minas Gerais \u00e9 destaque nacional na gera\u00e7\u00e3o de empregos - Estado de Minas - Em foco<\/title>\n<meta name=\"description\" content=\"Minas Gerais lidera gera\u00e7\u00e3o de empregos fora do Sudeste e confirma papel estrat\u00e9gico do interior na retomada econ\u00f4mica de 2025.\" \/>\n<meta name=\"robots\" content=\"index, follow, max-snippet:-1, max-image-preview:large, max-video-preview:-1\" \/>\n<link rel=\"canonical\" href=\"https:\/\/www.em.com.br\/emfoco\/2025\/05\/04\/minas-gerais-e-destaque-nacional-na-geracao-de-empregos\/\" \/>\n<meta property=\"og:locale\" content=\"pt_BR\" \/>\n<meta property=\"og:type\" content=\"article\" \/>\n<meta property=\"og:title\" content=\"Minas Gerais \u00e9 destaque nacional na gera\u00e7\u00e3o de empregos - Estado de Minas - Em foco\" \/>\n<meta property=\"og:description\" content=\"Minas Gerais lidera gera\u00e7\u00e3o de empregos fora do Sudeste e confirma papel estrat\u00e9gico do interior na retomada econ\u00f4mica de 2025.\" \/>\n<meta property=\"og:url\" content=\"https:\/\/www.em.com.br\/emfoco\/2025\/05\/04\/minas-gerais-e-destaque-nacional-na-geracao-de-empregos\/\" \/>\n<meta property=\"og:site_name\" content=\"Estado de Minas - Em foco\" \/>\n<meta property=\"article:published_time\" content=\"2025-05-04T21:20:00+00:00\" \/>\n<meta property=\"article:modified_time\" content=\"2025-05-03T11:49:59+00:00\" \/>\n<meta property=\"og:image\" content=\"https:\/\/www.em.com.br\/emfoco\/wp-content\/uploads\/2025\/03\/trabalhador-carteira-brasil_1743443109834.jpg\" \/>\n\t<meta property=\"og:image:width\" content=\"1280\" \/>\n\t<meta property=\"og:image:height\" content=\"720\" \/>\n\t<meta property=\"og:image:type\" content=\"image\/jpeg\" \/>\n<meta name=\"author\" content=\"Andre\u0301 Rangel\u00a0\" \/>\n<meta name=\"twitter:card\" content=\"summary_large_image\" \/>\n<meta name=\"twitter:label1\" content=\"Escrito por\" \/>\n\t<meta name=\"twitter:data1\" content=\"Andre\u0301 Rangel\u00a0\" \/>\n\t<meta name=\"twitter:label2\" content=\"Est. tempo de leitura\" \/>\n\t<meta name=\"twitter:data2\" content=\"3 minutos\" \/>\n<!-- \/ Yoast SEO plugin. -->","yoast_head_json":{"title":"Minas Gerais \u00e9 destaque nacional na gera\u00e7\u00e3o de empregos - Estado de Minas - Em foco","description":"Minas Gerais lidera gera\u00e7\u00e3o de empregos fora do Sudeste e confirma papel estrat\u00e9gico do interior na retomada econ\u00f4mica de 2025.","robots":{"index":"index","follow":"follow","max-snippet":"max-snippet:-1","max-image-preview":"max-image-preview:large","max-video-preview":"max-video-preview:-1"},"canonical":"https:\/\/www.em.com.br\/emfoco\/2025\/05\/04\/minas-gerais-e-destaque-nacional-na-geracao-de-empregos\/","og_locale":"pt_BR","og_type":"article","og_title":"Minas Gerais \u00e9 destaque nacional na gera\u00e7\u00e3o de empregos - Estado de Minas - Em foco","og_description":"Minas Gerais lidera gera\u00e7\u00e3o de empregos fora do Sudeste e confirma papel estrat\u00e9gico do interior na retomada econ\u00f4mica de 2025.","og_url":"https:\/\/www.em.com.br\/emfoco\/2025\/05\/04\/minas-gerais-e-destaque-nacional-na-geracao-de-empregos\/","og_site_name":"Estado de Minas - Em foco","article_published_time":"2025-05-04T21:20:00+00:00","article_modified_time":"2025-05-03T11:49:59+00:00","og_image":[{"width":1280,"height":720,"url":"https:\/\/www.em.com.br\/emfoco\/wp-content\/uploads\/2025\/03\/trabalhador-carteira-brasil_1743443109834.jpg","type":"image\/jpeg"}],"author":"Andre\u0301 Rangel\u00a0","twitter_card":"summary_large_image","twitter_misc":{"Escrito por":"Andre\u0301 Rangel\u00a0","Est. tempo de leitura":"3 minutos"},"schema":{"@context":"https:\/\/schema.org","@graph":[{"@type":"WebPage","@id":"https:\/\/www.em.com.br\/emfoco\/2025\/05\/04\/minas-gerais-e-destaque-nacional-na-geracao-de-empregos\/","url":"https:\/\/www.em.com.br\/emfoco\/2025\/05\/04\/minas-gerais-e-destaque-nacional-na-geracao-de-empregos\/","name":"Minas Gerais \u00e9 destaque nacional na gera\u00e7\u00e3o de empregos - Estado de Minas - Em foco","isPartOf":{"@id":"https:\/\/www.em.com.br\/emfoco\/#website"},"primaryImageOfPage":{"@id":"https:\/\/www.em.com.br\/emfoco\/2025\/05\/04\/minas-gerais-e-destaque-nacional-na-geracao-de-empregos\/#primaryimage"},"image":{"@id":"https:\/\/www.em.com.br\/emfoco\/2025\/05\/04\/minas-gerais-e-destaque-nacional-na-geracao-de-empregos\/#primaryimage"},"thumbnailUrl":"https:\/\/www.em.com.br\/emfoco\/wp-content\/uploads\/2025\/03\/trabalhador-carteira-brasil_1743443109834.jpg","datePublished":"2025-05-04T21:20:00+00:00","dateModified":"2025-05-03T11:49:59+00:00","author":{"@id":"https:\/\/www.em.com.br\/emfoco\/#\/schema\/person\/60eda09c1fedf0d6891f4cef4b60b8b8"},"description":"Minas Gerais lidera gera\u00e7\u00e3o de empregos fora do Sudeste e confirma papel estrat\u00e9gico do interior na retomada econ\u00f4mica de 2025.","breadcrumb":{"@id":"https:\/\/www.em.com.br\/emfoco\/2025\/05\/04\/minas-gerais-e-destaque-nacional-na-geracao-de-empregos\/#breadcrumb"},"inLanguage":"pt-BR","potentialAction":[{"@type":"ReadAction","target":["https:\/\/www.em.com.br\/emfoco\/2025\/05\/04\/minas-gerais-e-destaque-nacional-na-geracao-de-empregos\/"]}]},{"@type":"ImageObject","inLanguage":"pt-BR","@id":"https:\/\/www.em.com.br\/emfoco\/2025\/05\/04\/minas-gerais-e-destaque-nacional-na-geracao-de-empregos\/#primaryimage","url":"https:\/\/www.em.com.br\/emfoco\/wp-content\/uploads\/2025\/03\/trabalhador-carteira-brasil_1743443109834.jpg","contentUrl":"https:\/\/www.em.com.br\/emfoco\/wp-content\/uploads\/2025\/03\/trabalhador-carteira-brasil_1743443109834.jpg","width":1280,"height":720,"caption":"Trabalhador - Cr\u00e9ditos: depositphotos.com \/ moviafilmes"},{"@type":"BreadcrumbList","@id":"https:\/\/www.em.com.br\/emfoco\/2025\/05\/04\/minas-gerais-e-destaque-nacional-na-geracao-de-empregos\/#breadcrumb","itemListElement":[{"@type":"ListItem","position":1,"name":"In\u00edcio","item":"https:\/\/www.em.com.br\/emfoco\/"},{"@type":"ListItem","position":2,"name":"Minas Gerais \u00e9 destaque nacional na gera\u00e7\u00e3o de empregos"}]},{"@type":"WebSite","@id":"https:\/\/www.em.com.br\/emfoco\/#website","url":"https:\/\/www.em.com.br\/emfoco\/","name":"Estado de Minas - Em foco","description":"Acompanhe as \u00faltimas not\u00edcias e fique bem informado sobre tudo o que acontece em Minas Gerais, Brasil e no mundo.","potentialAction":[{"@type":"SearchAction","target":{"@type":"EntryPoint","urlTemplate":"https:\/\/www.em.com.br\/emfoco\/?s={search_term_string}"},"query-input":{"@type":"PropertyValueSpecification","valueRequired":true,"valueName":"search_term_string"}}],"inLanguage":"pt-BR"},{"@type":"Person","@id":"https:\/\/www.em.com.br\/emfoco\/#\/schema\/person\/60eda09c1fedf0d6891f4cef4b60b8b8","name":"Andre\u0301 Rangel\u00a0","image":{"@type":"ImageObject","inLanguage":"pt-BR","@id":"https:\/\/www.em.com.br\/emfoco\/#\/schema\/person\/image\/","url":"https:\/\/secure.gravatar.com\/avatar\/6234dc814c77c8ef6d8bba622c787efc?s=96&d=mm&r=g","contentUrl":"https:\/\/secure.gravatar.com\/avatar\/6234dc814c77c8ef6d8bba622c787efc?s=96&d=mm&r=g","caption":"Andre\u0301 Rangel\u00a0"},"url":"https:\/\/www.em.com.br\/emfoco\/author\/luizmyth\/"}]}},"_links":{"self":[{"href":"https:\/\/www.em.com.br\/emfoco\/wp-json\/wp\/v2\/posts\/44013","targetHints":{"allow":["GET"]}}],"collection":[{"href":"https:\/\/www.em.com.br\/emfoco\/wp-json\/wp\/v2\/posts"}],"about":[{"href":"https:\/\/www.em.com.br\/emfoco\/wp-json\/wp\/v2\/types\/post"}],"author":[{"embeddable":true,"href":"https:\/\/www.em.com.br\/emfoco\/wp-json\/wp\/v2\/users\/11"}],"replies":[{"embeddable":true,"href":"https:\/\/www.em.com.br\/emfoco\/wp-json\/wp\/v2\/comments?post=44013"}],"version-history":[{"count":4,"href":"https:\/\/www.em.com.br\/emfoco\/wp-json\/wp\/v2\/posts\/44013\/revisions"}],"predecessor-version":[{"id":44065,"href":"https:\/\/www.em.com.br\/emfoco\/wp-json\/wp\/v2\/posts\/44013\/revisions\/44065"}],"wp:featuredmedia":[{"embeddable":true,"href":"https:\/\/www.em.com.br\/emfoco\/wp-json\/wp\/v2\/media\/33855"}],"wp:attachment":[{"href":"https:\/\/www.em.com.br\/emfoco\/wp-json\/wp\/v2\/media?parent=44013"}],"wp:term":[{"taxonomy":"category","embeddable":true,"href":"https:\/\/www.em.com.br\/emfoco\/wp-json\/wp\/v2\/categories?post=44013"},{"taxonomy":"post_tag","embeddable":true,"href":"https:\/\/www.em.com.br\/emfoco\/wp-json\/wp\/v2\/tags?post=44013"}],"curies":[{"name":"wp","href":"https:\/\/api.w.org\/{rel}","templated":true}]}}