{"id":43957,"date":"2025-05-04T09:20:00","date_gmt":"2025-05-04T12:20:00","guid":{"rendered":"https:\/\/www.em.com.br\/emfoco\/?p=43957"},"modified":"2025-05-03T08:46:57","modified_gmt":"2025-05-03T11:46:57","slug":"inss-emite-aviso-03-05-para-aposentados-que-recebem-beneficio","status":"publish","type":"post","link":"https:\/\/www.em.com.br\/emfoco\/2025\/05\/04\/inss-emite-aviso-03-05-para-aposentados-que-recebem-beneficio\/","title":{"rendered":"INSS emite aviso 03\/05 para aposentados que recebem benef\u00edcio"},"content":{"rendered":"\n<p>Milhares de aposentados e pensionistas do <strong><a href=\"https:\/\/www.em.com.br\/emfoco\/2025\/05\/02\/erros-silenciosos-no-inss-afetam-milhares-e-passam-despercebidos\/\" target=\"_blank\" rel=\"noreferrer noopener\">INSS <\/a><\/strong>t\u00eam agora mais poder sobre seu dinheiro. A portabilidade de pagamento permite que benefici\u00e1rios mudem de banco para receber seus benef\u00edcios em uma nova institui\u00e7\u00e3o financeira \u2014 sem burocracia e sem custo.<\/p>\n\n\n\n<p>O objetivo \u00e9 claro: mais liberdade, melhores tarifas e servi\u00e7os de qualidade. Para muitos, essa mudan\u00e7a representa n\u00e3o apenas mais conforto, mas tamb\u00e9m economia real no fim do m\u00eas, com menos taxas e mais vantagens.<\/p>\n\n\n\n<h2 class=\"wp-block-heading\">Como fazer a portabilidade do INSS sem sair de casa<\/h2>\n\n\n\n<p>O processo pode ser feito totalmente online, pelo aplicativo ou site <strong><a href=\"https:\/\/www.gov.br\/pt-br\/temas\/meu-inss\" target=\"_blank\" rel=\"noreferrer noopener\">Meu INSS<\/a><\/strong>. Ap\u00f3s fazer login com CPF e senha, o segurado deve localizar a op\u00e7\u00e3o de altera\u00e7\u00e3o de banco ou ag\u00eancia e inserir os dados da nova conta.<\/p>\n\n\n\n<p>Caso a troca seja apenas entre ag\u00eancias do mesmo banco, \u00e9 preciso ir pessoalmente \u00e0 unidade atual, com documentos pessoais e cart\u00e3o do benef\u00edcio. A solicita\u00e7\u00e3o \u00e9 processada digitalmente, e o acompanhamento pode ser feito na \u00e1rea de consultas do Meu INSS.<\/p>\n\n\n\n<h2 class=\"wp-block-heading\">Mudan\u00e7a leva at\u00e9 30 dias, mas vale a pena<\/h2>\n\n\n\n<p>O tempo de conclus\u00e3o da portabilidade varia entre 10 e 30 dias, dependendo da institui\u00e7\u00e3o banc\u00e1ria. Em m\u00e9dia, o primeiro pagamento no novo banco ocorre ap\u00f3s 15 dias da solicita\u00e7\u00e3o.<\/p>\n\n\n\n<p>Para evitar atrasos, a recomenda\u00e7\u00e3o \u00e9 que o segurado solicite a mudan\u00e7a logo ap\u00f3s o dep\u00f3sito mensal do benef\u00edcio. Isso garante transi\u00e7\u00e3o suave e sem preju\u00edzos no recebimento do valor.<\/p>\n\n\n\n<figure class=\"wp-block-image\"><img decoding=\"async\" src=\"https:\/\/www.em.com.br\/emfoco\/wp-content\/uploads\/2025\/03\/INSS-1024x576.jpg\" alt=\"\"\/><figcaption class=\"wp-element-caption\">INSS atendimento &#8211; Agencia INSS &#8211; Cr\u00e9ditos: Divulga\u00e7\u00e3o \/ Ag\u00eancia Brasil<\/figcaption><\/figure>\n\n\n\n<h2 class=\"wp-block-heading\">Quem tem consignado tamb\u00e9m pode mudar de banco<\/h2>\n\n\n\n<p>Mesmo quem possui <strong>empr\u00e9stimo consignado ativo<\/strong> pode solicitar a portabilidade. E mais: \u00e9 poss\u00edvel tamb\u00e9m transferir o contrato de cr\u00e9dito para outra institui\u00e7\u00e3o que ofere\u00e7a juros menores e melhores condi\u00e7\u00f5es.<\/p>\n\n\n\n<p>Importante: o banco n\u00e3o pode recusar a portabilidade sem justificativa legal. Em caso de negativa injustificada, o benefici\u00e1rio deve procurar \u00f3rg\u00e3os de defesa do consumidor ou apoio jur\u00eddico gratuito.<\/p>\n\n\n\n<h2 class=\"wp-block-heading\">Liberdade banc\u00e1ria para quem trabalhou a vida toda<\/h2>\n\n\n\n<p>A portabilidade banc\u00e1ria \u00e9 um direito garantido por lei e oferece a chance de o aposentado ter mais controle sobre sua aposentadoria. Al\u00e9m de fugir de taxas abusivas, \u00e9 poss\u00edvel encontrar bancos com melhor atendimento, aplicativos mais intuitivos e facilidades exclusivas para idosos.<\/p>\n\n\n\n<p>Em um pa\u00eds com mais de 39 milh\u00f5es de benefici\u00e1rios do INSS, essa ferramenta se torna essencial para garantir tranquilidade financeira e uma rela\u00e7\u00e3o mais justa com o sistema banc\u00e1rio.<\/p>\n","protected":false},"excerpt":{"rendered":"<p>Milhares de aposentados e pensionistas do INSS t\u00eam agora mais poder sobre seu dinheiro. A portabilidade de pagamento permite que benefici\u00e1rios mudem de banco para receber seus benef\u00edcios em uma nova institui\u00e7\u00e3o financeira \u2014 sem burocracia e sem custo. O objetivo \u00e9 claro: mais liberdade, melhores tarifas e servi\u00e7os de qualidade. Para muitos, essa mudan\u00e7a [&hellip;]<\/p>\n","protected":false},"author":11,"featured_media":25377,"comment_status":"open","ping_status":"open","sticky":false,"template":"","format":"standard","meta":{"jnews-multi-image_gallery":[],"jnews_single_post":{"format":"standard"},"jnews_primary_category":[],"jnews_social_meta":[],"jnews_override_counter":[],"footnotes":""},"categories":[28,1],"tags":[174,7323,1390],"class_list":["post-43957","post","type-post","status-publish","format-standard","has-post-thumbnail","hentry","category-economia","category-noticias","tag-inss","tag-inss-2025","tag-pagamentos-inss"],"yoast_head":"<!-- This site is optimized with the Yoast SEO plugin v23.8 - https:\/\/yoast.com\/wordpress\/plugins\/seo\/ -->\n<title>INSS emite aviso 03\/05 para aposentados que recebem benef\u00edcio - Estado de Minas - Em foco<\/title>\n<meta name=\"description\" content=\"INSS emite aviso aos aposentados para que eles fiquem cientes das mudan\u00e7as e oportunidades sobre recebimento do benef\u00edcio.\" \/>\n<meta name=\"robots\" content=\"index, follow, max-snippet:-1, max-image-preview:large, max-video-preview:-1\" \/>\n<link rel=\"canonical\" href=\"https:\/\/www.em.com.br\/emfoco\/2025\/05\/04\/inss-emite-aviso-03-05-para-aposentados-que-recebem-beneficio\/\" \/>\n<meta property=\"og:locale\" content=\"pt_BR\" \/>\n<meta property=\"og:type\" content=\"article\" \/>\n<meta property=\"og:title\" content=\"INSS emite aviso 03\/05 para aposentados que recebem benef\u00edcio - Estado de Minas - Em foco\" \/>\n<meta property=\"og:description\" content=\"INSS emite aviso aos aposentados para que eles fiquem cientes das mudan\u00e7as e oportunidades sobre recebimento do benef\u00edcio.\" \/>\n<meta property=\"og:url\" content=\"https:\/\/www.em.com.br\/emfoco\/2025\/05\/04\/inss-emite-aviso-03-05-para-aposentados-que-recebem-beneficio\/\" \/>\n<meta property=\"og:site_name\" content=\"Estado de Minas - Em foco\" \/>\n<meta property=\"article:published_time\" content=\"2025-05-04T12:20:00+00:00\" \/>\n<meta property=\"article:modified_time\" content=\"2025-05-03T11:46:57+00:00\" \/>\n<meta property=\"og:image\" content=\"https:\/\/www.em.com.br\/emfoco\/wp-content\/uploads\/2025\/03\/INSS_1741148407318.jpg\" \/>\n\t<meta property=\"og:image:width\" content=\"1280\" \/>\n\t<meta property=\"og:image:height\" content=\"720\" \/>\n\t<meta property=\"og:image:type\" content=\"image\/jpeg\" \/>\n<meta name=\"author\" content=\"Andre\u0301 Rangel\u00a0\" \/>\n<meta name=\"twitter:card\" content=\"summary_large_image\" \/>\n<meta name=\"twitter:label1\" content=\"Escrito por\" \/>\n\t<meta name=\"twitter:data1\" content=\"Andre\u0301 Rangel\u00a0\" \/>\n\t<meta name=\"twitter:label2\" content=\"Est. tempo de leitura\" \/>\n\t<meta name=\"twitter:data2\" content=\"3 minutos\" \/>\n<!-- \/ Yoast SEO plugin. -->","yoast_head_json":{"title":"INSS emite aviso 03\/05 para aposentados que recebem benef\u00edcio - Estado de Minas - Em foco","description":"INSS emite aviso aos aposentados para que eles fiquem cientes das mudan\u00e7as e oportunidades sobre recebimento do benef\u00edcio.","robots":{"index":"index","follow":"follow","max-snippet":"max-snippet:-1","max-image-preview":"max-image-preview:large","max-video-preview":"max-video-preview:-1"},"canonical":"https:\/\/www.em.com.br\/emfoco\/2025\/05\/04\/inss-emite-aviso-03-05-para-aposentados-que-recebem-beneficio\/","og_locale":"pt_BR","og_type":"article","og_title":"INSS emite aviso 03\/05 para aposentados que recebem benef\u00edcio - Estado de Minas - Em foco","og_description":"INSS emite aviso aos aposentados para que eles fiquem cientes das mudan\u00e7as e oportunidades sobre recebimento do benef\u00edcio.","og_url":"https:\/\/www.em.com.br\/emfoco\/2025\/05\/04\/inss-emite-aviso-03-05-para-aposentados-que-recebem-beneficio\/","og_site_name":"Estado de Minas - Em foco","article_published_time":"2025-05-04T12:20:00+00:00","article_modified_time":"2025-05-03T11:46:57+00:00","og_image":[{"width":1280,"height":720,"url":"https:\/\/www.em.com.br\/emfoco\/wp-content\/uploads\/2025\/03\/INSS_1741148407318.jpg","type":"image\/jpeg"}],"author":"Andre\u0301 Rangel\u00a0","twitter_card":"summary_large_image","twitter_misc":{"Escrito por":"Andre\u0301 Rangel\u00a0","Est. tempo de leitura":"3 minutos"},"schema":{"@context":"https:\/\/schema.org","@graph":[{"@type":"WebPage","@id":"https:\/\/www.em.com.br\/emfoco\/2025\/05\/04\/inss-emite-aviso-03-05-para-aposentados-que-recebem-beneficio\/","url":"https:\/\/www.em.com.br\/emfoco\/2025\/05\/04\/inss-emite-aviso-03-05-para-aposentados-que-recebem-beneficio\/","name":"INSS emite aviso 03\/05 para aposentados que recebem benef\u00edcio - Estado de Minas - Em foco","isPartOf":{"@id":"https:\/\/www.em.com.br\/emfoco\/#website"},"primaryImageOfPage":{"@id":"https:\/\/www.em.com.br\/emfoco\/2025\/05\/04\/inss-emite-aviso-03-05-para-aposentados-que-recebem-beneficio\/#primaryimage"},"image":{"@id":"https:\/\/www.em.com.br\/emfoco\/2025\/05\/04\/inss-emite-aviso-03-05-para-aposentados-que-recebem-beneficio\/#primaryimage"},"thumbnailUrl":"https:\/\/www.em.com.br\/emfoco\/wp-content\/uploads\/2025\/03\/INSS_1741148407318.jpg","datePublished":"2025-05-04T12:20:00+00:00","dateModified":"2025-05-03T11:46:57+00:00","author":{"@id":"https:\/\/www.em.com.br\/emfoco\/#\/schema\/person\/60eda09c1fedf0d6891f4cef4b60b8b8"},"description":"INSS emite aviso aos aposentados para que eles fiquem cientes das mudan\u00e7as e oportunidades sobre recebimento do benef\u00edcio.","breadcrumb":{"@id":"https:\/\/www.em.com.br\/emfoco\/2025\/05\/04\/inss-emite-aviso-03-05-para-aposentados-que-recebem-beneficio\/#breadcrumb"},"inLanguage":"pt-BR","potentialAction":[{"@type":"ReadAction","target":["https:\/\/www.em.com.br\/emfoco\/2025\/05\/04\/inss-emite-aviso-03-05-para-aposentados-que-recebem-beneficio\/"]}]},{"@type":"ImageObject","inLanguage":"pt-BR","@id":"https:\/\/www.em.com.br\/emfoco\/2025\/05\/04\/inss-emite-aviso-03-05-para-aposentados-que-recebem-beneficio\/#primaryimage","url":"https:\/\/www.em.com.br\/emfoco\/wp-content\/uploads\/2025\/03\/INSS_1741148407318.jpg","contentUrl":"https:\/\/www.em.com.br\/emfoco\/wp-content\/uploads\/2025\/03\/INSS_1741148407318.jpg","width":1280,"height":720,"caption":"A maior mudan\u00e7a do INSS - Cr\u00e9ditos: depositphotos.com \/ joasouza"},{"@type":"BreadcrumbList","@id":"https:\/\/www.em.com.br\/emfoco\/2025\/05\/04\/inss-emite-aviso-03-05-para-aposentados-que-recebem-beneficio\/#breadcrumb","itemListElement":[{"@type":"ListItem","position":1,"name":"In\u00edcio","item":"https:\/\/www.em.com.br\/emfoco\/"},{"@type":"ListItem","position":2,"name":"INSS emite aviso 03\/05 para aposentados que recebem benef\u00edcio"}]},{"@type":"WebSite","@id":"https:\/\/www.em.com.br\/emfoco\/#website","url":"https:\/\/www.em.com.br\/emfoco\/","name":"Estado de Minas - Em foco","description":"Acompanhe as \u00faltimas not\u00edcias e fique bem informado sobre tudo o que acontece em Minas Gerais, Brasil e no mundo.","potentialAction":[{"@type":"SearchAction","target":{"@type":"EntryPoint","urlTemplate":"https:\/\/www.em.com.br\/emfoco\/?s={search_term_string}"},"query-input":{"@type":"PropertyValueSpecification","valueRequired":true,"valueName":"search_term_string"}}],"inLanguage":"pt-BR"},{"@type":"Person","@id":"https:\/\/www.em.com.br\/emfoco\/#\/schema\/person\/60eda09c1fedf0d6891f4cef4b60b8b8","name":"Andre\u0301 Rangel\u00a0","image":{"@type":"ImageObject","inLanguage":"pt-BR","@id":"https:\/\/www.em.com.br\/emfoco\/#\/schema\/person\/image\/","url":"https:\/\/secure.gravatar.com\/avatar\/6234dc814c77c8ef6d8bba622c787efc?s=96&d=mm&r=g","contentUrl":"https:\/\/secure.gravatar.com\/avatar\/6234dc814c77c8ef6d8bba622c787efc?s=96&d=mm&r=g","caption":"Andre\u0301 Rangel\u00a0"},"url":"https:\/\/www.em.com.br\/emfoco\/author\/luizmyth\/"}]}},"_links":{"self":[{"href":"https:\/\/www.em.com.br\/emfoco\/wp-json\/wp\/v2\/posts\/43957","targetHints":{"allow":["GET"]}}],"collection":[{"href":"https:\/\/www.em.com.br\/emfoco\/wp-json\/wp\/v2\/posts"}],"about":[{"href":"https:\/\/www.em.com.br\/emfoco\/wp-json\/wp\/v2\/types\/post"}],"author":[{"embeddable":true,"href":"https:\/\/www.em.com.br\/emfoco\/wp-json\/wp\/v2\/users\/11"}],"replies":[{"embeddable":true,"href":"https:\/\/www.em.com.br\/emfoco\/wp-json\/wp\/v2\/comments?post=43957"}],"version-history":[{"count":4,"href":"https:\/\/www.em.com.br\/emfoco\/wp-json\/wp\/v2\/posts\/43957\/revisions"}],"predecessor-version":[{"id":44003,"href":"https:\/\/www.em.com.br\/emfoco\/wp-json\/wp\/v2\/posts\/43957\/revisions\/44003"}],"wp:featuredmedia":[{"embeddable":true,"href":"https:\/\/www.em.com.br\/emfoco\/wp-json\/wp\/v2\/media\/25377"}],"wp:attachment":[{"href":"https:\/\/www.em.com.br\/emfoco\/wp-json\/wp\/v2\/media?parent=43957"}],"wp:term":[{"taxonomy":"category","embeddable":true,"href":"https:\/\/www.em.com.br\/emfoco\/wp-json\/wp\/v2\/categories?post=43957"},{"taxonomy":"post_tag","embeddable":true,"href":"https:\/\/www.em.com.br\/emfoco\/wp-json\/wp\/v2\/tags?post=43957"}],"curies":[{"name":"wp","href":"https:\/\/api.w.org\/{rel}","templated":true}]}}