{"id":43871,"date":"2025-05-03T17:00:00","date_gmt":"2025-05-03T20:00:00","guid":{"rendered":"https:\/\/www.em.com.br\/emfoco\/?p=43871"},"modified":"2025-05-02T16:37:37","modified_gmt":"2025-05-02T19:37:37","slug":"inss-libera-calendario-do-bpc-veja-se-voce-recebe-em-maio","status":"publish","type":"post","link":"https:\/\/www.em.com.br\/emfoco\/2025\/05\/03\/inss-libera-calendario-do-bpc-veja-se-voce-recebe-em-maio\/","title":{"rendered":"INSS libera calend\u00e1rio do BPC; veja se voc\u00ea recebe em maio"},"content":{"rendered":"\n<p>Em meio a um cen\u00e1rio de desigualdade social, o<strong> <a href=\"https:\/\/www.em.com.br\/emfoco\/2025\/05\/01\/r-1-518-garantidos-veja-calendario-e-como-manter-o-bpc-ativo-em-2025\/\" target=\"_blank\" rel=\"noreferrer noopener\">Benef\u00edcio de Presta\u00e7\u00e3o Continuada (BPC)<\/a><\/strong> segue como um dos principais instrumentos de prote\u00e7\u00e3o social no Brasil. Voltado a idosos com 65 anos ou mais e pessoas com defici\u00eancia de qualquer idade, o benef\u00edcio paga um sal\u00e1rio m\u00ednimo mensal a quem vive em situa\u00e7\u00e3o de extrema vulnerabilidade.<\/p>\n\n\n\n<p>Regido pela <strong>Lei Org\u00e2nica da Assist\u00eancia Social (LOAS)<\/strong>, o BPC \u00e9 administrado pelo <strong>Minist\u00e9rio do Desenvolvimento e Assist\u00eancia Social<\/strong> e executado pelo INSS. Em 2025, com o sal\u00e1rio m\u00ednimo fixado em R$ 1.518,00, o BPC se torna ainda mais vital para milh\u00f5es de fam\u00edlias brasileiras.<\/p>\n\n\n\n<h2 class=\"wp-block-heading\">Quem pode receber o BPC em 2025?<\/h2>\n\n\n\n<p>O crit\u00e9rio central para a concess\u00e3o do BPC \u00e9 a renda familiar per capita inferior a \u00bc do sal\u00e1rio m\u00ednimo, ou seja, R$ 379,50 em 2025. Al\u00e9m disso, o solicitante deve:<\/p>\n\n\n\n<ul class=\"wp-block-list\">\n<li><strong>Ter 65 anos ou mais, no caso de idosos<\/strong><\/li>\n\n\n\n<li><strong>Ter defici\u00eancia de longo prazo, de natureza f\u00edsica, mental, intelectual ou sensorial<\/strong><\/li>\n\n\n\n<li><strong>Estar inscrito no <a href=\"https:\/\/www.gov.br\/pt-br\/servicos\/consultar-dados-do-cadastro-unico-cadunico\" target=\"_blank\" rel=\"noreferrer noopener\">Cadastro \u00danico (Cad\u00danico)<\/a> atualizado<\/strong><\/li>\n\n\n\n<li><strong>Passar por avalia\u00e7\u00e3o social e m\u00e9dica (no caso de pessoas com defici\u00eancia)<\/strong><\/li>\n<\/ul>\n\n\n\n<p>Importante: o BPC n\u00e3o exige contribui\u00e7\u00e3o ao <strong>INSS <\/strong>e n\u00e3o \u00e9 aposentadoria, embora seja pago mensalmente e tenha grande impacto na vida dos benefici\u00e1rios.<\/p>\n\n\n\n<h2 class=\"wp-block-heading\">Como funciona o calend\u00e1rio de pagamento<\/h2>\n\n\n\n<p>O pagamento do BPC \u00e9 organizado conforme o <strong>pen\u00faltimo d\u00edgito do N\u00famero de Benef\u00edcio (NB)<\/strong>. Em maio de 2025, por exemplo, os dep\u00f3sitos ser\u00e3o realizados entre os dias 26 de maio e 6 de junho.<\/p>\n\n\n\n<p>O calend\u00e1rio funciona da seguinte forma:<\/p>\n\n\n\n<ul class=\"wp-block-list\">\n<li><strong>Pen\u00faltimo d\u00edgito 1: pagamento em 26 de maio<\/strong><\/li>\n\n\n\n<li><strong>D\u00edgito 2: 27 de maio<\/strong><\/li>\n\n\n\n<li><strong>E assim por diante, at\u00e9 o d\u00edgito 0, que recebe no dia 6 de junho<\/strong><\/li>\n<\/ul>\n\n\n\n<figure class=\"wp-block-image\"><img decoding=\"async\" src=\"https:\/\/www.em.com.br\/emfoco\/wp-content\/uploads\/2025\/03\/bpc-carrossel-1024x576.jpg\" alt=\"\"\/><figcaption class=\"wp-element-caption\">BPC &#8211; Cr\u00e9ditos: Divulga\u00e7\u00e3o\/Gov.br<\/figcaption><\/figure>\n\n\n\n<p>Essa l\u00f3gica \u00e9 semelhante \u00e0 usada para aposentadorias e pens\u00f5es do INSS, garantindo organiza\u00e7\u00e3o e previsibilidade.<\/p>\n\n\n\n<h2 class=\"wp-block-heading\">Como solicitar o BPC de forma segura<\/h2>\n\n\n\n<p>O pedido do BPC pode ser feito sem sair de casa, pelo site ou aplicativo <strong>Meu INSS<\/strong>. O processo \u00e9 gratuito e consiste em:<\/p>\n\n\n\n<ol class=\"wp-block-list\">\n<li><strong>Acessar o portal Meu INSS<\/strong><\/li>\n\n\n\n<li><strong>Escolher entre \u201cBenef\u00edcio \u00e0 Pessoa Idosa\u201d ou \u201cPessoa com Defici\u00eancia\u201d<\/strong><\/li>\n\n\n\n<li><strong>Preencher os dados e anexar documentos<\/strong><\/li>\n\n\n\n<li><strong>Agendar, se necess\u00e1rio, a avalia\u00e7\u00e3o m\u00e9dica e social<\/strong><\/li>\n\n\n\n<li><strong>Acompanhar o andamento pelo pr\u00f3prio app<\/strong><\/li>\n<\/ol>\n\n\n\n<p>O Cad\u00danico deve estar atualizado, o que pode ser feito em qualquer C<strong>RAS<\/strong>.<\/p>\n\n\n\n<h2 class=\"wp-block-heading\">Atualiza\u00e7\u00e3o cadastral evita suspens\u00e3o do BPC<\/h2>\n\n\n\n<p>Um dos principais motivos de suspens\u00e3o do BPC \u00e9 a falta de atualiza\u00e7\u00e3o no Cad\u00danico, exigida a cada 2 anos. Por isso, \u00e9 fundamental comparecer ao CRAS com documento com foto e comprovante de resid\u00eancia.<\/p>\n\n\n\n<p>Al\u00e9m disso, os benefici\u00e1rios devem ficar atentos a comunica\u00e7\u00f5es oficiais do INSS e verificar regularmente o extrato de pagamento.<\/p>\n","protected":false},"excerpt":{"rendered":"<p>Em meio a um cen\u00e1rio de desigualdade social, o Benef\u00edcio de Presta\u00e7\u00e3o Continuada (BPC) segue como um dos principais instrumentos de prote\u00e7\u00e3o social no Brasil. Voltado a idosos com 65 anos ou mais e pessoas com defici\u00eancia de qualquer idade, o benef\u00edcio paga um sal\u00e1rio m\u00ednimo mensal a quem vive em situa\u00e7\u00e3o de extrema vulnerabilidade. [&hellip;]<\/p>\n","protected":false},"author":11,"featured_media":32638,"comment_status":"open","ping_status":"open","sticky":false,"template":"","format":"standard","meta":{"jnews-multi-image_gallery":[],"jnews_single_post":{"format":"standard"},"jnews_primary_category":[],"jnews_social_meta":[],"jnews_override_counter":[],"footnotes":""},"categories":[28,1],"tags":[7392,174,7917],"class_list":["post-43871","post","type-post","status-publish","format-standard","has-post-thumbnail","hentry","category-economia","category-noticias","tag-bpc-2025","tag-inss","tag-pagamento-bpc"],"yoast_head":"<!-- This site is optimized with the Yoast SEO plugin v23.8 - https:\/\/yoast.com\/wordpress\/plugins\/seo\/ -->\n<title>INSS libera calend\u00e1rio do BPC; veja se voc\u00ea recebe em maio - Estado de Minas - Em foco<\/title>\n<meta name=\"description\" content=\"Veja os crit\u00e9rios para receber o Benef\u00edcio de Presta\u00e7\u00e3o Continuada (BPC) em 2025 e o calend\u00e1rio completo de pagamento para maio.\" \/>\n<meta name=\"robots\" content=\"index, follow, max-snippet:-1, max-image-preview:large, max-video-preview:-1\" \/>\n<link rel=\"canonical\" href=\"https:\/\/www.em.com.br\/emfoco\/2025\/05\/03\/inss-libera-calendario-do-bpc-veja-se-voce-recebe-em-maio\/\" \/>\n<meta property=\"og:locale\" content=\"pt_BR\" \/>\n<meta property=\"og:type\" content=\"article\" \/>\n<meta property=\"og:title\" content=\"INSS libera calend\u00e1rio do BPC; veja se voc\u00ea recebe em maio - Estado de Minas - Em foco\" \/>\n<meta property=\"og:description\" content=\"Veja os crit\u00e9rios para receber o Benef\u00edcio de Presta\u00e7\u00e3o Continuada (BPC) em 2025 e o calend\u00e1rio completo de pagamento para maio.\" \/>\n<meta property=\"og:url\" content=\"https:\/\/www.em.com.br\/emfoco\/2025\/05\/03\/inss-libera-calendario-do-bpc-veja-se-voce-recebe-em-maio\/\" \/>\n<meta property=\"og:site_name\" content=\"Estado de Minas - Em foco\" \/>\n<meta property=\"article:published_time\" content=\"2025-05-03T20:00:00+00:00\" \/>\n<meta property=\"article:modified_time\" content=\"2025-05-02T19:37:37+00:00\" \/>\n<meta property=\"og:image\" content=\"https:\/\/www.em.com.br\/emfoco\/wp-content\/uploads\/2025\/03\/bpc-carrossel.jpg\" \/>\n\t<meta property=\"og:image:width\" content=\"1280\" \/>\n\t<meta property=\"og:image:height\" content=\"720\" \/>\n\t<meta property=\"og:image:type\" content=\"image\/jpeg\" \/>\n<meta name=\"author\" content=\"Andre\u0301 Rangel\u00a0\" \/>\n<meta name=\"twitter:card\" content=\"summary_large_image\" \/>\n<meta name=\"twitter:label1\" content=\"Escrito por\" \/>\n\t<meta name=\"twitter:data1\" content=\"Andre\u0301 Rangel\u00a0\" \/>\n\t<meta name=\"twitter:label2\" content=\"Est. tempo de leitura\" \/>\n\t<meta name=\"twitter:data2\" content=\"3 minutos\" \/>\n<!-- \/ Yoast SEO plugin. -->","yoast_head_json":{"title":"INSS libera calend\u00e1rio do BPC; veja se voc\u00ea recebe em maio - Estado de Minas - Em foco","description":"Veja os crit\u00e9rios para receber o Benef\u00edcio de Presta\u00e7\u00e3o Continuada (BPC) em 2025 e o calend\u00e1rio completo de pagamento para maio.","robots":{"index":"index","follow":"follow","max-snippet":"max-snippet:-1","max-image-preview":"max-image-preview:large","max-video-preview":"max-video-preview:-1"},"canonical":"https:\/\/www.em.com.br\/emfoco\/2025\/05\/03\/inss-libera-calendario-do-bpc-veja-se-voce-recebe-em-maio\/","og_locale":"pt_BR","og_type":"article","og_title":"INSS libera calend\u00e1rio do BPC; veja se voc\u00ea recebe em maio - Estado de Minas - Em foco","og_description":"Veja os crit\u00e9rios para receber o Benef\u00edcio de Presta\u00e7\u00e3o Continuada (BPC) em 2025 e o calend\u00e1rio completo de pagamento para maio.","og_url":"https:\/\/www.em.com.br\/emfoco\/2025\/05\/03\/inss-libera-calendario-do-bpc-veja-se-voce-recebe-em-maio\/","og_site_name":"Estado de Minas - Em foco","article_published_time":"2025-05-03T20:00:00+00:00","article_modified_time":"2025-05-02T19:37:37+00:00","og_image":[{"width":1280,"height":720,"url":"https:\/\/www.em.com.br\/emfoco\/wp-content\/uploads\/2025\/03\/bpc-carrossel.jpg","type":"image\/jpeg"}],"author":"Andre\u0301 Rangel\u00a0","twitter_card":"summary_large_image","twitter_misc":{"Escrito por":"Andre\u0301 Rangel\u00a0","Est. tempo de leitura":"3 minutos"},"schema":{"@context":"https:\/\/schema.org","@graph":[{"@type":"WebPage","@id":"https:\/\/www.em.com.br\/emfoco\/2025\/05\/03\/inss-libera-calendario-do-bpc-veja-se-voce-recebe-em-maio\/","url":"https:\/\/www.em.com.br\/emfoco\/2025\/05\/03\/inss-libera-calendario-do-bpc-veja-se-voce-recebe-em-maio\/","name":"INSS libera calend\u00e1rio do BPC; veja se voc\u00ea recebe em maio - Estado de Minas - Em foco","isPartOf":{"@id":"https:\/\/www.em.com.br\/emfoco\/#website"},"primaryImageOfPage":{"@id":"https:\/\/www.em.com.br\/emfoco\/2025\/05\/03\/inss-libera-calendario-do-bpc-veja-se-voce-recebe-em-maio\/#primaryimage"},"image":{"@id":"https:\/\/www.em.com.br\/emfoco\/2025\/05\/03\/inss-libera-calendario-do-bpc-veja-se-voce-recebe-em-maio\/#primaryimage"},"thumbnailUrl":"https:\/\/www.em.com.br\/emfoco\/wp-content\/uploads\/2025\/03\/bpc-carrossel.jpg","datePublished":"2025-05-03T20:00:00+00:00","dateModified":"2025-05-02T19:37:37+00:00","author":{"@id":"https:\/\/www.em.com.br\/emfoco\/#\/schema\/person\/60eda09c1fedf0d6891f4cef4b60b8b8"},"description":"Veja os crit\u00e9rios para receber o Benef\u00edcio de Presta\u00e7\u00e3o Continuada (BPC) em 2025 e o calend\u00e1rio completo de pagamento para maio.","breadcrumb":{"@id":"https:\/\/www.em.com.br\/emfoco\/2025\/05\/03\/inss-libera-calendario-do-bpc-veja-se-voce-recebe-em-maio\/#breadcrumb"},"inLanguage":"pt-BR","potentialAction":[{"@type":"ReadAction","target":["https:\/\/www.em.com.br\/emfoco\/2025\/05\/03\/inss-libera-calendario-do-bpc-veja-se-voce-recebe-em-maio\/"]}]},{"@type":"ImageObject","inLanguage":"pt-BR","@id":"https:\/\/www.em.com.br\/emfoco\/2025\/05\/03\/inss-libera-calendario-do-bpc-veja-se-voce-recebe-em-maio\/#primaryimage","url":"https:\/\/www.em.com.br\/emfoco\/wp-content\/uploads\/2025\/03\/bpc-carrossel.jpg","contentUrl":"https:\/\/www.em.com.br\/emfoco\/wp-content\/uploads\/2025\/03\/bpc-carrossel.jpg","width":1280,"height":720,"caption":"BPC - Cr\u00e9ditos: Divulga\u00e7\u00e3o\/Gov.br"},{"@type":"BreadcrumbList","@id":"https:\/\/www.em.com.br\/emfoco\/2025\/05\/03\/inss-libera-calendario-do-bpc-veja-se-voce-recebe-em-maio\/#breadcrumb","itemListElement":[{"@type":"ListItem","position":1,"name":"In\u00edcio","item":"https:\/\/www.em.com.br\/emfoco\/"},{"@type":"ListItem","position":2,"name":"INSS libera calend\u00e1rio do BPC; veja se voc\u00ea recebe em maio"}]},{"@type":"WebSite","@id":"https:\/\/www.em.com.br\/emfoco\/#website","url":"https:\/\/www.em.com.br\/emfoco\/","name":"Estado de Minas - Em foco","description":"Acompanhe as \u00faltimas not\u00edcias e fique bem informado sobre tudo o que acontece em Minas Gerais, Brasil e no mundo.","potentialAction":[{"@type":"SearchAction","target":{"@type":"EntryPoint","urlTemplate":"https:\/\/www.em.com.br\/emfoco\/?s={search_term_string}"},"query-input":{"@type":"PropertyValueSpecification","valueRequired":true,"valueName":"search_term_string"}}],"inLanguage":"pt-BR"},{"@type":"Person","@id":"https:\/\/www.em.com.br\/emfoco\/#\/schema\/person\/60eda09c1fedf0d6891f4cef4b60b8b8","name":"Andre\u0301 Rangel\u00a0","image":{"@type":"ImageObject","inLanguage":"pt-BR","@id":"https:\/\/www.em.com.br\/emfoco\/#\/schema\/person\/image\/","url":"https:\/\/secure.gravatar.com\/avatar\/6234dc814c77c8ef6d8bba622c787efc?s=96&d=mm&r=g","contentUrl":"https:\/\/secure.gravatar.com\/avatar\/6234dc814c77c8ef6d8bba622c787efc?s=96&d=mm&r=g","caption":"Andre\u0301 Rangel\u00a0"},"url":"https:\/\/www.em.com.br\/emfoco\/author\/luizmyth\/"}]}},"_links":{"self":[{"href":"https:\/\/www.em.com.br\/emfoco\/wp-json\/wp\/v2\/posts\/43871","targetHints":{"allow":["GET"]}}],"collection":[{"href":"https:\/\/www.em.com.br\/emfoco\/wp-json\/wp\/v2\/posts"}],"about":[{"href":"https:\/\/www.em.com.br\/emfoco\/wp-json\/wp\/v2\/types\/post"}],"author":[{"embeddable":true,"href":"https:\/\/www.em.com.br\/emfoco\/wp-json\/wp\/v2\/users\/11"}],"replies":[{"embeddable":true,"href":"https:\/\/www.em.com.br\/emfoco\/wp-json\/wp\/v2\/comments?post=43871"}],"version-history":[{"count":3,"href":"https:\/\/www.em.com.br\/emfoco\/wp-json\/wp\/v2\/posts\/43871\/revisions"}],"predecessor-version":[{"id":43947,"href":"https:\/\/www.em.com.br\/emfoco\/wp-json\/wp\/v2\/posts\/43871\/revisions\/43947"}],"wp:featuredmedia":[{"embeddable":true,"href":"https:\/\/www.em.com.br\/emfoco\/wp-json\/wp\/v2\/media\/32638"}],"wp:attachment":[{"href":"https:\/\/www.em.com.br\/emfoco\/wp-json\/wp\/v2\/media?parent=43871"}],"wp:term":[{"taxonomy":"category","embeddable":true,"href":"https:\/\/www.em.com.br\/emfoco\/wp-json\/wp\/v2\/categories?post=43871"},{"taxonomy":"post_tag","embeddable":true,"href":"https:\/\/www.em.com.br\/emfoco\/wp-json\/wp\/v2\/tags?post=43871"}],"curies":[{"name":"wp","href":"https:\/\/api.w.org\/{rel}","templated":true}]}}