{"id":4365,"date":"2024-12-12T07:00:00","date_gmt":"2024-12-12T10:00:00","guid":{"rendered":"https:\/\/www.em.com.br\/emfoco\/?p=4365"},"modified":"2024-12-11T13:39:56","modified_gmt":"2024-12-11T16:39:56","slug":"sao-paulo-sem-rodizio-caos-ou-alivio-no-transito-descubra","status":"publish","type":"post","link":"https:\/\/www.em.com.br\/emfoco\/2024\/12\/12\/sao-paulo-sem-rodizio-caos-ou-alivio-no-transito-descubra\/","title":{"rendered":"S\u00e3o Paulo sem rod\u00edzio: caos ou al\u00edvio no tr\u00e2nsito? Descubra"},"content":{"rendered":"\n<p>Em um movimento que traz al\u00edvio para muitos motoristas, a cidade de <a href=\"https:\/\/www.em.com.br\/emfoco\/2024\/12\/10\/veja-como-curtir-o-ano-novo-em-sao-paulo\/\" target=\"_blank\" rel=\"noreferrer noopener\">S\u00e3o Paulo<\/a> suspender\u00e1 temporariamente o rod\u00edzio municipal de ve\u00edculos para carros de passeio. Essa interrup\u00e7\u00e3o acontecer\u00e1 entre os dias 23 de dezembro de 2024 e 10 de janeiro de 2025. Este per\u00edodo \u00e9 marcado por intensas viagens de final de ano, que geralmente resultam em um tr\u00e1fego menos denso na capital.<\/p>\n\n\n\n<p>A <a href=\"https:\/\/www.cetsp.com.br\/\" target=\"_blank\" rel=\"noreferrer noopener\">Companhia de Engenharia de Tr\u00e1fego (CET)<\/a> anunciou que as restri\u00e7\u00f5es retornar\u00e3o ao normal em 13 de janeiro de 2025. Vale destacar que, apesar da suspens\u00e3o tempor\u00e1ria, outras restri\u00e7\u00f5es voltadas para ve\u00edculos pesados, como caminh\u00f5es, e as \u00e1reas de restri\u00e7\u00e3o ao fretamento continuar\u00e3o sendo aplicadas.<\/p>\n\n\n\n<h2 class=\"wp-block-heading\">Como Funciona o Rod\u00edzio Municipal de Ve\u00edculos?<\/h2>\n\n\n\n<p>O rod\u00edzio de ve\u00edculos em S\u00e3o Paulo \u00e9 uma medida utilizada para melhorar o fluxo do tr\u00e2nsito urbano. Durante os dias \u00fateis, a circula\u00e7\u00e3o de carros \u00e9 restrita de acordo com o d\u00edgito final da placa. Isso contribui para a redu\u00e7\u00e3o de congestionamentos e emiss\u00f5es de poluentes.<\/p>\n\n\n<div class=\"wp-block-image\">\n<figure class=\"aligncenter size-large\"><img loading=\"lazy\" decoding=\"async\" width=\"1024\" height=\"576\" src=\"https:\/\/www.em.com.br\/emfoco\/wp-content\/uploads\/2024\/12\/Transito_1733935267724-1024x576.jpg\" alt=\"\" class=\"wp-image-4369\" srcset=\"https:\/\/www.em.com.br\/emfoco\/wp-content\/uploads\/2024\/12\/Transito_1733935267724-1024x576.jpg 1024w, https:\/\/www.em.com.br\/emfoco\/wp-content\/uploads\/2024\/12\/Transito_1733935267724-300x169.jpg 300w, https:\/\/www.em.com.br\/emfoco\/wp-content\/uploads\/2024\/12\/Transito_1733935267724-768x432.jpg 768w, https:\/\/www.em.com.br\/emfoco\/wp-content\/uploads\/2024\/12\/Transito_1733935267724-750x422.jpg 750w, https:\/\/www.em.com.br\/emfoco\/wp-content\/uploads\/2024\/12\/Transito_1733935267724-1140x641.jpg 1140w, https:\/\/www.em.com.br\/emfoco\/wp-content\/uploads\/2024\/12\/Transito_1733935267724.jpg 1280w\" sizes=\"auto, (max-width: 1024px) 100vw, 1024px\" \/><figcaption class=\"wp-element-caption\">Transito &#8211; Cr\u00e9ditos: depositphotos.com \/ ArenaCreative<\/figcaption><\/figure><\/div>\n\n\n<p>Aqui est\u00e1 como funciona a distribui\u00e7\u00e3o semanal das restri\u00e7\u00f5es:<\/p>\n\n\n\n<ul class=\"wp-block-list\">\n<li><strong>Segunda-feira:<\/strong> Placas com finais 1 e 2<\/li>\n\n\n\n<li><strong>Ter\u00e7a-feira:<\/strong> Placas com finais 3 e 4<\/li>\n\n\n\n<li><strong>Quarta-feira:<\/strong> Placas com finais 5 e 6<\/li>\n\n\n\n<li><strong>Quinta-feira:<\/strong> Placas com finais 7 e 8<\/li>\n\n\n\n<li><strong>Sexta-feira:<\/strong> Placas com finais 9 e 0<\/li>\n<\/ul>\n\n\n\n<h2 class=\"wp-block-heading\">Quais S\u00e3o as Consequ\u00eancias do N\u00e3o Cumprimento?<\/h2>\n\n\n\n<p>De acordo com o C\u00f3digo de Tr\u00e2nsito Brasileiro, transitar em hor\u00e1rios ou locais n\u00e3o permitidos constitui uma infra\u00e7\u00e3o de n\u00edvel m\u00e9dio. Motoristas que desrespeitarem as regras do rod\u00edzio est\u00e3o sujeitos a receber uma multa de R$ 130,16, al\u00e9m de quatro pontos adicionados ao seu prontu\u00e1rio.<\/p>\n\n\n\n<h2 class=\"wp-block-heading\">Quais \u00c1reas S\u00e3o Afetadas pela Restri\u00e7\u00e3o de Caminh\u00f5es?<\/h2>\n\n\n\n<p>Embora o rod\u00edzio para carros de passeio seja suspenso temporariamente, as zonas de m\u00e1xima restri\u00e7\u00e3o \u00e0 circula\u00e7\u00e3o de caminh\u00f5es e ao fretamento permanecem vigentes. Essas zonas visam evitar que ve\u00edculos pesados contribuam para a congest\u00e3o urbana em \u00e1reas cruciais da cidade, especialmente durante hor\u00e1rios de pico.<\/p>\n\n\n\n<h2 class=\"wp-block-heading\">Planejamento para o Per\u00edodo de Festas<\/h2>\n\n\n\n<p>Com o rod\u00edzio suspenso no final do ano, muitas fam\u00edlias aproveitam para viajar, o que impacta positivamente o tr\u00e2nsito na cidade. Para aqueles que permanecem em S\u00e3o Paulo, esta pode ser uma boa oportunidade para utilizar o carro sem as restri\u00e7\u00f5es habituais, sempre respeitando as demais regras de tr\u00e2nsito vigentes.<\/p>\n","protected":false},"excerpt":{"rendered":"<p>Em um movimento que traz al\u00edvio para muitos motoristas, a cidade de S\u00e3o Paulo suspender\u00e1 temporariamente o rod\u00edzio municipal de ve\u00edculos para carros de passeio. Essa interrup\u00e7\u00e3o acontecer\u00e1 entre os dias 23 de dezembro de 2024 e 10 de janeiro de 2025. Este per\u00edodo \u00e9 marcado por intensas viagens de final de ano, que geralmente [&hellip;]<\/p>\n","protected":false},"author":7,"featured_media":4368,"comment_status":"open","ping_status":"open","sticky":false,"template":"","format":"standard","meta":{"jnews-multi-image_gallery":[],"jnews_single_post":{"format":"standard"},"jnews_primary_category":[],"jnews_social_meta":[],"jnews_override_counter":[],"footnotes":""},"categories":[27],"tags":[1344,1863,1862,553,765],"class_list":["post-4365","post","type-post","status-publish","format-standard","has-post-thumbnail","hentry","category-carros","tag-ferias","tag-final-de-ano","tag-rodizio-de-carros","tag-sao-paulo","tag-transito"],"yoast_head":"<!-- This site is optimized with the Yoast SEO plugin v23.8 - https:\/\/yoast.com\/wordpress\/plugins\/seo\/ -->\n<title>S\u00e3o Paulo sem rod\u00edzio: caos ou al\u00edvio no tr\u00e2nsito? Descubra - Estado de Minas - Em foco<\/title>\n<meta name=\"description\" content=\"O rod\u00edzio de ve\u00edculos em S\u00e3o Paulo ser\u00e1 suspenso.Veja como isso afeta as suas viagens de fim de ano.\" \/>\n<meta name=\"robots\" content=\"index, follow, max-snippet:-1, max-image-preview:large, max-video-preview:-1\" \/>\n<link rel=\"canonical\" href=\"https:\/\/www.em.com.br\/emfoco\/2024\/12\/12\/sao-paulo-sem-rodizio-caos-ou-alivio-no-transito-descubra\/\" \/>\n<meta property=\"og:locale\" content=\"pt_BR\" \/>\n<meta property=\"og:type\" content=\"article\" \/>\n<meta property=\"og:title\" content=\"S\u00e3o Paulo sem rod\u00edzio: caos ou al\u00edvio no tr\u00e2nsito? Descubra - Estado de Minas - Em foco\" \/>\n<meta property=\"og:description\" content=\"O rod\u00edzio de ve\u00edculos em S\u00e3o Paulo ser\u00e1 suspenso.Veja como isso afeta as suas viagens de fim de ano.\" \/>\n<meta property=\"og:url\" content=\"https:\/\/www.em.com.br\/emfoco\/2024\/12\/12\/sao-paulo-sem-rodizio-caos-ou-alivio-no-transito-descubra\/\" \/>\n<meta property=\"og:site_name\" content=\"Estado de Minas - Em foco\" \/>\n<meta property=\"article:published_time\" content=\"2024-12-12T10:00:00+00:00\" \/>\n<meta property=\"article:modified_time\" content=\"2024-12-11T16:39:56+00:00\" \/>\n<meta property=\"og:image\" content=\"https:\/\/www.em.com.br\/emfoco\/wp-content\/uploads\/2024\/12\/Transito_1733935176064.jpg\" \/>\n\t<meta property=\"og:image:width\" content=\"1280\" \/>\n\t<meta property=\"og:image:height\" content=\"720\" \/>\n\t<meta property=\"og:image:type\" content=\"image\/jpeg\" \/>\n<meta name=\"author\" content=\"Kelvin\" \/>\n<meta name=\"twitter:card\" content=\"summary_large_image\" \/>\n<meta name=\"twitter:label1\" content=\"Escrito por\" \/>\n\t<meta name=\"twitter:data1\" content=\"Kelvin\" \/>\n\t<meta name=\"twitter:label2\" content=\"Est. tempo de leitura\" \/>\n\t<meta name=\"twitter:data2\" content=\"3 minutos\" \/>\n<!-- \/ Yoast SEO plugin. -->","yoast_head_json":{"title":"S\u00e3o Paulo sem rod\u00edzio: caos ou al\u00edvio no tr\u00e2nsito? Descubra - Estado de Minas - Em foco","description":"O rod\u00edzio de ve\u00edculos em S\u00e3o Paulo ser\u00e1 suspenso.Veja como isso afeta as suas viagens de fim de ano.","robots":{"index":"index","follow":"follow","max-snippet":"max-snippet:-1","max-image-preview":"max-image-preview:large","max-video-preview":"max-video-preview:-1"},"canonical":"https:\/\/www.em.com.br\/emfoco\/2024\/12\/12\/sao-paulo-sem-rodizio-caos-ou-alivio-no-transito-descubra\/","og_locale":"pt_BR","og_type":"article","og_title":"S\u00e3o Paulo sem rod\u00edzio: caos ou al\u00edvio no tr\u00e2nsito? Descubra - Estado de Minas - Em foco","og_description":"O rod\u00edzio de ve\u00edculos em S\u00e3o Paulo ser\u00e1 suspenso.Veja como isso afeta as suas viagens de fim de ano.","og_url":"https:\/\/www.em.com.br\/emfoco\/2024\/12\/12\/sao-paulo-sem-rodizio-caos-ou-alivio-no-transito-descubra\/","og_site_name":"Estado de Minas - Em foco","article_published_time":"2024-12-12T10:00:00+00:00","article_modified_time":"2024-12-11T16:39:56+00:00","og_image":[{"width":1280,"height":720,"url":"https:\/\/www.em.com.br\/emfoco\/wp-content\/uploads\/2024\/12\/Transito_1733935176064.jpg","type":"image\/jpeg"}],"author":"Kelvin","twitter_card":"summary_large_image","twitter_misc":{"Escrito por":"Kelvin","Est. tempo de leitura":"3 minutos"},"schema":{"@context":"https:\/\/schema.org","@graph":[{"@type":"WebPage","@id":"https:\/\/www.em.com.br\/emfoco\/2024\/12\/12\/sao-paulo-sem-rodizio-caos-ou-alivio-no-transito-descubra\/","url":"https:\/\/www.em.com.br\/emfoco\/2024\/12\/12\/sao-paulo-sem-rodizio-caos-ou-alivio-no-transito-descubra\/","name":"S\u00e3o Paulo sem rod\u00edzio: caos ou al\u00edvio no tr\u00e2nsito? Descubra - Estado de Minas - Em foco","isPartOf":{"@id":"https:\/\/www.em.com.br\/emfoco\/#website"},"primaryImageOfPage":{"@id":"https:\/\/www.em.com.br\/emfoco\/2024\/12\/12\/sao-paulo-sem-rodizio-caos-ou-alivio-no-transito-descubra\/#primaryimage"},"image":{"@id":"https:\/\/www.em.com.br\/emfoco\/2024\/12\/12\/sao-paulo-sem-rodizio-caos-ou-alivio-no-transito-descubra\/#primaryimage"},"thumbnailUrl":"https:\/\/www.em.com.br\/emfoco\/wp-content\/uploads\/2024\/12\/Transito_1733935176064.jpg","datePublished":"2024-12-12T10:00:00+00:00","dateModified":"2024-12-11T16:39:56+00:00","author":{"@id":"https:\/\/www.em.com.br\/emfoco\/#\/schema\/person\/fb0a7f48c6fbb94b83f413a80f61917d"},"description":"O rod\u00edzio de ve\u00edculos em S\u00e3o Paulo ser\u00e1 suspenso.Veja como isso afeta as suas viagens de fim de ano.","breadcrumb":{"@id":"https:\/\/www.em.com.br\/emfoco\/2024\/12\/12\/sao-paulo-sem-rodizio-caos-ou-alivio-no-transito-descubra\/#breadcrumb"},"inLanguage":"pt-BR","potentialAction":[{"@type":"ReadAction","target":["https:\/\/www.em.com.br\/emfoco\/2024\/12\/12\/sao-paulo-sem-rodizio-caos-ou-alivio-no-transito-descubra\/"]}]},{"@type":"ImageObject","inLanguage":"pt-BR","@id":"https:\/\/www.em.com.br\/emfoco\/2024\/12\/12\/sao-paulo-sem-rodizio-caos-ou-alivio-no-transito-descubra\/#primaryimage","url":"https:\/\/www.em.com.br\/emfoco\/wp-content\/uploads\/2024\/12\/Transito_1733935176064.jpg","contentUrl":"https:\/\/www.em.com.br\/emfoco\/wp-content\/uploads\/2024\/12\/Transito_1733935176064.jpg","width":1280,"height":720,"caption":"Transito - Cr\u00e9ditos: depositphotos.com \/ ministr"},{"@type":"BreadcrumbList","@id":"https:\/\/www.em.com.br\/emfoco\/2024\/12\/12\/sao-paulo-sem-rodizio-caos-ou-alivio-no-transito-descubra\/#breadcrumb","itemListElement":[{"@type":"ListItem","position":1,"name":"In\u00edcio","item":"https:\/\/www.em.com.br\/emfoco\/"},{"@type":"ListItem","position":2,"name":"S\u00e3o Paulo sem rod\u00edzio: caos ou al\u00edvio no tr\u00e2nsito? Descubra"}]},{"@type":"WebSite","@id":"https:\/\/www.em.com.br\/emfoco\/#website","url":"https:\/\/www.em.com.br\/emfoco\/","name":"Estado de Minas - Em foco","description":"Acompanhe as \u00faltimas not\u00edcias e fique bem informado sobre tudo o que acontece em Minas Gerais, Brasil e no mundo.","potentialAction":[{"@type":"SearchAction","target":{"@type":"EntryPoint","urlTemplate":"https:\/\/www.em.com.br\/emfoco\/?s={search_term_string}"},"query-input":{"@type":"PropertyValueSpecification","valueRequired":true,"valueName":"search_term_string"}}],"inLanguage":"pt-BR"},{"@type":"Person","@id":"https:\/\/www.em.com.br\/emfoco\/#\/schema\/person\/fb0a7f48c6fbb94b83f413a80f61917d","name":"Kelvin","image":{"@type":"ImageObject","inLanguage":"pt-BR","@id":"https:\/\/www.em.com.br\/emfoco\/#\/schema\/person\/image\/","url":"https:\/\/secure.gravatar.com\/avatar\/e74f84337e6bf6c4c5e88fbdffa05270?s=96&d=mm&r=g","contentUrl":"https:\/\/secure.gravatar.com\/avatar\/e74f84337e6bf6c4c5e88fbdffa05270?s=96&d=mm&r=g","caption":"Kelvin"},"sameAs":["https:\/\/www.em.com.br\/emfoco"],"url":"https:\/\/www.em.com.br\/emfoco\/author\/kelvinmyth\/"}]}},"_links":{"self":[{"href":"https:\/\/www.em.com.br\/emfoco\/wp-json\/wp\/v2\/posts\/4365","targetHints":{"allow":["GET"]}}],"collection":[{"href":"https:\/\/www.em.com.br\/emfoco\/wp-json\/wp\/v2\/posts"}],"about":[{"href":"https:\/\/www.em.com.br\/emfoco\/wp-json\/wp\/v2\/types\/post"}],"author":[{"embeddable":true,"href":"https:\/\/www.em.com.br\/emfoco\/wp-json\/wp\/v2\/users\/7"}],"replies":[{"embeddable":true,"href":"https:\/\/www.em.com.br\/emfoco\/wp-json\/wp\/v2\/comments?post=4365"}],"version-history":[{"count":2,"href":"https:\/\/www.em.com.br\/emfoco\/wp-json\/wp\/v2\/posts\/4365\/revisions"}],"predecessor-version":[{"id":4370,"href":"https:\/\/www.em.com.br\/emfoco\/wp-json\/wp\/v2\/posts\/4365\/revisions\/4370"}],"wp:featuredmedia":[{"embeddable":true,"href":"https:\/\/www.em.com.br\/emfoco\/wp-json\/wp\/v2\/media\/4368"}],"wp:attachment":[{"href":"https:\/\/www.em.com.br\/emfoco\/wp-json\/wp\/v2\/media?parent=4365"}],"wp:term":[{"taxonomy":"category","embeddable":true,"href":"https:\/\/www.em.com.br\/emfoco\/wp-json\/wp\/v2\/categories?post=4365"},{"taxonomy":"post_tag","embeddable":true,"href":"https:\/\/www.em.com.br\/emfoco\/wp-json\/wp\/v2\/tags?post=4365"}],"curies":[{"name":"wp","href":"https:\/\/api.w.org\/{rel}","templated":true}]}}