{"id":43423,"date":"2025-05-02T17:00:00","date_gmt":"2025-05-02T20:00:00","guid":{"rendered":"https:\/\/www.em.com.br\/emfoco\/?p=43423"},"modified":"2025-05-01T16:49:42","modified_gmt":"2025-05-01T19:49:42","slug":"mudanca-no-bpc-pega-beneficiarios-de-surpresa-e-milhoes-podem-perder-o-beneficio","status":"publish","type":"post","link":"https:\/\/www.em.com.br\/emfoco\/2025\/05\/02\/mudanca-no-bpc-pega-beneficiarios-de-surpresa-e-milhoes-podem-perder-o-beneficio\/","title":{"rendered":"Mudan\u00e7a no BPC pega benefici\u00e1rios de surpresa e milh\u00f5es podem perder o benef\u00edcio"},"content":{"rendered":"\n<p>O <strong><a href=\"https:\/\/www.em.com.br\/emfoco\/2025\/04\/30\/seu-beneficio-pode-estar-em-risco-governo-muda-regras-do-bpc-e-endurece-fiscalizacao\/\" target=\"_blank\" rel=\"noreferrer noopener\">Benef\u00edcio de Presta\u00e7\u00e3o Continuada (BPC)<\/a><\/strong> passou por uma transforma\u00e7\u00e3o em 2025, com mudan\u00e7as que j\u00e1 est\u00e3o impactando idosos e pessoas com defici\u00eancia em situa\u00e7\u00e3o de vulnerabilidade. A promessa do governo? Mais justi\u00e7a, menos fraudes e mais efici\u00eancia na entrega do benef\u00edcio.<\/p>\n\n\n\n<h2 class=\"wp-block-heading\">Identifica\u00e7\u00e3o biom\u00e9trica \u00e9 agora obrigat\u00f3ria<\/h2>\n\n\n\n<p>A principal novidade \u00e9 a exig\u00eancia de <strong>biometria facial <\/strong>e digital para todos os benefici\u00e1rios. Mesmo quem j\u00e1 recebia o BPC teve que passar pelo novo processo. O objetivo \u00e9 eliminar fraudes, como cadastros duplicados e uso indevido de documentos, garantindo que o sal\u00e1rio m\u00ednimo chegue a quem realmente precisa.<\/p>\n\n\n\n<h2 class=\"wp-block-heading\">Revis\u00e3o do Cad\u00danico agora \u00e9 a cada 2 anos<\/h2>\n\n\n\n<p>Antes, o<a href=\"https:\/\/www.gov.br\/pt-br\/servicos\/consultar-dados-do-cadastro-unico-cadunico\" target=\"_blank\" rel=\"noreferrer noopener\"> <strong>Cadastro \u00danico <\/strong><\/a>era atualizado a cada 4 anos. Agora, o prazo caiu pela metade. A atualiza\u00e7\u00e3o bienal se tornou obrigat\u00f3ria para manter os dados sempre atualizados, refletindo com mais precis\u00e3o a realidade econ\u00f4mica e social dos benefici\u00e1rios. Quem n\u00e3o cumprir pode ter o benef\u00edcio suspenso.<\/p>\n\n\n\n<figure class=\"wp-block-image\"><img decoding=\"async\" src=\"https:\/\/www.em.com.br\/emfoco\/wp-content\/uploads\/2025\/04\/idoso-no-celular_1745680872095-1024x576.jpg\" alt=\"\"\/><figcaption class=\"wp-element-caption\">Idoso no celular &#8211; Cr\u00e9ditos: depositphotos.com \/ jet_po.mail.ru<\/figcaption><\/figure>\n\n\n\n<h2 class=\"wp-block-heading\">C\u00f4njuges fora do domic\u00edlio n\u00e3o atrapalham mais<\/h2>\n\n\n\n<p>A nova lei trouxe um al\u00edvio para quem vive situa\u00e7\u00f5es delicadas, como separa\u00e7\u00f5es informais, abandono ou afastamento por trabalho e sa\u00fade. Agora, esses casos s\u00e3o analisados com mais flexibilidade, garantindo que o afastamento do c\u00f4njuge n\u00e3o impe\u00e7a o acesso ao BPC.<\/p>\n\n\n\n<h2 class=\"wp-block-heading\">Governo intensifica cruzamento de dados com outros \u00f3rg\u00e3os<\/h2>\n\n\n\n<p>A fiscaliza\u00e7\u00e3o ficou mais r\u00edgida. Em 2025, o governo passou a cruzar informa\u00e7\u00f5es com a Receita Federal, bancos e outros \u00f3rg\u00e3os p\u00fablicos. Com isso, qualquer inconsist\u00eancia pode resultar no bloqueio ou cancelamento do benef\u00edcio, o que j\u00e1 afetou milhares de cadastros irregulares.<\/p>\n\n\n\n<h2 class=\"wp-block-heading\">As novas regras v\u00e3o mudar o futuro da assist\u00eancia social?<\/h2>\n\n\n\n<p>Com essas mudan\u00e7as, o governo tenta equilibrar dois objetivos: garantir o direito de quem realmente precisa e cortar desperd\u00edcios dos cofres p\u00fablicos. Especialistas acreditam que a nova legisla\u00e7\u00e3o torna o BPC mais seguro e sustent\u00e1vel para os pr\u00f3ximos anos.<\/p>\n","protected":false},"excerpt":{"rendered":"<p>O Benef\u00edcio de Presta\u00e7\u00e3o Continuada (BPC) passou por uma transforma\u00e7\u00e3o em 2025, com mudan\u00e7as que j\u00e1 est\u00e3o impactando idosos e pessoas com defici\u00eancia em situa\u00e7\u00e3o de vulnerabilidade. A promessa do governo? Mais justi\u00e7a, menos fraudes e mais efici\u00eancia na entrega do benef\u00edcio. Identifica\u00e7\u00e3o biom\u00e9trica \u00e9 agora obrigat\u00f3ria A principal novidade \u00e9 a exig\u00eancia de biometria [&hellip;]<\/p>\n","protected":false},"author":11,"featured_media":27044,"comment_status":"open","ping_status":"open","sticky":false,"template":"","format":"standard","meta":{"jnews-multi-image_gallery":[],"jnews_single_post":{"format":"standard"},"jnews_primary_category":[],"jnews_social_meta":[],"jnews_override_counter":[],"footnotes":""},"categories":[28,1],"tags":[259,257,7392],"class_list":["post-43423","post","type-post","status-publish","format-standard","has-post-thumbnail","hentry","category-economia","category-noticias","tag-beneficio","tag-bpc","tag-bpc-2025"],"yoast_head":"<!-- This site is optimized with the Yoast SEO plugin v23.8 - https:\/\/yoast.com\/wordpress\/plugins\/seo\/ -->\n<title>Mudan\u00e7a no BPC pega benefici\u00e1rios de surpresa e milh\u00f5es podem perder o benef\u00edcio - Estado de Minas - Em foco<\/title>\n<meta name=\"description\" content=\"O BPC passou por mudan\u00e7as que j\u00e1 cortaram milhares de benef\u00edcios. Veja o que mudou e como evitar a suspens\u00e3o do seu cadastro.\" \/>\n<meta name=\"robots\" content=\"index, follow, max-snippet:-1, max-image-preview:large, max-video-preview:-1\" \/>\n<link rel=\"canonical\" href=\"https:\/\/www.em.com.br\/emfoco\/2025\/05\/02\/mudanca-no-bpc-pega-beneficiarios-de-surpresa-e-milhoes-podem-perder-o-beneficio\/\" \/>\n<meta property=\"og:locale\" content=\"pt_BR\" \/>\n<meta property=\"og:type\" content=\"article\" \/>\n<meta property=\"og:title\" content=\"Mudan\u00e7a no BPC pega benefici\u00e1rios de surpresa e milh\u00f5es podem perder o benef\u00edcio - Estado de Minas - Em foco\" \/>\n<meta property=\"og:description\" content=\"O BPC passou por mudan\u00e7as que j\u00e1 cortaram milhares de benef\u00edcios. Veja o que mudou e como evitar a suspens\u00e3o do seu cadastro.\" \/>\n<meta property=\"og:url\" content=\"https:\/\/www.em.com.br\/emfoco\/2025\/05\/02\/mudanca-no-bpc-pega-beneficiarios-de-surpresa-e-milhoes-podem-perder-o-beneficio\/\" \/>\n<meta property=\"og:site_name\" content=\"Estado de Minas - Em foco\" \/>\n<meta property=\"article:published_time\" content=\"2025-05-02T20:00:00+00:00\" \/>\n<meta property=\"article:modified_time\" content=\"2025-05-01T19:49:42+00:00\" \/>\n<meta property=\"og:image\" content=\"https:\/\/www.em.com.br\/emfoco\/wp-content\/uploads\/2025\/03\/idoso-pensando_1741627507533.jpg\" \/>\n\t<meta property=\"og:image:width\" content=\"1280\" \/>\n\t<meta property=\"og:image:height\" content=\"720\" \/>\n\t<meta property=\"og:image:type\" content=\"image\/jpeg\" \/>\n<meta name=\"author\" content=\"Andre\u0301 Rangel\u00a0\" \/>\n<meta name=\"twitter:card\" content=\"summary_large_image\" \/>\n<meta name=\"twitter:label1\" content=\"Escrito por\" \/>\n\t<meta name=\"twitter:data1\" content=\"Andre\u0301 Rangel\u00a0\" \/>\n\t<meta name=\"twitter:label2\" content=\"Est. tempo de leitura\" \/>\n\t<meta name=\"twitter:data2\" content=\"3 minutos\" \/>\n<!-- \/ Yoast SEO plugin. -->","yoast_head_json":{"title":"Mudan\u00e7a no BPC pega benefici\u00e1rios de surpresa e milh\u00f5es podem perder o benef\u00edcio - Estado de Minas - Em foco","description":"O BPC passou por mudan\u00e7as que j\u00e1 cortaram milhares de benef\u00edcios. Veja o que mudou e como evitar a suspens\u00e3o do seu cadastro.","robots":{"index":"index","follow":"follow","max-snippet":"max-snippet:-1","max-image-preview":"max-image-preview:large","max-video-preview":"max-video-preview:-1"},"canonical":"https:\/\/www.em.com.br\/emfoco\/2025\/05\/02\/mudanca-no-bpc-pega-beneficiarios-de-surpresa-e-milhoes-podem-perder-o-beneficio\/","og_locale":"pt_BR","og_type":"article","og_title":"Mudan\u00e7a no BPC pega benefici\u00e1rios de surpresa e milh\u00f5es podem perder o benef\u00edcio - Estado de Minas - Em foco","og_description":"O BPC passou por mudan\u00e7as que j\u00e1 cortaram milhares de benef\u00edcios. Veja o que mudou e como evitar a suspens\u00e3o do seu cadastro.","og_url":"https:\/\/www.em.com.br\/emfoco\/2025\/05\/02\/mudanca-no-bpc-pega-beneficiarios-de-surpresa-e-milhoes-podem-perder-o-beneficio\/","og_site_name":"Estado de Minas - Em foco","article_published_time":"2025-05-02T20:00:00+00:00","article_modified_time":"2025-05-01T19:49:42+00:00","og_image":[{"width":1280,"height":720,"url":"https:\/\/www.em.com.br\/emfoco\/wp-content\/uploads\/2025\/03\/idoso-pensando_1741627507533.jpg","type":"image\/jpeg"}],"author":"Andre\u0301 Rangel\u00a0","twitter_card":"summary_large_image","twitter_misc":{"Escrito por":"Andre\u0301 Rangel\u00a0","Est. tempo de leitura":"3 minutos"},"schema":{"@context":"https:\/\/schema.org","@graph":[{"@type":"WebPage","@id":"https:\/\/www.em.com.br\/emfoco\/2025\/05\/02\/mudanca-no-bpc-pega-beneficiarios-de-surpresa-e-milhoes-podem-perder-o-beneficio\/","url":"https:\/\/www.em.com.br\/emfoco\/2025\/05\/02\/mudanca-no-bpc-pega-beneficiarios-de-surpresa-e-milhoes-podem-perder-o-beneficio\/","name":"Mudan\u00e7a no BPC pega benefici\u00e1rios de surpresa e milh\u00f5es podem perder o benef\u00edcio - Estado de Minas - Em foco","isPartOf":{"@id":"https:\/\/www.em.com.br\/emfoco\/#website"},"primaryImageOfPage":{"@id":"https:\/\/www.em.com.br\/emfoco\/2025\/05\/02\/mudanca-no-bpc-pega-beneficiarios-de-surpresa-e-milhoes-podem-perder-o-beneficio\/#primaryimage"},"image":{"@id":"https:\/\/www.em.com.br\/emfoco\/2025\/05\/02\/mudanca-no-bpc-pega-beneficiarios-de-surpresa-e-milhoes-podem-perder-o-beneficio\/#primaryimage"},"thumbnailUrl":"https:\/\/www.em.com.br\/emfoco\/wp-content\/uploads\/2025\/03\/idoso-pensando_1741627507533.jpg","datePublished":"2025-05-02T20:00:00+00:00","dateModified":"2025-05-01T19:49:42+00:00","author":{"@id":"https:\/\/www.em.com.br\/emfoco\/#\/schema\/person\/60eda09c1fedf0d6891f4cef4b60b8b8"},"description":"O BPC passou por mudan\u00e7as que j\u00e1 cortaram milhares de benef\u00edcios. Veja o que mudou e como evitar a suspens\u00e3o do seu cadastro.","breadcrumb":{"@id":"https:\/\/www.em.com.br\/emfoco\/2025\/05\/02\/mudanca-no-bpc-pega-beneficiarios-de-surpresa-e-milhoes-podem-perder-o-beneficio\/#breadcrumb"},"inLanguage":"pt-BR","potentialAction":[{"@type":"ReadAction","target":["https:\/\/www.em.com.br\/emfoco\/2025\/05\/02\/mudanca-no-bpc-pega-beneficiarios-de-surpresa-e-milhoes-podem-perder-o-beneficio\/"]}]},{"@type":"ImageObject","inLanguage":"pt-BR","@id":"https:\/\/www.em.com.br\/emfoco\/2025\/05\/02\/mudanca-no-bpc-pega-beneficiarios-de-surpresa-e-milhoes-podem-perder-o-beneficio\/#primaryimage","url":"https:\/\/www.em.com.br\/emfoco\/wp-content\/uploads\/2025\/03\/idoso-pensando_1741627507533.jpg","contentUrl":"https:\/\/www.em.com.br\/emfoco\/wp-content\/uploads\/2025\/03\/idoso-pensando_1741627507533.jpg","width":1280,"height":720,"caption":"Aposentado perde mais de 10 mil euros ap\u00f3s n\u00e3o avisar aus\u00eancia \u00e0 Previd\u00eancia - Cr\u00e9ditos: depositphotos.com \/ IgorTishenko"},{"@type":"BreadcrumbList","@id":"https:\/\/www.em.com.br\/emfoco\/2025\/05\/02\/mudanca-no-bpc-pega-beneficiarios-de-surpresa-e-milhoes-podem-perder-o-beneficio\/#breadcrumb","itemListElement":[{"@type":"ListItem","position":1,"name":"In\u00edcio","item":"https:\/\/www.em.com.br\/emfoco\/"},{"@type":"ListItem","position":2,"name":"Mudan\u00e7a no BPC pega benefici\u00e1rios de surpresa e milh\u00f5es podem perder o benef\u00edcio"}]},{"@type":"WebSite","@id":"https:\/\/www.em.com.br\/emfoco\/#website","url":"https:\/\/www.em.com.br\/emfoco\/","name":"Estado de Minas - Em foco","description":"Acompanhe as \u00faltimas not\u00edcias e fique bem informado sobre tudo o que acontece em Minas Gerais, Brasil e no mundo.","potentialAction":[{"@type":"SearchAction","target":{"@type":"EntryPoint","urlTemplate":"https:\/\/www.em.com.br\/emfoco\/?s={search_term_string}"},"query-input":{"@type":"PropertyValueSpecification","valueRequired":true,"valueName":"search_term_string"}}],"inLanguage":"pt-BR"},{"@type":"Person","@id":"https:\/\/www.em.com.br\/emfoco\/#\/schema\/person\/60eda09c1fedf0d6891f4cef4b60b8b8","name":"Andre\u0301 Rangel\u00a0","image":{"@type":"ImageObject","inLanguage":"pt-BR","@id":"https:\/\/www.em.com.br\/emfoco\/#\/schema\/person\/image\/","url":"https:\/\/secure.gravatar.com\/avatar\/6234dc814c77c8ef6d8bba622c787efc?s=96&d=mm&r=g","contentUrl":"https:\/\/secure.gravatar.com\/avatar\/6234dc814c77c8ef6d8bba622c787efc?s=96&d=mm&r=g","caption":"Andre\u0301 Rangel\u00a0"},"url":"https:\/\/www.em.com.br\/emfoco\/author\/luizmyth\/"}]}},"_links":{"self":[{"href":"https:\/\/www.em.com.br\/emfoco\/wp-json\/wp\/v2\/posts\/43423","targetHints":{"allow":["GET"]}}],"collection":[{"href":"https:\/\/www.em.com.br\/emfoco\/wp-json\/wp\/v2\/posts"}],"about":[{"href":"https:\/\/www.em.com.br\/emfoco\/wp-json\/wp\/v2\/types\/post"}],"author":[{"embeddable":true,"href":"https:\/\/www.em.com.br\/emfoco\/wp-json\/wp\/v2\/users\/11"}],"replies":[{"embeddable":true,"href":"https:\/\/www.em.com.br\/emfoco\/wp-json\/wp\/v2\/comments?post=43423"}],"version-history":[{"count":4,"href":"https:\/\/www.em.com.br\/emfoco\/wp-json\/wp\/v2\/posts\/43423\/revisions"}],"predecessor-version":[{"id":43543,"href":"https:\/\/www.em.com.br\/emfoco\/wp-json\/wp\/v2\/posts\/43423\/revisions\/43543"}],"wp:featuredmedia":[{"embeddable":true,"href":"https:\/\/www.em.com.br\/emfoco\/wp-json\/wp\/v2\/media\/27044"}],"wp:attachment":[{"href":"https:\/\/www.em.com.br\/emfoco\/wp-json\/wp\/v2\/media?parent=43423"}],"wp:term":[{"taxonomy":"category","embeddable":true,"href":"https:\/\/www.em.com.br\/emfoco\/wp-json\/wp\/v2\/categories?post=43423"},{"taxonomy":"post_tag","embeddable":true,"href":"https:\/\/www.em.com.br\/emfoco\/wp-json\/wp\/v2\/tags?post=43423"}],"curies":[{"name":"wp","href":"https:\/\/api.w.org\/{rel}","templated":true}]}}