{"id":43316,"date":"2025-05-02T11:20:00","date_gmt":"2025-05-02T14:20:00","guid":{"rendered":"https:\/\/www.em.com.br\/emfoco\/?p=43316"},"modified":"2025-05-01T19:27:59","modified_gmt":"2025-05-01T22:27:59","slug":"beneficio-pouco-conhecido-para-mulheres-que-trabalha-autonomo-e-real-saiba-como-pedir","status":"publish","type":"post","link":"https:\/\/www.em.com.br\/emfoco\/2025\/05\/02\/beneficio-pouco-conhecido-para-mulheres-que-trabalha-autonomo-e-real-saiba-como-pedir\/","title":{"rendered":"Benef\u00edcio pouco conhecido para mulheres que trabalha aut\u00f4nomo \u00e9 real; saiba como pedir"},"content":{"rendered":"\n<p>Aut\u00f4noma e gr\u00e1vida? Voc\u00ea pode ter direito \u00e0 <strong>licen\u00e7a maternidade <\/strong>paga pelo <strong><a href=\"https:\/\/www.em.com.br\/emfoco\/2025\/04\/30\/calendario-do-13o-do-inss-e-liberado-e-pagamento-comecou-mais-cedo\/\" target=\"_blank\" rel=\"noreferrer noopener\">INSS<\/a><\/strong>, mesmo sem carteira assinada. O benef\u00edcio \u00e9 essencial para garantir renda durante o per\u00edodo de afastamento ap\u00f3s o parto ou ado\u00e7\u00e3o, desde que voc\u00ea esteja contribuindo para a Previd\u00eancia. Veja agora como solicitar, quanto voc\u00ea pode receber e quais documentos s\u00e3o exigidos.<\/p>\n\n\n\n<h2 class=\"wp-block-heading\">Quem tem direito \u00e0 licen\u00e7a maternidade como aut\u00f4noma?<\/h2>\n\n\n\n<p>O <strong><a href=\"https:\/\/www.gov.br\/pt-br\/servicos\/solicitar-salario-maternidade-urbano\" target=\"_blank\" rel=\"noreferrer noopener\">sal\u00e1rio-maternidade<\/a><\/strong> est\u00e1 dispon\u00edvel para todas as aut\u00f4nomas que contribuem regularmente para o INSS. \u00c9 preciso cumprir um per\u00edodo m\u00ednimo de 10 meses de contribui\u00e7\u00e3o antes da data do parto ou da ado\u00e7\u00e3o para ter acesso ao benef\u00edcio. Sem esse requisito, o pedido ser\u00e1 negado.<\/p>\n\n\n\n<h2 class=\"wp-block-heading\">Como \u00e9 calculado o valor do sal\u00e1rio-maternidade?<\/h2>\n\n\n\n<p>O valor a ser recebido \u00e9 a m\u00e9dia das 12 \u00faltimas contribui\u00e7\u00f5es mensais feitas ao INSS. Quanto maior for o valor das suas contribui\u00e7\u00f5es, maior ser\u00e1 o valor do benef\u00edcio. Por isso, manter os pagamentos em dia \u00e9 fundamental para garantir uma renda compat\u00edvel com sua realidade durante os quatro meses de licen\u00e7a.<\/p>\n\n\n\n<h2 class=\"wp-block-heading\">Como solicitar a licen\u00e7a maternidade pelo Meu INSS<\/h2>\n\n\n\n<p>Solicitar a licen\u00e7a \u00e9 simples, mas exige aten\u00e7\u00e3o. Veja o passo a passo:<\/p>\n\n\n\n<ol class=\"wp-block-list\">\n<li><strong>Acesse o site ou app Meu INSS;<\/strong><\/li>\n\n\n\n<li><strong>Clique em \u201cSal\u00e1rio-maternidade\u201d;<\/strong><\/li>\n\n\n\n<li><strong>Anexe os documentos exigidos (veja abaixo);<\/strong><\/li>\n\n\n\n<li><strong>Aguarde a an\u00e1lise;<\/strong><\/li>\n\n\n\n<li><strong>Ap\u00f3s a aprova\u00e7\u00e3o, o valor ser\u00e1 depositado mensalmente.<\/strong><\/li>\n<\/ol>\n\n\n\n<p>Tamb\u00e9m \u00e9 poss\u00edvel fazer a solicita\u00e7\u00e3o presencialmente em uma ag\u00eancia do INSS, com agendamento pr\u00e9vio.<\/p>\n\n\n\n<figure class=\"wp-block-image size-large\"><img loading=\"lazy\" decoding=\"async\" width=\"1024\" height=\"576\" src=\"https:\/\/www.em.com.br\/emfoco\/wp-content\/uploads\/2025\/05\/mulher-trabalhando_1746123346047-1024x576.jpg\" alt=\"\" class=\"wp-image-43415\" srcset=\"https:\/\/www.em.com.br\/emfoco\/wp-content\/uploads\/2025\/05\/mulher-trabalhando_1746123346047-1024x576.jpg 1024w, https:\/\/www.em.com.br\/emfoco\/wp-content\/uploads\/2025\/05\/mulher-trabalhando_1746123346047-300x169.jpg 300w, https:\/\/www.em.com.br\/emfoco\/wp-content\/uploads\/2025\/05\/mulher-trabalhando_1746123346047-768x432.jpg 768w, https:\/\/www.em.com.br\/emfoco\/wp-content\/uploads\/2025\/05\/mulher-trabalhando_1746123346047-750x422.jpg 750w, https:\/\/www.em.com.br\/emfoco\/wp-content\/uploads\/2025\/05\/mulher-trabalhando_1746123346047-1140x641.jpg 1140w, https:\/\/www.em.com.br\/emfoco\/wp-content\/uploads\/2025\/05\/mulher-trabalhando_1746123346047.jpg 1280w\" sizes=\"auto, (max-width: 1024px) 100vw, 1024px\" \/><figcaption class=\"wp-element-caption\">Mulher trabalhando &#8211; Cr\u00e9ditos: depositphotos.com \/ alebloshka<\/figcaption><\/figure>\n\n\n\n<h2 class=\"wp-block-heading\">Quais documentos s\u00e3o obrigat\u00f3rios?<\/h2>\n\n\n\n<p>Prepare esta documenta\u00e7\u00e3o antes de fazer o pedido:<\/p>\n\n\n\n<ul class=\"wp-block-list\">\n<li><strong>Documento de identidade com foto;<\/strong><\/li>\n\n\n\n<li><strong>CPF<\/strong>;<\/li>\n\n\n\n<li><strong>Certid\u00e3o de nascimento ou ado\u00e7\u00e3o da crian\u00e7a;<\/strong><\/li>\n\n\n\n<li><strong>Comprovante de resid\u00eancia;<\/strong><\/li>\n\n\n\n<li><strong>Comprovantes de contribui\u00e7\u00e3o (carn\u00eas ou GPS dos \u00faltimos 12 meses);<\/strong><\/li>\n\n\n\n<li><strong>Atestado m\u00e9dico com a data prov\u00e1vel ou real do parto;<\/strong><\/li>\n\n\n\n<li><strong>N\u00famero do NIT\/PIS\/PASEP.<\/strong><\/li>\n<\/ul>\n\n\n\n<p>A falta de qualquer um desses itens pode atrasar ou impedir o recebimento do benef\u00edcio.<\/p>\n\n\n\n<h2 class=\"wp-block-heading\">Quanto tempo dura a licen\u00e7a maternidade para aut\u00f4nomas?<\/h2>\n\n\n\n<p>A licen\u00e7a padr\u00e3o \u00e9 de 120 dias a partir do nascimento ou da ado\u00e7\u00e3o. Em caso de natimorto, a dura\u00e7\u00e3o tamb\u00e9m \u00e9 de 120 dias. J\u00e1 em situa\u00e7\u00f5es de aborto espont\u00e2neo, a aut\u00f4noma tem direito a 14 dias de licen\u00e7a. N\u00e3o h\u00e1 possibilidade de estender o per\u00edodo para 180 dias, como ocorre em contratos CLT com conv\u00eanios corporativos.<\/p>\n","protected":false},"excerpt":{"rendered":"<p>Aut\u00f4noma e gr\u00e1vida? Voc\u00ea pode ter direito \u00e0 licen\u00e7a maternidade paga pelo INSS, mesmo sem carteira assinada. O benef\u00edcio \u00e9 essencial para garantir renda durante o per\u00edodo de afastamento ap\u00f3s o parto ou ado\u00e7\u00e3o, desde que voc\u00ea esteja contribuindo para a Previd\u00eancia. Veja agora como solicitar, quanto voc\u00ea pode receber e quais documentos s\u00e3o exigidos. [&hellip;]<\/p>\n","protected":false},"author":11,"featured_media":43416,"comment_status":"open","ping_status":"open","sticky":false,"template":"","format":"standard","meta":{"jnews-multi-image_gallery":[],"jnews_single_post":{"format":"standard"},"jnews_primary_category":[],"jnews_social_meta":[],"jnews_override_counter":[],"footnotes":""},"categories":[138,1],"tags":[4932,259,5264],"class_list":["post-43316","post","type-post","status-publish","format-standard","has-post-thumbnail","hentry","category-mundo","category-noticias","tag-autonomos","tag-beneficio","tag-trabalhador-autonomo"],"yoast_head":"<!-- This site is optimized with the Yoast SEO plugin v23.8 - https:\/\/yoast.com\/wordpress\/plugins\/seo\/ -->\n<title>Benef\u00edcio pouco conhecido para mulheres que trabalha aut\u00f4nomo \u00e9 real; saiba como pedir - Estado de Minas - Em foco<\/title>\n<meta name=\"description\" content=\"Contribui com o INSS? Voc\u00ea pode ter direito ao benef\u00edcio como aut\u00f4noma. Aprenda a solicitar e receba o valor correto.\" \/>\n<meta name=\"robots\" content=\"index, follow, max-snippet:-1, max-image-preview:large, max-video-preview:-1\" \/>\n<link rel=\"canonical\" href=\"https:\/\/www.em.com.br\/emfoco\/2025\/05\/02\/beneficio-pouco-conhecido-para-mulheres-que-trabalha-autonomo-e-real-saiba-como-pedir\/\" \/>\n<meta property=\"og:locale\" content=\"pt_BR\" \/>\n<meta property=\"og:type\" content=\"article\" \/>\n<meta property=\"og:title\" content=\"Benef\u00edcio pouco conhecido para mulheres que trabalha aut\u00f4nomo \u00e9 real; saiba como pedir - Estado de Minas - Em foco\" \/>\n<meta property=\"og:description\" content=\"Contribui com o INSS? Voc\u00ea pode ter direito ao benef\u00edcio como aut\u00f4noma. Aprenda a solicitar e receba o valor correto.\" \/>\n<meta property=\"og:url\" content=\"https:\/\/www.em.com.br\/emfoco\/2025\/05\/02\/beneficio-pouco-conhecido-para-mulheres-que-trabalha-autonomo-e-real-saiba-como-pedir\/\" \/>\n<meta property=\"og:site_name\" content=\"Estado de Minas - Em foco\" \/>\n<meta property=\"article:published_time\" content=\"2025-05-02T14:20:00+00:00\" \/>\n<meta property=\"article:modified_time\" content=\"2025-05-01T22:27:59+00:00\" \/>\n<meta property=\"og:image\" content=\"https:\/\/www.em.com.br\/emfoco\/wp-content\/uploads\/2025\/05\/mulher-trabalhando_1746123383826.jpg\" \/>\n\t<meta property=\"og:image:width\" content=\"1280\" \/>\n\t<meta property=\"og:image:height\" content=\"720\" \/>\n\t<meta property=\"og:image:type\" content=\"image\/jpeg\" \/>\n<meta name=\"author\" content=\"Andre\u0301 Rangel\u00a0\" \/>\n<meta name=\"twitter:card\" content=\"summary_large_image\" \/>\n<meta name=\"twitter:label1\" content=\"Escrito por\" \/>\n\t<meta name=\"twitter:data1\" content=\"Andre\u0301 Rangel\u00a0\" \/>\n\t<meta name=\"twitter:label2\" content=\"Est. tempo de leitura\" \/>\n\t<meta name=\"twitter:data2\" content=\"3 minutos\" \/>\n<!-- \/ Yoast SEO plugin. -->","yoast_head_json":{"title":"Benef\u00edcio pouco conhecido para mulheres que trabalha aut\u00f4nomo \u00e9 real; saiba como pedir - Estado de Minas - Em foco","description":"Contribui com o INSS? Voc\u00ea pode ter direito ao benef\u00edcio como aut\u00f4noma. Aprenda a solicitar e receba o valor correto.","robots":{"index":"index","follow":"follow","max-snippet":"max-snippet:-1","max-image-preview":"max-image-preview:large","max-video-preview":"max-video-preview:-1"},"canonical":"https:\/\/www.em.com.br\/emfoco\/2025\/05\/02\/beneficio-pouco-conhecido-para-mulheres-que-trabalha-autonomo-e-real-saiba-como-pedir\/","og_locale":"pt_BR","og_type":"article","og_title":"Benef\u00edcio pouco conhecido para mulheres que trabalha aut\u00f4nomo \u00e9 real; saiba como pedir - Estado de Minas - Em foco","og_description":"Contribui com o INSS? Voc\u00ea pode ter direito ao benef\u00edcio como aut\u00f4noma. Aprenda a solicitar e receba o valor correto.","og_url":"https:\/\/www.em.com.br\/emfoco\/2025\/05\/02\/beneficio-pouco-conhecido-para-mulheres-que-trabalha-autonomo-e-real-saiba-como-pedir\/","og_site_name":"Estado de Minas - Em foco","article_published_time":"2025-05-02T14:20:00+00:00","article_modified_time":"2025-05-01T22:27:59+00:00","og_image":[{"width":1280,"height":720,"url":"https:\/\/www.em.com.br\/emfoco\/wp-content\/uploads\/2025\/05\/mulher-trabalhando_1746123383826.jpg","type":"image\/jpeg"}],"author":"Andre\u0301 Rangel\u00a0","twitter_card":"summary_large_image","twitter_misc":{"Escrito por":"Andre\u0301 Rangel\u00a0","Est. tempo de leitura":"3 minutos"},"schema":{"@context":"https:\/\/schema.org","@graph":[{"@type":"WebPage","@id":"https:\/\/www.em.com.br\/emfoco\/2025\/05\/02\/beneficio-pouco-conhecido-para-mulheres-que-trabalha-autonomo-e-real-saiba-como-pedir\/","url":"https:\/\/www.em.com.br\/emfoco\/2025\/05\/02\/beneficio-pouco-conhecido-para-mulheres-que-trabalha-autonomo-e-real-saiba-como-pedir\/","name":"Benef\u00edcio pouco conhecido para mulheres que trabalha aut\u00f4nomo \u00e9 real; saiba como pedir - Estado de Minas - Em foco","isPartOf":{"@id":"https:\/\/www.em.com.br\/emfoco\/#website"},"primaryImageOfPage":{"@id":"https:\/\/www.em.com.br\/emfoco\/2025\/05\/02\/beneficio-pouco-conhecido-para-mulheres-que-trabalha-autonomo-e-real-saiba-como-pedir\/#primaryimage"},"image":{"@id":"https:\/\/www.em.com.br\/emfoco\/2025\/05\/02\/beneficio-pouco-conhecido-para-mulheres-que-trabalha-autonomo-e-real-saiba-como-pedir\/#primaryimage"},"thumbnailUrl":"https:\/\/www.em.com.br\/emfoco\/wp-content\/uploads\/2025\/05\/mulher-trabalhando_1746123383826.jpg","datePublished":"2025-05-02T14:20:00+00:00","dateModified":"2025-05-01T22:27:59+00:00","author":{"@id":"https:\/\/www.em.com.br\/emfoco\/#\/schema\/person\/60eda09c1fedf0d6891f4cef4b60b8b8"},"description":"Contribui com o INSS? Voc\u00ea pode ter direito ao benef\u00edcio como aut\u00f4noma. Aprenda a solicitar e receba o valor correto.","breadcrumb":{"@id":"https:\/\/www.em.com.br\/emfoco\/2025\/05\/02\/beneficio-pouco-conhecido-para-mulheres-que-trabalha-autonomo-e-real-saiba-como-pedir\/#breadcrumb"},"inLanguage":"pt-BR","potentialAction":[{"@type":"ReadAction","target":["https:\/\/www.em.com.br\/emfoco\/2025\/05\/02\/beneficio-pouco-conhecido-para-mulheres-que-trabalha-autonomo-e-real-saiba-como-pedir\/"]}]},{"@type":"ImageObject","inLanguage":"pt-BR","@id":"https:\/\/www.em.com.br\/emfoco\/2025\/05\/02\/beneficio-pouco-conhecido-para-mulheres-que-trabalha-autonomo-e-real-saiba-como-pedir\/#primaryimage","url":"https:\/\/www.em.com.br\/emfoco\/wp-content\/uploads\/2025\/05\/mulher-trabalhando_1746123383826.jpg","contentUrl":"https:\/\/www.em.com.br\/emfoco\/wp-content\/uploads\/2025\/05\/mulher-trabalhando_1746123383826.jpg","width":1280,"height":720,"caption":"mulher trabalhando - Cr\u00e9ditos: depositphotos.com \/ IgorVetushko"},{"@type":"BreadcrumbList","@id":"https:\/\/www.em.com.br\/emfoco\/2025\/05\/02\/beneficio-pouco-conhecido-para-mulheres-que-trabalha-autonomo-e-real-saiba-como-pedir\/#breadcrumb","itemListElement":[{"@type":"ListItem","position":1,"name":"In\u00edcio","item":"https:\/\/www.em.com.br\/emfoco\/"},{"@type":"ListItem","position":2,"name":"Benef\u00edcio pouco conhecido para mulheres que trabalha aut\u00f4nomo \u00e9 real; saiba como pedir"}]},{"@type":"WebSite","@id":"https:\/\/www.em.com.br\/emfoco\/#website","url":"https:\/\/www.em.com.br\/emfoco\/","name":"Estado de Minas - Em foco","description":"Acompanhe as \u00faltimas not\u00edcias e fique bem informado sobre tudo o que acontece em Minas Gerais, Brasil e no mundo.","potentialAction":[{"@type":"SearchAction","target":{"@type":"EntryPoint","urlTemplate":"https:\/\/www.em.com.br\/emfoco\/?s={search_term_string}"},"query-input":{"@type":"PropertyValueSpecification","valueRequired":true,"valueName":"search_term_string"}}],"inLanguage":"pt-BR"},{"@type":"Person","@id":"https:\/\/www.em.com.br\/emfoco\/#\/schema\/person\/60eda09c1fedf0d6891f4cef4b60b8b8","name":"Andre\u0301 Rangel\u00a0","image":{"@type":"ImageObject","inLanguage":"pt-BR","@id":"https:\/\/www.em.com.br\/emfoco\/#\/schema\/person\/image\/","url":"https:\/\/secure.gravatar.com\/avatar\/6234dc814c77c8ef6d8bba622c787efc?s=96&d=mm&r=g","contentUrl":"https:\/\/secure.gravatar.com\/avatar\/6234dc814c77c8ef6d8bba622c787efc?s=96&d=mm&r=g","caption":"Andre\u0301 Rangel\u00a0"},"url":"https:\/\/www.em.com.br\/emfoco\/author\/luizmyth\/"}]}},"_links":{"self":[{"href":"https:\/\/www.em.com.br\/emfoco\/wp-json\/wp\/v2\/posts\/43316","targetHints":{"allow":["GET"]}}],"collection":[{"href":"https:\/\/www.em.com.br\/emfoco\/wp-json\/wp\/v2\/posts"}],"about":[{"href":"https:\/\/www.em.com.br\/emfoco\/wp-json\/wp\/v2\/types\/post"}],"author":[{"embeddable":true,"href":"https:\/\/www.em.com.br\/emfoco\/wp-json\/wp\/v2\/users\/11"}],"replies":[{"embeddable":true,"href":"https:\/\/www.em.com.br\/emfoco\/wp-json\/wp\/v2\/comments?post=43316"}],"version-history":[{"count":4,"href":"https:\/\/www.em.com.br\/emfoco\/wp-json\/wp\/v2\/posts\/43316\/revisions"}],"predecessor-version":[{"id":43418,"href":"https:\/\/www.em.com.br\/emfoco\/wp-json\/wp\/v2\/posts\/43316\/revisions\/43418"}],"wp:featuredmedia":[{"embeddable":true,"href":"https:\/\/www.em.com.br\/emfoco\/wp-json\/wp\/v2\/media\/43416"}],"wp:attachment":[{"href":"https:\/\/www.em.com.br\/emfoco\/wp-json\/wp\/v2\/media?parent=43316"}],"wp:term":[{"taxonomy":"category","embeddable":true,"href":"https:\/\/www.em.com.br\/emfoco\/wp-json\/wp\/v2\/categories?post=43316"},{"taxonomy":"post_tag","embeddable":true,"href":"https:\/\/www.em.com.br\/emfoco\/wp-json\/wp\/v2\/tags?post=43316"}],"curies":[{"name":"wp","href":"https:\/\/api.w.org\/{rel}","templated":true}]}}