{"id":43314,"date":"2025-05-02T10:00:00","date_gmt":"2025-05-02T13:00:00","guid":{"rendered":"https:\/\/www.em.com.br\/emfoco\/?p=43314"},"modified":"2025-05-01T16:48:23","modified_gmt":"2025-05-01T19:48:23","slug":"5-aparelhos-que-todo-home-office-precisa-para-turbinar-a-produtividade","status":"publish","type":"post","link":"https:\/\/www.em.com.br\/emfoco\/2025\/05\/02\/5-aparelhos-que-todo-home-office-precisa-para-turbinar-a-produtividade\/","title":{"rendered":"5 aparelhos que todo home office precisa para turbinar a produtividade"},"content":{"rendered":"\n<p>O <strong><a href=\"https:\/\/www.em.com.br\/emfoco\/2025\/04\/19\/voce-conhece-todos-os-beneficios-do-cafe-prepare-se-para-se-surpreender\/\" target=\"_blank\" rel=\"noreferrer noopener\">caf\u00e9 <\/a><\/strong>\u00e9 mais do que um h\u00e1bito \u2014 \u00e9 combust\u00edvel para a produtividade. Ter uma <strong>cafeteira <\/strong>no ambiente de trabalho garante energia r\u00e1pida, sem a necessidade de sair para comprar a bebida. Modelos com preparo autom\u00e1tico e c\u00e1psulas variadas tornam tudo mais pr\u00e1tico e eficiente. Em empresas ou home offices, o acesso r\u00e1pido ao caf\u00e9 eleva o rendimento e melhora a concentra\u00e7\u00e3o, principalmente em momentos de baixa energia. \u00c9 um investimento simples que rende alto retorno em foco e agilidade.<\/p>\n\n\n\n<h2 class=\"wp-block-heading\">Purificador de \u00e1gua ajuda a manter o ritmo e a sa\u00fade<\/h2>\n\n\n\n<p>Hidrata\u00e7\u00e3o \u00e9 um pilar invis\u00edvel da produtividade \u2014 e o <strong>purificador de \u00e1gua <\/strong>facilita esse h\u00e1bito. Al\u00e9m de eliminar o uso de garrafas pl\u00e1sticas, ele fornece \u00e1gua filtrada na temperatura ideal o dia todo. Isso incentiva o consumo frequente, evita interrup\u00e7\u00f5es e melhora o bem-estar no expediente.<\/p>\n\n\n\n<p>Modelos de parede ou bancada ocupam pouco espa\u00e7o e garantem praticidade, seja em escrit\u00f3rios corporativos ou espa\u00e7os pequenos de trabalho remoto.<\/p>\n\n\n\n<h2 class=\"wp-block-heading\">Micro-ondas traz agilidade e corta gastos com alimenta\u00e7\u00e3o<\/h2>\n\n\n\n<p>Quem trabalha o dia todo precisa de <strong><a href=\"https:\/\/www.kantar.com\/brazil\/inspiration\/consumo\/2025\/brasileiros-voltam-a-apostar-em-refeicoes-e-marmitas-fora-de-casa\" target=\"_blank\" rel=\"noreferrer noopener\">refei\u00e7\u00f5es pr\u00e1ticas<\/a><\/strong>. Ter um<strong> micro-ondas <\/strong>no local de trabalho permite aquecer marmitas, preparar snacks r\u00e1pidos e at\u00e9 cozinhar pratos simples sem sair do ambiente. Isso evita deslocamentos, reduz gastos e otimiza o tempo de pausa.<\/p>\n\n\n\n<p>Para espa\u00e7os menores, modelos compactos s\u00e3o ideais. J\u00e1 em ambientes com maior fluxo de pessoas, a pot\u00eancia e a capacidade devem ser levadas em conta.<\/p>\n\n\n\n<figure class=\"wp-block-image size-large\"><img loading=\"lazy\" decoding=\"async\" width=\"1024\" height=\"576\" src=\"https:\/\/www.em.com.br\/emfoco\/wp-content\/uploads\/2025\/05\/home-office_1746123172070-1024x576.jpg\" alt=\"\" class=\"wp-image-43412\" srcset=\"https:\/\/www.em.com.br\/emfoco\/wp-content\/uploads\/2025\/05\/home-office_1746123172070-1024x576.jpg 1024w, https:\/\/www.em.com.br\/emfoco\/wp-content\/uploads\/2025\/05\/home-office_1746123172070-300x169.jpg 300w, https:\/\/www.em.com.br\/emfoco\/wp-content\/uploads\/2025\/05\/home-office_1746123172070-768x432.jpg 768w, https:\/\/www.em.com.br\/emfoco\/wp-content\/uploads\/2025\/05\/home-office_1746123172070-750x422.jpg 750w, https:\/\/www.em.com.br\/emfoco\/wp-content\/uploads\/2025\/05\/home-office_1746123172070-1140x641.jpg 1140w, https:\/\/www.em.com.br\/emfoco\/wp-content\/uploads\/2025\/05\/home-office_1746123172070.jpg 1280w\" sizes=\"auto, (max-width: 1024px) 100vw, 1024px\" \/><figcaption class=\"wp-element-caption\">Pessoa trabalhando home office &#8211; Cr\u00e9ditos: depositphotos.com \/ SarkisSeysian<\/figcaption><\/figure>\n\n\n\n<h2 class=\"wp-block-heading\">Frigobar organiza o dia e evita sa\u00eddas desnecess\u00e1rias<\/h2>\n\n\n\n<p>O <strong>frigobar <\/strong>virou pe\u00e7a-chave em escrit\u00f3rios e home offices. Compacto e econ\u00f4mico, ele armazena marmitas, bebidas e lanches, mantendo tudo \u00e0 m\u00e3o e sem comprometer o espa\u00e7o.<\/p>\n\n\n\n<p>\u00c9 uma solu\u00e7\u00e3o pr\u00e1tica que reduz idas ao supermercado ou restaurantes durante o expediente, o que ajuda a manter o foco nas atividades profissionais.<\/p>\n\n\n\n<h2 class=\"wp-block-heading\">Ar-condicionado mant\u00e9m o ambiente produtivo mesmo sob press\u00e3o<\/h2>\n\n\n\n<p>Calor demais pode sabotar a concentra\u00e7\u00e3o. O <strong>ar-condicionado<\/strong> regula a temperatura, melhora o conforto t\u00e9rmico e reduz o cansa\u00e7o. Em regi\u00f5es quentes, ele \u00e9 praticamente indispens\u00e1vel para manter o rendimento.<\/p>\n\n\n\n<p>Modelos split, port\u00e1teis ou de janela devem ser escolhidos conforme o tamanho do ambiente. Um espa\u00e7o climatizado \u00e9 um espa\u00e7o mais produtivo.<\/p>\n","protected":false},"excerpt":{"rendered":"<p>O caf\u00e9 \u00e9 mais do que um h\u00e1bito \u2014 \u00e9 combust\u00edvel para a produtividade. Ter uma cafeteira no ambiente de trabalho garante energia r\u00e1pida, sem a necessidade de sair para comprar a bebida. Modelos com preparo autom\u00e1tico e c\u00e1psulas variadas tornam tudo mais pr\u00e1tico e eficiente. Em empresas ou home offices, o acesso r\u00e1pido ao [&hellip;]<\/p>\n","protected":false},"author":11,"featured_media":43413,"comment_status":"open","ping_status":"open","sticky":false,"template":"","format":"standard","meta":{"jnews-multi-image_gallery":[],"jnews_single_post":{"format":"standard"},"jnews_primary_category":[],"jnews_social_meta":[],"jnews_override_counter":[],"footnotes":""},"categories":[138,1],"tags":[7527,3304,5151],"class_list":["post-43314","post","type-post","status-publish","format-standard","has-post-thumbnail","hentry","category-mundo","category-noticias","tag-ambiente-de-trabalho","tag-home-office","tag-produtividade"],"yoast_head":"<!-- This site is optimized with the Yoast SEO plugin v23.8 - https:\/\/yoast.com\/wordpress\/plugins\/seo\/ -->\n<title>5 aparelhos que todo home office precisa para turbinar a produtividade - Estado de Minas - Em foco<\/title>\n<meta name=\"description\" content=\"Quer mais produtividade no home office ou no escrit\u00f3rio? Veja os equipamentos que economizam tempo e elevam o desempenho.\" \/>\n<meta name=\"robots\" content=\"index, follow, max-snippet:-1, max-image-preview:large, max-video-preview:-1\" \/>\n<link rel=\"canonical\" href=\"https:\/\/www.em.com.br\/emfoco\/2025\/05\/02\/5-aparelhos-que-todo-home-office-precisa-para-turbinar-a-produtividade\/\" \/>\n<meta property=\"og:locale\" content=\"pt_BR\" \/>\n<meta property=\"og:type\" content=\"article\" \/>\n<meta property=\"og:title\" content=\"5 aparelhos que todo home office precisa para turbinar a produtividade - Estado de Minas - Em foco\" \/>\n<meta property=\"og:description\" content=\"Quer mais produtividade no home office ou no escrit\u00f3rio? Veja os equipamentos que economizam tempo e elevam o desempenho.\" \/>\n<meta property=\"og:url\" content=\"https:\/\/www.em.com.br\/emfoco\/2025\/05\/02\/5-aparelhos-que-todo-home-office-precisa-para-turbinar-a-produtividade\/\" \/>\n<meta property=\"og:site_name\" content=\"Estado de Minas - Em foco\" \/>\n<meta property=\"article:published_time\" content=\"2025-05-02T13:00:00+00:00\" \/>\n<meta property=\"article:modified_time\" content=\"2025-05-01T19:48:23+00:00\" \/>\n<meta property=\"og:image\" content=\"https:\/\/www.em.com.br\/emfoco\/wp-content\/uploads\/2025\/05\/home-office_1746123244873.jpg\" \/>\n\t<meta property=\"og:image:width\" content=\"1280\" \/>\n\t<meta property=\"og:image:height\" content=\"720\" \/>\n\t<meta property=\"og:image:type\" content=\"image\/jpeg\" \/>\n<meta name=\"author\" content=\"Andre\u0301 Rangel\u00a0\" \/>\n<meta name=\"twitter:card\" content=\"summary_large_image\" \/>\n<meta name=\"twitter:label1\" content=\"Escrito por\" \/>\n\t<meta name=\"twitter:data1\" content=\"Andre\u0301 Rangel\u00a0\" \/>\n\t<meta name=\"twitter:label2\" content=\"Est. tempo de leitura\" \/>\n\t<meta name=\"twitter:data2\" content=\"3 minutos\" \/>\n<!-- \/ Yoast SEO plugin. -->","yoast_head_json":{"title":"5 aparelhos que todo home office precisa para turbinar a produtividade - Estado de Minas - Em foco","description":"Quer mais produtividade no home office ou no escrit\u00f3rio? Veja os equipamentos que economizam tempo e elevam o desempenho.","robots":{"index":"index","follow":"follow","max-snippet":"max-snippet:-1","max-image-preview":"max-image-preview:large","max-video-preview":"max-video-preview:-1"},"canonical":"https:\/\/www.em.com.br\/emfoco\/2025\/05\/02\/5-aparelhos-que-todo-home-office-precisa-para-turbinar-a-produtividade\/","og_locale":"pt_BR","og_type":"article","og_title":"5 aparelhos que todo home office precisa para turbinar a produtividade - Estado de Minas - Em foco","og_description":"Quer mais produtividade no home office ou no escrit\u00f3rio? Veja os equipamentos que economizam tempo e elevam o desempenho.","og_url":"https:\/\/www.em.com.br\/emfoco\/2025\/05\/02\/5-aparelhos-que-todo-home-office-precisa-para-turbinar-a-produtividade\/","og_site_name":"Estado de Minas - Em foco","article_published_time":"2025-05-02T13:00:00+00:00","article_modified_time":"2025-05-01T19:48:23+00:00","og_image":[{"width":1280,"height":720,"url":"https:\/\/www.em.com.br\/emfoco\/wp-content\/uploads\/2025\/05\/home-office_1746123244873.jpg","type":"image\/jpeg"}],"author":"Andre\u0301 Rangel\u00a0","twitter_card":"summary_large_image","twitter_misc":{"Escrito por":"Andre\u0301 Rangel\u00a0","Est. tempo de leitura":"3 minutos"},"schema":{"@context":"https:\/\/schema.org","@graph":[{"@type":"WebPage","@id":"https:\/\/www.em.com.br\/emfoco\/2025\/05\/02\/5-aparelhos-que-todo-home-office-precisa-para-turbinar-a-produtividade\/","url":"https:\/\/www.em.com.br\/emfoco\/2025\/05\/02\/5-aparelhos-que-todo-home-office-precisa-para-turbinar-a-produtividade\/","name":"5 aparelhos que todo home office precisa para turbinar a produtividade - Estado de Minas - Em foco","isPartOf":{"@id":"https:\/\/www.em.com.br\/emfoco\/#website"},"primaryImageOfPage":{"@id":"https:\/\/www.em.com.br\/emfoco\/2025\/05\/02\/5-aparelhos-que-todo-home-office-precisa-para-turbinar-a-produtividade\/#primaryimage"},"image":{"@id":"https:\/\/www.em.com.br\/emfoco\/2025\/05\/02\/5-aparelhos-que-todo-home-office-precisa-para-turbinar-a-produtividade\/#primaryimage"},"thumbnailUrl":"https:\/\/www.em.com.br\/emfoco\/wp-content\/uploads\/2025\/05\/home-office_1746123244873.jpg","datePublished":"2025-05-02T13:00:00+00:00","dateModified":"2025-05-01T19:48:23+00:00","author":{"@id":"https:\/\/www.em.com.br\/emfoco\/#\/schema\/person\/60eda09c1fedf0d6891f4cef4b60b8b8"},"description":"Quer mais produtividade no home office ou no escrit\u00f3rio? Veja os equipamentos que economizam tempo e elevam o desempenho.","breadcrumb":{"@id":"https:\/\/www.em.com.br\/emfoco\/2025\/05\/02\/5-aparelhos-que-todo-home-office-precisa-para-turbinar-a-produtividade\/#breadcrumb"},"inLanguage":"pt-BR","potentialAction":[{"@type":"ReadAction","target":["https:\/\/www.em.com.br\/emfoco\/2025\/05\/02\/5-aparelhos-que-todo-home-office-precisa-para-turbinar-a-produtividade\/"]}]},{"@type":"ImageObject","inLanguage":"pt-BR","@id":"https:\/\/www.em.com.br\/emfoco\/2025\/05\/02\/5-aparelhos-que-todo-home-office-precisa-para-turbinar-a-produtividade\/#primaryimage","url":"https:\/\/www.em.com.br\/emfoco\/wp-content\/uploads\/2025\/05\/home-office_1746123244873.jpg","contentUrl":"https:\/\/www.em.com.br\/emfoco\/wp-content\/uploads\/2025\/05\/home-office_1746123244873.jpg","width":1280,"height":720,"caption":"Fim do home office - Cr\u00e9ditos: depositphotos.com \/ alexeys"},{"@type":"BreadcrumbList","@id":"https:\/\/www.em.com.br\/emfoco\/2025\/05\/02\/5-aparelhos-que-todo-home-office-precisa-para-turbinar-a-produtividade\/#breadcrumb","itemListElement":[{"@type":"ListItem","position":1,"name":"In\u00edcio","item":"https:\/\/www.em.com.br\/emfoco\/"},{"@type":"ListItem","position":2,"name":"5 aparelhos que todo home office precisa para turbinar a produtividade"}]},{"@type":"WebSite","@id":"https:\/\/www.em.com.br\/emfoco\/#website","url":"https:\/\/www.em.com.br\/emfoco\/","name":"Estado de Minas - Em foco","description":"Acompanhe as \u00faltimas not\u00edcias e fique bem informado sobre tudo o que acontece em Minas Gerais, Brasil e no mundo.","potentialAction":[{"@type":"SearchAction","target":{"@type":"EntryPoint","urlTemplate":"https:\/\/www.em.com.br\/emfoco\/?s={search_term_string}"},"query-input":{"@type":"PropertyValueSpecification","valueRequired":true,"valueName":"search_term_string"}}],"inLanguage":"pt-BR"},{"@type":"Person","@id":"https:\/\/www.em.com.br\/emfoco\/#\/schema\/person\/60eda09c1fedf0d6891f4cef4b60b8b8","name":"Andre\u0301 Rangel\u00a0","image":{"@type":"ImageObject","inLanguage":"pt-BR","@id":"https:\/\/www.em.com.br\/emfoco\/#\/schema\/person\/image\/","url":"https:\/\/secure.gravatar.com\/avatar\/6234dc814c77c8ef6d8bba622c787efc?s=96&d=mm&r=g","contentUrl":"https:\/\/secure.gravatar.com\/avatar\/6234dc814c77c8ef6d8bba622c787efc?s=96&d=mm&r=g","caption":"Andre\u0301 Rangel\u00a0"},"url":"https:\/\/www.em.com.br\/emfoco\/author\/luizmyth\/"}]}},"_links":{"self":[{"href":"https:\/\/www.em.com.br\/emfoco\/wp-json\/wp\/v2\/posts\/43314","targetHints":{"allow":["GET"]}}],"collection":[{"href":"https:\/\/www.em.com.br\/emfoco\/wp-json\/wp\/v2\/posts"}],"about":[{"href":"https:\/\/www.em.com.br\/emfoco\/wp-json\/wp\/v2\/types\/post"}],"author":[{"embeddable":true,"href":"https:\/\/www.em.com.br\/emfoco\/wp-json\/wp\/v2\/users\/11"}],"replies":[{"embeddable":true,"href":"https:\/\/www.em.com.br\/emfoco\/wp-json\/wp\/v2\/comments?post=43314"}],"version-history":[{"count":5,"href":"https:\/\/www.em.com.br\/emfoco\/wp-json\/wp\/v2\/posts\/43314\/revisions"}],"predecessor-version":[{"id":43414,"href":"https:\/\/www.em.com.br\/emfoco\/wp-json\/wp\/v2\/posts\/43314\/revisions\/43414"}],"wp:featuredmedia":[{"embeddable":true,"href":"https:\/\/www.em.com.br\/emfoco\/wp-json\/wp\/v2\/media\/43413"}],"wp:attachment":[{"href":"https:\/\/www.em.com.br\/emfoco\/wp-json\/wp\/v2\/media?parent=43314"}],"wp:term":[{"taxonomy":"category","embeddable":true,"href":"https:\/\/www.em.com.br\/emfoco\/wp-json\/wp\/v2\/categories?post=43314"},{"taxonomy":"post_tag","embeddable":true,"href":"https:\/\/www.em.com.br\/emfoco\/wp-json\/wp\/v2\/tags?post=43314"}],"curies":[{"name":"wp","href":"https:\/\/api.w.org\/{rel}","templated":true}]}}