{"id":43300,"date":"2025-05-02T16:00:00","date_gmt":"2025-05-02T19:00:00","guid":{"rendered":"https:\/\/www.em.com.br\/emfoco\/?p=43300"},"modified":"2025-05-01T12:54:23","modified_gmt":"2025-05-01T15:54:23","slug":"como-plantar-azeitona-e-cultivar-oliveiras-produtivas-em-casa","status":"publish","type":"post","link":"https:\/\/www.em.com.br\/emfoco\/2025\/05\/02\/como-plantar-azeitona-e-cultivar-oliveiras-produtivas-em-casa\/","title":{"rendered":"Como plantar azeitona e cultivar oliveiras produtivas em casa"},"content":{"rendered":"\n<p>A azeitona \u00e9 o <a href=\"https:\/\/www.em.com.br\/emfoco\/2025\/04\/30\/veja-como-plantar-abacaxi-a-partir-da-coroa-do-fruto\/\" target=\"_blank\" rel=\"noreferrer noopener\">fruto <\/a>da oliveira, uma \u00e1rvore milenar e s\u00edmbolo de longevidade e fertilidade. Origin\u00e1ria da regi\u00e3o do <strong>Mediterr\u00e2neo<\/strong>, a oliveira se adaptou bem a outras regi\u00f5es do mundo, inclusive em algumas \u00e1reas do <strong>Brasil<\/strong>. O cultivo de azeitonas pode ser uma atividade prazerosa e lucrativa, desde que sejam respeitadas as exig\u00eancias clim\u00e1ticas, de solo e manejo. Aprender como plantar azeitona \u00e9 o primeiro passo para ter uma oliveira produtiva e saud\u00e1vel no seu quintal ou s\u00edtio.<\/p>\n\n\n\n<h2 class=\"wp-block-heading\">Qual \u00e9 o clima ideal para cultivar azeitonas?<\/h2>\n\n\n\n<p>A oliveira prefere clima mediterr\u00e2neo, com ver\u00f5es quentes e secos e invernos amenos. Temperaturas entre 15\u00b0C e 30\u00b0C favorecem o desenvolvimento da planta. Geadas intensas e umidade excessiva n\u00e3o s\u00e3o bem toleradas. <strong>Regi\u00f5es do<\/strong> <strong>sul <\/strong>e <strong>sudeste <\/strong>do <strong>Brasil<\/strong>, como <strong>Rio Grande do Sul<\/strong>, <strong>S\u00e3o Paulo<\/strong> e <strong>Minas Gerais<\/strong>, apresentam boas condi\u00e7\u00f5es para o cultivo, desde que respeitados os limites de frio e umidade.<\/p>\n\n\n\n<h2 class=\"wp-block-heading\">Quais s\u00e3o as melhores variedades de oliveira para plantar?<\/h2>\n\n\n\n<p>Existem dezenas de cultivares de oliveira, cada uma com caracter\u00edsticas espec\u00edficas. As mais comuns para cultivo s\u00e3o:<\/p>\n\n\n\n<ul class=\"wp-block-list\">\n<li><strong>Arbequina<\/strong>: pequena, produtiva, resistente e ideal para azeite.<\/li>\n\n\n\n<li><strong>Koroneiki<\/strong>: muito produtiva e \u00f3tima para extra\u00e7\u00e3o de azeite.<\/li>\n\n\n\n<li><strong>Galega<\/strong>: usada tanto para azeite quanto para conserva.<\/li>\n\n\n\n<li><strong>Picual<\/strong>: alta produtividade, sabor marcante.<\/li>\n<\/ul>\n\n\n\n<p>A escolha da variedade depende do clima local, finalidade do cultivo (azeite ou conserva) e disponibilidade de mudas.<\/p>\n\n\n\n<h2 class=\"wp-block-heading\">Como preparar o solo para plantar azeitona?<\/h2>\n\n\n\n<p>A oliveira exige solo bem drenado, leve, com pH entre 6,0 e 8,5. Antes do plantio, \u00e9 fundamental realizar uma an\u00e1lise do solo. Se necess\u00e1rio, corrija a acidez com calc\u00e1rio. Adicione <a href=\"https:\/\/rehagro.com.br\/blog\/composto-organico-quais-os-beneficios-como-e-feito\/\" target=\"_blank\" rel=\"noreferrer noopener\">mat\u00e9ria org\u00e2nica<\/a>, como composto ou esterco curtido, para garantir fertilidade. A drenagem \u00e9 crucial: solos encharcados favorecem doen\u00e7as f\u00fangicas.<\/p>\n\n\n\n<h2 class=\"wp-block-heading\">Qual a melhor forma de plantar mudas de oliveira?<\/h2>\n\n\n\n<p>O plantio \u00e9 geralmente feito com mudas enxertadas, que garantem maior produtividade e resist\u00eancia. Abra covas de 40x40x40 cm, misture a terra retirada com mat\u00e9ria org\u00e2nica e adubo fosfatado, e plante a muda respeitando o colo da planta. Irrigue ap\u00f3s o plantio e mantenha o solo levemente \u00famido nos primeiros meses.<\/p>\n\n\n<div class=\"wp-block-image\">\n<figure class=\"aligncenter size-large\"><img loading=\"lazy\" decoding=\"async\" width=\"1024\" height=\"576\" src=\"https:\/\/www.em.com.br\/emfoco\/wp-content\/uploads\/2025\/05\/azeitona-_1746114695968-1024x576.jpg\" alt=\"Como plantar azeitona e cultivar oliveiras produtivas em casa\" class=\"wp-image-43341\" srcset=\"https:\/\/www.em.com.br\/emfoco\/wp-content\/uploads\/2025\/05\/azeitona-_1746114695968-1024x576.jpg 1024w, https:\/\/www.em.com.br\/emfoco\/wp-content\/uploads\/2025\/05\/azeitona-_1746114695968-300x169.jpg 300w, https:\/\/www.em.com.br\/emfoco\/wp-content\/uploads\/2025\/05\/azeitona-_1746114695968-768x432.jpg 768w, https:\/\/www.em.com.br\/emfoco\/wp-content\/uploads\/2025\/05\/azeitona-_1746114695968-750x422.jpg 750w, https:\/\/www.em.com.br\/emfoco\/wp-content\/uploads\/2025\/05\/azeitona-_1746114695968-1140x641.jpg 1140w, https:\/\/www.em.com.br\/emfoco\/wp-content\/uploads\/2025\/05\/azeitona-_1746114695968.jpg 1280w\" sizes=\"auto, (max-width: 1024px) 100vw, 1024px\" \/><figcaption class=\"wp-element-caption\">Azeitona &#8211; Cr\u00e9ditos: depositphotos.com \/ sansa55<\/figcaption><\/figure><\/div>\n\n\n<h2 class=\"wp-block-heading\">A oliveira pode ser cultivada em vasos?<\/h2>\n\n\n\n<p>Sim, mas \u00e9 necess\u00e1rio escolher vasos grandes, com no m\u00ednimo 60 litros, e garantir boa drenagem. Use substrato leve e rico em mat\u00e9ria org\u00e2nica. Em vasos, a oliveira precisa de podas de forma\u00e7\u00e3o e frutifica\u00e7\u00e3o mais rigorosas. Apesar de frutificar menos do que no solo, \u00e9 poss\u00edvel colher pequenas quantidades de azeitona.<\/p>\n\n\n\n<h2 class=\"wp-block-heading\">Quanto tempo leva para a oliveira produzir azeitonas?<\/h2>\n\n\n\n<p>A oliveira come\u00e7a a produzir frutos entre 3 a 5 anos ap\u00f3s o plantio, dependendo da variedade e das condi\u00e7\u00f5es de cultivo. A frutifica\u00e7\u00e3o ocorre normalmente no final do ver\u00e3o, com colheita entre mar\u00e7o e junho, conforme a regi\u00e3o. A produ\u00e7\u00e3o tende a aumentar com o tempo e os cuidados adequados.<\/p>\n\n\n\n<h2 class=\"wp-block-heading\">Quais s\u00e3o os principais cuidados no cultivo da azeitona?<\/h2>\n\n\n\n<p>Os cuidados essenciais incluem:<\/p>\n\n\n\n<ul class=\"wp-block-list\">\n<li>Rega moderada, evitando encharcamento.<\/li>\n\n\n\n<li>Aduba\u00e7\u00e3o anual com foco em f\u00f3sforo e pot\u00e1ssio.<\/li>\n\n\n\n<li>Podas para forma\u00e7\u00e3o da copa e renova\u00e7\u00e3o.<\/li>\n\n\n\n<li>Controle de pragas como mosca-da-azeitona e cochonilhas.<\/li>\n\n\n\n<li>Prote\u00e7\u00e3o contra geadas e ventos fortes em regi\u00f5es frias.<\/li>\n<\/ul>\n\n\n\n<h2 class=\"wp-block-heading\">Como \u00e9 feita a colheita das azeitonas?<\/h2>\n\n\n\n<p>A colheita pode ser manual ou com uso de ferramentas que chacoalham os galhos. O ponto ideal de colheita varia conforme o uso: azeitonas verdes s\u00e3o colhidas mais cedo, enquanto as destinadas ao azeite devem estar maduras. Ap\u00f3s a colheita, as azeitonas devem ser processadas rapidamente para conserva ou extra\u00e7\u00e3o do \u00f3leo.<\/p>\n\n\n\n<h2 class=\"wp-block-heading\">Precisa de mais de uma planta para produzir frutos?<\/h2>\n\n\n\n<p>Algumas variedades s\u00e3o autopolinizadoras, como a <strong>Arbequina<\/strong>, mas muitas se beneficiam da poliniza\u00e7\u00e3o cruzada. Ter duas ou mais variedades no mesmo pomar aumenta a produtividade. As abelhas desempenham papel importante na poliniza\u00e7\u00e3o das flores.<\/p>\n\n\n\n<h2 class=\"wp-block-heading\">A oliveira \u00e9 resistente a doen\u00e7as?<\/h2>\n\n\n\n<p>De forma geral, sim, mas pode ser atacada por pragas e fungos em condi\u00e7\u00f5es de alta umidade. Os principais problemas incluem:<\/p>\n\n\n\n<ul class=\"wp-block-list\">\n<li><strong>Mosca-da-azeitona<\/strong><\/li>\n\n\n\n<li><strong>Cochonilhas<\/strong><\/li>\n\n\n\n<li><strong>Olho de pav\u00e3o<\/strong> (doen\u00e7a f\u00fangica)<\/li>\n<\/ul>\n\n\n\n<p>A preven\u00e7\u00e3o inclui podas regulares, uso de caldas naturais e espa\u00e7amento adequado entre as plantas.<\/p>\n\n\n\n<h2 class=\"wp-block-heading\">FAQ<\/h2>\n\n\n\n<p><strong>1. A oliveira precisa de muito sol?<\/strong><br>Sim, no m\u00ednimo 6 a 8 horas de sol direto por dia.<\/p>\n\n\n\n<p><strong>2. Posso plantar azeitona em regi\u00f5es tropicais?<\/strong><br>Dificilmente. A oliveira prefere clima mais ameno e seco.<\/p>\n\n\n\n<p><strong>3. A oliveira cresce muito?<\/strong><br>Sim, pode atingir at\u00e9 6 metros, mas podas controlam o porte.<\/p>\n\n\n\n<p><strong>4. A oliveira produz todo ano?<\/strong><br>Sim, mas a produtividade varia ano a ano e melhora com a idade.<\/p>\n\n\n\n<p><strong>5. Qual \u00e9 a vida \u00fatil de uma oliveira?<\/strong><br>Pode viver mais de 100 anos, com produ\u00e7\u00e3o significativa por d\u00e9cadas.<\/p>\n","protected":false},"excerpt":{"rendered":"<p>A azeitona \u00e9 o fruto da oliveira, uma \u00e1rvore milenar e s\u00edmbolo de longevidade e fertilidade. Origin\u00e1ria da regi\u00e3o do Mediterr\u00e2neo, a oliveira se adaptou bem a outras regi\u00f5es do mundo, inclusive em algumas \u00e1reas do Brasil. O cultivo de azeitonas pode ser uma atividade prazerosa e lucrativa, desde que sejam respeitadas as exig\u00eancias clim\u00e1ticas, [&hellip;]<\/p>\n","protected":false},"author":9,"featured_media":43338,"comment_status":"open","ping_status":"open","sticky":false,"template":"","format":"standard","meta":{"jnews-multi-image_gallery":[],"jnews_single_post":{"format":"standard"},"jnews_primary_category":[],"jnews_social_meta":[],"jnews_override_counter":[],"footnotes":""},"categories":[29,1],"tags":[7700,8190,6437,8189],"class_list":["post-43300","post","type-post","status-publish","format-standard","has-post-thumbnail","hentry","category-entretenimento","category-noticias","tag-arvores-frutiferas","tag-como-plantar-azeitona","tag-cultivo-de-frutas","tag-oliveira"],"yoast_head":"<!-- This site is optimized with the Yoast SEO plugin v23.8 - https:\/\/yoast.com\/wordpress\/plugins\/seo\/ -->\n<title>Como plantar azeitona e cultivar oliveiras produtivas em casa<\/title>\n<meta name=\"description\" content=\"Aprenda como plantar oliveira e colher azeitonas no quintal. Veja clima ideal, variedades, podas, colheita e cuidados essenciais.\" \/>\n<meta name=\"robots\" content=\"index, follow, max-snippet:-1, max-image-preview:large, max-video-preview:-1\" \/>\n<link rel=\"canonical\" href=\"https:\/\/www.em.com.br\/emfoco\/2025\/05\/02\/como-plantar-azeitona-e-cultivar-oliveiras-produtivas-em-casa\/\" \/>\n<meta property=\"og:locale\" content=\"pt_BR\" \/>\n<meta property=\"og:type\" content=\"article\" \/>\n<meta property=\"og:title\" content=\"Como plantar azeitona e cultivar oliveiras produtivas em casa\" \/>\n<meta property=\"og:description\" content=\"Aprenda como plantar oliveira e colher azeitonas no quintal. Veja clima ideal, variedades, podas, colheita e cuidados essenciais.\" \/>\n<meta property=\"og:url\" content=\"https:\/\/www.em.com.br\/emfoco\/2025\/05\/02\/como-plantar-azeitona-e-cultivar-oliveiras-produtivas-em-casa\/\" \/>\n<meta property=\"og:site_name\" content=\"Estado de Minas - Em foco\" \/>\n<meta property=\"article:published_time\" content=\"2025-05-02T19:00:00+00:00\" \/>\n<meta property=\"article:modified_time\" content=\"2025-05-01T15:54:23+00:00\" \/>\n<meta property=\"og:image\" content=\"https:\/\/www.em.com.br\/emfoco\/wp-content\/uploads\/2025\/05\/azeitona-_1746114612196.jpg\" \/>\n\t<meta property=\"og:image:width\" content=\"1280\" \/>\n\t<meta property=\"og:image:height\" content=\"720\" \/>\n\t<meta property=\"og:image:type\" content=\"image\/jpeg\" \/>\n<meta name=\"author\" content=\"Daniely Cardoso\" \/>\n<meta name=\"twitter:card\" content=\"summary_large_image\" \/>\n<meta name=\"twitter:label1\" content=\"Escrito por\" \/>\n\t<meta name=\"twitter:data1\" content=\"Daniely Cardoso\" \/>\n\t<meta name=\"twitter:label2\" content=\"Est. tempo de leitura\" \/>\n\t<meta name=\"twitter:data2\" content=\"5 minutos\" \/>\n<!-- \/ Yoast SEO plugin. -->","yoast_head_json":{"title":"Como plantar azeitona e cultivar oliveiras produtivas em casa","description":"Aprenda como plantar oliveira e colher azeitonas no quintal. Veja clima ideal, variedades, podas, colheita e cuidados essenciais.","robots":{"index":"index","follow":"follow","max-snippet":"max-snippet:-1","max-image-preview":"max-image-preview:large","max-video-preview":"max-video-preview:-1"},"canonical":"https:\/\/www.em.com.br\/emfoco\/2025\/05\/02\/como-plantar-azeitona-e-cultivar-oliveiras-produtivas-em-casa\/","og_locale":"pt_BR","og_type":"article","og_title":"Como plantar azeitona e cultivar oliveiras produtivas em casa","og_description":"Aprenda como plantar oliveira e colher azeitonas no quintal. Veja clima ideal, variedades, podas, colheita e cuidados essenciais.","og_url":"https:\/\/www.em.com.br\/emfoco\/2025\/05\/02\/como-plantar-azeitona-e-cultivar-oliveiras-produtivas-em-casa\/","og_site_name":"Estado de Minas - Em foco","article_published_time":"2025-05-02T19:00:00+00:00","article_modified_time":"2025-05-01T15:54:23+00:00","og_image":[{"width":1280,"height":720,"url":"https:\/\/www.em.com.br\/emfoco\/wp-content\/uploads\/2025\/05\/azeitona-_1746114612196.jpg","type":"image\/jpeg"}],"author":"Daniely Cardoso","twitter_card":"summary_large_image","twitter_misc":{"Escrito por":"Daniely Cardoso","Est. tempo de leitura":"5 minutos"},"schema":{"@context":"https:\/\/schema.org","@graph":[{"@type":"WebPage","@id":"https:\/\/www.em.com.br\/emfoco\/2025\/05\/02\/como-plantar-azeitona-e-cultivar-oliveiras-produtivas-em-casa\/","url":"https:\/\/www.em.com.br\/emfoco\/2025\/05\/02\/como-plantar-azeitona-e-cultivar-oliveiras-produtivas-em-casa\/","name":"Como plantar azeitona e cultivar oliveiras produtivas em casa","isPartOf":{"@id":"https:\/\/www.em.com.br\/emfoco\/#website"},"primaryImageOfPage":{"@id":"https:\/\/www.em.com.br\/emfoco\/2025\/05\/02\/como-plantar-azeitona-e-cultivar-oliveiras-produtivas-em-casa\/#primaryimage"},"image":{"@id":"https:\/\/www.em.com.br\/emfoco\/2025\/05\/02\/como-plantar-azeitona-e-cultivar-oliveiras-produtivas-em-casa\/#primaryimage"},"thumbnailUrl":"https:\/\/www.em.com.br\/emfoco\/wp-content\/uploads\/2025\/05\/azeitona-_1746114612196.jpg","datePublished":"2025-05-02T19:00:00+00:00","dateModified":"2025-05-01T15:54:23+00:00","author":{"@id":"https:\/\/www.em.com.br\/emfoco\/#\/schema\/person\/0a8186d72f2c3a5c6276d90b41f271a0"},"description":"Aprenda como plantar oliveira e colher azeitonas no quintal. Veja clima ideal, variedades, podas, colheita e cuidados essenciais.","breadcrumb":{"@id":"https:\/\/www.em.com.br\/emfoco\/2025\/05\/02\/como-plantar-azeitona-e-cultivar-oliveiras-produtivas-em-casa\/#breadcrumb"},"inLanguage":"pt-BR","potentialAction":[{"@type":"ReadAction","target":["https:\/\/www.em.com.br\/emfoco\/2025\/05\/02\/como-plantar-azeitona-e-cultivar-oliveiras-produtivas-em-casa\/"]}]},{"@type":"ImageObject","inLanguage":"pt-BR","@id":"https:\/\/www.em.com.br\/emfoco\/2025\/05\/02\/como-plantar-azeitona-e-cultivar-oliveiras-produtivas-em-casa\/#primaryimage","url":"https:\/\/www.em.com.br\/emfoco\/wp-content\/uploads\/2025\/05\/azeitona-_1746114612196.jpg","contentUrl":"https:\/\/www.em.com.br\/emfoco\/wp-content\/uploads\/2025\/05\/azeitona-_1746114612196.jpg","width":1280,"height":720,"caption":"Azeitona - Cr\u00e9ditos: depositphotos.com \/ Whitewolf"},{"@type":"BreadcrumbList","@id":"https:\/\/www.em.com.br\/emfoco\/2025\/05\/02\/como-plantar-azeitona-e-cultivar-oliveiras-produtivas-em-casa\/#breadcrumb","itemListElement":[{"@type":"ListItem","position":1,"name":"In\u00edcio","item":"https:\/\/www.em.com.br\/emfoco\/"},{"@type":"ListItem","position":2,"name":"Como plantar azeitona e cultivar oliveiras produtivas em casa"}]},{"@type":"WebSite","@id":"https:\/\/www.em.com.br\/emfoco\/#website","url":"https:\/\/www.em.com.br\/emfoco\/","name":"Estado de Minas - Em foco","description":"Acompanhe as \u00faltimas not\u00edcias e fique bem informado sobre tudo o que acontece em Minas Gerais, Brasil e no mundo.","potentialAction":[{"@type":"SearchAction","target":{"@type":"EntryPoint","urlTemplate":"https:\/\/www.em.com.br\/emfoco\/?s={search_term_string}"},"query-input":{"@type":"PropertyValueSpecification","valueRequired":true,"valueName":"search_term_string"}}],"inLanguage":"pt-BR"},{"@type":"Person","@id":"https:\/\/www.em.com.br\/emfoco\/#\/schema\/person\/0a8186d72f2c3a5c6276d90b41f271a0","name":"Daniely Cardoso","image":{"@type":"ImageObject","inLanguage":"pt-BR","@id":"https:\/\/www.em.com.br\/emfoco\/#\/schema\/person\/image\/","url":"https:\/\/secure.gravatar.com\/avatar\/4b80ddbd124d1f071b626d52d62e5dff?s=96&d=mm&r=g","contentUrl":"https:\/\/secure.gravatar.com\/avatar\/4b80ddbd124d1f071b626d52d62e5dff?s=96&d=mm&r=g","caption":"Daniely Cardoso"},"url":"https:\/\/www.em.com.br\/emfoco\/author\/danielymyth\/"}]}},"_links":{"self":[{"href":"https:\/\/www.em.com.br\/emfoco\/wp-json\/wp\/v2\/posts\/43300","targetHints":{"allow":["GET"]}}],"collection":[{"href":"https:\/\/www.em.com.br\/emfoco\/wp-json\/wp\/v2\/posts"}],"about":[{"href":"https:\/\/www.em.com.br\/emfoco\/wp-json\/wp\/v2\/types\/post"}],"author":[{"embeddable":true,"href":"https:\/\/www.em.com.br\/emfoco\/wp-json\/wp\/v2\/users\/9"}],"replies":[{"embeddable":true,"href":"https:\/\/www.em.com.br\/emfoco\/wp-json\/wp\/v2\/comments?post=43300"}],"version-history":[{"count":3,"href":"https:\/\/www.em.com.br\/emfoco\/wp-json\/wp\/v2\/posts\/43300\/revisions"}],"predecessor-version":[{"id":43344,"href":"https:\/\/www.em.com.br\/emfoco\/wp-json\/wp\/v2\/posts\/43300\/revisions\/43344"}],"wp:featuredmedia":[{"embeddable":true,"href":"https:\/\/www.em.com.br\/emfoco\/wp-json\/wp\/v2\/media\/43338"}],"wp:attachment":[{"href":"https:\/\/www.em.com.br\/emfoco\/wp-json\/wp\/v2\/media?parent=43300"}],"wp:term":[{"taxonomy":"category","embeddable":true,"href":"https:\/\/www.em.com.br\/emfoco\/wp-json\/wp\/v2\/categories?post=43300"},{"taxonomy":"post_tag","embeddable":true,"href":"https:\/\/www.em.com.br\/emfoco\/wp-json\/wp\/v2\/tags?post=43300"}],"curies":[{"name":"wp","href":"https:\/\/api.w.org\/{rel}","templated":true}]}}