{"id":4324,"date":"2024-12-11T22:00:00","date_gmt":"2024-12-12T01:00:00","guid":{"rendered":"https:\/\/www.em.com.br\/emfoco\/?p=4324"},"modified":"2024-12-10T22:29:37","modified_gmt":"2024-12-11T01:29:37","slug":"reacher-ate-onde-ele-ira-para-proteger-os-inocentes","status":"publish","type":"post","link":"https:\/\/www.em.com.br\/emfoco\/2024\/12\/11\/reacher-ate-onde-ele-ira-para-proteger-os-inocentes\/","title":{"rendered":"Reacher: At\u00e9 onde ele ir\u00e1 para proteger os inocentes?"},"content":{"rendered":"\n<p>A s\u00e9rie <strong>Reacher<\/strong>, um dos sucessos do Amazon Prime Video, est\u00e1 prestes a retornar com sua terceira temporada. Recentemente, durante a CCXP24, importantes revela\u00e7\u00f5es foram feitas sobre o rumo da trama e as novidades para os f\u00e3s da s\u00e9rie de a\u00e7\u00e3o. O evento contou com a presen\u00e7a marcante do elenco e do criador da s\u00e9rie, que adiantaram detalhes empolgantes.<\/p>\n\n\n\n<figure class=\"wp-block-embed is-type-video is-provider-youtube wp-block-embed-youtube wp-embed-aspect-16-9 wp-has-aspect-ratio\"><div class=\"wp-block-embed__wrapper\">\n<div class=\"jeg_video_container jeg_video_content\"><iframe loading=\"lazy\" title=\"Reacher | Temporada 3 | Teaser Oficial | Prime Video\" width=\"500\" height=\"281\" src=\"https:\/\/www.youtube.com\/embed\/xUMqmeGxFSU?feature=oembed\" frameborder=\"0\" allow=\"accelerometer; autoplay; clipboard-write; encrypted-media; gyroscope; picture-in-picture; web-share\" referrerpolicy=\"strict-origin-when-cross-origin\" allowfullscreen><\/iframe><\/div>\n<\/div><\/figure>\n\n\n\n<p>Alan Ritchson, que interpreta o protagonista Jack Reacher, estar\u00e1 de volta para enfrentar um novo advers\u00e1rio, prometendo um enredo ainda mais intenso e emocionante. A expectativa \u00e9 alta, especialmente ap\u00f3s a apresenta\u00e7\u00e3o de um teaser que deixou os f\u00e3s ansiosos por mais.<\/p>\n\n\n\n<h2 class=\"wp-block-heading\">Quem \u00e9 o Novo Rival de Jack Reacher?<\/h2>\n\n\n\n<p>O mais recente oponente de <em>Jack Reacher<\/em> ser\u00e1 o vil\u00e3o <strong>Paulie<\/strong>, interpretado por Olivier Richter. Com quase dois metros de altura, Richter traz uma presen\u00e7a marcante ao papel, prometendo confrontos \u00e9picos. Essa novidade foi muito bem recebida durante a apresenta\u00e7\u00e3o na CCXP24, aumentando ainda mais a curiosidade sobre o desenrolar da temporada.<\/p>\n\n\n\n<p>O envolvimento de Richter adiciona uma nova dimens\u00e3o \u00e0 s\u00e9rie, trazendo um antagonista que n\u00e3o apenas iguala Reacher em for\u00e7a, mas tamb\u00e9m em carisma. As intera\u00e7\u00f5es entre Paulie e Reacher s\u00e3o aguardadas com grande expectativa, considerando o hist\u00f3rico de confrontos intensos na s\u00e9rie.<\/p>\n\n\n\n<h2 class=\"wp-block-heading\">Impacto da Viol\u00eancia e Mudan\u00e7as na S\u00e9rie<\/h2>\n\n\n\n<p>Lee Child, criador da s\u00e9rie <em>Reacher<\/em>, destacou que esta temporada ser\u00e1 ainda mais sangrenta e agressiva. Contudo, ele mencionou a necessidade de reduzir um pouco o n\u00edvel de viol\u00eancia para tornar a s\u00e9rie mais adequada para a televis\u00e3o. Este ajuste busca manter a ess\u00eancia da obra original enquanto respeita restri\u00e7\u00f5es necess\u00e1rias para exibi\u00e7\u00e3o em TV aberta.<\/p>\n\n\n\n<blockquote class=\"twitter-tweet\"><p lang=\"pt\" dir=\"ltr\">Ser\u00e1 que Jack Reacher vai encarar algu\u00e9m \u270b desse tamanho \ud83e\udd1a? A 3\u00aa temporada de Reacher chega em 20 de fevereiro. <a href=\"https:\/\/t.co\/WYMd1Zeobp\">pic.twitter.com\/WYMd1Zeobp<\/a><\/p>&mdash; Prime Video Brasil (@PrimeVideoBR) <a href=\"https:\/\/twitter.com\/PrimeVideoBR\/status\/1865549191147106421?ref_src=twsrc%5Etfw\">December 8, 2024<\/a><\/blockquote> <script async src=\"https:\/\/platform.twitter.com\/widgets.js\" charset=\"utf-8\"><\/script>\n\n\n\n<p>Alan Ritchson acrescentou que acredita firmemente que esta ser\u00e1 &#8220;de longe a melhor temporada&#8221;. As declara\u00e7\u00f5es de Ritchson e Child sugerem um equil\u00edbrio cuidadoso entre a\u00e7\u00e3o, intensidade e narrativa, com a inten\u00e7\u00e3o de cativar a audi\u00eancia ao longo dos novos epis\u00f3dios.<\/p>\n\n\n\n<h2 class=\"wp-block-heading\">Quando \u00e9 a Estreia da 3\u00aa Temporada de Reacher?<\/h2>\n\n\n\n<p>A ansiedade dos f\u00e3s para conferir as novas aventuras de Jack Reacher j\u00e1 tem data marcada: a <strong>terceira temporada estreia em 20 de fevereiro de 2025<\/strong>. At\u00e9 l\u00e1, muitos detalhes ainda aguardam ser revelados, mas muitas expectativas est\u00e3o em jogo. A s\u00e9rie promete entregar reviravoltas surpreendentes e cenas de a\u00e7\u00e3o eletrizantes que j\u00e1 s\u00e3o marcas registradas do programa.<\/p>\n\n\n\n<h2 class=\"wp-block-heading\">Como Ficar Atualizado Sobre a S\u00e9rie Reacher?<\/h2>\n\n\n\n<ul class=\"wp-block-list\">\n<li>Acompanhe novidades e trailers pelo site e redes sociais do Amazon Prime Video.<\/li>\n\n\n\n<li>Ou\u00e7a podcasts como &#8220;OdeioCinema&#8221; no Spotify para an\u00e1lises e coment\u00e1rios sobre a s\u00e9rie.<\/li>\n\n\n\n<li>Participe de f\u00f3runs e grupos de discuss\u00e3o para trocar ideias e teorias com outros f\u00e3s.<\/li>\n<\/ul>\n\n\n\n<p>Essas s\u00e3o apenas algumas das maneiras que os entusiastas podem usar para se manterem informados sobre tudo o que acontece no mundo de Reacher. Aguardam-se mais informa\u00e7\u00f5es e surpresas nos meses que antecedem o lan\u00e7amento da nova temporada.<\/p>\n","protected":false},"excerpt":{"rendered":"<p>A s\u00e9rie Reacher, um dos sucessos do Amazon Prime Video, est\u00e1 prestes a retornar com sua terceira temporada. Recentemente, durante a CCXP24, importantes revela\u00e7\u00f5es foram feitas sobre o rumo da trama e as novidades para os f\u00e3s da s\u00e9rie de a\u00e7\u00e3o. O evento contou com a presen\u00e7a marcante do elenco e do criador da s\u00e9rie, [&hellip;]<\/p>\n","protected":false},"author":7,"featured_media":4327,"comment_status":"open","ping_status":"open","sticky":false,"template":"","format":"standard","meta":{"jnews-multi-image_gallery":[],"jnews_single_post":{"format":"standard"},"jnews_primary_category":[],"jnews_social_meta":[],"jnews_override_counter":[],"footnotes":""},"categories":[29,136],"tags":[143,1855,147,1856,1379,1138],"class_list":["post-4324","post","type-post","status-publish","format-standard","has-post-thumbnail","hentry","category-entretenimento","category-series","tag-acao","tag-amazon","tag-aventura","tag-jack-reacher","tag-prime-video","tag-serie"],"yoast_head":"<!-- This site is optimized with the Yoast SEO plugin v23.8 - https:\/\/yoast.com\/wordpress\/plugins\/seo\/ -->\n<title>Reacher: At\u00e9 onde ele ir\u00e1 para proteger os inocentes? - Estado de Minas - Em foco<\/title>\n<meta name=\"description\" content=\"A terceira temporada de Reacher, s\u00e9rie do Amazon Prime Video, estreia em 2025 com mais a\u00e7\u00e3o e aventuras de Jack Reacher.\" \/>\n<meta name=\"robots\" content=\"index, follow, max-snippet:-1, max-image-preview:large, max-video-preview:-1\" \/>\n<link rel=\"canonical\" href=\"https:\/\/www.em.com.br\/emfoco\/2024\/12\/11\/reacher-ate-onde-ele-ira-para-proteger-os-inocentes\/\" \/>\n<meta property=\"og:locale\" content=\"pt_BR\" \/>\n<meta property=\"og:type\" content=\"article\" \/>\n<meta property=\"og:title\" content=\"Reacher: At\u00e9 onde ele ir\u00e1 para proteger os inocentes? - Estado de Minas - Em foco\" \/>\n<meta property=\"og:description\" content=\"A terceira temporada de Reacher, s\u00e9rie do Amazon Prime Video, estreia em 2025 com mais a\u00e7\u00e3o e aventuras de Jack Reacher.\" \/>\n<meta property=\"og:url\" content=\"https:\/\/www.em.com.br\/emfoco\/2024\/12\/11\/reacher-ate-onde-ele-ira-para-proteger-os-inocentes\/\" \/>\n<meta property=\"og:site_name\" content=\"Estado de Minas - Em foco\" \/>\n<meta property=\"article:published_time\" content=\"2024-12-12T01:00:00+00:00\" \/>\n<meta property=\"article:modified_time\" content=\"2024-12-11T01:29:37+00:00\" \/>\n<meta property=\"og:image\" content=\"https:\/\/www.em.com.br\/emfoco\/wp-content\/uploads\/2024\/12\/Screenshot_11-1.jpg\" \/>\n\t<meta property=\"og:image:width\" content=\"1200\" \/>\n\t<meta property=\"og:image:height\" content=\"764\" \/>\n\t<meta property=\"og:image:type\" content=\"image\/jpeg\" \/>\n<meta name=\"author\" content=\"Kelvin\" \/>\n<meta name=\"twitter:card\" content=\"summary_large_image\" \/>\n<meta name=\"twitter:label1\" content=\"Escrito por\" \/>\n\t<meta name=\"twitter:data1\" content=\"Kelvin\" \/>\n\t<meta name=\"twitter:label2\" content=\"Est. tempo de leitura\" \/>\n\t<meta name=\"twitter:data2\" content=\"3 minutos\" \/>\n<!-- \/ Yoast SEO plugin. -->","yoast_head_json":{"title":"Reacher: At\u00e9 onde ele ir\u00e1 para proteger os inocentes? - Estado de Minas - Em foco","description":"A terceira temporada de Reacher, s\u00e9rie do Amazon Prime Video, estreia em 2025 com mais a\u00e7\u00e3o e aventuras de Jack Reacher.","robots":{"index":"index","follow":"follow","max-snippet":"max-snippet:-1","max-image-preview":"max-image-preview:large","max-video-preview":"max-video-preview:-1"},"canonical":"https:\/\/www.em.com.br\/emfoco\/2024\/12\/11\/reacher-ate-onde-ele-ira-para-proteger-os-inocentes\/","og_locale":"pt_BR","og_type":"article","og_title":"Reacher: At\u00e9 onde ele ir\u00e1 para proteger os inocentes? - Estado de Minas - Em foco","og_description":"A terceira temporada de Reacher, s\u00e9rie do Amazon Prime Video, estreia em 2025 com mais a\u00e7\u00e3o e aventuras de Jack Reacher.","og_url":"https:\/\/www.em.com.br\/emfoco\/2024\/12\/11\/reacher-ate-onde-ele-ira-para-proteger-os-inocentes\/","og_site_name":"Estado de Minas - Em foco","article_published_time":"2024-12-12T01:00:00+00:00","article_modified_time":"2024-12-11T01:29:37+00:00","og_image":[{"width":1200,"height":764,"url":"https:\/\/www.em.com.br\/emfoco\/wp-content\/uploads\/2024\/12\/Screenshot_11-1.jpg","type":"image\/jpeg"}],"author":"Kelvin","twitter_card":"summary_large_image","twitter_misc":{"Escrito por":"Kelvin","Est. tempo de leitura":"3 minutos"},"schema":{"@context":"https:\/\/schema.org","@graph":[{"@type":"WebPage","@id":"https:\/\/www.em.com.br\/emfoco\/2024\/12\/11\/reacher-ate-onde-ele-ira-para-proteger-os-inocentes\/","url":"https:\/\/www.em.com.br\/emfoco\/2024\/12\/11\/reacher-ate-onde-ele-ira-para-proteger-os-inocentes\/","name":"Reacher: At\u00e9 onde ele ir\u00e1 para proteger os inocentes? - Estado de Minas - Em foco","isPartOf":{"@id":"https:\/\/www.em.com.br\/emfoco\/#website"},"primaryImageOfPage":{"@id":"https:\/\/www.em.com.br\/emfoco\/2024\/12\/11\/reacher-ate-onde-ele-ira-para-proteger-os-inocentes\/#primaryimage"},"image":{"@id":"https:\/\/www.em.com.br\/emfoco\/2024\/12\/11\/reacher-ate-onde-ele-ira-para-proteger-os-inocentes\/#primaryimage"},"thumbnailUrl":"https:\/\/www.em.com.br\/emfoco\/wp-content\/uploads\/2024\/12\/Screenshot_11-1.jpg","datePublished":"2024-12-12T01:00:00+00:00","dateModified":"2024-12-11T01:29:37+00:00","author":{"@id":"https:\/\/www.em.com.br\/emfoco\/#\/schema\/person\/fb0a7f48c6fbb94b83f413a80f61917d"},"description":"A terceira temporada de Reacher, s\u00e9rie do Amazon Prime Video, estreia em 2025 com mais a\u00e7\u00e3o e aventuras de Jack Reacher.","breadcrumb":{"@id":"https:\/\/www.em.com.br\/emfoco\/2024\/12\/11\/reacher-ate-onde-ele-ira-para-proteger-os-inocentes\/#breadcrumb"},"inLanguage":"pt-BR","potentialAction":[{"@type":"ReadAction","target":["https:\/\/www.em.com.br\/emfoco\/2024\/12\/11\/reacher-ate-onde-ele-ira-para-proteger-os-inocentes\/"]}]},{"@type":"ImageObject","inLanguage":"pt-BR","@id":"https:\/\/www.em.com.br\/emfoco\/2024\/12\/11\/reacher-ate-onde-ele-ira-para-proteger-os-inocentes\/#primaryimage","url":"https:\/\/www.em.com.br\/emfoco\/wp-content\/uploads\/2024\/12\/Screenshot_11-1.jpg","contentUrl":"https:\/\/www.em.com.br\/emfoco\/wp-content\/uploads\/2024\/12\/Screenshot_11-1.jpg","width":1200,"height":764,"caption":"Reacher - Trailer\/AmazonPrimeVideo"},{"@type":"BreadcrumbList","@id":"https:\/\/www.em.com.br\/emfoco\/2024\/12\/11\/reacher-ate-onde-ele-ira-para-proteger-os-inocentes\/#breadcrumb","itemListElement":[{"@type":"ListItem","position":1,"name":"In\u00edcio","item":"https:\/\/www.em.com.br\/emfoco\/"},{"@type":"ListItem","position":2,"name":"Reacher: At\u00e9 onde ele ir\u00e1 para proteger os inocentes?"}]},{"@type":"WebSite","@id":"https:\/\/www.em.com.br\/emfoco\/#website","url":"https:\/\/www.em.com.br\/emfoco\/","name":"Estado de Minas - Em foco","description":"Acompanhe as \u00faltimas not\u00edcias e fique bem informado sobre tudo o que acontece em Minas Gerais, Brasil e no mundo.","potentialAction":[{"@type":"SearchAction","target":{"@type":"EntryPoint","urlTemplate":"https:\/\/www.em.com.br\/emfoco\/?s={search_term_string}"},"query-input":{"@type":"PropertyValueSpecification","valueRequired":true,"valueName":"search_term_string"}}],"inLanguage":"pt-BR"},{"@type":"Person","@id":"https:\/\/www.em.com.br\/emfoco\/#\/schema\/person\/fb0a7f48c6fbb94b83f413a80f61917d","name":"Kelvin","image":{"@type":"ImageObject","inLanguage":"pt-BR","@id":"https:\/\/www.em.com.br\/emfoco\/#\/schema\/person\/image\/","url":"https:\/\/secure.gravatar.com\/avatar\/e74f84337e6bf6c4c5e88fbdffa05270?s=96&d=mm&r=g","contentUrl":"https:\/\/secure.gravatar.com\/avatar\/e74f84337e6bf6c4c5e88fbdffa05270?s=96&d=mm&r=g","caption":"Kelvin"},"sameAs":["https:\/\/www.em.com.br\/emfoco"],"url":"https:\/\/www.em.com.br\/emfoco\/author\/kelvinmyth\/"}]}},"_links":{"self":[{"href":"https:\/\/www.em.com.br\/emfoco\/wp-json\/wp\/v2\/posts\/4324","targetHints":{"allow":["GET"]}}],"collection":[{"href":"https:\/\/www.em.com.br\/emfoco\/wp-json\/wp\/v2\/posts"}],"about":[{"href":"https:\/\/www.em.com.br\/emfoco\/wp-json\/wp\/v2\/types\/post"}],"author":[{"embeddable":true,"href":"https:\/\/www.em.com.br\/emfoco\/wp-json\/wp\/v2\/users\/7"}],"replies":[{"embeddable":true,"href":"https:\/\/www.em.com.br\/emfoco\/wp-json\/wp\/v2\/comments?post=4324"}],"version-history":[{"count":2,"href":"https:\/\/www.em.com.br\/emfoco\/wp-json\/wp\/v2\/posts\/4324\/revisions"}],"predecessor-version":[{"id":4328,"href":"https:\/\/www.em.com.br\/emfoco\/wp-json\/wp\/v2\/posts\/4324\/revisions\/4328"}],"wp:featuredmedia":[{"embeddable":true,"href":"https:\/\/www.em.com.br\/emfoco\/wp-json\/wp\/v2\/media\/4327"}],"wp:attachment":[{"href":"https:\/\/www.em.com.br\/emfoco\/wp-json\/wp\/v2\/media?parent=4324"}],"wp:term":[{"taxonomy":"category","embeddable":true,"href":"https:\/\/www.em.com.br\/emfoco\/wp-json\/wp\/v2\/categories?post=4324"},{"taxonomy":"post_tag","embeddable":true,"href":"https:\/\/www.em.com.br\/emfoco\/wp-json\/wp\/v2\/tags?post=4324"}],"curies":[{"name":"wp","href":"https:\/\/api.w.org\/{rel}","templated":true}]}}