{"id":43071,"date":"2025-05-01T20:20:00","date_gmt":"2025-05-01T23:20:00","guid":{"rendered":"https:\/\/www.em.com.br\/emfoco\/?p=43071"},"modified":"2025-04-30T16:56:49","modified_gmt":"2025-04-30T19:56:49","slug":"veja-quando-cai-o-13o-do-inss-com-as-datas-liberadas-hoje","status":"publish","type":"post","link":"https:\/\/www.em.com.br\/emfoco\/2025\/05\/01\/veja-quando-cai-o-13o-do-inss-com-as-datas-liberadas-hoje\/","title":{"rendered":"Veja quando cai o 13\u00ba do INSS com as datas liberadas hoje"},"content":{"rendered":"\n<p>Os aposentados e pensionistas do <a href=\"https:\/\/www.em.com.br\/emfoco\/2025\/04\/29\/aposentados-terao-reembolso-de-descontos-nao-autorizados-diz-inss\/\" target=\"_blank\" rel=\"noreferrer noopener\"><strong>INSS<\/strong> <\/a>j\u00e1 podem comemorar: o <strong>13\u00ba sal\u00e1rio de 2025<\/strong> ser\u00e1 antecipado novamente! A medida, que se tornou tradi\u00e7\u00e3o nos \u00faltimos anos, foi confirmada por decreto assinado pelo presidente <strong>Luiz In\u00e1cio Lula da Silva<\/strong>, garantindo um al\u00edvio financeiro para milh\u00f5es de brasileiros ainda no primeiro semestre do ano.<\/p>\n\n\n\n<h2 class=\"wp-block-heading\">Quando ser\u00e1 pago o 13\u00ba do INSS?<\/h2>\n\n\n\n<p>O pagamento ser\u00e1 feito em duas parcelas. A <strong>primeira parte<\/strong> ser\u00e1 creditada entre os dias <strong>24 de abril e 8 de maio<\/strong>, conforme o n\u00famero final do benef\u00edcio. J\u00e1 a <strong>segunda parcela<\/strong> ser\u00e1 depositada de <strong>26 de maio a 6 de junho<\/strong>. A antecipa\u00e7\u00e3o tem como objetivo impulsionar o consumo e aliviar as contas dos benefici\u00e1rios em um per\u00edodo de alta nos gastos.<\/p>\n\n\n\n<h2 class=\"wp-block-heading\">Quem tem direito ao 13\u00ba sal\u00e1rio?<\/h2>\n\n\n\n<p>O abono \u00e9 garantido a <strong>aposentados, pensionistas<\/strong> e segurados que recebem <strong><a href=\"https:\/\/brasil.perfil.com\/economia\/auxilio-doenca-conheca-os-requisitos-para-ter-direito-ao-beneficio-do-inss.phtml\" target=\"_blank\" rel=\"noreferrer noopener\">aux\u00edlio-doen\u00e7a<\/a>, aux\u00edlio-acidente e aux\u00edlio-reclus\u00e3o<\/strong>. O valor do 13\u00ba \u00e9 proporcional ao n\u00famero de meses em que o benef\u00edcio foi recebido no ano. Ou seja, quem come\u00e7ou a receber ap\u00f3s janeiro ter\u00e1 o abono calculado de forma proporcional.<\/p>\n\n\n\n<h2 class=\"wp-block-heading\">Primeira parcela do 13\u00ba sal\u00e1rio antecipado<\/h2>\n\n\n\n<ul class=\"wp-block-list\">\n<li>NB final 1: 24 de abril<\/li>\n\n\n\n<li>NB final 2: 25 de abril<\/li>\n\n\n\n<li>NB final 3: 28 de abril<\/li>\n\n\n\n<li>NB final 4: 29 de abril<\/li>\n\n\n\n<li>NB final 5: 30 de abril<\/li>\n\n\n\n<li>NB final 6: 2 de maio<\/li>\n\n\n\n<li>NB final 7: 5 de maio<\/li>\n\n\n\n<li>NB final 8: 6 de maio<\/li>\n\n\n\n<li>NB final 9: 7 de maio<\/li>\n\n\n\n<li>NB final 0: 8 de maio<\/li>\n<\/ul>\n\n\n\n<figure class=\"wp-block-image\"><img decoding=\"async\" src=\"https:\/\/www.em.com.br\/emfoco\/wp-content\/uploads\/2025\/04\/idoso-no-celular_1745680920727-1024x576.jpg\" alt=\"\"\/><figcaption class=\"wp-element-caption\">Mulheres no celular &#8211; Cr\u00e9ditos: depositphotos.com \/ HayDmitriy<\/figcaption><\/figure>\n\n\n\n<h2 class=\"wp-block-heading\">Segunda parcela do 13\u00ba sal\u00e1rio antecipado<\/h2>\n\n\n\n<ul class=\"wp-block-list\">\n<li>NB final 1: 26 de maio<\/li>\n\n\n\n<li>NB final 2: 27 de maio<\/li>\n\n\n\n<li>NB final 3: 28 de maio<\/li>\n\n\n\n<li>NB final 4: 29 de maio<\/li>\n\n\n\n<li>NB final 5: 30 de maio<\/li>\n\n\n\n<li>NB final 6: 2 de junho<\/li>\n\n\n\n<li>NB final 7: 3 de junho<\/li>\n\n\n\n<li>NB final 8: 4 de junho<\/li>\n\n\n\n<li>NB final 9: 5 de junho<\/li>\n\n\n\n<li>NB final 0: 6 de junho<\/li>\n<\/ul>\n\n\n\n<h2 class=\"wp-block-heading\">Por que o governo antecipa o pagamento?<\/h2>\n\n\n\n<p>A antecipa\u00e7\u00e3o do 13\u00ba do INSS \u00e9 uma estrat\u00e9gia econ\u00f4mica e social. O governo busca oferecer suporte financeiro em meses estrat\u00e9gicos, especialmente ap\u00f3s as despesas de in\u00edcio de ano, como <strong>IPVA, IPTU e material escolar<\/strong>. A medida tamb\u00e9m estimula o aquecimento da economia, injetando bilh\u00f5es de reais no mercado em curto prazo.<\/p>\n\n\n\n<h2 class=\"wp-block-heading\">Como essa medida afeta a economia?<\/h2>\n\n\n\n<p>A libera\u00e7\u00e3o antecipada representa uma inje\u00e7\u00e3o bilion\u00e1ria na economia, com impacto direto no com\u00e9rcio, setor de servi\u00e7os e na redu\u00e7\u00e3o da inadimpl\u00eancia. Com mais dinheiro em m\u00e3os, os benefici\u00e1rios podem quitar d\u00edvidas, consumir mais e movimentar o mercado, criando um ciclo positivo para o pa\u00eds.<\/p>\n\n\n\n<h2 class=\"wp-block-heading\">O que esperar com a antecipa\u00e7\u00e3o do 13\u00ba em 2025?<\/h2>\n\n\n\n<p>Com o pagamento garantido j\u00e1 no primeiro semestre, milh\u00f5es de brasileiros poder\u00e3o se organizar financeiramente com mais tranquilidade. A antecipa\u00e7\u00e3o do 13\u00ba em 2025 refor\u00e7a o compromisso do governo com os aposentados e pensionistas, al\u00e9m de funcionar como um motor extra para a economia nacional.<\/p>\n","protected":false},"excerpt":{"rendered":"<p>Os aposentados e pensionistas do INSS j\u00e1 podem comemorar: o 13\u00ba sal\u00e1rio de 2025 ser\u00e1 antecipado novamente! A medida, que se tornou tradi\u00e7\u00e3o nos \u00faltimos anos, foi confirmada por decreto assinado pelo presidente Luiz In\u00e1cio Lula da Silva, garantindo um al\u00edvio financeiro para milh\u00f5es de brasileiros ainda no primeiro semestre do ano. Quando ser\u00e1 pago [&hellip;]<\/p>\n","protected":false},"author":11,"featured_media":41970,"comment_status":"open","ping_status":"open","sticky":false,"template":"","format":"standard","meta":{"jnews-multi-image_gallery":[],"jnews_single_post":{"format":"standard"},"jnews_primary_category":[],"jnews_social_meta":[],"jnews_override_counter":[],"footnotes":""},"categories":[28,1],"tags":[7048,7323,1390],"class_list":["post-43071","post","type-post","status-publish","format-standard","has-post-thumbnail","hentry","category-economia","category-noticias","tag-13o-salario-inss","tag-inss-2025","tag-pagamentos-inss"],"yoast_head":"<!-- This site is optimized with the Yoast SEO plugin v23.8 - https:\/\/yoast.com\/wordpress\/plugins\/seo\/ -->\n<title>Veja quando cai o 13\u00ba do INSS com as datas liberadas hoje - Estado de Minas - Em foco<\/title>\n<meta name=\"description\" content=\"Aposentados e pensionistas do INSS v\u00e3o receber o 13\u00ba sal\u00e1rio antes do previsto. Saiba como funciona a antecipa\u00e7\u00e3o e quando ser\u00e1 depositado.\" \/>\n<meta name=\"robots\" content=\"index, follow, max-snippet:-1, max-image-preview:large, max-video-preview:-1\" \/>\n<link rel=\"canonical\" href=\"https:\/\/www.em.com.br\/emfoco\/2025\/05\/01\/veja-quando-cai-o-13o-do-inss-com-as-datas-liberadas-hoje\/\" \/>\n<meta property=\"og:locale\" content=\"pt_BR\" \/>\n<meta property=\"og:type\" content=\"article\" \/>\n<meta property=\"og:title\" content=\"Veja quando cai o 13\u00ba do INSS com as datas liberadas hoje - Estado de Minas - Em foco\" \/>\n<meta property=\"og:description\" content=\"Aposentados e pensionistas do INSS v\u00e3o receber o 13\u00ba sal\u00e1rio antes do previsto. Saiba como funciona a antecipa\u00e7\u00e3o e quando ser\u00e1 depositado.\" \/>\n<meta property=\"og:url\" content=\"https:\/\/www.em.com.br\/emfoco\/2025\/05\/01\/veja-quando-cai-o-13o-do-inss-com-as-datas-liberadas-hoje\/\" \/>\n<meta property=\"og:site_name\" content=\"Estado de Minas - Em foco\" \/>\n<meta property=\"article:published_time\" content=\"2025-05-01T23:20:00+00:00\" \/>\n<meta property=\"article:modified_time\" content=\"2025-04-30T19:56:49+00:00\" \/>\n<meta property=\"og:image\" content=\"https:\/\/www.em.com.br\/emfoco\/wp-content\/uploads\/2025\/04\/emprestimo-brasil_1745681458440.jpg\" \/>\n\t<meta property=\"og:image:width\" content=\"1280\" \/>\n\t<meta property=\"og:image:height\" content=\"720\" \/>\n\t<meta property=\"og:image:type\" content=\"image\/jpeg\" \/>\n<meta name=\"author\" content=\"Andre\u0301 Rangel\u00a0\" \/>\n<meta name=\"twitter:card\" content=\"summary_large_image\" \/>\n<meta name=\"twitter:label1\" content=\"Escrito por\" \/>\n\t<meta name=\"twitter:data1\" content=\"Andre\u0301 Rangel\u00a0\" \/>\n\t<meta name=\"twitter:label2\" content=\"Est. tempo de leitura\" \/>\n\t<meta name=\"twitter:data2\" content=\"4 minutos\" \/>\n<!-- \/ Yoast SEO plugin. -->","yoast_head_json":{"title":"Veja quando cai o 13\u00ba do INSS com as datas liberadas hoje - Estado de Minas - Em foco","description":"Aposentados e pensionistas do INSS v\u00e3o receber o 13\u00ba sal\u00e1rio antes do previsto. Saiba como funciona a antecipa\u00e7\u00e3o e quando ser\u00e1 depositado.","robots":{"index":"index","follow":"follow","max-snippet":"max-snippet:-1","max-image-preview":"max-image-preview:large","max-video-preview":"max-video-preview:-1"},"canonical":"https:\/\/www.em.com.br\/emfoco\/2025\/05\/01\/veja-quando-cai-o-13o-do-inss-com-as-datas-liberadas-hoje\/","og_locale":"pt_BR","og_type":"article","og_title":"Veja quando cai o 13\u00ba do INSS com as datas liberadas hoje - Estado de Minas - Em foco","og_description":"Aposentados e pensionistas do INSS v\u00e3o receber o 13\u00ba sal\u00e1rio antes do previsto. Saiba como funciona a antecipa\u00e7\u00e3o e quando ser\u00e1 depositado.","og_url":"https:\/\/www.em.com.br\/emfoco\/2025\/05\/01\/veja-quando-cai-o-13o-do-inss-com-as-datas-liberadas-hoje\/","og_site_name":"Estado de Minas - Em foco","article_published_time":"2025-05-01T23:20:00+00:00","article_modified_time":"2025-04-30T19:56:49+00:00","og_image":[{"width":1280,"height":720,"url":"https:\/\/www.em.com.br\/emfoco\/wp-content\/uploads\/2025\/04\/emprestimo-brasil_1745681458440.jpg","type":"image\/jpeg"}],"author":"Andre\u0301 Rangel\u00a0","twitter_card":"summary_large_image","twitter_misc":{"Escrito por":"Andre\u0301 Rangel\u00a0","Est. tempo de leitura":"4 minutos"},"schema":{"@context":"https:\/\/schema.org","@graph":[{"@type":"WebPage","@id":"https:\/\/www.em.com.br\/emfoco\/2025\/05\/01\/veja-quando-cai-o-13o-do-inss-com-as-datas-liberadas-hoje\/","url":"https:\/\/www.em.com.br\/emfoco\/2025\/05\/01\/veja-quando-cai-o-13o-do-inss-com-as-datas-liberadas-hoje\/","name":"Veja quando cai o 13\u00ba do INSS com as datas liberadas hoje - Estado de Minas - Em foco","isPartOf":{"@id":"https:\/\/www.em.com.br\/emfoco\/#website"},"primaryImageOfPage":{"@id":"https:\/\/www.em.com.br\/emfoco\/2025\/05\/01\/veja-quando-cai-o-13o-do-inss-com-as-datas-liberadas-hoje\/#primaryimage"},"image":{"@id":"https:\/\/www.em.com.br\/emfoco\/2025\/05\/01\/veja-quando-cai-o-13o-do-inss-com-as-datas-liberadas-hoje\/#primaryimage"},"thumbnailUrl":"https:\/\/www.em.com.br\/emfoco\/wp-content\/uploads\/2025\/04\/emprestimo-brasil_1745681458440.jpg","datePublished":"2025-05-01T23:20:00+00:00","dateModified":"2025-04-30T19:56:49+00:00","author":{"@id":"https:\/\/www.em.com.br\/emfoco\/#\/schema\/person\/60eda09c1fedf0d6891f4cef4b60b8b8"},"description":"Aposentados e pensionistas do INSS v\u00e3o receber o 13\u00ba sal\u00e1rio antes do previsto. Saiba como funciona a antecipa\u00e7\u00e3o e quando ser\u00e1 depositado.","breadcrumb":{"@id":"https:\/\/www.em.com.br\/emfoco\/2025\/05\/01\/veja-quando-cai-o-13o-do-inss-com-as-datas-liberadas-hoje\/#breadcrumb"},"inLanguage":"pt-BR","potentialAction":[{"@type":"ReadAction","target":["https:\/\/www.em.com.br\/emfoco\/2025\/05\/01\/veja-quando-cai-o-13o-do-inss-com-as-datas-liberadas-hoje\/"]}]},{"@type":"ImageObject","inLanguage":"pt-BR","@id":"https:\/\/www.em.com.br\/emfoco\/2025\/05\/01\/veja-quando-cai-o-13o-do-inss-com-as-datas-liberadas-hoje\/#primaryimage","url":"https:\/\/www.em.com.br\/emfoco\/wp-content\/uploads\/2025\/04\/emprestimo-brasil_1745681458440.jpg","contentUrl":"https:\/\/www.em.com.br\/emfoco\/wp-content\/uploads\/2025\/04\/emprestimo-brasil_1745681458440.jpg","width":1280,"height":720,"caption":"Signos com maior chance de sucesso financeiro at\u00e9 o fim do m\u00eas - Cr\u00e9ditos: depositphotos.com \/ sidneydealmeida"},{"@type":"BreadcrumbList","@id":"https:\/\/www.em.com.br\/emfoco\/2025\/05\/01\/veja-quando-cai-o-13o-do-inss-com-as-datas-liberadas-hoje\/#breadcrumb","itemListElement":[{"@type":"ListItem","position":1,"name":"In\u00edcio","item":"https:\/\/www.em.com.br\/emfoco\/"},{"@type":"ListItem","position":2,"name":"Veja quando cai o 13\u00ba do INSS com as datas liberadas hoje"}]},{"@type":"WebSite","@id":"https:\/\/www.em.com.br\/emfoco\/#website","url":"https:\/\/www.em.com.br\/emfoco\/","name":"Estado de Minas - Em foco","description":"Acompanhe as \u00faltimas not\u00edcias e fique bem informado sobre tudo o que acontece em Minas Gerais, Brasil e no mundo.","potentialAction":[{"@type":"SearchAction","target":{"@type":"EntryPoint","urlTemplate":"https:\/\/www.em.com.br\/emfoco\/?s={search_term_string}"},"query-input":{"@type":"PropertyValueSpecification","valueRequired":true,"valueName":"search_term_string"}}],"inLanguage":"pt-BR"},{"@type":"Person","@id":"https:\/\/www.em.com.br\/emfoco\/#\/schema\/person\/60eda09c1fedf0d6891f4cef4b60b8b8","name":"Andre\u0301 Rangel\u00a0","image":{"@type":"ImageObject","inLanguage":"pt-BR","@id":"https:\/\/www.em.com.br\/emfoco\/#\/schema\/person\/image\/","url":"https:\/\/secure.gravatar.com\/avatar\/6234dc814c77c8ef6d8bba622c787efc?s=96&d=mm&r=g","contentUrl":"https:\/\/secure.gravatar.com\/avatar\/6234dc814c77c8ef6d8bba622c787efc?s=96&d=mm&r=g","caption":"Andre\u0301 Rangel\u00a0"},"url":"https:\/\/www.em.com.br\/emfoco\/author\/luizmyth\/"}]}},"_links":{"self":[{"href":"https:\/\/www.em.com.br\/emfoco\/wp-json\/wp\/v2\/posts\/43071","targetHints":{"allow":["GET"]}}],"collection":[{"href":"https:\/\/www.em.com.br\/emfoco\/wp-json\/wp\/v2\/posts"}],"about":[{"href":"https:\/\/www.em.com.br\/emfoco\/wp-json\/wp\/v2\/types\/post"}],"author":[{"embeddable":true,"href":"https:\/\/www.em.com.br\/emfoco\/wp-json\/wp\/v2\/users\/11"}],"replies":[{"embeddable":true,"href":"https:\/\/www.em.com.br\/emfoco\/wp-json\/wp\/v2\/comments?post=43071"}],"version-history":[{"count":5,"href":"https:\/\/www.em.com.br\/emfoco\/wp-json\/wp\/v2\/posts\/43071\/revisions"}],"predecessor-version":[{"id":43122,"href":"https:\/\/www.em.com.br\/emfoco\/wp-json\/wp\/v2\/posts\/43071\/revisions\/43122"}],"wp:featuredmedia":[{"embeddable":true,"href":"https:\/\/www.em.com.br\/emfoco\/wp-json\/wp\/v2\/media\/41970"}],"wp:attachment":[{"href":"https:\/\/www.em.com.br\/emfoco\/wp-json\/wp\/v2\/media?parent=43071"}],"wp:term":[{"taxonomy":"category","embeddable":true,"href":"https:\/\/www.em.com.br\/emfoco\/wp-json\/wp\/v2\/categories?post=43071"},{"taxonomy":"post_tag","embeddable":true,"href":"https:\/\/www.em.com.br\/emfoco\/wp-json\/wp\/v2\/tags?post=43071"}],"curies":[{"name":"wp","href":"https:\/\/api.w.org\/{rel}","templated":true}]}}