{"id":43070,"date":"2025-05-01T20:00:00","date_gmt":"2025-05-01T23:00:00","guid":{"rendered":"https:\/\/www.em.com.br\/emfoco\/?p=43070"},"modified":"2025-04-30T17:04:14","modified_gmt":"2025-04-30T20:04:14","slug":"vai-ficar-mais-caro-usar-o-spotify-no-brasil-e-o-motivo-revolta","status":"publish","type":"post","link":"https:\/\/www.em.com.br\/emfoco\/2025\/05\/01\/vai-ficar-mais-caro-usar-o-spotify-no-brasil-e-o-motivo-revolta\/","title":{"rendered":"Vai ficar mais caro usar o Spotify no Brasil e o motivo revolta"},"content":{"rendered":"\n<p>Se voc\u00ea \u00e9 assinante do <strong><a href=\"https:\/\/www.tecmundo.com.br\/mercado\/404232-spotify-pode-ficar-mais-caro-no-brasil-a-partir-de-junho.htm\" target=\"_blank\" rel=\"noreferrer noopener\">Spotify<\/a><\/strong>, prepare o bolso: a plataforma de <strong><a href=\"https:\/\/www.em.com.br\/emfoco\/2025\/04\/23\/series-imperdiveis-de-2025-que-estao-dominando-o-streaming\/\" target=\"_blank\" rel=\"noreferrer noopener\">streaming <\/a><\/strong>deve reajustar os pre\u00e7os em diversos pa\u00edses, incluindo o Brasil, j\u00e1 em <strong>junho de 2025<\/strong>. A informa\u00e7\u00e3o foi revelada pelo <strong><em>Financial Times<\/em> <\/strong>e acendeu o alerta entre os usu\u00e1rios brasileiros.<\/p>\n\n\n\n<p>A mudan\u00e7a acontece em meio a especula\u00e7\u00f5es sobre o lan\u00e7amento de um novo plano premium. Mas o que realmente preocupa \u00e9 o impacto direto no valor da assinatura.<\/p>\n\n\n\n<h2 class=\"wp-block-heading\">Quanto vai custar o Spotify em 2025?<\/h2>\n\n\n\n<p>O plano <strong>Premium Individual<\/strong>, que hoje custa R$ 21,90, pode subir para <strong>cerca de R$ 28,30<\/strong>, um aumento de quase 30%. Segundo fontes pr\u00f3ximas \u00e0 empresa, o reajuste seria equivalente a 1 euro \u2014 cerca de R$ 6,42 na cota\u00e7\u00e3o atual.<\/p>\n\n\n\n<p>Embora o foco seja o plano individual, a tend\u00eancia \u00e9 que o aumento atinja tamb\u00e9m os demais pacotes, como <strong>Duo<\/strong>, <strong>Fam\u00edlia <\/strong>e <strong>Universit\u00e1rio<\/strong>.<\/p>\n\n\n\n<h2 class=\"wp-block-heading\">EUA ficam de fora, Brasil paga a conta<\/h2>\n\n\n\n<p>Curiosamente, os <strong>Estados Unidos n\u00e3o ser\u00e3o afetados<\/strong> por esse aumento, j\u00e1 que o \u00faltimo reajuste por l\u00e1 aconteceu em julho de 2024. Isso indica que o Spotify est\u00e1 adotando uma estrat\u00e9gia de pre\u00e7os regionalizada, mirando especialmente mercados da Am\u00e9rica Latina.<\/p>\n\n\n\n<p>Essa diferen\u00e7a tem causado pol\u00eamica nas redes, com usu\u00e1rios brasileiros questionando a equidade da medida.<\/p>\n\n\n\n<figure class=\"wp-block-image size-large\"><img loading=\"lazy\" decoding=\"async\" width=\"1024\" height=\"576\" src=\"https:\/\/www.em.com.br\/emfoco\/wp-content\/uploads\/2025\/04\/Spotify-_1746031705903-1024x576.jpg\" alt=\"\" class=\"wp-image-43123\" srcset=\"https:\/\/www.em.com.br\/emfoco\/wp-content\/uploads\/2025\/04\/Spotify-_1746031705903-1024x576.jpg 1024w, https:\/\/www.em.com.br\/emfoco\/wp-content\/uploads\/2025\/04\/Spotify-_1746031705903-300x169.jpg 300w, https:\/\/www.em.com.br\/emfoco\/wp-content\/uploads\/2025\/04\/Spotify-_1746031705903-768x432.jpg 768w, https:\/\/www.em.com.br\/emfoco\/wp-content\/uploads\/2025\/04\/Spotify-_1746031705903-750x422.jpg 750w, https:\/\/www.em.com.br\/emfoco\/wp-content\/uploads\/2025\/04\/Spotify-_1746031705903-1140x641.jpg 1140w, https:\/\/www.em.com.br\/emfoco\/wp-content\/uploads\/2025\/04\/Spotify-_1746031705903.jpg 1280w\" sizes=\"auto, (max-width: 1024px) 100vw, 1024px\" \/><figcaption class=\"wp-element-caption\">Spotify &#8211; Cr\u00e9ditos: depositphotos.com \/ Primakov<\/figcaption><\/figure>\n\n\n\n<h2 class=\"wp-block-heading\">Novo plano premium pode estar por tr\u00e1s da mudan\u00e7a<\/h2>\n\n\n\n<p>O motivo por tr\u00e1s do aumento pode ser o lan\u00e7amento do <strong>Spotify Music Pro<\/strong>, novo plano que deve incluir <strong>\u00e1udio Hi-Fi<\/strong>, conte\u00fados exclusivos e acesso priorit\u00e1rio a eventos. A novidade ainda n\u00e3o foi oficialmente confirmada, mas j\u00e1 movimenta o setor.<\/p>\n\n\n\n<p>Especialistas acreditam que o reajuste busca financiar esse novo modelo e manter o Spotify competitivo diante de rivais como<strong> Apple Music <\/strong>e <strong>Amazon Music<\/strong>.<\/p>\n\n\n\n<h2 class=\"wp-block-heading\">Usu\u00e1rios reagem com cr\u00edticas e incertezas<\/h2>\n\n\n\n<p>Sem confirma\u00e7\u00e3o oficial do Spotify, o rumor j\u00e1 \u00e9 suficiente para gerar insatisfa\u00e7\u00e3o. Muitos assinantes alegam que pagar mais por um servi\u00e7o que continua igual n\u00e3o faz sentido.<\/p>\n\n\n\n<p>Se a plataforma n\u00e3o oferecer melhorias reais, o risco de cancelamentos pode crescer. Enquanto isso, consumidores aguardam por respostas \u2014 e, quem sabe, uma justificativa convincente.<\/p>\n","protected":false},"excerpt":{"rendered":"<p>Se voc\u00ea \u00e9 assinante do Spotify, prepare o bolso: a plataforma de streaming deve reajustar os pre\u00e7os em diversos pa\u00edses, incluindo o Brasil, j\u00e1 em junho de 2025. A informa\u00e7\u00e3o foi revelada pelo Financial Times e acendeu o alerta entre os usu\u00e1rios brasileiros. A mudan\u00e7a acontece em meio a especula\u00e7\u00f5es sobre o lan\u00e7amento de um [&hellip;]<\/p>\n","protected":false},"author":11,"featured_media":43124,"comment_status":"open","ping_status":"open","sticky":false,"template":"","format":"standard","meta":{"jnews-multi-image_gallery":[],"jnews_single_post":{"format":"standard"},"jnews_primary_category":[],"jnews_social_meta":[],"jnews_override_counter":[],"footnotes":""},"categories":[138,1],"tags":[1243,1441,7183],"class_list":["post-43070","post","type-post","status-publish","format-standard","has-post-thumbnail","hentry","category-mundo","category-noticias","tag-curiosidade","tag-curiosidades","tag-spotify"],"yoast_head":"<!-- This site is optimized with the Yoast SEO plugin v23.8 - https:\/\/yoast.com\/wordpress\/plugins\/seo\/ -->\n<title>Vai ficar mais caro usar o Spotify no Brasil e o motivo revolta - Estado de Minas - Em foco<\/title>\n<meta name=\"description\" content=\"Spotify deve aumentar os pre\u00e7os no Brasil em breve. Entenda o impacto no seu bolso e o plano que pode estar por tr\u00e1s disso.\" \/>\n<meta name=\"robots\" content=\"index, follow, max-snippet:-1, max-image-preview:large, max-video-preview:-1\" \/>\n<link rel=\"canonical\" href=\"https:\/\/www.em.com.br\/emfoco\/2025\/05\/01\/vai-ficar-mais-caro-usar-o-spotify-no-brasil-e-o-motivo-revolta\/\" \/>\n<meta property=\"og:locale\" content=\"pt_BR\" \/>\n<meta property=\"og:type\" content=\"article\" \/>\n<meta property=\"og:title\" content=\"Vai ficar mais caro usar o Spotify no Brasil e o motivo revolta - Estado de Minas - Em foco\" \/>\n<meta property=\"og:description\" content=\"Spotify deve aumentar os pre\u00e7os no Brasil em breve. Entenda o impacto no seu bolso e o plano que pode estar por tr\u00e1s disso.\" \/>\n<meta property=\"og:url\" content=\"https:\/\/www.em.com.br\/emfoco\/2025\/05\/01\/vai-ficar-mais-caro-usar-o-spotify-no-brasil-e-o-motivo-revolta\/\" \/>\n<meta property=\"og:site_name\" content=\"Estado de Minas - Em foco\" \/>\n<meta property=\"article:published_time\" content=\"2025-05-01T23:00:00+00:00\" \/>\n<meta property=\"article:modified_time\" content=\"2025-04-30T20:04:14+00:00\" \/>\n<meta property=\"og:image\" content=\"https:\/\/www.em.com.br\/emfoco\/wp-content\/uploads\/2025\/04\/Spotify-_1746031746988.jpg\" \/>\n\t<meta property=\"og:image:width\" content=\"1280\" \/>\n\t<meta property=\"og:image:height\" content=\"720\" \/>\n\t<meta property=\"og:image:type\" content=\"image\/jpeg\" \/>\n<meta name=\"author\" content=\"Andre\u0301 Rangel\u00a0\" \/>\n<meta name=\"twitter:card\" content=\"summary_large_image\" \/>\n<meta name=\"twitter:label1\" content=\"Escrito por\" \/>\n\t<meta name=\"twitter:data1\" content=\"Andre\u0301 Rangel\u00a0\" \/>\n\t<meta name=\"twitter:label2\" content=\"Est. tempo de leitura\" \/>\n\t<meta name=\"twitter:data2\" content=\"3 minutos\" \/>\n<!-- \/ Yoast SEO plugin. -->","yoast_head_json":{"title":"Vai ficar mais caro usar o Spotify no Brasil e o motivo revolta - Estado de Minas - Em foco","description":"Spotify deve aumentar os pre\u00e7os no Brasil em breve. Entenda o impacto no seu bolso e o plano que pode estar por tr\u00e1s disso.","robots":{"index":"index","follow":"follow","max-snippet":"max-snippet:-1","max-image-preview":"max-image-preview:large","max-video-preview":"max-video-preview:-1"},"canonical":"https:\/\/www.em.com.br\/emfoco\/2025\/05\/01\/vai-ficar-mais-caro-usar-o-spotify-no-brasil-e-o-motivo-revolta\/","og_locale":"pt_BR","og_type":"article","og_title":"Vai ficar mais caro usar o Spotify no Brasil e o motivo revolta - Estado de Minas - Em foco","og_description":"Spotify deve aumentar os pre\u00e7os no Brasil em breve. Entenda o impacto no seu bolso e o plano que pode estar por tr\u00e1s disso.","og_url":"https:\/\/www.em.com.br\/emfoco\/2025\/05\/01\/vai-ficar-mais-caro-usar-o-spotify-no-brasil-e-o-motivo-revolta\/","og_site_name":"Estado de Minas - Em foco","article_published_time":"2025-05-01T23:00:00+00:00","article_modified_time":"2025-04-30T20:04:14+00:00","og_image":[{"width":1280,"height":720,"url":"https:\/\/www.em.com.br\/emfoco\/wp-content\/uploads\/2025\/04\/Spotify-_1746031746988.jpg","type":"image\/jpeg"}],"author":"Andre\u0301 Rangel\u00a0","twitter_card":"summary_large_image","twitter_misc":{"Escrito por":"Andre\u0301 Rangel\u00a0","Est. tempo de leitura":"3 minutos"},"schema":{"@context":"https:\/\/schema.org","@graph":[{"@type":"WebPage","@id":"https:\/\/www.em.com.br\/emfoco\/2025\/05\/01\/vai-ficar-mais-caro-usar-o-spotify-no-brasil-e-o-motivo-revolta\/","url":"https:\/\/www.em.com.br\/emfoco\/2025\/05\/01\/vai-ficar-mais-caro-usar-o-spotify-no-brasil-e-o-motivo-revolta\/","name":"Vai ficar mais caro usar o Spotify no Brasil e o motivo revolta - Estado de Minas - Em foco","isPartOf":{"@id":"https:\/\/www.em.com.br\/emfoco\/#website"},"primaryImageOfPage":{"@id":"https:\/\/www.em.com.br\/emfoco\/2025\/05\/01\/vai-ficar-mais-caro-usar-o-spotify-no-brasil-e-o-motivo-revolta\/#primaryimage"},"image":{"@id":"https:\/\/www.em.com.br\/emfoco\/2025\/05\/01\/vai-ficar-mais-caro-usar-o-spotify-no-brasil-e-o-motivo-revolta\/#primaryimage"},"thumbnailUrl":"https:\/\/www.em.com.br\/emfoco\/wp-content\/uploads\/2025\/04\/Spotify-_1746031746988.jpg","datePublished":"2025-05-01T23:00:00+00:00","dateModified":"2025-04-30T20:04:14+00:00","author":{"@id":"https:\/\/www.em.com.br\/emfoco\/#\/schema\/person\/60eda09c1fedf0d6891f4cef4b60b8b8"},"description":"Spotify deve aumentar os pre\u00e7os no Brasil em breve. Entenda o impacto no seu bolso e o plano que pode estar por tr\u00e1s disso.","breadcrumb":{"@id":"https:\/\/www.em.com.br\/emfoco\/2025\/05\/01\/vai-ficar-mais-caro-usar-o-spotify-no-brasil-e-o-motivo-revolta\/#breadcrumb"},"inLanguage":"pt-BR","potentialAction":[{"@type":"ReadAction","target":["https:\/\/www.em.com.br\/emfoco\/2025\/05\/01\/vai-ficar-mais-caro-usar-o-spotify-no-brasil-e-o-motivo-revolta\/"]}]},{"@type":"ImageObject","inLanguage":"pt-BR","@id":"https:\/\/www.em.com.br\/emfoco\/2025\/05\/01\/vai-ficar-mais-caro-usar-o-spotify-no-brasil-e-o-motivo-revolta\/#primaryimage","url":"https:\/\/www.em.com.br\/emfoco\/wp-content\/uploads\/2025\/04\/Spotify-_1746031746988.jpg","contentUrl":"https:\/\/www.em.com.br\/emfoco\/wp-content\/uploads\/2025\/04\/Spotify-_1746031746988.jpg","width":1280,"height":720,"caption":"Spotify - Cr\u00e9ditos: depositphotos.com \/ HayDmitriy"},{"@type":"BreadcrumbList","@id":"https:\/\/www.em.com.br\/emfoco\/2025\/05\/01\/vai-ficar-mais-caro-usar-o-spotify-no-brasil-e-o-motivo-revolta\/#breadcrumb","itemListElement":[{"@type":"ListItem","position":1,"name":"In\u00edcio","item":"https:\/\/www.em.com.br\/emfoco\/"},{"@type":"ListItem","position":2,"name":"Vai ficar mais caro usar o Spotify no Brasil e o motivo revolta"}]},{"@type":"WebSite","@id":"https:\/\/www.em.com.br\/emfoco\/#website","url":"https:\/\/www.em.com.br\/emfoco\/","name":"Estado de Minas - Em foco","description":"Acompanhe as \u00faltimas not\u00edcias e fique bem informado sobre tudo o que acontece em Minas Gerais, Brasil e no mundo.","potentialAction":[{"@type":"SearchAction","target":{"@type":"EntryPoint","urlTemplate":"https:\/\/www.em.com.br\/emfoco\/?s={search_term_string}"},"query-input":{"@type":"PropertyValueSpecification","valueRequired":true,"valueName":"search_term_string"}}],"inLanguage":"pt-BR"},{"@type":"Person","@id":"https:\/\/www.em.com.br\/emfoco\/#\/schema\/person\/60eda09c1fedf0d6891f4cef4b60b8b8","name":"Andre\u0301 Rangel\u00a0","image":{"@type":"ImageObject","inLanguage":"pt-BR","@id":"https:\/\/www.em.com.br\/emfoco\/#\/schema\/person\/image\/","url":"https:\/\/secure.gravatar.com\/avatar\/6234dc814c77c8ef6d8bba622c787efc?s=96&d=mm&r=g","contentUrl":"https:\/\/secure.gravatar.com\/avatar\/6234dc814c77c8ef6d8bba622c787efc?s=96&d=mm&r=g","caption":"Andre\u0301 Rangel\u00a0"},"url":"https:\/\/www.em.com.br\/emfoco\/author\/luizmyth\/"}]}},"_links":{"self":[{"href":"https:\/\/www.em.com.br\/emfoco\/wp-json\/wp\/v2\/posts\/43070","targetHints":{"allow":["GET"]}}],"collection":[{"href":"https:\/\/www.em.com.br\/emfoco\/wp-json\/wp\/v2\/posts"}],"about":[{"href":"https:\/\/www.em.com.br\/emfoco\/wp-json\/wp\/v2\/types\/post"}],"author":[{"embeddable":true,"href":"https:\/\/www.em.com.br\/emfoco\/wp-json\/wp\/v2\/users\/11"}],"replies":[{"embeddable":true,"href":"https:\/\/www.em.com.br\/emfoco\/wp-json\/wp\/v2\/comments?post=43070"}],"version-history":[{"count":4,"href":"https:\/\/www.em.com.br\/emfoco\/wp-json\/wp\/v2\/posts\/43070\/revisions"}],"predecessor-version":[{"id":43125,"href":"https:\/\/www.em.com.br\/emfoco\/wp-json\/wp\/v2\/posts\/43070\/revisions\/43125"}],"wp:featuredmedia":[{"embeddable":true,"href":"https:\/\/www.em.com.br\/emfoco\/wp-json\/wp\/v2\/media\/43124"}],"wp:attachment":[{"href":"https:\/\/www.em.com.br\/emfoco\/wp-json\/wp\/v2\/media?parent=43070"}],"wp:term":[{"taxonomy":"category","embeddable":true,"href":"https:\/\/www.em.com.br\/emfoco\/wp-json\/wp\/v2\/categories?post=43070"},{"taxonomy":"post_tag","embeddable":true,"href":"https:\/\/www.em.com.br\/emfoco\/wp-json\/wp\/v2\/tags?post=43070"}],"curies":[{"name":"wp","href":"https:\/\/api.w.org\/{rel}","templated":true}]}}