{"id":4299,"date":"2024-12-11T19:40:00","date_gmt":"2024-12-11T22:40:00","guid":{"rendered":"https:\/\/www.em.com.br\/emfoco\/?p=4299"},"modified":"2024-12-10T21:30:32","modified_gmt":"2024-12-11T00:30:32","slug":"ja-ouviu-falar-de-passabem-venha-conhecer","status":"publish","type":"post","link":"https:\/\/www.em.com.br\/emfoco\/2024\/12\/11\/ja-ouviu-falar-de-passabem-venha-conhecer\/","title":{"rendered":"J\u00e1 ouviu falar de Passab\u00e9m? Venha Conhecer!"},"content":{"rendered":"\n<p>Passab\u00e9m, localizada na regi\u00e3o do Vale do A\u00e7o em <a href=\"https:\/\/pt.wikipedia.org\/wiki\/Minas_Gerais\" target=\"_blank\" rel=\"noreferrer noopener\">Minas Gerais<\/a>, \u00e9 uma pequena <a href=\"https:\/\/www.em.com.br\/emfoco\/2024\/12\/09\/melhores-cidades-de-minas-gerais-para-criancas\/\" target=\"_blank\" rel=\"noreferrer noopener\">cidade<\/a> com aproximadamente 1600 habitantes, de acordo com o censo do IBGE de 2022. Mesmo sendo a nona menor cidade do estado, a localidade se destaca por suas caracter\u00edsticas singulares e charme interiorano. Cercada por paisagens montanhosas e inserida na bacia do Rio Doce, Passab\u00e9m oferece aos visitantes um vislumbre aut\u00eantico da vida no interior mineiro.<\/p>\n\n\n\n<p>Geograficamente, Passab\u00e9m est\u00e1 situada a cerca de 40 km de Itabira, sua vizinha mais pr\u00f3xima. Al\u00e9m disso, est\u00e1 pr\u00f3xima de outras cidades como Ferros e Santa Maria de Itabira. Apesar de seu tamanho modesto, Passab\u00e9m possui uma hist\u00f3ria rica que entret\u00e9m tanto moradores locais quanto visitantes. Este artigo explorar\u00e1 as fascinantes curiosidades sobre esta cidade pitoresca e isolada de Minas Gerais.<\/p>\n\n\n\n<h2 class=\"wp-block-heading\">Qual a Origem do Nome &#8216;Passab\u00e9m&#8217;?<\/h2>\n\n\n\n<p>A origem do nome &#8216;Passab\u00e9m&#8217; \u00e9 envolta em hist\u00f3rias e lendas locais. Uma das vers\u00f5es populares afirma que os primeiros habitantes da regi\u00e3o eram conhecidos pela hospitalidade com que recebiam os viajantes que passavam pela cidade. Eles ofereciam refei\u00e7\u00f5es generosas aos tropeiros e visitantes, fazendo com que todos tivessem uma passagem agrad\u00e1vel pelo lugar, da\u00ed o nome &#8216;Passab\u00e9m&#8217;.<\/p>\n\n\n<div class=\"wp-block-image\">\n<figure class=\"aligncenter size-large\"><img loading=\"lazy\" decoding=\"async\" width=\"1024\" height=\"435\" src=\"https:\/\/www.em.com.br\/emfoco\/wp-content\/uploads\/2024\/12\/Passabem-MG-Youtube-Ferros-em-Foco-1024x435.jpg\" alt=\"\" class=\"wp-image-4303\" srcset=\"https:\/\/www.em.com.br\/emfoco\/wp-content\/uploads\/2024\/12\/Passabem-MG-Youtube-Ferros-em-Foco-1024x435.jpg 1024w, https:\/\/www.em.com.br\/emfoco\/wp-content\/uploads\/2024\/12\/Passabem-MG-Youtube-Ferros-em-Foco-300x128.jpg 300w, https:\/\/www.em.com.br\/emfoco\/wp-content\/uploads\/2024\/12\/Passabem-MG-Youtube-Ferros-em-Foco-768x326.jpg 768w, https:\/\/www.em.com.br\/emfoco\/wp-content\/uploads\/2024\/12\/Passabem-MG-Youtube-Ferros-em-Foco-750x319.jpg 750w, https:\/\/www.em.com.br\/emfoco\/wp-content\/uploads\/2024\/12\/Passabem-MG-Youtube-Ferros-em-Foco-1140x485.jpg 1140w, https:\/\/www.em.com.br\/emfoco\/wp-content\/uploads\/2024\/12\/Passabem-MG-Youtube-Ferros-em-Foco.jpg 1200w\" sizes=\"auto, (max-width: 1024px) 100vw, 1024px\" \/><figcaption class=\"wp-element-caption\">Passabem-MG &#8211; Youtube\/Ferros em Foco<\/figcaption><\/figure><\/div>\n\n\n<p>Outra vers\u00e3o, no entanto, associa o nome ao c\u00f3rrego da cidade, que durante a temporada de chuvas transformava os caminhos em verdadeiros atoleiros. Os viajantes que enfrentavam essas condi\u00e7\u00f5es desafiadoras frequentemente se perguntavam se estavam &#8216;passando bem&#8217;, express\u00e3o que pode ter contribu\u00eddo para o nome da localidade. Ambas as narrativas refletem aspectos culturais importantes da cidade e enriquecem sua hist\u00f3ria.<\/p>\n\n\n\n<h2 class=\"wp-block-heading\">Festividades e Tradi\u00e7\u00f5es Locais<\/h2>\n\n\n\n<p>A vida cultural em Passab\u00e9m \u00e9 marcada por festas religiosas e eventos comunit\u00e1rios, que unem os moradores em celebra\u00e7\u00e3o. O dia 19 de mar\u00e7o, consagrado a S\u00e3o Jos\u00e9, padroeiro do munic\u00edpio, \u00e9 uma data de grande import\u00e2ncia no calend\u00e1rio local. Nesse dia, uma festa tradicional ocorre na cidade, imbu\u00edda de devo\u00e7\u00e3o religiosa e alegria coletiva.<\/p>\n\n\n\n<p>Outro evento de destaque \u00e9 a festa de agosto, uma tradi\u00e7\u00e3o centen\u00e1ria que combina celebra\u00e7\u00f5es religiosas com elementos culturais diversos. As festividades em honra de Nossa Senhora do Ros\u00e1rio e S\u00e3o Sebasti\u00e3o incluem queimas de fogos, prociss\u00f5es, missas e apresenta\u00e7\u00f5es de marujadas, al\u00e9m de shows musicais que animam a popula\u00e7\u00e3o e visitantes.<\/p>\n\n\n\n<h2 class=\"wp-block-heading\">Passab\u00e9m na Era Digital<\/h2>\n\n\n\n<p>Apesar de seu tamanho reduzido, Passab\u00e9m est\u00e1 bem conectada com o restante do estado e do pa\u00eds gra\u00e7as aos servi\u00e7os proporcionados pela Valenet, uma importante provedora de internet. Com internet banda larga de alta qualidade, bem como servi\u00e7os de TV a cabo e telefonia, a Valenet tem desempenhado um papel essencial no desenvolvimento tecnol\u00f3gico da cidade, contribuindo para a integra\u00e7\u00e3o digital da comunidade.<\/p>\n\n\n<div class=\"wp-block-image\">\n<figure class=\"aligncenter size-large\"><img loading=\"lazy\" decoding=\"async\" width=\"1024\" height=\"527\" src=\"https:\/\/www.em.com.br\/emfoco\/wp-content\/uploads\/2024\/12\/Passabem-MG-Youtube-Ferros-em-Foco1-1024x527.jpg\" alt=\"\" class=\"wp-image-4304\" srcset=\"https:\/\/www.em.com.br\/emfoco\/wp-content\/uploads\/2024\/12\/Passabem-MG-Youtube-Ferros-em-Foco1-1024x527.jpg 1024w, https:\/\/www.em.com.br\/emfoco\/wp-content\/uploads\/2024\/12\/Passabem-MG-Youtube-Ferros-em-Foco1-300x154.jpg 300w, https:\/\/www.em.com.br\/emfoco\/wp-content\/uploads\/2024\/12\/Passabem-MG-Youtube-Ferros-em-Foco1-768x395.jpg 768w, https:\/\/www.em.com.br\/emfoco\/wp-content\/uploads\/2024\/12\/Passabem-MG-Youtube-Ferros-em-Foco1-750x386.jpg 750w, https:\/\/www.em.com.br\/emfoco\/wp-content\/uploads\/2024\/12\/Passabem-MG-Youtube-Ferros-em-Foco1-1140x586.jpg 1140w, https:\/\/www.em.com.br\/emfoco\/wp-content\/uploads\/2024\/12\/Passabem-MG-Youtube-Ferros-em-Foco1.jpg 1200w\" sizes=\"auto, (max-width: 1024px) 100vw, 1024px\" \/><figcaption class=\"wp-element-caption\">Passabem-MG &#8211; Youtube\/Ferros em Foco<\/figcaption><\/figure><\/div>\n\n\n<p>A presen\u00e7a da Valenet em Passab\u00e9m ilustra como at\u00e9 mesmo pequenas cidades podem se beneficiar das tecnologias modernas, facilitando tanto a comunica\u00e7\u00e3o quanto o acesso \u00e0 informa\u00e7\u00e3o para seus moradores e empresas locais.<\/p>\n\n\n\n<h2 class=\"wp-block-heading\">Por Que Visitar Passab\u00e9m?<\/h2>\n\n\n\n<p>Passab\u00e9m, apesar de seu tamanho intimidadoramente pequeno, oferece paisagens deslumbrantes e uma rica tape\u00e7aria de hist\u00f3rias e tradi\u00e7\u00f5es. Seja pela hospitalidade de seus moradores, suas festividades tradicionais ou a moderna conex\u00e3o digital, Passab\u00e9m se destaca como uma cidade que preserva o melhor de sua heran\u00e7a cultural ao mesmo tempo em que abra\u00e7a o futuro.<\/p>\n\n\n\n<p>Visitar Passab\u00e9m \u00e9 uma oportunidade de vivenciar o modo de vida mineiro aut\u00eantico, onde a simplicidade e a comunidade prevalecem. Seja um passeio pelas colinas que cercam a cidade ou participando de uma de suas festas locais, uma visita a Passab\u00e9m promete experi\u00eancias que cativam todos os que passam por l\u00e1.<\/p>\n","protected":false},"excerpt":{"rendered":"<p>Passab\u00e9m, localizada na regi\u00e3o do Vale do A\u00e7o em Minas Gerais, \u00e9 uma pequena cidade com aproximadamente 1600 habitantes, de acordo com o censo do IBGE de 2022. Mesmo sendo a nona menor cidade do estado, a localidade se destaca por suas caracter\u00edsticas singulares e charme interiorano. Cercada por paisagens montanhosas e inserida na bacia [&hellip;]<\/p>\n","protected":false},"author":7,"featured_media":4302,"comment_status":"open","ping_status":"open","sticky":false,"template":"","format":"standard","meta":{"jnews-multi-image_gallery":[],"jnews_single_post":{"format":"standard"},"jnews_primary_category":[],"jnews_social_meta":[],"jnews_override_counter":[],"footnotes":""},"categories":[26],"tags":[158,310,159,237,207,1128],"class_list":["post-4299","post","type-post","status-publish","format-standard","has-post-thumbnail","hentry","category-cidades","tag-brasil","tag-cidade","tag-cultura","tag-historia","tag-minas-gerais","tag-viagem"],"yoast_head":"<!-- This site is optimized with the Yoast SEO plugin v23.8 - https:\/\/yoast.com\/wordpress\/plugins\/seo\/ -->\n<title>J\u00e1 ouviu falar de Passab\u00e9m? Venha Conhecer! - Estado de Minas - Em foco<\/title>\n<meta name=\"description\" content=\"N\u00f3s temos certeza que ir\u00e1 se surpreender com esses aspectos sobre a realidade e a hist\u00f3ria de Passab\u00e9m\" \/>\n<meta name=\"robots\" content=\"index, follow, max-snippet:-1, max-image-preview:large, max-video-preview:-1\" \/>\n<link rel=\"canonical\" href=\"https:\/\/www.em.com.br\/emfoco\/2024\/12\/11\/ja-ouviu-falar-de-passabem-venha-conhecer\/\" \/>\n<meta property=\"og:locale\" content=\"pt_BR\" \/>\n<meta property=\"og:type\" content=\"article\" \/>\n<meta property=\"og:title\" content=\"J\u00e1 ouviu falar de Passab\u00e9m? Venha Conhecer! - Estado de Minas - Em foco\" \/>\n<meta property=\"og:description\" content=\"N\u00f3s temos certeza que ir\u00e1 se surpreender com esses aspectos sobre a realidade e a hist\u00f3ria de Passab\u00e9m\" \/>\n<meta property=\"og:url\" content=\"https:\/\/www.em.com.br\/emfoco\/2024\/12\/11\/ja-ouviu-falar-de-passabem-venha-conhecer\/\" \/>\n<meta property=\"og:site_name\" content=\"Estado de Minas - Em foco\" \/>\n<meta property=\"article:published_time\" content=\"2024-12-11T22:40:00+00:00\" \/>\n<meta property=\"article:modified_time\" content=\"2024-12-11T00:30:32+00:00\" \/>\n<meta property=\"og:image\" content=\"https:\/\/www.em.com.br\/emfoco\/wp-content\/uploads\/2024\/12\/Passabem-MG-Youtube-Ferros-em-Foco2.jpg\" \/>\n\t<meta property=\"og:image:width\" content=\"1199\" \/>\n\t<meta property=\"og:image:height\" content=\"616\" \/>\n\t<meta property=\"og:image:type\" content=\"image\/jpeg\" \/>\n<meta name=\"author\" content=\"Kelvin\" \/>\n<meta name=\"twitter:card\" content=\"summary_large_image\" \/>\n<meta name=\"twitter:label1\" content=\"Escrito por\" \/>\n\t<meta name=\"twitter:data1\" content=\"Kelvin\" \/>\n\t<meta name=\"twitter:label2\" content=\"Est. tempo de leitura\" \/>\n\t<meta name=\"twitter:data2\" content=\"4 minutos\" \/>\n<!-- \/ Yoast SEO plugin. -->","yoast_head_json":{"title":"J\u00e1 ouviu falar de Passab\u00e9m? Venha Conhecer! - Estado de Minas - Em foco","description":"N\u00f3s temos certeza que ir\u00e1 se surpreender com esses aspectos sobre a realidade e a hist\u00f3ria de Passab\u00e9m","robots":{"index":"index","follow":"follow","max-snippet":"max-snippet:-1","max-image-preview":"max-image-preview:large","max-video-preview":"max-video-preview:-1"},"canonical":"https:\/\/www.em.com.br\/emfoco\/2024\/12\/11\/ja-ouviu-falar-de-passabem-venha-conhecer\/","og_locale":"pt_BR","og_type":"article","og_title":"J\u00e1 ouviu falar de Passab\u00e9m? Venha Conhecer! - Estado de Minas - Em foco","og_description":"N\u00f3s temos certeza que ir\u00e1 se surpreender com esses aspectos sobre a realidade e a hist\u00f3ria de Passab\u00e9m","og_url":"https:\/\/www.em.com.br\/emfoco\/2024\/12\/11\/ja-ouviu-falar-de-passabem-venha-conhecer\/","og_site_name":"Estado de Minas - Em foco","article_published_time":"2024-12-11T22:40:00+00:00","article_modified_time":"2024-12-11T00:30:32+00:00","og_image":[{"width":1199,"height":616,"url":"https:\/\/www.em.com.br\/emfoco\/wp-content\/uploads\/2024\/12\/Passabem-MG-Youtube-Ferros-em-Foco2.jpg","type":"image\/jpeg"}],"author":"Kelvin","twitter_card":"summary_large_image","twitter_misc":{"Escrito por":"Kelvin","Est. tempo de leitura":"4 minutos"},"schema":{"@context":"https:\/\/schema.org","@graph":[{"@type":"WebPage","@id":"https:\/\/www.em.com.br\/emfoco\/2024\/12\/11\/ja-ouviu-falar-de-passabem-venha-conhecer\/","url":"https:\/\/www.em.com.br\/emfoco\/2024\/12\/11\/ja-ouviu-falar-de-passabem-venha-conhecer\/","name":"J\u00e1 ouviu falar de Passab\u00e9m? Venha Conhecer! - Estado de Minas - Em foco","isPartOf":{"@id":"https:\/\/www.em.com.br\/emfoco\/#website"},"primaryImageOfPage":{"@id":"https:\/\/www.em.com.br\/emfoco\/2024\/12\/11\/ja-ouviu-falar-de-passabem-venha-conhecer\/#primaryimage"},"image":{"@id":"https:\/\/www.em.com.br\/emfoco\/2024\/12\/11\/ja-ouviu-falar-de-passabem-venha-conhecer\/#primaryimage"},"thumbnailUrl":"https:\/\/www.em.com.br\/emfoco\/wp-content\/uploads\/2024\/12\/Passabem-MG-Youtube-Ferros-em-Foco2.jpg","datePublished":"2024-12-11T22:40:00+00:00","dateModified":"2024-12-11T00:30:32+00:00","author":{"@id":"https:\/\/www.em.com.br\/emfoco\/#\/schema\/person\/fb0a7f48c6fbb94b83f413a80f61917d"},"description":"N\u00f3s temos certeza que ir\u00e1 se surpreender com esses aspectos sobre a realidade e a hist\u00f3ria de Passab\u00e9m","breadcrumb":{"@id":"https:\/\/www.em.com.br\/emfoco\/2024\/12\/11\/ja-ouviu-falar-de-passabem-venha-conhecer\/#breadcrumb"},"inLanguage":"pt-BR","potentialAction":[{"@type":"ReadAction","target":["https:\/\/www.em.com.br\/emfoco\/2024\/12\/11\/ja-ouviu-falar-de-passabem-venha-conhecer\/"]}]},{"@type":"ImageObject","inLanguage":"pt-BR","@id":"https:\/\/www.em.com.br\/emfoco\/2024\/12\/11\/ja-ouviu-falar-de-passabem-venha-conhecer\/#primaryimage","url":"https:\/\/www.em.com.br\/emfoco\/wp-content\/uploads\/2024\/12\/Passabem-MG-Youtube-Ferros-em-Foco2.jpg","contentUrl":"https:\/\/www.em.com.br\/emfoco\/wp-content\/uploads\/2024\/12\/Passabem-MG-Youtube-Ferros-em-Foco2.jpg","width":1199,"height":616,"caption":"Passabem-MG - Youtube\/Ferros em Foco"},{"@type":"BreadcrumbList","@id":"https:\/\/www.em.com.br\/emfoco\/2024\/12\/11\/ja-ouviu-falar-de-passabem-venha-conhecer\/#breadcrumb","itemListElement":[{"@type":"ListItem","position":1,"name":"In\u00edcio","item":"https:\/\/www.em.com.br\/emfoco\/"},{"@type":"ListItem","position":2,"name":"J\u00e1 ouviu falar de Passab\u00e9m? Venha Conhecer!"}]},{"@type":"WebSite","@id":"https:\/\/www.em.com.br\/emfoco\/#website","url":"https:\/\/www.em.com.br\/emfoco\/","name":"Estado de Minas - Em foco","description":"Acompanhe as \u00faltimas not\u00edcias e fique bem informado sobre tudo o que acontece em Minas Gerais, Brasil e no mundo.","potentialAction":[{"@type":"SearchAction","target":{"@type":"EntryPoint","urlTemplate":"https:\/\/www.em.com.br\/emfoco\/?s={search_term_string}"},"query-input":{"@type":"PropertyValueSpecification","valueRequired":true,"valueName":"search_term_string"}}],"inLanguage":"pt-BR"},{"@type":"Person","@id":"https:\/\/www.em.com.br\/emfoco\/#\/schema\/person\/fb0a7f48c6fbb94b83f413a80f61917d","name":"Kelvin","image":{"@type":"ImageObject","inLanguage":"pt-BR","@id":"https:\/\/www.em.com.br\/emfoco\/#\/schema\/person\/image\/","url":"https:\/\/secure.gravatar.com\/avatar\/e74f84337e6bf6c4c5e88fbdffa05270?s=96&d=mm&r=g","contentUrl":"https:\/\/secure.gravatar.com\/avatar\/e74f84337e6bf6c4c5e88fbdffa05270?s=96&d=mm&r=g","caption":"Kelvin"},"sameAs":["https:\/\/www.em.com.br\/emfoco"],"url":"https:\/\/www.em.com.br\/emfoco\/author\/kelvinmyth\/"}]}},"_links":{"self":[{"href":"https:\/\/www.em.com.br\/emfoco\/wp-json\/wp\/v2\/posts\/4299","targetHints":{"allow":["GET"]}}],"collection":[{"href":"https:\/\/www.em.com.br\/emfoco\/wp-json\/wp\/v2\/posts"}],"about":[{"href":"https:\/\/www.em.com.br\/emfoco\/wp-json\/wp\/v2\/types\/post"}],"author":[{"embeddable":true,"href":"https:\/\/www.em.com.br\/emfoco\/wp-json\/wp\/v2\/users\/7"}],"replies":[{"embeddable":true,"href":"https:\/\/www.em.com.br\/emfoco\/wp-json\/wp\/v2\/comments?post=4299"}],"version-history":[{"count":2,"href":"https:\/\/www.em.com.br\/emfoco\/wp-json\/wp\/v2\/posts\/4299\/revisions"}],"predecessor-version":[{"id":4305,"href":"https:\/\/www.em.com.br\/emfoco\/wp-json\/wp\/v2\/posts\/4299\/revisions\/4305"}],"wp:featuredmedia":[{"embeddable":true,"href":"https:\/\/www.em.com.br\/emfoco\/wp-json\/wp\/v2\/media\/4302"}],"wp:attachment":[{"href":"https:\/\/www.em.com.br\/emfoco\/wp-json\/wp\/v2\/media?parent=4299"}],"wp:term":[{"taxonomy":"category","embeddable":true,"href":"https:\/\/www.em.com.br\/emfoco\/wp-json\/wp\/v2\/categories?post=4299"},{"taxonomy":"post_tag","embeddable":true,"href":"https:\/\/www.em.com.br\/emfoco\/wp-json\/wp\/v2\/tags?post=4299"}],"curies":[{"name":"wp","href":"https:\/\/api.w.org\/{rel}","templated":true}]}}