{"id":42906,"date":"2025-05-07T17:40:00","date_gmt":"2025-05-07T20:40:00","guid":{"rendered":"https:\/\/www.em.com.br\/emfoco\/?p=42906"},"modified":"2025-05-06T17:16:34","modified_gmt":"2025-05-06T20:16:34","slug":"cidade-paulista-se-destaca-com-litoral-deslumbrante-e-qualidade-urbana-impressionante","status":"publish","type":"post","link":"https:\/\/www.em.com.br\/emfoco\/2025\/05\/07\/cidade-paulista-se-destaca-com-litoral-deslumbrante-e-qualidade-urbana-impressionante\/","title":{"rendered":"Cidade paulista se destaca com litoral deslumbrante e qualidade urbana impressionante"},"content":{"rendered":"\n<p><strong>Santos<\/strong>, localizada no litoral do estado de <strong>S\u00e3o Paulo<\/strong>, \u00e9 uma cidade que combina a rica hist\u00f3ria com a modernidade. Conhecida por seu porto, um dos mais movimentados da <strong>Am\u00e9rica Latina<\/strong>, Santos desempenha um papel crucial na economia brasileira. Al\u00e9m disso, a cidade \u00e9 famosa por suas praias, jardins e uma qualidade de vida que atrai tanto turistas quanto novos moradores.<\/p>\n\n\n\n<p>Com uma popula\u00e7\u00e3o que ultrapassa os 430 mil habitantes em 2025, Santos \u00e9 um exemplo de urbaniza\u00e7\u00e3o bem-sucedida. A cidade oferece uma infraestrutura completa, com servi\u00e7os de sa\u00fade, educa\u00e7\u00e3o e lazer de alta qualidade. Este artigo explora os aspectos que fazem de Santos um lugar \u00fanico para viver e visitar.<\/p>\n\n\n\n<h2 class=\"wp-block-heading\">Qualidade de vida em Santos<\/h2>\n\n\n\n<p>A qualidade de vida em Santos \u00e9 frequentemente destacada em pesquisas nacionais. A cidade oferece uma combina\u00e7\u00e3o de servi\u00e7os p\u00fablicos eficientes, seguran\u00e7a e oportunidades de lazer que melhoram o bem-estar de seus habitantes. A proximidade com a capital paulista tamb\u00e9m \u00e9 um fator que contribui para a atratividade da cidade.<\/p>\n\n\n\n<figure class=\"wp-block-image size-large\"><img loading=\"lazy\" decoding=\"async\" width=\"1024\" height=\"576\" src=\"https:\/\/www.em.com.br\/emfoco\/wp-content\/uploads\/2025\/04\/Santos-Sao-Paulo_1746017545309-1024x576.jpg\" alt=\"Essa cidade de S\u00e3o Paulo encanta com suas praias e infraestrutura exemplar\" class=\"wp-image-42926\" srcset=\"https:\/\/www.em.com.br\/emfoco\/wp-content\/uploads\/2025\/04\/Santos-Sao-Paulo_1746017545309-1024x576.jpg 1024w, https:\/\/www.em.com.br\/emfoco\/wp-content\/uploads\/2025\/04\/Santos-Sao-Paulo_1746017545309-300x169.jpg 300w, https:\/\/www.em.com.br\/emfoco\/wp-content\/uploads\/2025\/04\/Santos-Sao-Paulo_1746017545309-768x432.jpg 768w, https:\/\/www.em.com.br\/emfoco\/wp-content\/uploads\/2025\/04\/Santos-Sao-Paulo_1746017545309-750x422.jpg 750w, https:\/\/www.em.com.br\/emfoco\/wp-content\/uploads\/2025\/04\/Santos-Sao-Paulo_1746017545309-1140x641.jpg 1140w, https:\/\/www.em.com.br\/emfoco\/wp-content\/uploads\/2025\/04\/Santos-Sao-Paulo_1746017545309.jpg 1280w\" sizes=\"auto, (max-width: 1024px) 100vw, 1024px\" \/><figcaption class=\"wp-element-caption\">Santos, S\u00e3o Paulo &#8211; Cr\u00e9ditos: depositphotos.com \/ vbacarin<\/figcaption><\/figure>\n\n\n\n<h2 class=\"wp-block-heading\">Educa\u00e7\u00e3o: um pilar de desenvolvimento<\/h2>\n\n\n\n<p>Santos possui uma rede educacional robusta, com escolas p\u00fablicas e privadas que oferecem ensino de qualidade. A cidade abriga diversas institui\u00e7\u00f5es de ensino superior, incluindo a <strong><a href=\"https:\/\/www.unisantos.br\/\" target=\"_blank\" rel=\"noreferrer noopener\">Universidade Cat\u00f3lica de Santos<\/a><\/strong>, que \u00e9 refer\u00eancia em v\u00e1rias \u00e1reas do conhecimento. A educa\u00e7\u00e3o \u00e9 vista como um pilar essencial para o desenvolvimento cont\u00ednuo da cidade.<\/p>\n\n\n\n<h2 class=\"wp-block-heading\">Turismo: praias e cultura<\/h2>\n\n\n\n<p>O turismo \u00e9 uma das principais atividades econ\u00f4micas de Santos. As praias, como a famosa <strong>Praia do Gonzaga<\/strong>, atraem visitantes de todo o <strong>Brasil <\/strong>e do exterior. Al\u00e9m das belezas naturais, Santos oferece uma rica programa\u00e7\u00e3o cultural, com museus, teatros e eventos que celebram a hist\u00f3ria e a cultura local.<\/p>\n\n\n\n<h2 class=\"wp-block-heading\">O Porto de Santos: motor econ\u00f4mico<\/h2>\n\n\n\n<p>O <strong>Porto de Santos<\/strong> \u00e9 um dos mais importantes da Am\u00e9rica Latina, movimentando milh\u00f5es de toneladas de carga anualmente. Ele \u00e9 fundamental para a economia da cidade e do pa\u00eds, sendo um ponto estrat\u00e9gico para exporta\u00e7\u00f5es e importa\u00e7\u00f5es. O porto tamb\u00e9m gera milhares de empregos diretos e indiretos, contribuindo para o desenvolvimento econ\u00f4mico da regi\u00e3o.<\/p>\n\n\n\n<h2 class=\"wp-block-heading\">Infraestrutura e mobilidade urbana<\/h2>\n\n\n\n<p>A infraestrutura de Santos \u00e9 moderna e bem planejada. A cidade investe constantemente em melhorias no transporte p\u00fablico, com \u00f4nibus e ciclovias que facilitam a mobilidade urbana. Recentemente, projetos de revitaliza\u00e7\u00e3o do centro hist\u00f3rico e a amplia\u00e7\u00e3o de \u00e1reas verdes t\u00eam melhorado ainda mais a qualidade de vida dos santistas.<\/p>\n\n\n\n<h2 class=\"wp-block-heading\">Sa\u00fade e bem-estar<\/h2>\n\n\n\n<p>Santos conta com uma rede de sa\u00fade bem estruturada, com hospitais e cl\u00ednicas que oferecem atendimento de qualidade. A cidade tamb\u00e9m promove diversas iniciativas de <strong><a href=\"https:\/\/www.em.com.br\/emfoco\/2025\/04\/22\/dormir-bem-pode-ser-o-segredo-por-tras-do-seu-bem-estar-diario\/\" target=\"_blank\" rel=\"noreferrer noopener\">bem-estar<\/a><\/strong>, como programas de atividade f\u00edsica e campanhas de sa\u00fade preventiva, que visam melhorar a qualidade de vida dos seus moradores.<\/p>\n\n\n\n<h2 class=\"wp-block-heading\">Perspectivas futuras para Santos<\/h2>\n\n\n\n<p>O futuro de Santos parece promissor, com projetos de desenvolvimento urbano e econ\u00f4mico em andamento. A cidade continua a atrair investimentos, especialmente nas \u00e1reas de tecnologia e inova\u00e7\u00e3o. Com uma base s\u00f3lida em qualidade de vida, educa\u00e7\u00e3o e turismo, Santos est\u00e1 bem posicionada para enfrentar os desafios do futuro e continuar a prosperar.<\/p>\n","protected":false},"excerpt":{"rendered":"<p>Santos, localizada no litoral do estado de S\u00e3o Paulo, \u00e9 uma cidade que combina a rica hist\u00f3ria com a modernidade. Conhecida por seu porto, um dos mais movimentados da Am\u00e9rica Latina, Santos desempenha um papel crucial na economia brasileira. Al\u00e9m disso, a cidade \u00e9 famosa por suas praias, jardins e uma qualidade de vida que [&hellip;]<\/p>\n","protected":false},"author":13,"featured_media":42925,"comment_status":"open","ping_status":"open","sticky":false,"template":"","format":"standard","meta":{"jnews-multi-image_gallery":[],"jnews_single_post":{"format":"standard"},"jnews_primary_category":[],"jnews_social_meta":[],"jnews_override_counter":[],"footnotes":""},"categories":[26],"tags":[327,845,553,157],"class_list":["post-42906","post","type-post","status-publish","format-standard","has-post-thumbnail","hentry","category-cidades","tag-qualidade-de-vida","tag-santos","tag-sao-paulo","tag-turismo"],"yoast_head":"<!-- This site is optimized with the Yoast SEO plugin v23.8 - https:\/\/yoast.com\/wordpress\/plugins\/seo\/ -->\n<title>Cidade paulista se destaca com litoral deslumbrante e qualidade urbana impressionante - Estado de Minas - Em foco<\/title>\n<meta name=\"description\" content=\"Um destino litor\u00e2neo onde qualidade de vida, cultura e infraestrutura moderna se encontram em perfeita harmonia.\" \/>\n<meta name=\"robots\" content=\"index, follow, max-snippet:-1, max-image-preview:large, max-video-preview:-1\" \/>\n<link rel=\"canonical\" href=\"https:\/\/www.em.com.br\/emfoco\/2025\/05\/07\/cidade-paulista-se-destaca-com-litoral-deslumbrante-e-qualidade-urbana-impressionante\/\" \/>\n<meta property=\"og:locale\" content=\"pt_BR\" \/>\n<meta property=\"og:type\" content=\"article\" \/>\n<meta property=\"og:title\" content=\"Cidade paulista se destaca com litoral deslumbrante e qualidade urbana impressionante - Estado de Minas - Em foco\" \/>\n<meta property=\"og:description\" content=\"Um destino litor\u00e2neo onde qualidade de vida, cultura e infraestrutura moderna se encontram em perfeita harmonia.\" \/>\n<meta property=\"og:url\" content=\"https:\/\/www.em.com.br\/emfoco\/2025\/05\/07\/cidade-paulista-se-destaca-com-litoral-deslumbrante-e-qualidade-urbana-impressionante\/\" \/>\n<meta property=\"og:site_name\" content=\"Estado de Minas - Em foco\" \/>\n<meta property=\"article:published_time\" content=\"2025-05-07T20:40:00+00:00\" \/>\n<meta property=\"article:modified_time\" content=\"2025-05-06T20:16:34+00:00\" \/>\n<meta property=\"og:image\" content=\"https:\/\/www.em.com.br\/emfoco\/wp-content\/uploads\/2025\/04\/Santos-Sao-Paulo_1746017518418.jpg\" \/>\n\t<meta property=\"og:image:width\" content=\"1280\" \/>\n\t<meta property=\"og:image:height\" content=\"720\" \/>\n\t<meta property=\"og:image:type\" content=\"image\/jpeg\" \/>\n<meta name=\"author\" content=\"Gabriel Martins\" \/>\n<meta name=\"twitter:card\" content=\"summary_large_image\" \/>\n<meta name=\"twitter:label1\" content=\"Escrito por\" \/>\n\t<meta name=\"twitter:data1\" content=\"Gabriel Martins\" \/>\n\t<meta name=\"twitter:label2\" content=\"Est. tempo de leitura\" \/>\n\t<meta name=\"twitter:data2\" content=\"4 minutos\" \/>\n<!-- \/ Yoast SEO plugin. -->","yoast_head_json":{"title":"Cidade paulista se destaca com litoral deslumbrante e qualidade urbana impressionante - Estado de Minas - Em foco","description":"Um destino litor\u00e2neo onde qualidade de vida, cultura e infraestrutura moderna se encontram em perfeita harmonia.","robots":{"index":"index","follow":"follow","max-snippet":"max-snippet:-1","max-image-preview":"max-image-preview:large","max-video-preview":"max-video-preview:-1"},"canonical":"https:\/\/www.em.com.br\/emfoco\/2025\/05\/07\/cidade-paulista-se-destaca-com-litoral-deslumbrante-e-qualidade-urbana-impressionante\/","og_locale":"pt_BR","og_type":"article","og_title":"Cidade paulista se destaca com litoral deslumbrante e qualidade urbana impressionante - Estado de Minas - Em foco","og_description":"Um destino litor\u00e2neo onde qualidade de vida, cultura e infraestrutura moderna se encontram em perfeita harmonia.","og_url":"https:\/\/www.em.com.br\/emfoco\/2025\/05\/07\/cidade-paulista-se-destaca-com-litoral-deslumbrante-e-qualidade-urbana-impressionante\/","og_site_name":"Estado de Minas - Em foco","article_published_time":"2025-05-07T20:40:00+00:00","article_modified_time":"2025-05-06T20:16:34+00:00","og_image":[{"width":1280,"height":720,"url":"https:\/\/www.em.com.br\/emfoco\/wp-content\/uploads\/2025\/04\/Santos-Sao-Paulo_1746017518418.jpg","type":"image\/jpeg"}],"author":"Gabriel Martins","twitter_card":"summary_large_image","twitter_misc":{"Escrito por":"Gabriel Martins","Est. tempo de leitura":"4 minutos"},"schema":{"@context":"https:\/\/schema.org","@graph":[{"@type":"WebPage","@id":"https:\/\/www.em.com.br\/emfoco\/2025\/05\/07\/cidade-paulista-se-destaca-com-litoral-deslumbrante-e-qualidade-urbana-impressionante\/","url":"https:\/\/www.em.com.br\/emfoco\/2025\/05\/07\/cidade-paulista-se-destaca-com-litoral-deslumbrante-e-qualidade-urbana-impressionante\/","name":"Cidade paulista se destaca com litoral deslumbrante e qualidade urbana impressionante - Estado de Minas - Em foco","isPartOf":{"@id":"https:\/\/www.em.com.br\/emfoco\/#website"},"primaryImageOfPage":{"@id":"https:\/\/www.em.com.br\/emfoco\/2025\/05\/07\/cidade-paulista-se-destaca-com-litoral-deslumbrante-e-qualidade-urbana-impressionante\/#primaryimage"},"image":{"@id":"https:\/\/www.em.com.br\/emfoco\/2025\/05\/07\/cidade-paulista-se-destaca-com-litoral-deslumbrante-e-qualidade-urbana-impressionante\/#primaryimage"},"thumbnailUrl":"https:\/\/www.em.com.br\/emfoco\/wp-content\/uploads\/2025\/04\/Santos-Sao-Paulo_1746017518418.jpg","datePublished":"2025-05-07T20:40:00+00:00","dateModified":"2025-05-06T20:16:34+00:00","author":{"@id":"https:\/\/www.em.com.br\/emfoco\/#\/schema\/person\/1c9ddeab18b98abeffef834667bcf08a"},"description":"Um destino litor\u00e2neo onde qualidade de vida, cultura e infraestrutura moderna se encontram em perfeita harmonia.","breadcrumb":{"@id":"https:\/\/www.em.com.br\/emfoco\/2025\/05\/07\/cidade-paulista-se-destaca-com-litoral-deslumbrante-e-qualidade-urbana-impressionante\/#breadcrumb"},"inLanguage":"pt-BR","potentialAction":[{"@type":"ReadAction","target":["https:\/\/www.em.com.br\/emfoco\/2025\/05\/07\/cidade-paulista-se-destaca-com-litoral-deslumbrante-e-qualidade-urbana-impressionante\/"]}]},{"@type":"ImageObject","inLanguage":"pt-BR","@id":"https:\/\/www.em.com.br\/emfoco\/2025\/05\/07\/cidade-paulista-se-destaca-com-litoral-deslumbrante-e-qualidade-urbana-impressionante\/#primaryimage","url":"https:\/\/www.em.com.br\/emfoco\/wp-content\/uploads\/2025\/04\/Santos-Sao-Paulo_1746017518418.jpg","contentUrl":"https:\/\/www.em.com.br\/emfoco\/wp-content\/uploads\/2025\/04\/Santos-Sao-Paulo_1746017518418.jpg","width":1280,"height":720,"caption":"Santos, S\u00e3o Paulo - Cr\u00e9ditos: depositphotos.com \/ vbacarin"},{"@type":"BreadcrumbList","@id":"https:\/\/www.em.com.br\/emfoco\/2025\/05\/07\/cidade-paulista-se-destaca-com-litoral-deslumbrante-e-qualidade-urbana-impressionante\/#breadcrumb","itemListElement":[{"@type":"ListItem","position":1,"name":"In\u00edcio","item":"https:\/\/www.em.com.br\/emfoco\/"},{"@type":"ListItem","position":2,"name":"Cidade paulista se destaca com litoral deslumbrante e qualidade urbana impressionante"}]},{"@type":"WebSite","@id":"https:\/\/www.em.com.br\/emfoco\/#website","url":"https:\/\/www.em.com.br\/emfoco\/","name":"Estado de Minas - Em foco","description":"Acompanhe as \u00faltimas not\u00edcias e fique bem informado sobre tudo o que acontece em Minas Gerais, Brasil e no mundo.","potentialAction":[{"@type":"SearchAction","target":{"@type":"EntryPoint","urlTemplate":"https:\/\/www.em.com.br\/emfoco\/?s={search_term_string}"},"query-input":{"@type":"PropertyValueSpecification","valueRequired":true,"valueName":"search_term_string"}}],"inLanguage":"pt-BR"},{"@type":"Person","@id":"https:\/\/www.em.com.br\/emfoco\/#\/schema\/person\/1c9ddeab18b98abeffef834667bcf08a","name":"Gabriel Martins","image":{"@type":"ImageObject","inLanguage":"pt-BR","@id":"https:\/\/www.em.com.br\/emfoco\/#\/schema\/person\/image\/","url":"https:\/\/secure.gravatar.com\/avatar\/f0f1e2efdfd88f1ad2cb08c5c2731e50?s=96&d=mm&r=g","contentUrl":"https:\/\/secure.gravatar.com\/avatar\/f0f1e2efdfd88f1ad2cb08c5c2731e50?s=96&d=mm&r=g","caption":"Gabriel Martins"},"sameAs":["https:\/\/www.em.com.br\/emfoco\/"],"url":"https:\/\/www.em.com.br\/emfoco\/author\/gabrielmartinsmyth\/"}]}},"_links":{"self":[{"href":"https:\/\/www.em.com.br\/emfoco\/wp-json\/wp\/v2\/posts\/42906","targetHints":{"allow":["GET"]}}],"collection":[{"href":"https:\/\/www.em.com.br\/emfoco\/wp-json\/wp\/v2\/posts"}],"about":[{"href":"https:\/\/www.em.com.br\/emfoco\/wp-json\/wp\/v2\/types\/post"}],"author":[{"embeddable":true,"href":"https:\/\/www.em.com.br\/emfoco\/wp-json\/wp\/v2\/users\/13"}],"replies":[{"embeddable":true,"href":"https:\/\/www.em.com.br\/emfoco\/wp-json\/wp\/v2\/comments?post=42906"}],"version-history":[{"count":3,"href":"https:\/\/www.em.com.br\/emfoco\/wp-json\/wp\/v2\/posts\/42906\/revisions"}],"predecessor-version":[{"id":42929,"href":"https:\/\/www.em.com.br\/emfoco\/wp-json\/wp\/v2\/posts\/42906\/revisions\/42929"}],"wp:featuredmedia":[{"embeddable":true,"href":"https:\/\/www.em.com.br\/emfoco\/wp-json\/wp\/v2\/media\/42925"}],"wp:attachment":[{"href":"https:\/\/www.em.com.br\/emfoco\/wp-json\/wp\/v2\/media?parent=42906"}],"wp:term":[{"taxonomy":"category","embeddable":true,"href":"https:\/\/www.em.com.br\/emfoco\/wp-json\/wp\/v2\/categories?post=42906"},{"taxonomy":"post_tag","embeddable":true,"href":"https:\/\/www.em.com.br\/emfoco\/wp-json\/wp\/v2\/tags?post=42906"}],"curies":[{"name":"wp","href":"https:\/\/api.w.org\/{rel}","templated":true}]}}