{"id":42904,"date":"2025-05-07T15:40:00","date_gmt":"2025-05-07T18:40:00","guid":{"rendered":"https:\/\/www.em.com.br\/emfoco\/?p=42904"},"modified":"2025-05-06T17:16:11","modified_gmt":"2025-05-06T20:16:11","slug":"a-joia-escondida-no-centro-oeste-que-une-qualidade-de-vida-e-progresso","status":"publish","type":"post","link":"https:\/\/www.em.com.br\/emfoco\/2025\/05\/07\/a-joia-escondida-no-centro-oeste-que-une-qualidade-de-vida-e-progresso\/","title":{"rendered":"A joia escondida no Centro-Oeste que une qualidade de vida e progresso"},"content":{"rendered":"\n<p><strong>Goi\u00e2nia<\/strong>, a capital do estado de <strong>Goi\u00e1s<\/strong>, \u00e9 uma cidade que se destaca por sua infraestrutura moderna e qualidade de vida. Fundada em 1933, a cidade foi planejada para ser um centro administrativo e pol\u00edtico, substituindo a antiga capital, <strong>Vila Boa<\/strong>. Com uma popula\u00e7\u00e3o crescente, Goi\u00e2nia se tornou um polo econ\u00f4mico e cultural na regi\u00e3o <strong>Centro-Oeste<\/strong> do <strong>Brasil<\/strong>.<\/p>\n\n\n\n<p>Com suas avenidas largas e \u00e1reas verdes, Goi\u00e2nia oferece um ambiente urbano que combina desenvolvimento e natureza. A cidade \u00e9 conhecida por sua hospitalidade e por ser um importante centro de eventos e neg\u00f3cios, atraindo visitantes de todo o pa\u00eds.<\/p>\n\n\n\n<h2 class=\"wp-block-heading\">Qualidade de vida em Goi\u00e2nia<\/h2>\n\n\n\n<p>A qualidade de vida em Goi\u00e2nia \u00e9 um dos pontos altos da cidade. Com um custo de vida relativamente baixo em compara\u00e7\u00e3o com outras capitais brasileiras, a cidade oferece uma infraestrutura urbana bem desenvolvida, com servi\u00e7os p\u00fablicos eficientes e uma ampla rede de sa\u00fade. Al\u00e9m disso, Goi\u00e2nia \u00e9 famosa por suas \u00e1reas verdes, como o <strong>Parque Flamboyant<\/strong> e o <strong>Bosque dos Buritis<\/strong>, que proporcionam espa\u00e7os de lazer e contato com a natureza.<\/p>\n\n\n\n<figure class=\"wp-block-image size-large\"><img loading=\"lazy\" decoding=\"async\" width=\"1024\" height=\"576\" src=\"https:\/\/www.em.com.br\/emfoco\/wp-content\/uploads\/2025\/04\/Goiania_1744808426666-1024x576.jpg\" alt=\"A capital que conquistou o Brasil com sua cultura e gastronomia\" class=\"wp-image-38821\" srcset=\"https:\/\/www.em.com.br\/emfoco\/wp-content\/uploads\/2025\/04\/Goiania_1744808426666-1024x576.jpg 1024w, https:\/\/www.em.com.br\/emfoco\/wp-content\/uploads\/2025\/04\/Goiania_1744808426666-300x169.jpg 300w, https:\/\/www.em.com.br\/emfoco\/wp-content\/uploads\/2025\/04\/Goiania_1744808426666-768x432.jpg 768w, https:\/\/www.em.com.br\/emfoco\/wp-content\/uploads\/2025\/04\/Goiania_1744808426666-750x422.jpg 750w, https:\/\/www.em.com.br\/emfoco\/wp-content\/uploads\/2025\/04\/Goiania_1744808426666-1140x641.jpg 1140w, https:\/\/www.em.com.br\/emfoco\/wp-content\/uploads\/2025\/04\/Goiania_1744808426666.jpg 1280w\" sizes=\"auto, (max-width: 1024px) 100vw, 1024px\" \/><figcaption class=\"wp-element-caption\">Goi\u00e2nia, Goi\u00e1s &#8211; Cr\u00e9ditos: depositphotos.com \/ AngelaMacario<\/figcaption><\/figure>\n\n\n\n<h2 class=\"wp-block-heading\">Educa\u00e7\u00e3o: um pilar de desenvolvimento<\/h2>\n\n\n\n<p>Goi\u00e2nia se destaca tamb\u00e9m na \u00e1rea educacional, com uma rede de escolas p\u00fablicas e privadas de qualidade. A cidade abriga importantes institui\u00e7\u00f5es de ensino superior, como a <strong><a href=\"https:\/\/ufg.br\/?id=1&amp;locale=es\" target=\"_blank\" rel=\"noreferrer noopener\">Universidade Federal de Goi\u00e1s<\/a><\/strong> (UFG) e a <strong>Pontif\u00edcia Universidade Cat\u00f3lica de Goi\u00e1s<\/strong> (PUC-GO), que atraem estudantes de diversas regi\u00f5es do Brasil. A presen\u00e7a dessas institui\u00e7\u00f5es contribui para o desenvolvimento acad\u00eamico e profissional da popula\u00e7\u00e3o local.<\/p>\n\n\n\n<h2 class=\"wp-block-heading\">Turismo em Goi\u00e2nia: o que fazer na cidade?<\/h2>\n\n\n\n<p>O turismo em Goi\u00e2nia \u00e9 impulsionado por sua rica cultura e eventos. A cidade \u00e9 conhecida por sua arquitetura art d\u00e9co, presente em muitos edif\u00edcios hist\u00f3ricos. Al\u00e9m disso, Goi\u00e2nia \u00e9 um ponto de partida para explorar as belezas naturais de Goi\u00e1s, como a <strong>Chapada dos Veadeiros<\/strong> e as \u00e1guas termais de <strong>Caldas Novas<\/strong>. Para quem prefere atividades urbanas, a cidade oferece uma vida noturna vibrante, com bares e restaurantes que servem o melhor da <strong><a href=\"https:\/\/www.em.com.br\/emfoco\/2025\/02\/15\/a-tradicao-milenar-da-culinaria-chinesa\/\" target=\"_blank\" rel=\"noreferrer noopener\">culin\u00e1ria <\/a><\/strong>goiana.<\/p>\n\n\n\n<h2 class=\"wp-block-heading\">Economia: um polo de crescimento<\/h2>\n\n\n\n<p>A economia de Goi\u00e2nia \u00e9 diversificada, com destaque para os setores de com\u00e9rcio, servi\u00e7os e ind\u00fastria. A cidade \u00e9 um importante centro de distribui\u00e7\u00e3o e log\u00edstica, devido \u00e0 sua localiza\u00e7\u00e3o estrat\u00e9gica no centro do pa\u00eds. O agroneg\u00f3cio tamb\u00e9m desempenha um papel crucial na economia local, com a produ\u00e7\u00e3o de gr\u00e3os e pecu\u00e1ria sendo atividades econ\u00f4micas significativas.<\/p>\n\n\n\n<h2 class=\"wp-block-heading\">Infraestrutura e mobilidade urbana<\/h2>\n\n\n\n<p>Goi\u00e2nia possui uma infraestrutura urbana bem planejada, com avenidas largas e um sistema de transporte p\u00fablico que atende a grande parte da popula\u00e7\u00e3o. A cidade est\u00e1 em constante desenvolvimento, com projetos de expans\u00e3o e moderniza\u00e7\u00e3o que visam melhorar a mobilidade urbana e a qualidade dos servi\u00e7os oferecidos aos cidad\u00e3os.<\/p>\n\n\n\n<h2 class=\"wp-block-heading\">Cultura e lazer: Goi\u00e2nia em destaque<\/h2>\n\n\n\n<p>A cultura em Goi\u00e2nia \u00e9 rica e diversificada, com uma cena art\u00edstica vibrante que inclui m\u00fasica, teatro e artes visuais. A cidade sedia eventos culturais importantes, como o <strong>Festival Internacional de Cinema<\/strong> e o <strong>Goi\u00e2nia Noise Festival<\/strong>, que atraem artistas e p\u00fablico de todo o pa\u00eds. Al\u00e9m disso, Goi\u00e2nia possui diversos museus e galerias de arte que refletem a hist\u00f3ria e a cultura local.<\/p>\n\n\n\n<h2 class=\"wp-block-heading\">Considera\u00e7\u00f5es sobre Goi\u00e2nia<\/h2>\n\n\n\n<p>Goi\u00e2nia \u00e9 uma cidade que combina modernidade e tradi\u00e7\u00e3o, oferecendo uma qualidade de vida elevada para seus habitantes. Com uma economia em crescimento, uma educa\u00e7\u00e3o de qualidade e uma rica oferta cultural, a capital de Goi\u00e1s se destaca como um dos principais centros urbanos do Brasil. Seja para morar, estudar ou visitar, Goi\u00e2nia oferece uma experi\u00eancia \u00fanica e acolhedora.<\/p>\n","protected":false},"excerpt":{"rendered":"<p>Goi\u00e2nia, a capital do estado de Goi\u00e1s, \u00e9 uma cidade que se destaca por sua infraestrutura moderna e qualidade de vida. Fundada em 1933, a cidade foi planejada para ser um centro administrativo e pol\u00edtico, substituindo a antiga capital, Vila Boa. Com uma popula\u00e7\u00e3o crescente, Goi\u00e2nia se tornou um polo econ\u00f4mico e cultural na regi\u00e3o [&hellip;]<\/p>\n","protected":false},"author":13,"featured_media":38819,"comment_status":"open","ping_status":"open","sticky":false,"template":"","format":"standard","meta":{"jnews-multi-image_gallery":[],"jnews_single_post":{"format":"standard"},"jnews_primary_category":[],"jnews_social_meta":[],"jnews_override_counter":[],"footnotes":""},"categories":[26],"tags":[158,1194,2196,427],"class_list":["post-42904","post","type-post","status-publish","format-standard","has-post-thumbnail","hentry","category-cidades","tag-brasil","tag-goiania","tag-goias","tag-infraestrutura"],"yoast_head":"<!-- This site is optimized with the Yoast SEO plugin v23.8 - https:\/\/yoast.com\/wordpress\/plugins\/seo\/ -->\n<title>A joia escondida no Centro-Oeste que une qualidade de vida e progresso - Estado de Minas - Em foco<\/title>\n<meta name=\"description\" content=\"Uma cidade planejada com qualidade de vida, \u00e1reas verdes, boa educa\u00e7\u00e3o e um ritmo de vida que surpreende quem visita ou vive.\" \/>\n<meta name=\"robots\" content=\"index, follow, max-snippet:-1, max-image-preview:large, max-video-preview:-1\" \/>\n<link rel=\"canonical\" href=\"https:\/\/www.em.com.br\/emfoco\/2025\/05\/07\/a-joia-escondida-no-centro-oeste-que-une-qualidade-de-vida-e-progresso\/\" \/>\n<meta property=\"og:locale\" content=\"pt_BR\" \/>\n<meta property=\"og:type\" content=\"article\" \/>\n<meta property=\"og:title\" content=\"A joia escondida no Centro-Oeste que une qualidade de vida e progresso - Estado de Minas - Em foco\" \/>\n<meta property=\"og:description\" content=\"Uma cidade planejada com qualidade de vida, \u00e1reas verdes, boa educa\u00e7\u00e3o e um ritmo de vida que surpreende quem visita ou vive.\" \/>\n<meta property=\"og:url\" content=\"https:\/\/www.em.com.br\/emfoco\/2025\/05\/07\/a-joia-escondida-no-centro-oeste-que-une-qualidade-de-vida-e-progresso\/\" \/>\n<meta property=\"og:site_name\" content=\"Estado de Minas - Em foco\" \/>\n<meta property=\"article:published_time\" content=\"2025-05-07T18:40:00+00:00\" \/>\n<meta property=\"article:modified_time\" content=\"2025-05-06T20:16:11+00:00\" \/>\n<meta property=\"og:image\" content=\"https:\/\/www.em.com.br\/emfoco\/wp-content\/uploads\/2025\/04\/Goiania_1744808364879.jpg\" \/>\n\t<meta property=\"og:image:width\" content=\"1280\" \/>\n\t<meta property=\"og:image:height\" content=\"720\" \/>\n\t<meta property=\"og:image:type\" content=\"image\/jpeg\" \/>\n<meta name=\"author\" content=\"Gabriel Martins\" \/>\n<meta name=\"twitter:card\" content=\"summary_large_image\" \/>\n<meta name=\"twitter:label1\" content=\"Escrito por\" \/>\n\t<meta name=\"twitter:data1\" content=\"Gabriel Martins\" \/>\n\t<meta name=\"twitter:label2\" content=\"Est. tempo de leitura\" \/>\n\t<meta name=\"twitter:data2\" content=\"4 minutos\" \/>\n<!-- \/ Yoast SEO plugin. -->","yoast_head_json":{"title":"A joia escondida no Centro-Oeste que une qualidade de vida e progresso - Estado de Minas - Em foco","description":"Uma cidade planejada com qualidade de vida, \u00e1reas verdes, boa educa\u00e7\u00e3o e um ritmo de vida que surpreende quem visita ou vive.","robots":{"index":"index","follow":"follow","max-snippet":"max-snippet:-1","max-image-preview":"max-image-preview:large","max-video-preview":"max-video-preview:-1"},"canonical":"https:\/\/www.em.com.br\/emfoco\/2025\/05\/07\/a-joia-escondida-no-centro-oeste-que-une-qualidade-de-vida-e-progresso\/","og_locale":"pt_BR","og_type":"article","og_title":"A joia escondida no Centro-Oeste que une qualidade de vida e progresso - Estado de Minas - Em foco","og_description":"Uma cidade planejada com qualidade de vida, \u00e1reas verdes, boa educa\u00e7\u00e3o e um ritmo de vida que surpreende quem visita ou vive.","og_url":"https:\/\/www.em.com.br\/emfoco\/2025\/05\/07\/a-joia-escondida-no-centro-oeste-que-une-qualidade-de-vida-e-progresso\/","og_site_name":"Estado de Minas - Em foco","article_published_time":"2025-05-07T18:40:00+00:00","article_modified_time":"2025-05-06T20:16:11+00:00","og_image":[{"width":1280,"height":720,"url":"https:\/\/www.em.com.br\/emfoco\/wp-content\/uploads\/2025\/04\/Goiania_1744808364879.jpg","type":"image\/jpeg"}],"author":"Gabriel Martins","twitter_card":"summary_large_image","twitter_misc":{"Escrito por":"Gabriel Martins","Est. tempo de leitura":"4 minutos"},"schema":{"@context":"https:\/\/schema.org","@graph":[{"@type":"WebPage","@id":"https:\/\/www.em.com.br\/emfoco\/2025\/05\/07\/a-joia-escondida-no-centro-oeste-que-une-qualidade-de-vida-e-progresso\/","url":"https:\/\/www.em.com.br\/emfoco\/2025\/05\/07\/a-joia-escondida-no-centro-oeste-que-une-qualidade-de-vida-e-progresso\/","name":"A joia escondida no Centro-Oeste que une qualidade de vida e progresso - Estado de Minas - Em foco","isPartOf":{"@id":"https:\/\/www.em.com.br\/emfoco\/#website"},"primaryImageOfPage":{"@id":"https:\/\/www.em.com.br\/emfoco\/2025\/05\/07\/a-joia-escondida-no-centro-oeste-que-une-qualidade-de-vida-e-progresso\/#primaryimage"},"image":{"@id":"https:\/\/www.em.com.br\/emfoco\/2025\/05\/07\/a-joia-escondida-no-centro-oeste-que-une-qualidade-de-vida-e-progresso\/#primaryimage"},"thumbnailUrl":"https:\/\/www.em.com.br\/emfoco\/wp-content\/uploads\/2025\/04\/Goiania_1744808364879.jpg","datePublished":"2025-05-07T18:40:00+00:00","dateModified":"2025-05-06T20:16:11+00:00","author":{"@id":"https:\/\/www.em.com.br\/emfoco\/#\/schema\/person\/1c9ddeab18b98abeffef834667bcf08a"},"description":"Uma cidade planejada com qualidade de vida, \u00e1reas verdes, boa educa\u00e7\u00e3o e um ritmo de vida que surpreende quem visita ou vive.","breadcrumb":{"@id":"https:\/\/www.em.com.br\/emfoco\/2025\/05\/07\/a-joia-escondida-no-centro-oeste-que-une-qualidade-de-vida-e-progresso\/#breadcrumb"},"inLanguage":"pt-BR","potentialAction":[{"@type":"ReadAction","target":["https:\/\/www.em.com.br\/emfoco\/2025\/05\/07\/a-joia-escondida-no-centro-oeste-que-une-qualidade-de-vida-e-progresso\/"]}]},{"@type":"ImageObject","inLanguage":"pt-BR","@id":"https:\/\/www.em.com.br\/emfoco\/2025\/05\/07\/a-joia-escondida-no-centro-oeste-que-une-qualidade-de-vida-e-progresso\/#primaryimage","url":"https:\/\/www.em.com.br\/emfoco\/wp-content\/uploads\/2025\/04\/Goiania_1744808364879.jpg","contentUrl":"https:\/\/www.em.com.br\/emfoco\/wp-content\/uploads\/2025\/04\/Goiania_1744808364879.jpg","width":1280,"height":720,"caption":"Goi\u00e2nia, Goi\u00e1s - Cr\u00e9ditos: depositphotos.com \/ Cristian_Lourenco"},{"@type":"BreadcrumbList","@id":"https:\/\/www.em.com.br\/emfoco\/2025\/05\/07\/a-joia-escondida-no-centro-oeste-que-une-qualidade-de-vida-e-progresso\/#breadcrumb","itemListElement":[{"@type":"ListItem","position":1,"name":"In\u00edcio","item":"https:\/\/www.em.com.br\/emfoco\/"},{"@type":"ListItem","position":2,"name":"A joia escondida no Centro-Oeste que une qualidade de vida e progresso"}]},{"@type":"WebSite","@id":"https:\/\/www.em.com.br\/emfoco\/#website","url":"https:\/\/www.em.com.br\/emfoco\/","name":"Estado de Minas - Em foco","description":"Acompanhe as \u00faltimas not\u00edcias e fique bem informado sobre tudo o que acontece em Minas Gerais, Brasil e no mundo.","potentialAction":[{"@type":"SearchAction","target":{"@type":"EntryPoint","urlTemplate":"https:\/\/www.em.com.br\/emfoco\/?s={search_term_string}"},"query-input":{"@type":"PropertyValueSpecification","valueRequired":true,"valueName":"search_term_string"}}],"inLanguage":"pt-BR"},{"@type":"Person","@id":"https:\/\/www.em.com.br\/emfoco\/#\/schema\/person\/1c9ddeab18b98abeffef834667bcf08a","name":"Gabriel Martins","image":{"@type":"ImageObject","inLanguage":"pt-BR","@id":"https:\/\/www.em.com.br\/emfoco\/#\/schema\/person\/image\/","url":"https:\/\/secure.gravatar.com\/avatar\/f0f1e2efdfd88f1ad2cb08c5c2731e50?s=96&d=mm&r=g","contentUrl":"https:\/\/secure.gravatar.com\/avatar\/f0f1e2efdfd88f1ad2cb08c5c2731e50?s=96&d=mm&r=g","caption":"Gabriel Martins"},"sameAs":["https:\/\/www.em.com.br\/emfoco\/"],"url":"https:\/\/www.em.com.br\/emfoco\/author\/gabrielmartinsmyth\/"}]}},"_links":{"self":[{"href":"https:\/\/www.em.com.br\/emfoco\/wp-json\/wp\/v2\/posts\/42904","targetHints":{"allow":["GET"]}}],"collection":[{"href":"https:\/\/www.em.com.br\/emfoco\/wp-json\/wp\/v2\/posts"}],"about":[{"href":"https:\/\/www.em.com.br\/emfoco\/wp-json\/wp\/v2\/types\/post"}],"author":[{"embeddable":true,"href":"https:\/\/www.em.com.br\/emfoco\/wp-json\/wp\/v2\/users\/13"}],"replies":[{"embeddable":true,"href":"https:\/\/www.em.com.br\/emfoco\/wp-json\/wp\/v2\/comments?post=42904"}],"version-history":[{"count":2,"href":"https:\/\/www.em.com.br\/emfoco\/wp-json\/wp\/v2\/posts\/42904\/revisions"}],"predecessor-version":[{"id":42933,"href":"https:\/\/www.em.com.br\/emfoco\/wp-json\/wp\/v2\/posts\/42904\/revisions\/42933"}],"wp:featuredmedia":[{"embeddable":true,"href":"https:\/\/www.em.com.br\/emfoco\/wp-json\/wp\/v2\/media\/38819"}],"wp:attachment":[{"href":"https:\/\/www.em.com.br\/emfoco\/wp-json\/wp\/v2\/media?parent=42904"}],"wp:term":[{"taxonomy":"category","embeddable":true,"href":"https:\/\/www.em.com.br\/emfoco\/wp-json\/wp\/v2\/categories?post=42904"},{"taxonomy":"post_tag","embeddable":true,"href":"https:\/\/www.em.com.br\/emfoco\/wp-json\/wp\/v2\/tags?post=42904"}],"curies":[{"name":"wp","href":"https:\/\/api.w.org\/{rel}","templated":true}]}}