{"id":4287,"date":"2024-12-11T18:40:00","date_gmt":"2024-12-11T21:40:00","guid":{"rendered":"https:\/\/www.em.com.br\/emfoco\/?p=4287"},"modified":"2024-12-10T20:57:48","modified_gmt":"2024-12-10T23:57:48","slug":"voce-acredita-que-deadpool-pode-existir-sem-ryan-reynolds","status":"publish","type":"post","link":"https:\/\/www.em.com.br\/emfoco\/2024\/12\/11\/voce-acredita-que-deadpool-pode-existir-sem-ryan-reynolds\/","title":{"rendered":"Voc\u00ea acredita que Deadpool pode existir sem Ryan Reynolds?"},"content":{"rendered":"\n<p>Ryan Reynolds, renomado ator canadense, tem sido o rosto do popular anti-her\u00f3i Deadpool desde sua primeira apari\u00e7\u00e3o solo em 2016. Conhecido por sua abordagem irreverente e bem-humorada do personagem, Reynolds recentemente discutiu o futuro da <a href=\"https:\/\/www.em.com.br\/emfoco\/2024\/12\/07\/steven-spielberg-o-mestre-do-cinema-com-uma-fortuna-de-bilhoes\/\" target=\"_blank\" rel=\"noreferrer noopener\">franquia<\/a> em uma conversa reveladora. Durante um bate-papo com Andrew Garfield, no quadro Actors on Actors da Variety, ele expressou incertezas sobre os pr\u00f3ximos passos para Deadpool no Universo Cinematogr\u00e1fico da Marvel (MCU).<\/p>\n\n\n\n<p>Enquanto Reynolds esclareceu que n\u00e3o h\u00e1 planos concretos para novas sequ\u00eancias, ele destacou que o car\u00e1ter surpreendente e espor\u00e1dico de Deadpool contribui significativamente para seu apelo. Ap\u00f3s o lan\u00e7amento de &#8220;Deadpool &amp; Wolverine&#8221; em 2024, ele sugeriu que o personagem poderia prosperar em pap\u00e9is de coadjuvante em outras hist\u00f3rias do MCU, ao inv\u00e9s de ser o centro das aten\u00e7\u00f5es.<\/p>\n\n\n\n<h2 class=\"wp-block-heading\">O Papel de Deadpool dentro do Marvel Cinematic Universe<\/h2>\n\n\n\n<p>Desde a integra\u00e7\u00e3o de Deadpool no MCU com &#8220;Deadpool &amp; Wolverine&#8221;, a discuss\u00e3o sobre onde o personagem poder\u00e1 se encaixar nos enredos futuros continua fervorosa. Reynolds v\u00ea Deadpool como um personagem que se destaca melhor quando n\u00e3o \u00e9 o foco principal, permitindo que sua personalidade \u00fanica e estilo de humor brilhem como complemento a hist\u00f3rias maiores. Esta perspectiva abre espa\u00e7o para participa\u00e7\u00f5es especiais e colabora\u00e7\u00f5es com outros her\u00f3is do MCU.<\/p>\n\n\n\n<figure class=\"wp-block-embed aligncenter is-type-video is-provider-youtube wp-block-embed-youtube wp-embed-aspect-16-9 wp-has-aspect-ratio\"><div class=\"wp-block-embed__wrapper\">\n<div class=\"jeg_video_container jeg_video_content\"><iframe loading=\"lazy\" title=\"Deadpool &amp; Wolverine | Trailer 2 Oficial Dublado\" width=\"500\" height=\"281\" src=\"https:\/\/www.youtube.com\/embed\/dEbe0rS4Z2A?feature=oembed\" frameborder=\"0\" allow=\"accelerometer; autoplay; clipboard-write; encrypted-media; gyroscope; picture-in-picture; web-share\" referrerpolicy=\"strict-origin-when-cross-origin\" allowfullscreen><\/iframe><\/div>\n<\/div><\/figure>\n\n\n\n<p>Com personagens j\u00e1 estabelecidos como Homem de Ferro, Capit\u00e3o Am\u00e9rica e Vi\u00fava Negra, o MCU frequentemente explora relacionamentos din\u00e2micos entre seus her\u00f3is. Deadpool, com sua quebra da quarta parede e humor negro, poderia trazer uma nova camada de complexidade e entretenimento a essas intera\u00e7\u00f5es, proporcionando momentos inesperados aos f\u00e3s.<\/p>\n\n\n\n<h2 class=\"wp-block-heading\">Qual \u00e9 o futuro de Deadpool no cinema?<\/h2>\n\n\n\n<p>Embora Ryan Reynolds tenha expressado d\u00favidas sobre continuar liderando filmes solo do Deadpool, o potencial para o personagem permanecer no cinema est\u00e1 longe de ser limitado. A evolu\u00e7\u00e3o das hist\u00f3rias de super-her\u00f3is e as crescentes expectativas dos f\u00e3s podem abrir caminhos para parcerias in\u00e9ditas e inovadoras. Como Reynolds sugere, Deadpool poderia aparecer em projetos menores, oferecendo um frescor bem-humorado e sarc\u00e1stico em filmes liderados por outros her\u00f3is.<\/p>\n\n\n\n<p>Os f\u00e3s j\u00e1 demonstraram grande entusiasmo por colabora\u00e7\u00f5es como &#8220;Deadpool &amp; Wolverine&#8221;. Com a possibilidade de cruzar caminhos com outros favoritos do p\u00fablico, como Doutor Estranho ou Guardi\u00f5es da Gal\u00e1xia, o MCU tem em Deadpool uma carta na manga para surpreender e divertir seu p\u00fablico diversificado.<\/p>\n\n\n\n<blockquote class=\"instagram-media\" data-instgrm-captioned data-instgrm-permalink=\"https:\/\/www.instagram.com\/p\/C-Nt2nnROhe\/?utm_source=ig_embed&amp;utm_campaign=loading\" data-instgrm-version=\"14\" style=\" background:#FFF; border:0; border-radius:3px; box-shadow:0 0 1px 0 rgba(0,0,0,0.5),0 1px 10px 0 rgba(0,0,0,0.15); margin: 1px; max-width:540px; min-width:326px; padding:0; width:99.375%; width:-webkit-calc(100% - 2px); width:calc(100% - 2px);\"><div style=\"padding:16px;\"> <a href=\"https:\/\/www.instagram.com\/p\/C-Nt2nnROhe\/?utm_source=ig_embed&amp;utm_campaign=loading\" style=\" background:#FFFFFF; line-height:0; padding:0 0; text-align:center; text-decoration:none; width:100%;\" target=\"_blank\"> <div style=\" display: flex; flex-direction: row; align-items: center;\"> <div style=\"background-color: #F4F4F4; border-radius: 50%; flex-grow: 0; height: 40px; margin-right: 14px; width: 40px;\"><\/div> <div style=\"display: flex; flex-direction: column; flex-grow: 1; justify-content: center;\"> <div style=\" background-color: #F4F4F4; border-radius: 4px; flex-grow: 0; height: 14px; margin-bottom: 6px; width: 100px;\"><\/div> <div style=\" background-color: #F4F4F4; border-radius: 4px; flex-grow: 0; height: 14px; width: 60px;\"><\/div><\/div><\/div><div style=\"padding: 19% 0;\"><\/div> <div style=\"display:block; height:50px; margin:0 auto 12px; width:50px;\"><svg width=\"50px\" height=\"50px\" viewBox=\"0 0 60 60\" version=\"1.1\" xmlns=\"https:\/\/www.w3.org\/2000\/svg\" xmlns:xlink=\"https:\/\/www.w3.org\/1999\/xlink\"><g stroke=\"none\" stroke-width=\"1\" fill=\"none\" fill-rule=\"evenodd\"><g transform=\"translate(-511.000000, -20.000000)\" fill=\"#000000\"><g><path d=\"M556.869,30.41 C554.814,30.41 553.148,32.076 553.148,34.131 C553.148,36.186 554.814,37.852 556.869,37.852 C558.924,37.852 560.59,36.186 560.59,34.131 C560.59,32.076 558.924,30.41 556.869,30.41 M541,60.657 C535.114,60.657 530.342,55.887 530.342,50 C530.342,44.114 535.114,39.342 541,39.342 C546.887,39.342 551.658,44.114 551.658,50 C551.658,55.887 546.887,60.657 541,60.657 M541,33.886 C532.1,33.886 524.886,41.1 524.886,50 C524.886,58.899 532.1,66.113 541,66.113 C549.9,66.113 557.115,58.899 557.115,50 C557.115,41.1 549.9,33.886 541,33.886 M565.378,62.101 C565.244,65.022 564.756,66.606 564.346,67.663 C563.803,69.06 563.154,70.057 562.106,71.106 C561.058,72.155 560.06,72.803 558.662,73.347 C557.607,73.757 556.021,74.244 553.102,74.378 C549.944,74.521 548.997,74.552 541,74.552 C533.003,74.552 532.056,74.521 528.898,74.378 C525.979,74.244 524.393,73.757 523.338,73.347 C521.94,72.803 520.942,72.155 519.894,71.106 C518.846,70.057 518.197,69.06 517.654,67.663 C517.244,66.606 516.755,65.022 516.623,62.101 C516.479,58.943 516.448,57.996 516.448,50 C516.448,42.003 516.479,41.056 516.623,37.899 C516.755,34.978 517.244,33.391 517.654,32.338 C518.197,30.938 518.846,29.942 519.894,28.894 C520.942,27.846 521.94,27.196 523.338,26.654 C524.393,26.244 525.979,25.756 528.898,25.623 C532.057,25.479 533.004,25.448 541,25.448 C548.997,25.448 549.943,25.479 553.102,25.623 C556.021,25.756 557.607,26.244 558.662,26.654 C560.06,27.196 561.058,27.846 562.106,28.894 C563.154,29.942 563.803,30.938 564.346,32.338 C564.756,33.391 565.244,34.978 565.378,37.899 C565.522,41.056 565.552,42.003 565.552,50 C565.552,57.996 565.522,58.943 565.378,62.101 M570.82,37.631 C570.674,34.438 570.167,32.258 569.425,30.349 C568.659,28.377 567.633,26.702 565.965,25.035 C564.297,23.368 562.623,22.342 560.652,21.575 C558.743,20.834 556.562,20.326 553.369,20.18 C550.169,20.033 549.148,20 541,20 C532.853,20 531.831,20.033 528.631,20.18 C525.438,20.326 523.257,20.834 521.349,21.575 C519.376,22.342 517.703,23.368 516.035,25.035 C514.368,26.702 513.342,28.377 512.574,30.349 C511.834,32.258 511.326,34.438 511.181,37.631 C511.035,40.831 511,41.851 511,50 C511,58.147 511.035,59.17 511.181,62.369 C511.326,65.562 511.834,67.743 512.574,69.651 C513.342,71.625 514.368,73.296 516.035,74.965 C517.703,76.634 519.376,77.658 521.349,78.425 C523.257,79.167 525.438,79.673 528.631,79.82 C531.831,79.965 532.853,80.001 541,80.001 C549.148,80.001 550.169,79.965 553.369,79.82 C556.562,79.673 558.743,79.167 560.652,78.425 C562.623,77.658 564.297,76.634 565.965,74.965 C567.633,73.296 568.659,71.625 569.425,69.651 C570.167,67.743 570.674,65.562 570.82,62.369 C570.966,59.17 571,58.147 571,50 C571,41.851 570.966,40.831 570.82,37.631\"><\/path><\/g><\/g><\/g><\/svg><\/div><div style=\"padding-top: 8px;\"> <div style=\" color:#3897f0; font-family:Arial,sans-serif; font-size:14px; font-style:normal; font-weight:550; line-height:18px;\">Ver essa foto no Instagram<\/div><\/div><div style=\"padding: 12.5% 0;\"><\/div> <div style=\"display: flex; flex-direction: row; margin-bottom: 14px; align-items: center;\"><div> <div style=\"background-color: #F4F4F4; border-radius: 50%; height: 12.5px; width: 12.5px; transform: translateX(0px) translateY(7px);\"><\/div> <div style=\"background-color: #F4F4F4; height: 12.5px; transform: rotate(-45deg) translateX(3px) translateY(1px); width: 12.5px; flex-grow: 0; margin-right: 14px; margin-left: 2px;\"><\/div> <div style=\"background-color: #F4F4F4; border-radius: 50%; height: 12.5px; width: 12.5px; transform: translateX(9px) translateY(-18px);\"><\/div><\/div><div style=\"margin-left: 8px;\"> <div style=\" background-color: #F4F4F4; border-radius: 50%; flex-grow: 0; height: 20px; width: 20px;\"><\/div> <div style=\" width: 0; height: 0; border-top: 2px solid transparent; border-left: 6px solid #f4f4f4; border-bottom: 2px solid transparent; transform: translateX(16px) translateY(-4px) rotate(30deg)\"><\/div><\/div><div style=\"margin-left: auto;\"> <div style=\" width: 0px; border-top: 8px solid #F4F4F4; border-right: 8px solid transparent; transform: translateY(16px);\"><\/div> <div style=\" background-color: #F4F4F4; flex-grow: 0; height: 12px; width: 16px; transform: translateY(-4px);\"><\/div> <div style=\" width: 0; height: 0; border-top: 8px solid #F4F4F4; border-left: 8px solid transparent; transform: translateY(-4px) translateX(8px);\"><\/div><\/div><\/div> <div style=\"display: flex; flex-direction: column; flex-grow: 1; justify-content: center; margin-bottom: 24px;\"> <div style=\" background-color: #F4F4F4; border-radius: 4px; flex-grow: 0; height: 14px; margin-bottom: 6px; width: 224px;\"><\/div> <div style=\" background-color: #F4F4F4; border-radius: 4px; flex-grow: 0; height: 14px; width: 144px;\"><\/div><\/div><\/a><p style=\" color:#c9c8cd; font-family:Arial,sans-serif; font-size:14px; line-height:17px; margin-bottom:0; margin-top:8px; overflow:hidden; padding:8px 0 7px; text-align:center; text-overflow:ellipsis; white-space:nowrap;\"><a href=\"https:\/\/www.instagram.com\/p\/C-Nt2nnROhe\/?utm_source=ig_embed&amp;utm_campaign=loading\" style=\" color:#c9c8cd; font-family:Arial,sans-serif; font-size:14px; font-style:normal; font-weight:normal; line-height:17px; text-decoration:none;\" target=\"_blank\">Uma publica\u00e7\u00e3o compartilhada por Ryan Reynolds (@vancityreynolds)<\/a><\/p><\/div><\/blockquote>\n<script async src=\"\/\/www.instagram.com\/embed.js\"><\/script>\n\n\n\n<h2 class=\"wp-block-heading\">A Influ\u00eancia de Reynolds nas Escolhas Criativas de Deadpool<\/h2>\n\n\n\n<p>Ryan Reynolds n\u00e3o \u00e9 apenas o rosto de Wade Wilson, mas tamb\u00e9m tem sido uma for\u00e7a criativa por tr\u00e1s dos filmes. Seu compromisso com o personagem garantiu uma representa\u00e7\u00e3o aut\u00eantica e fiel \u00e0s ra\u00edzes dos quadrinhos. Essa dedica\u00e7\u00e3o \u00e9 evidente na forma como ele discute o equil\u00edbrio entre sua carreira e a vida pessoal, sempre procurando n\u00e3o sacrificar o tempo com sua fam\u00edlia.<\/p>\n\n\n\n<p>Este equil\u00edbrio que Reynolds busca manter reflete em suas decis\u00f5es sobre o futuro do personagem. O entusiasmo por participar de projetos menores pode ser uma forma de continuar contribuindo para o MCU sem comprometer outros aspectos de sua vida. A intera\u00e7\u00e3o de Deadpool com outros her\u00f3is da Marvel promete enriquecer ainda mais o tecido complexo e expansivo do MCU.<\/p>\n\n\n\n<p>Em resumo, embora o futuro de um filme solo de Deadpool permane\u00e7a incerto, as possibilidades de participa\u00e7\u00f5es que aproveitem a ess\u00eancia do personagem continuam a animar tanto os f\u00e3s quanto Ryan Reynolds, garantindo que o anti-her\u00f3i permane\u00e7a uma presen\u00e7a relevante nas telonas.<\/p>\n\n\n\n<p><\/p>\n","protected":false},"excerpt":{"rendered":"<p>Ryan Reynolds, renomado ator canadense, tem sido o rosto do popular anti-her\u00f3i Deadpool desde sua primeira apari\u00e7\u00e3o solo em 2016. Conhecido por sua abordagem irreverente e bem-humorada do personagem, Reynolds recentemente discutiu o futuro da franquia em uma conversa reveladora. Durante um bate-papo com Andrew Garfield, no quadro Actors on Actors da Variety, ele expressou [&hellip;]<\/p>\n","protected":false},"author":7,"featured_media":4290,"comment_status":"open","ping_status":"open","sticky":false,"template":"","format":"standard","meta":{"jnews-multi-image_gallery":[],"jnews_single_post":{"format":"standard"},"jnews_primary_category":[],"jnews_social_meta":[],"jnews_override_counter":[],"footnotes":""},"categories":[29,137],"tags":[637,739,1847,1846,737],"class_list":["post-4287","post","type-post","status-publish","format-standard","has-post-thumbnail","hentry","category-entretenimento","category-filmes","tag-cinema","tag-deadpool","tag-entrevista","tag-marvel-cinematic-universe","tag-ryan-reynolds"],"yoast_head":"<!-- This site is optimized with the Yoast SEO plugin v23.8 - https:\/\/yoast.com\/wordpress\/plugins\/seo\/ -->\n<title>Voc\u00ea acredita que Deadpool pode existir sem Ryan Reynolds? - Estado de Minas - Em foco<\/title>\n<meta name=\"description\" content=\"Saiba mais sobre os coment\u00e1rios de Ryan Reynolds a respeito do futuro de Deadpool no Universo Cinematogr\u00e1fico da Marvel, ap\u00f3s o lan\u00e7amento de Deadpool &amp; Wolverine.\" \/>\n<meta name=\"robots\" content=\"index, follow, max-snippet:-1, max-image-preview:large, max-video-preview:-1\" \/>\n<link rel=\"canonical\" href=\"https:\/\/www.em.com.br\/emfoco\/2024\/12\/11\/voce-acredita-que-deadpool-pode-existir-sem-ryan-reynolds\/\" \/>\n<meta property=\"og:locale\" content=\"pt_BR\" \/>\n<meta property=\"og:type\" content=\"article\" \/>\n<meta property=\"og:title\" content=\"Voc\u00ea acredita que Deadpool pode existir sem Ryan Reynolds? - Estado de Minas - Em foco\" \/>\n<meta property=\"og:description\" content=\"Saiba mais sobre os coment\u00e1rios de Ryan Reynolds a respeito do futuro de Deadpool no Universo Cinematogr\u00e1fico da Marvel, ap\u00f3s o lan\u00e7amento de Deadpool &amp; Wolverine.\" \/>\n<meta property=\"og:url\" content=\"https:\/\/www.em.com.br\/emfoco\/2024\/12\/11\/voce-acredita-que-deadpool-pode-existir-sem-ryan-reynolds\/\" \/>\n<meta property=\"og:site_name\" content=\"Estado de Minas - Em foco\" \/>\n<meta property=\"article:published_time\" content=\"2024-12-11T21:40:00+00:00\" \/>\n<meta property=\"article:modified_time\" content=\"2024-12-10T23:57:48+00:00\" \/>\n<meta property=\"og:image\" content=\"https:\/\/www.em.com.br\/emfoco\/wp-content\/uploads\/2024\/12\/Deadpool_1733875015546.jpg\" \/>\n\t<meta property=\"og:image:width\" content=\"1280\" \/>\n\t<meta property=\"og:image:height\" content=\"720\" \/>\n\t<meta property=\"og:image:type\" content=\"image\/jpeg\" \/>\n<meta name=\"author\" content=\"Kelvin\" \/>\n<meta name=\"twitter:card\" content=\"summary_large_image\" \/>\n<meta name=\"twitter:label1\" content=\"Escrito por\" \/>\n\t<meta name=\"twitter:data1\" content=\"Kelvin\" \/>\n\t<meta name=\"twitter:label2\" content=\"Est. tempo de leitura\" \/>\n\t<meta name=\"twitter:data2\" content=\"4 minutos\" \/>\n<!-- \/ Yoast SEO plugin. -->","yoast_head_json":{"title":"Voc\u00ea acredita que Deadpool pode existir sem Ryan Reynolds? - Estado de Minas - Em foco","description":"Saiba mais sobre os coment\u00e1rios de Ryan Reynolds a respeito do futuro de Deadpool no Universo Cinematogr\u00e1fico da Marvel, ap\u00f3s o lan\u00e7amento de Deadpool & Wolverine.","robots":{"index":"index","follow":"follow","max-snippet":"max-snippet:-1","max-image-preview":"max-image-preview:large","max-video-preview":"max-video-preview:-1"},"canonical":"https:\/\/www.em.com.br\/emfoco\/2024\/12\/11\/voce-acredita-que-deadpool-pode-existir-sem-ryan-reynolds\/","og_locale":"pt_BR","og_type":"article","og_title":"Voc\u00ea acredita que Deadpool pode existir sem Ryan Reynolds? - Estado de Minas - Em foco","og_description":"Saiba mais sobre os coment\u00e1rios de Ryan Reynolds a respeito do futuro de Deadpool no Universo Cinematogr\u00e1fico da Marvel, ap\u00f3s o lan\u00e7amento de Deadpool & Wolverine.","og_url":"https:\/\/www.em.com.br\/emfoco\/2024\/12\/11\/voce-acredita-que-deadpool-pode-existir-sem-ryan-reynolds\/","og_site_name":"Estado de Minas - Em foco","article_published_time":"2024-12-11T21:40:00+00:00","article_modified_time":"2024-12-10T23:57:48+00:00","og_image":[{"width":1280,"height":720,"url":"https:\/\/www.em.com.br\/emfoco\/wp-content\/uploads\/2024\/12\/Deadpool_1733875015546.jpg","type":"image\/jpeg"}],"author":"Kelvin","twitter_card":"summary_large_image","twitter_misc":{"Escrito por":"Kelvin","Est. tempo de leitura":"4 minutos"},"schema":{"@context":"https:\/\/schema.org","@graph":[{"@type":"WebPage","@id":"https:\/\/www.em.com.br\/emfoco\/2024\/12\/11\/voce-acredita-que-deadpool-pode-existir-sem-ryan-reynolds\/","url":"https:\/\/www.em.com.br\/emfoco\/2024\/12\/11\/voce-acredita-que-deadpool-pode-existir-sem-ryan-reynolds\/","name":"Voc\u00ea acredita que Deadpool pode existir sem Ryan Reynolds? - Estado de Minas - Em foco","isPartOf":{"@id":"https:\/\/www.em.com.br\/emfoco\/#website"},"primaryImageOfPage":{"@id":"https:\/\/www.em.com.br\/emfoco\/2024\/12\/11\/voce-acredita-que-deadpool-pode-existir-sem-ryan-reynolds\/#primaryimage"},"image":{"@id":"https:\/\/www.em.com.br\/emfoco\/2024\/12\/11\/voce-acredita-que-deadpool-pode-existir-sem-ryan-reynolds\/#primaryimage"},"thumbnailUrl":"https:\/\/www.em.com.br\/emfoco\/wp-content\/uploads\/2024\/12\/Deadpool_1733875015546.jpg","datePublished":"2024-12-11T21:40:00+00:00","dateModified":"2024-12-10T23:57:48+00:00","author":{"@id":"https:\/\/www.em.com.br\/emfoco\/#\/schema\/person\/fb0a7f48c6fbb94b83f413a80f61917d"},"description":"Saiba mais sobre os coment\u00e1rios de Ryan Reynolds a respeito do futuro de Deadpool no Universo Cinematogr\u00e1fico da Marvel, ap\u00f3s o lan\u00e7amento de Deadpool & Wolverine.","breadcrumb":{"@id":"https:\/\/www.em.com.br\/emfoco\/2024\/12\/11\/voce-acredita-que-deadpool-pode-existir-sem-ryan-reynolds\/#breadcrumb"},"inLanguage":"pt-BR","potentialAction":[{"@type":"ReadAction","target":["https:\/\/www.em.com.br\/emfoco\/2024\/12\/11\/voce-acredita-que-deadpool-pode-existir-sem-ryan-reynolds\/"]}]},{"@type":"ImageObject","inLanguage":"pt-BR","@id":"https:\/\/www.em.com.br\/emfoco\/2024\/12\/11\/voce-acredita-que-deadpool-pode-existir-sem-ryan-reynolds\/#primaryimage","url":"https:\/\/www.em.com.br\/emfoco\/wp-content\/uploads\/2024\/12\/Deadpool_1733875015546.jpg","contentUrl":"https:\/\/www.em.com.br\/emfoco\/wp-content\/uploads\/2024\/12\/Deadpool_1733875015546.jpg","width":1280,"height":720,"caption":"Deadpool - Cr\u00e9ditos: depositphotos.com \/ rokas91"},{"@type":"BreadcrumbList","@id":"https:\/\/www.em.com.br\/emfoco\/2024\/12\/11\/voce-acredita-que-deadpool-pode-existir-sem-ryan-reynolds\/#breadcrumb","itemListElement":[{"@type":"ListItem","position":1,"name":"In\u00edcio","item":"https:\/\/www.em.com.br\/emfoco\/"},{"@type":"ListItem","position":2,"name":"Voc\u00ea acredita que Deadpool pode existir sem Ryan Reynolds?"}]},{"@type":"WebSite","@id":"https:\/\/www.em.com.br\/emfoco\/#website","url":"https:\/\/www.em.com.br\/emfoco\/","name":"Estado de Minas - Em foco","description":"Acompanhe as \u00faltimas not\u00edcias e fique bem informado sobre tudo o que acontece em Minas Gerais, Brasil e no mundo.","potentialAction":[{"@type":"SearchAction","target":{"@type":"EntryPoint","urlTemplate":"https:\/\/www.em.com.br\/emfoco\/?s={search_term_string}"},"query-input":{"@type":"PropertyValueSpecification","valueRequired":true,"valueName":"search_term_string"}}],"inLanguage":"pt-BR"},{"@type":"Person","@id":"https:\/\/www.em.com.br\/emfoco\/#\/schema\/person\/fb0a7f48c6fbb94b83f413a80f61917d","name":"Kelvin","image":{"@type":"ImageObject","inLanguage":"pt-BR","@id":"https:\/\/www.em.com.br\/emfoco\/#\/schema\/person\/image\/","url":"https:\/\/secure.gravatar.com\/avatar\/e74f84337e6bf6c4c5e88fbdffa05270?s=96&d=mm&r=g","contentUrl":"https:\/\/secure.gravatar.com\/avatar\/e74f84337e6bf6c4c5e88fbdffa05270?s=96&d=mm&r=g","caption":"Kelvin"},"sameAs":["https:\/\/www.em.com.br\/emfoco"],"url":"https:\/\/www.em.com.br\/emfoco\/author\/kelvinmyth\/"}]}},"_links":{"self":[{"href":"https:\/\/www.em.com.br\/emfoco\/wp-json\/wp\/v2\/posts\/4287","targetHints":{"allow":["GET"]}}],"collection":[{"href":"https:\/\/www.em.com.br\/emfoco\/wp-json\/wp\/v2\/posts"}],"about":[{"href":"https:\/\/www.em.com.br\/emfoco\/wp-json\/wp\/v2\/types\/post"}],"author":[{"embeddable":true,"href":"https:\/\/www.em.com.br\/emfoco\/wp-json\/wp\/v2\/users\/7"}],"replies":[{"embeddable":true,"href":"https:\/\/www.em.com.br\/emfoco\/wp-json\/wp\/v2\/comments?post=4287"}],"version-history":[{"count":2,"href":"https:\/\/www.em.com.br\/emfoco\/wp-json\/wp\/v2\/posts\/4287\/revisions"}],"predecessor-version":[{"id":4291,"href":"https:\/\/www.em.com.br\/emfoco\/wp-json\/wp\/v2\/posts\/4287\/revisions\/4291"}],"wp:featuredmedia":[{"embeddable":true,"href":"https:\/\/www.em.com.br\/emfoco\/wp-json\/wp\/v2\/media\/4290"}],"wp:attachment":[{"href":"https:\/\/www.em.com.br\/emfoco\/wp-json\/wp\/v2\/media?parent=4287"}],"wp:term":[{"taxonomy":"category","embeddable":true,"href":"https:\/\/www.em.com.br\/emfoco\/wp-json\/wp\/v2\/categories?post=4287"},{"taxonomy":"post_tag","embeddable":true,"href":"https:\/\/www.em.com.br\/emfoco\/wp-json\/wp\/v2\/tags?post=4287"}],"curies":[{"name":"wp","href":"https:\/\/api.w.org\/{rel}","templated":true}]}}