{"id":4276,"date":"2024-12-11T17:00:00","date_gmt":"2024-12-11T20:00:00","guid":{"rendered":"https:\/\/www.em.com.br\/emfoco\/?p=4276"},"modified":"2024-12-10T20:25:14","modified_gmt":"2024-12-10T23:25:14","slug":"congresso-x-governo-quem-vai-definir-o-futuro-do-bpc","status":"publish","type":"post","link":"https:\/\/www.em.com.br\/emfoco\/2024\/12\/11\/congresso-x-governo-quem-vai-definir-o-futuro-do-bpc\/","title":{"rendered":"Congresso x Governo: Quem vai definir o futuro do BPC?"},"content":{"rendered":"\n<p>O <a href=\"https:\/\/www.gov.br\/mds\/pt-br\/acoes-e-programas\/suas\/beneficios-assistenciais\/beneficio-assistencial-ao-idoso-e-a-pessoa-com-deficiencia-bpc\" target=\"_blank\" rel=\"noreferrer noopener\">Benef\u00edcio de Presta\u00e7\u00e3o Continuada (BPC)<\/a> tem sido alvo de discuss\u00f5es intensas devido \u00e0s mudan\u00e7as propostas no \u00e2mbito do pacote fiscal do <a href=\"https:\/\/www.em.com.br\/emfoco\/2024\/12\/01\/governo-federal-01-12-emite-comunicado-para-todos-os-idosos-acima-de-60-anos\/\" target=\"_blank\" rel=\"noreferrer noopener\">governo<\/a> brasileiro. Adaptando-se a press\u00f5es pol\u00edticas e sociais, o Minist\u00e9rio da Fazenda sinalizou a possibilidade de realizar &#8220;ajustes menores&#8221; nas altera\u00e7\u00f5es do BPC, conforme afirmou Dario Durigan, secret\u00e1rio-executivo do minist\u00e9rio. Tais medidas visam diminuir as cr\u00edticas, inclusive de membros do pr\u00f3prio partido governante.<\/p>\n\n\n\n<p>Nessa linha, as poss\u00edveis modifica\u00e7\u00f5es buscam reconciliar as preocupa\u00e7\u00f5es leg\u00edtimas levantadas por parlamentares com o impacto fiscal almejado. Essa considera\u00e7\u00e3o pelo governo revela a import\u00e2ncia de abordar a quest\u00e3o de maneira que n\u00e3o prejudique o or\u00e7amento, mas tamb\u00e9m atenda aos anseios da popula\u00e7\u00e3o assistida pelo benef\u00edcio.<\/p>\n\n\n\n<h2 class=\"wp-block-heading\">O que \u00e9 o BPC e quais s\u00e3o suas caracter\u00edsticas?<\/h2>\n\n\n\n<p>O BPC \u00e9 um benef\u00edcio assistencial pago a idosos a partir de 65 anos e a pessoas com defici\u00eancia, cuja renda familiar per capita seja inferior a um quarto do sal\u00e1rio m\u00ednimo. Este benef\u00edcio n\u00e3o exige contribui\u00e7\u00e3o pr\u00e9via ao INSS, diferenciando-se de outras formas de aposentadoria e pens\u00f5es voltadas a pessoas com baixa renda.<\/p>\n\n\n\n<p>Historicamente, o BPC representa uma importante fonte de sustento para muitas fam\u00edlias brasileiras, sendo considerado essencial para a seguran\u00e7a social de popula\u00e7\u00f5es vulner\u00e1veis. No entanto, mudan\u00e7as recentes t\u00eam gerado debates sobre a melhor maneira de ajustar o benef\u00edcio em face das necessidades fiscais do pa\u00eds.<\/p>\n\n\n<div class=\"wp-block-image\">\n<figure class=\"aligncenter size-large\"><img loading=\"lazy\" decoding=\"async\" width=\"1024\" height=\"576\" src=\"https:\/\/www.em.com.br\/emfoco\/wp-content\/uploads\/2024\/12\/Idosos_1733107233234-1024x576.jpg\" alt=\"\" class=\"wp-image-2689\" srcset=\"https:\/\/www.em.com.br\/emfoco\/wp-content\/uploads\/2024\/12\/Idosos_1733107233234-1024x576.jpg 1024w, https:\/\/www.em.com.br\/emfoco\/wp-content\/uploads\/2024\/12\/Idosos_1733107233234-300x169.jpg 300w, https:\/\/www.em.com.br\/emfoco\/wp-content\/uploads\/2024\/12\/Idosos_1733107233234-768x432.jpg 768w, https:\/\/www.em.com.br\/emfoco\/wp-content\/uploads\/2024\/12\/Idosos_1733107233234-750x422.jpg 750w, https:\/\/www.em.com.br\/emfoco\/wp-content\/uploads\/2024\/12\/Idosos_1733107233234-1140x641.jpg 1140w, https:\/\/www.em.com.br\/emfoco\/wp-content\/uploads\/2024\/12\/Idosos_1733107233234.jpg 1280w\" sizes=\"auto, (max-width: 1024px) 100vw, 1024px\" \/><figcaption class=\"wp-element-caption\">Idosos &#8211; Cr\u00e9ditos: depositphotos.com \/ AndrewLozovyi<\/figcaption><\/figure><\/div>\n\n\n<h2 class=\"wp-block-heading\">Quais mudan\u00e7as est\u00e3o sendo discutidas?<\/h2>\n\n\n\n<p>As altera\u00e7\u00f5es propostas no c\u00e1lculo do BPC consideram elementos adicionais de renda na avalia\u00e7\u00e3o da elegibilidade. Rendas de c\u00f4njuges e companheiros n\u00e3o coabitantes, bem como de irm\u00e3os, filhos e enteados coabitantes, podem passar a ser contabilizadas. Al\u00e9m disso, rendas oriundas de outros benef\u00edcios poder\u00e3o influenciar na concess\u00e3o do BPC.<\/p>\n\n\n\n<p>O governo tamb\u00e9m prop\u00f5e a atualiza\u00e7\u00e3o de cadastros desatualizados h\u00e1 mais de 24 meses e a obrigatoriedade do uso de biometria para novos cadastros e atualiza\u00e7\u00f5es. Essas medidas visam aumentar a efici\u00eancia e a precis\u00e3o dos processos administrativos envolvidos no aux\u00edlio.<\/p>\n\n\n\n<h2 class=\"wp-block-heading\">Como as mudan\u00e7as afetam a popula\u00e7\u00e3o beneficiada?<\/h2>\n\n\n\n<p>A principal preocupa\u00e7\u00e3o em rela\u00e7\u00e3o \u00e0s mudan\u00e7as propostas \u00e9 como elas impactar\u00e3o os indiv\u00edduos que dependem do BPC. A inclus\u00e3o de novas fontes de renda nas avalia\u00e7\u00f5es pode redefinir crit\u00e9rios de elegibilidade, potencialmente excluindo benefici\u00e1rios atuais que n\u00e3o se enquadrem nas novas regras.<\/p>\n\n\n\n<p>Por outro lado, as atualiza\u00e7\u00f5es obrigat\u00f3rias e o uso da biometria visam reduzir fraudes e garantir que os recursos sejam destinados a quem realmente necessita, promovendo uma distribui\u00e7\u00e3o mais justa e eficaz do benef\u00edcio.<\/p>\n\n\n\n<h2 class=\"wp-block-heading\">Quais s\u00e3o os pr\u00f3ximos passos?<\/h2>\n\n\n\n<p>O governo, sob a lideran\u00e7a das autoridades econ\u00f4micas, busca aprovar o pacote fiscal que inclui mudan\u00e7as no BPC antes do recesso parlamentar. Apesar das resist\u00eancias encontradas, h\u00e1 um movimento de di\u00e1logo com o intuito de alcan\u00e7ar consenso entre os diferentes grupos pol\u00edticos e sociais envolvidos.<\/p>\n\n\n\n<p>Espera-se que ajustes pontuais possam ser efetuados, mantendo o objetivo principal de garantir a sustentabilidade fiscal ao mesmo tempo em que se preserva a assist\u00eancia necess\u00e1ria \u00e0s popula\u00e7\u00f5es vulner\u00e1veis.<\/p>\n","protected":false},"excerpt":{"rendered":"<p>O Benef\u00edcio de Presta\u00e7\u00e3o Continuada (BPC) tem sido alvo de discuss\u00f5es intensas devido \u00e0s mudan\u00e7as propostas no \u00e2mbito do pacote fiscal do governo brasileiro. Adaptando-se a press\u00f5es pol\u00edticas e sociais, o Minist\u00e9rio da Fazenda sinalizou a possibilidade de realizar &#8220;ajustes menores&#8221; nas altera\u00e7\u00f5es do BPC, conforme afirmou Dario Durigan, secret\u00e1rio-executivo do minist\u00e9rio. Tais medidas visam [&hellip;]<\/p>\n","protected":false},"author":7,"featured_media":4279,"comment_status":"open","ping_status":"open","sticky":false,"template":"","format":"standard","meta":{"jnews-multi-image_gallery":[],"jnews_single_post":{"format":"standard"},"jnews_primary_category":[],"jnews_social_meta":[],"jnews_override_counter":[],"footnotes":""},"categories":[28],"tags":[257,1841,162,1840],"class_list":["post-4276","post","type-post","status-publish","format-standard","has-post-thumbnail","hentry","category-economia","tag-bpc","tag-orcamento-fiscal","tag-politica-social","tag-seguranca-social"],"yoast_head":"<!-- This site is optimized with the Yoast SEO plugin v23.8 - https:\/\/yoast.com\/wordpress\/plugins\/seo\/ -->\n<title>Congresso x Governo: Quem vai definir o futuro do BPC? - Estado de Minas - Em foco<\/title>\n<meta name=\"description\" content=\"An\u00e1lise das mudan\u00e7as propostas pelo governo brasileiro no Benef\u00edcio de Presta\u00e7\u00e3o Continuada (BPC). Confira\" \/>\n<meta name=\"robots\" content=\"index, follow, max-snippet:-1, max-image-preview:large, max-video-preview:-1\" \/>\n<link rel=\"canonical\" href=\"https:\/\/www.em.com.br\/emfoco\/2024\/12\/11\/congresso-x-governo-quem-vai-definir-o-futuro-do-bpc\/\" \/>\n<meta property=\"og:locale\" content=\"pt_BR\" \/>\n<meta property=\"og:type\" content=\"article\" \/>\n<meta property=\"og:title\" content=\"Congresso x Governo: Quem vai definir o futuro do BPC? - Estado de Minas - Em foco\" \/>\n<meta property=\"og:description\" content=\"An\u00e1lise das mudan\u00e7as propostas pelo governo brasileiro no Benef\u00edcio de Presta\u00e7\u00e3o Continuada (BPC). Confira\" \/>\n<meta property=\"og:url\" content=\"https:\/\/www.em.com.br\/emfoco\/2024\/12\/11\/congresso-x-governo-quem-vai-definir-o-futuro-do-bpc\/\" \/>\n<meta property=\"og:site_name\" content=\"Estado de Minas - Em foco\" \/>\n<meta property=\"article:published_time\" content=\"2024-12-11T20:00:00+00:00\" \/>\n<meta property=\"article:modified_time\" content=\"2024-12-10T23:25:14+00:00\" \/>\n<meta property=\"og:image\" content=\"https:\/\/www.em.com.br\/emfoco\/wp-content\/uploads\/2024\/12\/LULA-PT_1733873185638.jpg\" \/>\n\t<meta property=\"og:image:width\" content=\"1279\" \/>\n\t<meta property=\"og:image:height\" content=\"720\" \/>\n\t<meta property=\"og:image:type\" content=\"image\/jpeg\" \/>\n<meta name=\"author\" content=\"Kelvin\" \/>\n<meta name=\"twitter:card\" content=\"summary_large_image\" \/>\n<meta name=\"twitter:label1\" content=\"Escrito por\" \/>\n\t<meta name=\"twitter:data1\" content=\"Kelvin\" \/>\n\t<meta name=\"twitter:label2\" content=\"Est. tempo de leitura\" \/>\n\t<meta name=\"twitter:data2\" content=\"4 minutos\" \/>\n<!-- \/ Yoast SEO plugin. -->","yoast_head_json":{"title":"Congresso x Governo: Quem vai definir o futuro do BPC? - Estado de Minas - Em foco","description":"An\u00e1lise das mudan\u00e7as propostas pelo governo brasileiro no Benef\u00edcio de Presta\u00e7\u00e3o Continuada (BPC). Confira","robots":{"index":"index","follow":"follow","max-snippet":"max-snippet:-1","max-image-preview":"max-image-preview:large","max-video-preview":"max-video-preview:-1"},"canonical":"https:\/\/www.em.com.br\/emfoco\/2024\/12\/11\/congresso-x-governo-quem-vai-definir-o-futuro-do-bpc\/","og_locale":"pt_BR","og_type":"article","og_title":"Congresso x Governo: Quem vai definir o futuro do BPC? - Estado de Minas - Em foco","og_description":"An\u00e1lise das mudan\u00e7as propostas pelo governo brasileiro no Benef\u00edcio de Presta\u00e7\u00e3o Continuada (BPC). Confira","og_url":"https:\/\/www.em.com.br\/emfoco\/2024\/12\/11\/congresso-x-governo-quem-vai-definir-o-futuro-do-bpc\/","og_site_name":"Estado de Minas - Em foco","article_published_time":"2024-12-11T20:00:00+00:00","article_modified_time":"2024-12-10T23:25:14+00:00","og_image":[{"width":1279,"height":720,"url":"https:\/\/www.em.com.br\/emfoco\/wp-content\/uploads\/2024\/12\/LULA-PT_1733873185638.jpg","type":"image\/jpeg"}],"author":"Kelvin","twitter_card":"summary_large_image","twitter_misc":{"Escrito por":"Kelvin","Est. tempo de leitura":"4 minutos"},"schema":{"@context":"https:\/\/schema.org","@graph":[{"@type":"WebPage","@id":"https:\/\/www.em.com.br\/emfoco\/2024\/12\/11\/congresso-x-governo-quem-vai-definir-o-futuro-do-bpc\/","url":"https:\/\/www.em.com.br\/emfoco\/2024\/12\/11\/congresso-x-governo-quem-vai-definir-o-futuro-do-bpc\/","name":"Congresso x Governo: Quem vai definir o futuro do BPC? - Estado de Minas - Em foco","isPartOf":{"@id":"https:\/\/www.em.com.br\/emfoco\/#website"},"primaryImageOfPage":{"@id":"https:\/\/www.em.com.br\/emfoco\/2024\/12\/11\/congresso-x-governo-quem-vai-definir-o-futuro-do-bpc\/#primaryimage"},"image":{"@id":"https:\/\/www.em.com.br\/emfoco\/2024\/12\/11\/congresso-x-governo-quem-vai-definir-o-futuro-do-bpc\/#primaryimage"},"thumbnailUrl":"https:\/\/www.em.com.br\/emfoco\/wp-content\/uploads\/2024\/12\/LULA-PT_1733873185638.jpg","datePublished":"2024-12-11T20:00:00+00:00","dateModified":"2024-12-10T23:25:14+00:00","author":{"@id":"https:\/\/www.em.com.br\/emfoco\/#\/schema\/person\/fb0a7f48c6fbb94b83f413a80f61917d"},"description":"An\u00e1lise das mudan\u00e7as propostas pelo governo brasileiro no Benef\u00edcio de Presta\u00e7\u00e3o Continuada (BPC). Confira","breadcrumb":{"@id":"https:\/\/www.em.com.br\/emfoco\/2024\/12\/11\/congresso-x-governo-quem-vai-definir-o-futuro-do-bpc\/#breadcrumb"},"inLanguage":"pt-BR","potentialAction":[{"@type":"ReadAction","target":["https:\/\/www.em.com.br\/emfoco\/2024\/12\/11\/congresso-x-governo-quem-vai-definir-o-futuro-do-bpc\/"]}]},{"@type":"ImageObject","inLanguage":"pt-BR","@id":"https:\/\/www.em.com.br\/emfoco\/2024\/12\/11\/congresso-x-governo-quem-vai-definir-o-futuro-do-bpc\/#primaryimage","url":"https:\/\/www.em.com.br\/emfoco\/wp-content\/uploads\/2024\/12\/LULA-PT_1733873185638.jpg","contentUrl":"https:\/\/www.em.com.br\/emfoco\/wp-content\/uploads\/2024\/12\/LULA-PT_1733873185638.jpg","width":1279,"height":720,"caption":"Novo valor do sal\u00e1rio m\u00ednimo j\u00e1 tem data para entrar em vigor em 2025 Luiz Inacio Lula da SIlva - Cr\u00e9ditos: depositphotos.com \/ thenews2.com"},{"@type":"BreadcrumbList","@id":"https:\/\/www.em.com.br\/emfoco\/2024\/12\/11\/congresso-x-governo-quem-vai-definir-o-futuro-do-bpc\/#breadcrumb","itemListElement":[{"@type":"ListItem","position":1,"name":"In\u00edcio","item":"https:\/\/www.em.com.br\/emfoco\/"},{"@type":"ListItem","position":2,"name":"Congresso x Governo: Quem vai definir o futuro do BPC?"}]},{"@type":"WebSite","@id":"https:\/\/www.em.com.br\/emfoco\/#website","url":"https:\/\/www.em.com.br\/emfoco\/","name":"Estado de Minas - Em foco","description":"Acompanhe as \u00faltimas not\u00edcias e fique bem informado sobre tudo o que acontece em Minas Gerais, Brasil e no mundo.","potentialAction":[{"@type":"SearchAction","target":{"@type":"EntryPoint","urlTemplate":"https:\/\/www.em.com.br\/emfoco\/?s={search_term_string}"},"query-input":{"@type":"PropertyValueSpecification","valueRequired":true,"valueName":"search_term_string"}}],"inLanguage":"pt-BR"},{"@type":"Person","@id":"https:\/\/www.em.com.br\/emfoco\/#\/schema\/person\/fb0a7f48c6fbb94b83f413a80f61917d","name":"Kelvin","image":{"@type":"ImageObject","inLanguage":"pt-BR","@id":"https:\/\/www.em.com.br\/emfoco\/#\/schema\/person\/image\/","url":"https:\/\/secure.gravatar.com\/avatar\/e74f84337e6bf6c4c5e88fbdffa05270?s=96&d=mm&r=g","contentUrl":"https:\/\/secure.gravatar.com\/avatar\/e74f84337e6bf6c4c5e88fbdffa05270?s=96&d=mm&r=g","caption":"Kelvin"},"sameAs":["https:\/\/www.em.com.br\/emfoco"],"url":"https:\/\/www.em.com.br\/emfoco\/author\/kelvinmyth\/"}]}},"_links":{"self":[{"href":"https:\/\/www.em.com.br\/emfoco\/wp-json\/wp\/v2\/posts\/4276","targetHints":{"allow":["GET"]}}],"collection":[{"href":"https:\/\/www.em.com.br\/emfoco\/wp-json\/wp\/v2\/posts"}],"about":[{"href":"https:\/\/www.em.com.br\/emfoco\/wp-json\/wp\/v2\/types\/post"}],"author":[{"embeddable":true,"href":"https:\/\/www.em.com.br\/emfoco\/wp-json\/wp\/v2\/users\/7"}],"replies":[{"embeddable":true,"href":"https:\/\/www.em.com.br\/emfoco\/wp-json\/wp\/v2\/comments?post=4276"}],"version-history":[{"count":2,"href":"https:\/\/www.em.com.br\/emfoco\/wp-json\/wp\/v2\/posts\/4276\/revisions"}],"predecessor-version":[{"id":4280,"href":"https:\/\/www.em.com.br\/emfoco\/wp-json\/wp\/v2\/posts\/4276\/revisions\/4280"}],"wp:featuredmedia":[{"embeddable":true,"href":"https:\/\/www.em.com.br\/emfoco\/wp-json\/wp\/v2\/media\/4279"}],"wp:attachment":[{"href":"https:\/\/www.em.com.br\/emfoco\/wp-json\/wp\/v2\/media?parent=4276"}],"wp:term":[{"taxonomy":"category","embeddable":true,"href":"https:\/\/www.em.com.br\/emfoco\/wp-json\/wp\/v2\/categories?post=4276"},{"taxonomy":"post_tag","embeddable":true,"href":"https:\/\/www.em.com.br\/emfoco\/wp-json\/wp\/v2\/tags?post=4276"}],"curies":[{"name":"wp","href":"https:\/\/api.w.org\/{rel}","templated":true}]}}