{"id":42734,"date":"2025-04-30T20:20:00","date_gmt":"2025-04-30T23:20:00","guid":{"rendered":"https:\/\/www.em.com.br\/emfoco\/?p=42734"},"modified":"2025-04-29T16:10:43","modified_gmt":"2025-04-29T19:10:43","slug":"calendario-do-13o-do-inss-e-liberado-e-pagamento-comecou-mais-cedo","status":"publish","type":"post","link":"https:\/\/www.em.com.br\/emfoco\/2025\/04\/30\/calendario-do-13o-do-inss-e-liberado-e-pagamento-comecou-mais-cedo\/","title":{"rendered":"Calend\u00e1rio do 13\u00ba do INSS \u00e9 liberado e pagamento come\u00e7ou mais cedo"},"content":{"rendered":"\n<p>Em 2025, os benefici\u00e1rios do <strong><a href=\"https:\/\/www.em.com.br\/emfoco\/2025\/04\/29\/meu-inss-mudou-e-agora-milhoes-podem-perder-seus-direitos-entenda\/\" target=\"_blank\" rel=\"noreferrer noopener\">Instituto Nacional do Seguro Social (INSS) <\/a><\/strong>continuar\u00e3o a receber o <strong>13\u00ba sal\u00e1rio<\/strong> antecipadamente, pr\u00e1tica que tem sido mantida nos \u00faltimos anos. O presidente <strong>Luiz In\u00e1cio Lula da Silva<\/strong> assinou um decreto que permite que aposentados e pensionistas recebam a primeira parcela do benef\u00edcio entre 24 de abril e 8 de maio. Essa antecipa\u00e7\u00e3o tem sido uma medida constante, visando proporcionar maior liquidez financeira aos segurados no primeiro semestre do ano.<\/p>\n\n\n\n<p>A segunda parcela do 13\u00ba sal\u00e1rio est\u00e1 programada para ser paga entre 26 de maio e 6 de junho. O cronograma de pagamentos \u00e9 organizado de acordo com o n\u00famero final do cart\u00e3o de benef\u00edcio, excluindo o d\u00edgito verificador. A prioridade no recebimento ser\u00e1 dada aos segurados que recebem at\u00e9 um sal\u00e1rio m\u00ednimo, enquanto aqueles que ganham acima do piso nacional ter\u00e3o o valor liberado entre 2 e 8 de maio.<\/p>\n\n\n\n<h2 class=\"wp-block-heading\">Quem s\u00e3o os benefici\u00e1rios do 13\u00ba sal\u00e1rio do INSS<\/h2>\n\n\n\n<p>O pagamento do 13\u00ba sal\u00e1rio do INSS abrange cerca de 34,2 milh\u00f5es de segurados, injetando aproximadamente R$ 73,3 bilh\u00f5es na economia brasileira. No entanto, \u00e9 importante destacar que nem todos os benefici\u00e1rios do INSS t\u00eam direito a esse pagamento. Ficam de fora do benef\u00edcio os que recebem o<a href=\"https:\/\/www.gov.br\/mds\/pt-br\/acoes-e-programas\/suas\/beneficios-assistenciais\/beneficio-assistencial-ao-idoso-e-a-pessoa-com-deficiencia-bpc\" target=\"_blank\" rel=\"noreferrer noopener\"> <strong>Benef\u00edcio de Presta\u00e7\u00e3o Continuada (BPC)<\/strong><\/a> e a <strong>Renda Mensal Vital\u00edcia<\/strong>, que s\u00e3o destinados a idosos acima de 65 anos e pessoas com defici\u00eancia que comprovem baixa renda.<\/p>\n\n\n\n<h2 class=\"wp-block-heading\">Como consultar o calend\u00e1rio de pagamentos<\/h2>\n\n\n\n<p>Os segurados que desejam verificar o calend\u00e1rio de pagamentos podem faz\u00ea-lo atrav\u00e9s do site oficial do INSS ou pelo telefone 135. Ao ligar, ser\u00e1 necess\u00e1rio informar o CPF e confirmar alguns dados cadastrais para garantir a seguran\u00e7a das informa\u00e7\u00f5es. O servi\u00e7o est\u00e1 dispon\u00edvel de segunda a s\u00e1bado, das 7h \u00e0s 22h. Essa consulta \u00e9 essencial para que os benefici\u00e1rios possam se planejar financeiramente e saber exatamente quando o pagamento estar\u00e1 dispon\u00edvel.<\/p>\n\n\n\n<figure class=\"wp-block-image\"><img decoding=\"async\" src=\"https:\/\/www.em.com.br\/emfoco\/wp-content\/uploads\/2025\/04\/b7a086e6-84f9-4980-8d84-5aaed2a940ca-1-1024x576.png\" alt=\"\"\/><\/figure>\n\n\n\n<h2 class=\"wp-block-heading\">Existe previs\u00e3o para um 14\u00ba sal\u00e1rio em 2025<\/h2>\n\n\n\n<p>Apesar de rumores nas redes sociais, n\u00e3o h\u00e1 previs\u00e3o para o pagamento de um 14\u00ba sal\u00e1rio no final de 2025. Essas informa\u00e7\u00f5es s\u00e3o falsas e n\u00e3o devem ser consideradas pelos benefici\u00e1rios do INSS. O foco permanece na antecipa\u00e7\u00e3o do 13\u00ba sal\u00e1rio, que j\u00e1 \u00e9 uma medida significativa para o al\u00edvio financeiro dos segurados.<\/p>\n\n\n\n<h2 class=\"wp-block-heading\">Impacto econ\u00f4mico da antecipa\u00e7\u00e3o do 13\u00ba sal\u00e1rio<\/h2>\n\n\n\n<p>A antecipa\u00e7\u00e3o do 13\u00ba sal\u00e1rio do INSS tem um impacto consider\u00e1vel na economia brasileira. Com a libera\u00e7\u00e3o de R$ 73,3 bilh\u00f5es, espera-se um aumento no consumo e uma inje\u00e7\u00e3o de recursos em diversos setores. Esse movimento \u00e9 especialmente importante em um cen\u00e1rio econ\u00f4mico desafiador, contribuindo para o aquecimento do mercado e proporcionando um al\u00edvio financeiro para milh\u00f5es de brasileiros.<\/p>\n","protected":false},"excerpt":{"rendered":"<p>Em 2025, os benefici\u00e1rios do Instituto Nacional do Seguro Social (INSS) continuar\u00e3o a receber o 13\u00ba sal\u00e1rio antecipadamente, pr\u00e1tica que tem sido mantida nos \u00faltimos anos. O presidente Luiz In\u00e1cio Lula da Silva assinou um decreto que permite que aposentados e pensionistas recebam a primeira parcela do benef\u00edcio entre 24 de abril e 8 de [&hellip;]<\/p>\n","protected":false},"author":11,"featured_media":25669,"comment_status":"open","ping_status":"open","sticky":false,"template":"","format":"standard","meta":{"jnews-multi-image_gallery":[],"jnews_single_post":{"format":"standard"},"jnews_primary_category":[],"jnews_social_meta":[],"jnews_override_counter":[],"footnotes":""},"categories":[28,1],"tags":[7048,174,7323],"class_list":["post-42734","post","type-post","status-publish","format-standard","has-post-thumbnail","hentry","category-economia","category-noticias","tag-13o-salario-inss","tag-inss","tag-inss-2025"],"yoast_head":"<!-- This site is optimized with the Yoast SEO plugin v23.8 - https:\/\/yoast.com\/wordpress\/plugins\/seo\/ -->\n<title>Calend\u00e1rio do 13\u00ba do INSS \u00e9 liberado e pagamento come\u00e7ou mais cedo - Estado de Minas - Em foco<\/title>\n<meta name=\"description\" content=\"Aposentados e pensionistas do INSS v\u00e3o receber o 13\u00ba sal\u00e1rio de forma antecipada em 2025 e o calend\u00e1rio oficial j\u00e1 foi divulgado.\" \/>\n<meta name=\"robots\" content=\"index, follow, max-snippet:-1, max-image-preview:large, max-video-preview:-1\" \/>\n<link rel=\"canonical\" href=\"https:\/\/www.em.com.br\/emfoco\/2025\/04\/30\/calendario-do-13o-do-inss-e-liberado-e-pagamento-comecou-mais-cedo\/\" \/>\n<meta property=\"og:locale\" content=\"pt_BR\" \/>\n<meta property=\"og:type\" content=\"article\" \/>\n<meta property=\"og:title\" content=\"Calend\u00e1rio do 13\u00ba do INSS \u00e9 liberado e pagamento come\u00e7ou mais cedo - Estado de Minas - Em foco\" \/>\n<meta property=\"og:description\" content=\"Aposentados e pensionistas do INSS v\u00e3o receber o 13\u00ba sal\u00e1rio de forma antecipada em 2025 e o calend\u00e1rio oficial j\u00e1 foi divulgado.\" \/>\n<meta property=\"og:url\" content=\"https:\/\/www.em.com.br\/emfoco\/2025\/04\/30\/calendario-do-13o-do-inss-e-liberado-e-pagamento-comecou-mais-cedo\/\" \/>\n<meta property=\"og:site_name\" content=\"Estado de Minas - Em foco\" \/>\n<meta property=\"article:published_time\" content=\"2025-04-30T23:20:00+00:00\" \/>\n<meta property=\"article:modified_time\" content=\"2025-04-29T19:10:43+00:00\" \/>\n<meta property=\"og:image\" content=\"https:\/\/www.em.com.br\/emfoco\/wp-content\/uploads\/2025\/03\/dinheiro-brasil_1741273014100.jpg\" \/>\n\t<meta property=\"og:image:width\" content=\"1280\" \/>\n\t<meta property=\"og:image:height\" content=\"720\" \/>\n\t<meta property=\"og:image:type\" content=\"image\/jpeg\" \/>\n<meta name=\"author\" content=\"Andre\u0301 Rangel\u00a0\" \/>\n<meta name=\"twitter:card\" content=\"summary_large_image\" \/>\n<meta name=\"twitter:label1\" content=\"Escrito por\" \/>\n\t<meta name=\"twitter:data1\" content=\"Andre\u0301 Rangel\u00a0\" \/>\n\t<meta name=\"twitter:label2\" content=\"Est. tempo de leitura\" \/>\n\t<meta name=\"twitter:data2\" content=\"3 minutos\" \/>\n<!-- \/ Yoast SEO plugin. -->","yoast_head_json":{"title":"Calend\u00e1rio do 13\u00ba do INSS \u00e9 liberado e pagamento come\u00e7ou mais cedo - Estado de Minas - Em foco","description":"Aposentados e pensionistas do INSS v\u00e3o receber o 13\u00ba sal\u00e1rio de forma antecipada em 2025 e o calend\u00e1rio oficial j\u00e1 foi divulgado.","robots":{"index":"index","follow":"follow","max-snippet":"max-snippet:-1","max-image-preview":"max-image-preview:large","max-video-preview":"max-video-preview:-1"},"canonical":"https:\/\/www.em.com.br\/emfoco\/2025\/04\/30\/calendario-do-13o-do-inss-e-liberado-e-pagamento-comecou-mais-cedo\/","og_locale":"pt_BR","og_type":"article","og_title":"Calend\u00e1rio do 13\u00ba do INSS \u00e9 liberado e pagamento come\u00e7ou mais cedo - Estado de Minas - Em foco","og_description":"Aposentados e pensionistas do INSS v\u00e3o receber o 13\u00ba sal\u00e1rio de forma antecipada em 2025 e o calend\u00e1rio oficial j\u00e1 foi divulgado.","og_url":"https:\/\/www.em.com.br\/emfoco\/2025\/04\/30\/calendario-do-13o-do-inss-e-liberado-e-pagamento-comecou-mais-cedo\/","og_site_name":"Estado de Minas - Em foco","article_published_time":"2025-04-30T23:20:00+00:00","article_modified_time":"2025-04-29T19:10:43+00:00","og_image":[{"width":1280,"height":720,"url":"https:\/\/www.em.com.br\/emfoco\/wp-content\/uploads\/2025\/03\/dinheiro-brasil_1741273014100.jpg","type":"image\/jpeg"}],"author":"Andre\u0301 Rangel\u00a0","twitter_card":"summary_large_image","twitter_misc":{"Escrito por":"Andre\u0301 Rangel\u00a0","Est. tempo de leitura":"3 minutos"},"schema":{"@context":"https:\/\/schema.org","@graph":[{"@type":"WebPage","@id":"https:\/\/www.em.com.br\/emfoco\/2025\/04\/30\/calendario-do-13o-do-inss-e-liberado-e-pagamento-comecou-mais-cedo\/","url":"https:\/\/www.em.com.br\/emfoco\/2025\/04\/30\/calendario-do-13o-do-inss-e-liberado-e-pagamento-comecou-mais-cedo\/","name":"Calend\u00e1rio do 13\u00ba do INSS \u00e9 liberado e pagamento come\u00e7ou mais cedo - Estado de Minas - Em foco","isPartOf":{"@id":"https:\/\/www.em.com.br\/emfoco\/#website"},"primaryImageOfPage":{"@id":"https:\/\/www.em.com.br\/emfoco\/2025\/04\/30\/calendario-do-13o-do-inss-e-liberado-e-pagamento-comecou-mais-cedo\/#primaryimage"},"image":{"@id":"https:\/\/www.em.com.br\/emfoco\/2025\/04\/30\/calendario-do-13o-do-inss-e-liberado-e-pagamento-comecou-mais-cedo\/#primaryimage"},"thumbnailUrl":"https:\/\/www.em.com.br\/emfoco\/wp-content\/uploads\/2025\/03\/dinheiro-brasil_1741273014100.jpg","datePublished":"2025-04-30T23:20:00+00:00","dateModified":"2025-04-29T19:10:43+00:00","author":{"@id":"https:\/\/www.em.com.br\/emfoco\/#\/schema\/person\/60eda09c1fedf0d6891f4cef4b60b8b8"},"description":"Aposentados e pensionistas do INSS v\u00e3o receber o 13\u00ba sal\u00e1rio de forma antecipada em 2025 e o calend\u00e1rio oficial j\u00e1 foi divulgado.","breadcrumb":{"@id":"https:\/\/www.em.com.br\/emfoco\/2025\/04\/30\/calendario-do-13o-do-inss-e-liberado-e-pagamento-comecou-mais-cedo\/#breadcrumb"},"inLanguage":"pt-BR","potentialAction":[{"@type":"ReadAction","target":["https:\/\/www.em.com.br\/emfoco\/2025\/04\/30\/calendario-do-13o-do-inss-e-liberado-e-pagamento-comecou-mais-cedo\/"]}]},{"@type":"ImageObject","inLanguage":"pt-BR","@id":"https:\/\/www.em.com.br\/emfoco\/2025\/04\/30\/calendario-do-13o-do-inss-e-liberado-e-pagamento-comecou-mais-cedo\/#primaryimage","url":"https:\/\/www.em.com.br\/emfoco\/wp-content\/uploads\/2025\/03\/dinheiro-brasil_1741273014100.jpg","contentUrl":"https:\/\/www.em.com.br\/emfoco\/wp-content\/uploads\/2025\/03\/dinheiro-brasil_1741273014100.jpg","width":1280,"height":720,"caption":"Dinheiro - Cr\u00e9ditos: depositphotos.com \/ verganifotografia"},{"@type":"BreadcrumbList","@id":"https:\/\/www.em.com.br\/emfoco\/2025\/04\/30\/calendario-do-13o-do-inss-e-liberado-e-pagamento-comecou-mais-cedo\/#breadcrumb","itemListElement":[{"@type":"ListItem","position":1,"name":"In\u00edcio","item":"https:\/\/www.em.com.br\/emfoco\/"},{"@type":"ListItem","position":2,"name":"Calend\u00e1rio do 13\u00ba do INSS \u00e9 liberado e pagamento come\u00e7ou mais cedo"}]},{"@type":"WebSite","@id":"https:\/\/www.em.com.br\/emfoco\/#website","url":"https:\/\/www.em.com.br\/emfoco\/","name":"Estado de Minas - Em foco","description":"Acompanhe as \u00faltimas not\u00edcias e fique bem informado sobre tudo o que acontece em Minas Gerais, Brasil e no mundo.","potentialAction":[{"@type":"SearchAction","target":{"@type":"EntryPoint","urlTemplate":"https:\/\/www.em.com.br\/emfoco\/?s={search_term_string}"},"query-input":{"@type":"PropertyValueSpecification","valueRequired":true,"valueName":"search_term_string"}}],"inLanguage":"pt-BR"},{"@type":"Person","@id":"https:\/\/www.em.com.br\/emfoco\/#\/schema\/person\/60eda09c1fedf0d6891f4cef4b60b8b8","name":"Andre\u0301 Rangel\u00a0","image":{"@type":"ImageObject","inLanguage":"pt-BR","@id":"https:\/\/www.em.com.br\/emfoco\/#\/schema\/person\/image\/","url":"https:\/\/secure.gravatar.com\/avatar\/6234dc814c77c8ef6d8bba622c787efc?s=96&d=mm&r=g","contentUrl":"https:\/\/secure.gravatar.com\/avatar\/6234dc814c77c8ef6d8bba622c787efc?s=96&d=mm&r=g","caption":"Andre\u0301 Rangel\u00a0"},"url":"https:\/\/www.em.com.br\/emfoco\/author\/luizmyth\/"}]}},"_links":{"self":[{"href":"https:\/\/www.em.com.br\/emfoco\/wp-json\/wp\/v2\/posts\/42734","targetHints":{"allow":["GET"]}}],"collection":[{"href":"https:\/\/www.em.com.br\/emfoco\/wp-json\/wp\/v2\/posts"}],"about":[{"href":"https:\/\/www.em.com.br\/emfoco\/wp-json\/wp\/v2\/types\/post"}],"author":[{"embeddable":true,"href":"https:\/\/www.em.com.br\/emfoco\/wp-json\/wp\/v2\/users\/11"}],"replies":[{"embeddable":true,"href":"https:\/\/www.em.com.br\/emfoco\/wp-json\/wp\/v2\/comments?post=42734"}],"version-history":[{"count":3,"href":"https:\/\/www.em.com.br\/emfoco\/wp-json\/wp\/v2\/posts\/42734\/revisions"}],"predecessor-version":[{"id":42779,"href":"https:\/\/www.em.com.br\/emfoco\/wp-json\/wp\/v2\/posts\/42734\/revisions\/42779"}],"wp:featuredmedia":[{"embeddable":true,"href":"https:\/\/www.em.com.br\/emfoco\/wp-json\/wp\/v2\/media\/25669"}],"wp:attachment":[{"href":"https:\/\/www.em.com.br\/emfoco\/wp-json\/wp\/v2\/media?parent=42734"}],"wp:term":[{"taxonomy":"category","embeddable":true,"href":"https:\/\/www.em.com.br\/emfoco\/wp-json\/wp\/v2\/categories?post=42734"},{"taxonomy":"post_tag","embeddable":true,"href":"https:\/\/www.em.com.br\/emfoco\/wp-json\/wp\/v2\/tags?post=42734"}],"curies":[{"name":"wp","href":"https:\/\/api.w.org\/{rel}","templated":true}]}}