{"id":42716,"date":"2025-05-06T16:40:00","date_gmt":"2025-05-06T19:40:00","guid":{"rendered":"https:\/\/www.em.com.br\/emfoco\/?p=42716"},"modified":"2025-05-05T17:31:01","modified_gmt":"2025-05-05T20:31:01","slug":"poucos-sabem-mas-o-atum-tem-efeitos-poderosos-no-cerebro-e-no-coracao","status":"publish","type":"post","link":"https:\/\/www.em.com.br\/emfoco\/2025\/05\/06\/poucos-sabem-mas-o-atum-tem-efeitos-poderosos-no-cerebro-e-no-coracao\/","title":{"rendered":"Poucos sabem, mas o atum tem efeitos poderosos no c\u00e9rebro e no cora\u00e7\u00e3o"},"content":{"rendered":"\n<p>O atum \u00e9 um peixe amplamente consumido em todo o mundo, conhecido por seu sabor distinto e versatilidade culin\u00e1ria. Al\u00e9m de ser uma escolha popular em pratos como sushi e saladas, o atum \u00e9 valorizado por seus in\u00fameros benef\u00edcios \u00e0 sa\u00fade. Rico em nutrientes essenciais, ele se destaca como uma excelente fonte de <strong>prote\u00ednas <\/strong>e <strong>\u00e1cidos graxos <a href=\"https:\/\/www.essentialnutrition.com.br\/produtos\/omega-3\" target=\"_blank\" rel=\"noreferrer noopener\">\u00f4mega-3<\/a><\/strong>, contribuindo para uma dieta equilibrada e saud\u00e1vel.<\/p>\n\n\n\n<p>Este peixe \u00e9 particularmente apreciado por sua capacidade de promover a sa\u00fade cardiovascular. Os \u00e1cidos graxos \u00f4mega-3 presentes no atum ajudam a reduzir os n\u00edveis de <strong>colesterol ruim<\/strong> (LDL) e triglicer\u00eddeos, enquanto aumentam o <strong>colesterol bom<\/strong> (HDL). Isso pode diminuir o risco de doen\u00e7as card\u00edacas e derrames, tornando o atum uma escolha inteligente para aqueles que buscam melhorar a sa\u00fade do cora\u00e7\u00e3o.<\/p>\n\n\n\n<h2 class=\"wp-block-heading\">Quais s\u00e3o os nutrientes presentes no atum?<\/h2>\n\n\n\n<p>O atum \u00e9 uma fonte rica de prote\u00ednas de alta qualidade, essenciais para a constru\u00e7\u00e3o e repara\u00e7\u00e3o dos tecidos corporais. <strong>Al\u00e9m disso, ele cont\u00e9m uma variedade de vitaminas e minerais importantes, como vitamina D, vitamina B12, sel\u00eanio e f\u00f3sforo.<\/strong> A vitamina D \u00e9 crucial para a sa\u00fade \u00f3ssea, enquanto a vitamina B12 \u00e9 vital para a forma\u00e7\u00e3o de gl\u00f3bulos vermelhos e o funcionamento adequado do sistema nervoso.<\/p>\n\n\n\n<p>Outro componente not\u00e1vel do atum \u00e9 o sel\u00eanio, um mineral que atua como antioxidante, ajudando a proteger as c\u00e9lulas contra danos. O f\u00f3sforo, por sua vez, \u00e9 fundamental para a forma\u00e7\u00e3o de ossos e dentes fortes. Juntos,<strong> esses nutrientes fazem do atum um alimento altamente nutritivo, que pode beneficiar v\u00e1rias fun\u00e7\u00f5es corporais.<\/strong><\/p>\n\n\n\n<figure class=\"wp-block-image size-large\"><img loading=\"lazy\" decoding=\"async\" width=\"1024\" height=\"576\" src=\"https:\/\/www.em.com.br\/emfoco\/wp-content\/uploads\/2025\/04\/Tuna_1745947000457-1024x576.jpg\" alt=\"Poucos sabem, mas o atum tem efeitos poderosos no c\u00e9rebro e no cora\u00e7\u00e3o\" class=\"wp-image-42724\" srcset=\"https:\/\/www.em.com.br\/emfoco\/wp-content\/uploads\/2025\/04\/Tuna_1745947000457-1024x576.jpg 1024w, https:\/\/www.em.com.br\/emfoco\/wp-content\/uploads\/2025\/04\/Tuna_1745947000457-300x169.jpg 300w, https:\/\/www.em.com.br\/emfoco\/wp-content\/uploads\/2025\/04\/Tuna_1745947000457-768x432.jpg 768w, https:\/\/www.em.com.br\/emfoco\/wp-content\/uploads\/2025\/04\/Tuna_1745947000457-750x422.jpg 750w, https:\/\/www.em.com.br\/emfoco\/wp-content\/uploads\/2025\/04\/Tuna_1745947000457-1140x641.jpg 1140w, https:\/\/www.em.com.br\/emfoco\/wp-content\/uploads\/2025\/04\/Tuna_1745947000457.jpg 1280w\" sizes=\"auto, (max-width: 1024px) 100vw, 1024px\" \/><figcaption class=\"wp-element-caption\">Atum &#8211; Cr\u00e9ditos: depositphotos.com \/ nblxer<\/figcaption><\/figure>\n\n\n\n<h2 class=\"wp-block-heading\">Como o consumo de atum pode melhorar a sa\u00fade mental?<\/h2>\n\n\n\n<p><strong>Os \u00e1cidos graxos \u00f4mega-3 encontrados no atum n\u00e3o s\u00e3o apenas ben\u00e9ficos para o cora\u00e7\u00e3o, mas tamb\u00e9m desempenham um papel importante na <a href=\"https:\/\/www.em.com.br\/emfoco\/2025\/04\/28\/entenda-o-divorcio-do-sono-e-como-isso-pode-salvar-sua-saude-mental\/\" target=\"_blank\" rel=\"noreferrer noopener\">sa\u00fade mental<\/a>.<\/strong> Estudos sugerem que esses \u00e1cidos graxos podem ajudar a reduzir os sintomas de depress\u00e3o e ansiedade, al\u00e9m de melhorar a fun\u00e7\u00e3o cognitiva. O consumo regular de atum pode, portanto, contribuir para um melhor bem-estar mental e emocional.<\/p>\n\n\n\n<p>Al\u00e9m disso, a presen\u00e7a de vitamina B12 no atum \u00e9 essencial para a sa\u00fade do c\u00e9rebro. A defici\u00eancia dessa vitamina pode levar a problemas neurol\u00f3gicos e cognitivos, por isso, incluir atum na dieta pode ajudar a manter a fun\u00e7\u00e3o cerebral em bom estado.<\/p>\n\n\n\n<h2 class=\"wp-block-heading\">Receita saud\u00e1vel: salada de atum com abacate<\/h2>\n\n\n\n<p>Para aproveitar os benef\u00edcios do atum de forma deliciosa e saud\u00e1vel, uma salada de atum com abacate \u00e9 uma excelente op\u00e7\u00e3o. Esta receita \u00e9 f\u00e1cil de preparar e combina o sabor do atum com a cremosidade do abacate, proporcionando uma refei\u00e7\u00e3o nutritiva e saborosa.<\/p>\n\n\n\n<ol class=\"wp-block-list\">\n<li><strong>Ingredientes:<\/strong>\n<ul class=\"wp-block-list\">\n<li>1 lata de atum em \u00e1gua, escorrido<\/li>\n\n\n\n<li>1 abacate maduro, cortado em cubos<\/li>\n\n\n\n<li>1\/2 cebola roxa, picada<\/li>\n\n\n\n<li>1 tomate, picado<\/li>\n\n\n\n<li>Suco de 1 lim\u00e3o<\/li>\n\n\n\n<li>Sal e pimenta a gosto<\/li>\n\n\n\n<li>Folhas de alface para servir<\/li>\n<\/ul>\n<\/li>\n\n\n\n<li><strong>Modo de preparo:<\/strong>\n<ul class=\"wp-block-list\">\n<li>Em uma tigela, misture o atum, o abacate, a cebola e o tomate.<\/li>\n\n\n\n<li>Adicione o suco de lim\u00e3o, o sal e a pimenta, misturando bem.<\/li>\n\n\n\n<li>Sirva a salada sobre as folhas de alface.<\/li>\n<\/ul>\n<\/li>\n<\/ol>\n\n\n\n<p>Esta salada n\u00e3o s\u00f3 \u00e9 rica em prote\u00ednas e gorduras saud\u00e1veis, mas tamb\u00e9m \u00e9 refrescante e f\u00e1cil de preparar, ideal para uma refei\u00e7\u00e3o leve e nutritiva.<\/p>\n\n\n\n<p>Em resumo, o atum \u00e9 um alimento vers\u00e1til e nutritivo que pode trazer diversos benef\u00edcios \u00e0 sa\u00fade. Seja para melhorar a sa\u00fade cardiovascular, apoiar a fun\u00e7\u00e3o cerebral ou simplesmente desfrutar de uma refei\u00e7\u00e3o saborosa, o atum \u00e9 uma excelente adi\u00e7\u00e3o a qualquer dieta equilibrada.<\/p>\n","protected":false},"excerpt":{"rendered":"<p>O atum \u00e9 um peixe amplamente consumido em todo o mundo, conhecido por seu sabor distinto e versatilidade culin\u00e1ria. Al\u00e9m de ser uma escolha popular em pratos como sushi e saladas, o atum \u00e9 valorizado por seus in\u00fameros benef\u00edcios \u00e0 sa\u00fade. Rico em nutrientes essenciais, ele se destaca como uma excelente fonte de prote\u00ednas e [&hellip;]<\/p>\n","protected":false},"author":13,"featured_media":42723,"comment_status":"open","ping_status":"open","sticky":false,"template":"","format":"standard","meta":{"jnews-multi-image_gallery":[],"jnews_single_post":{"format":"standard"},"jnews_primary_category":[],"jnews_social_meta":[],"jnews_override_counter":[],"footnotes":""},"categories":[29],"tags":[8118,1915,7722,415],"class_list":["post-42716","post","type-post","status-publish","format-standard","has-post-thumbnail","hentry","category-entretenimento","tag-atum","tag-nutrientes","tag-omega-3","tag-saude"],"yoast_head":"<!-- This site is optimized with the Yoast SEO plugin v23.8 - https:\/\/yoast.com\/wordpress\/plugins\/seo\/ -->\n<title>Poucos sabem, mas o atum tem efeitos poderosos no c\u00e9rebro e no cora\u00e7\u00e3o - Estado de Minas - Em foco<\/title>\n<meta name=\"description\" content=\"O atum melhora o cora\u00e7\u00e3o, fortalece o c\u00e9rebro e ainda rende receitas leves e saud\u00e1veis. Veja os benef\u00edcios e como incluir na dieta.\" \/>\n<meta name=\"robots\" content=\"index, follow, max-snippet:-1, max-image-preview:large, max-video-preview:-1\" \/>\n<link rel=\"canonical\" href=\"https:\/\/www.em.com.br\/emfoco\/2025\/05\/06\/poucos-sabem-mas-o-atum-tem-efeitos-poderosos-no-cerebro-e-no-coracao\/\" \/>\n<meta property=\"og:locale\" content=\"pt_BR\" \/>\n<meta property=\"og:type\" content=\"article\" \/>\n<meta property=\"og:title\" content=\"Poucos sabem, mas o atum tem efeitos poderosos no c\u00e9rebro e no cora\u00e7\u00e3o - Estado de Minas - Em foco\" \/>\n<meta property=\"og:description\" content=\"O atum melhora o cora\u00e7\u00e3o, fortalece o c\u00e9rebro e ainda rende receitas leves e saud\u00e1veis. Veja os benef\u00edcios e como incluir na dieta.\" \/>\n<meta property=\"og:url\" content=\"https:\/\/www.em.com.br\/emfoco\/2025\/05\/06\/poucos-sabem-mas-o-atum-tem-efeitos-poderosos-no-cerebro-e-no-coracao\/\" \/>\n<meta property=\"og:site_name\" content=\"Estado de Minas - Em foco\" \/>\n<meta property=\"article:published_time\" content=\"2025-05-06T19:40:00+00:00\" \/>\n<meta property=\"article:modified_time\" content=\"2025-05-05T20:31:01+00:00\" \/>\n<meta property=\"og:image\" content=\"https:\/\/www.em.com.br\/emfoco\/wp-content\/uploads\/2025\/04\/Tuna_1745946971241.jpg\" \/>\n\t<meta property=\"og:image:width\" content=\"1280\" \/>\n\t<meta property=\"og:image:height\" content=\"720\" \/>\n\t<meta property=\"og:image:type\" content=\"image\/jpeg\" \/>\n<meta name=\"author\" content=\"Gabriel Martins\" \/>\n<meta name=\"twitter:card\" content=\"summary_large_image\" \/>\n<meta name=\"twitter:label1\" content=\"Escrito por\" \/>\n\t<meta name=\"twitter:data1\" content=\"Gabriel Martins\" \/>\n\t<meta name=\"twitter:label2\" content=\"Est. tempo de leitura\" \/>\n\t<meta name=\"twitter:data2\" content=\"4 minutos\" \/>\n<!-- \/ Yoast SEO plugin. -->","yoast_head_json":{"title":"Poucos sabem, mas o atum tem efeitos poderosos no c\u00e9rebro e no cora\u00e7\u00e3o - Estado de Minas - Em foco","description":"O atum melhora o cora\u00e7\u00e3o, fortalece o c\u00e9rebro e ainda rende receitas leves e saud\u00e1veis. Veja os benef\u00edcios e como incluir na dieta.","robots":{"index":"index","follow":"follow","max-snippet":"max-snippet:-1","max-image-preview":"max-image-preview:large","max-video-preview":"max-video-preview:-1"},"canonical":"https:\/\/www.em.com.br\/emfoco\/2025\/05\/06\/poucos-sabem-mas-o-atum-tem-efeitos-poderosos-no-cerebro-e-no-coracao\/","og_locale":"pt_BR","og_type":"article","og_title":"Poucos sabem, mas o atum tem efeitos poderosos no c\u00e9rebro e no cora\u00e7\u00e3o - Estado de Minas - Em foco","og_description":"O atum melhora o cora\u00e7\u00e3o, fortalece o c\u00e9rebro e ainda rende receitas leves e saud\u00e1veis. Veja os benef\u00edcios e como incluir na dieta.","og_url":"https:\/\/www.em.com.br\/emfoco\/2025\/05\/06\/poucos-sabem-mas-o-atum-tem-efeitos-poderosos-no-cerebro-e-no-coracao\/","og_site_name":"Estado de Minas - Em foco","article_published_time":"2025-05-06T19:40:00+00:00","article_modified_time":"2025-05-05T20:31:01+00:00","og_image":[{"width":1280,"height":720,"url":"https:\/\/www.em.com.br\/emfoco\/wp-content\/uploads\/2025\/04\/Tuna_1745946971241.jpg","type":"image\/jpeg"}],"author":"Gabriel Martins","twitter_card":"summary_large_image","twitter_misc":{"Escrito por":"Gabriel Martins","Est. tempo de leitura":"4 minutos"},"schema":{"@context":"https:\/\/schema.org","@graph":[{"@type":"WebPage","@id":"https:\/\/www.em.com.br\/emfoco\/2025\/05\/06\/poucos-sabem-mas-o-atum-tem-efeitos-poderosos-no-cerebro-e-no-coracao\/","url":"https:\/\/www.em.com.br\/emfoco\/2025\/05\/06\/poucos-sabem-mas-o-atum-tem-efeitos-poderosos-no-cerebro-e-no-coracao\/","name":"Poucos sabem, mas o atum tem efeitos poderosos no c\u00e9rebro e no cora\u00e7\u00e3o - Estado de Minas - Em foco","isPartOf":{"@id":"https:\/\/www.em.com.br\/emfoco\/#website"},"primaryImageOfPage":{"@id":"https:\/\/www.em.com.br\/emfoco\/2025\/05\/06\/poucos-sabem-mas-o-atum-tem-efeitos-poderosos-no-cerebro-e-no-coracao\/#primaryimage"},"image":{"@id":"https:\/\/www.em.com.br\/emfoco\/2025\/05\/06\/poucos-sabem-mas-o-atum-tem-efeitos-poderosos-no-cerebro-e-no-coracao\/#primaryimage"},"thumbnailUrl":"https:\/\/www.em.com.br\/emfoco\/wp-content\/uploads\/2025\/04\/Tuna_1745946971241.jpg","datePublished":"2025-05-06T19:40:00+00:00","dateModified":"2025-05-05T20:31:01+00:00","author":{"@id":"https:\/\/www.em.com.br\/emfoco\/#\/schema\/person\/1c9ddeab18b98abeffef834667bcf08a"},"description":"O atum melhora o cora\u00e7\u00e3o, fortalece o c\u00e9rebro e ainda rende receitas leves e saud\u00e1veis. Veja os benef\u00edcios e como incluir na dieta.","breadcrumb":{"@id":"https:\/\/www.em.com.br\/emfoco\/2025\/05\/06\/poucos-sabem-mas-o-atum-tem-efeitos-poderosos-no-cerebro-e-no-coracao\/#breadcrumb"},"inLanguage":"pt-BR","potentialAction":[{"@type":"ReadAction","target":["https:\/\/www.em.com.br\/emfoco\/2025\/05\/06\/poucos-sabem-mas-o-atum-tem-efeitos-poderosos-no-cerebro-e-no-coracao\/"]}]},{"@type":"ImageObject","inLanguage":"pt-BR","@id":"https:\/\/www.em.com.br\/emfoco\/2025\/05\/06\/poucos-sabem-mas-o-atum-tem-efeitos-poderosos-no-cerebro-e-no-coracao\/#primaryimage","url":"https:\/\/www.em.com.br\/emfoco\/wp-content\/uploads\/2025\/04\/Tuna_1745946971241.jpg","contentUrl":"https:\/\/www.em.com.br\/emfoco\/wp-content\/uploads\/2025\/04\/Tuna_1745946971241.jpg","width":1280,"height":720,"caption":"Atum - Cr\u00e9ditos: depositphotos.com \/ AndreySt"},{"@type":"BreadcrumbList","@id":"https:\/\/www.em.com.br\/emfoco\/2025\/05\/06\/poucos-sabem-mas-o-atum-tem-efeitos-poderosos-no-cerebro-e-no-coracao\/#breadcrumb","itemListElement":[{"@type":"ListItem","position":1,"name":"In\u00edcio","item":"https:\/\/www.em.com.br\/emfoco\/"},{"@type":"ListItem","position":2,"name":"Poucos sabem, mas o atum tem efeitos poderosos no c\u00e9rebro e no cora\u00e7\u00e3o"}]},{"@type":"WebSite","@id":"https:\/\/www.em.com.br\/emfoco\/#website","url":"https:\/\/www.em.com.br\/emfoco\/","name":"Estado de Minas - Em foco","description":"Acompanhe as \u00faltimas not\u00edcias e fique bem informado sobre tudo o que acontece em Minas Gerais, Brasil e no mundo.","potentialAction":[{"@type":"SearchAction","target":{"@type":"EntryPoint","urlTemplate":"https:\/\/www.em.com.br\/emfoco\/?s={search_term_string}"},"query-input":{"@type":"PropertyValueSpecification","valueRequired":true,"valueName":"search_term_string"}}],"inLanguage":"pt-BR"},{"@type":"Person","@id":"https:\/\/www.em.com.br\/emfoco\/#\/schema\/person\/1c9ddeab18b98abeffef834667bcf08a","name":"Gabriel Martins","image":{"@type":"ImageObject","inLanguage":"pt-BR","@id":"https:\/\/www.em.com.br\/emfoco\/#\/schema\/person\/image\/","url":"https:\/\/secure.gravatar.com\/avatar\/f0f1e2efdfd88f1ad2cb08c5c2731e50?s=96&d=mm&r=g","contentUrl":"https:\/\/secure.gravatar.com\/avatar\/f0f1e2efdfd88f1ad2cb08c5c2731e50?s=96&d=mm&r=g","caption":"Gabriel Martins"},"sameAs":["https:\/\/www.em.com.br\/emfoco\/"],"url":"https:\/\/www.em.com.br\/emfoco\/author\/gabrielmartinsmyth\/"}]}},"_links":{"self":[{"href":"https:\/\/www.em.com.br\/emfoco\/wp-json\/wp\/v2\/posts\/42716","targetHints":{"allow":["GET"]}}],"collection":[{"href":"https:\/\/www.em.com.br\/emfoco\/wp-json\/wp\/v2\/posts"}],"about":[{"href":"https:\/\/www.em.com.br\/emfoco\/wp-json\/wp\/v2\/types\/post"}],"author":[{"embeddable":true,"href":"https:\/\/www.em.com.br\/emfoco\/wp-json\/wp\/v2\/users\/13"}],"replies":[{"embeddable":true,"href":"https:\/\/www.em.com.br\/emfoco\/wp-json\/wp\/v2\/comments?post=42716"}],"version-history":[{"count":2,"href":"https:\/\/www.em.com.br\/emfoco\/wp-json\/wp\/v2\/posts\/42716\/revisions"}],"predecessor-version":[{"id":42725,"href":"https:\/\/www.em.com.br\/emfoco\/wp-json\/wp\/v2\/posts\/42716\/revisions\/42725"}],"wp:featuredmedia":[{"embeddable":true,"href":"https:\/\/www.em.com.br\/emfoco\/wp-json\/wp\/v2\/media\/42723"}],"wp:attachment":[{"href":"https:\/\/www.em.com.br\/emfoco\/wp-json\/wp\/v2\/media?parent=42716"}],"wp:term":[{"taxonomy":"category","embeddable":true,"href":"https:\/\/www.em.com.br\/emfoco\/wp-json\/wp\/v2\/categories?post=42716"},{"taxonomy":"post_tag","embeddable":true,"href":"https:\/\/www.em.com.br\/emfoco\/wp-json\/wp\/v2\/tags?post=42716"}],"curies":[{"name":"wp","href":"https:\/\/api.w.org\/{rel}","templated":true}]}}