{"id":42678,"date":"2025-04-30T10:40:36","date_gmt":"2025-04-30T13:40:36","guid":{"rendered":"https:\/\/www.em.com.br\/emfoco\/?p=42678"},"modified":"2025-04-29T13:45:09","modified_gmt":"2025-04-29T16:45:09","slug":"a-nova-cor-neutra-que-esta-dominando-os-looks-modernos","status":"publish","type":"post","link":"https:\/\/www.em.com.br\/emfoco\/2025\/04\/30\/a-nova-cor-neutra-que-esta-dominando-os-looks-modernos\/","title":{"rendered":"A nova cor neutra que est\u00e1 dominando os looks modernos"},"content":{"rendered":"\n<p>O <strong>marrom<\/strong> \u00e9 uma cor que muitas vezes passa despercebida no mundo da <a href=\"https:\/\/www.em.com.br\/emfoco\/2025\/04\/28\/cores-fortes-e-brilhantes-em-alta-para-a-moda-fitness-em-2025\/\" target=\"_blank\" rel=\"noopener\">moda,<\/a> mas sua versatilidade e eleg\u00e2ncia s\u00e3o ineg\u00e1veis. Este tom terroso \u00e9 um cl\u00e1ssico que pode ser usado em diversas ocasi\u00f5es, oferecendo uma base neutra que combina com uma ampla gama de outras cores. Desde <a href=\"https:\/\/br.pinterest.com\/search\/pins\/?q=tons%20neutros%20moda&amp;rs=typed\" target=\"_blank\" rel=\"noopener\">tons neutros<\/a> como preto e branco at\u00e9 cores mais vibrantes como vermelho e verde, o marrom se destaca por sua capacidade de harmoniza\u00e7\u00e3o.<\/p>\n\n\n\n<p>Al\u00e9m de sua versatilidade, o marrom \u00e9 uma cor que complementa uma variedade de<strong> tons de pele e tipos de cabelo<\/strong>. Com uma paleta que varia do chocolate ao camelo, \u00e9 poss\u00edvel encontrar o tom de marrom perfeito para qualquer pessoa. Vamos explorar como essa cor pode ser incorporada de maneira eficaz no guarda-roupa.<\/p>\n\n\n\n<h2 class=\"wp-block-heading\">Como escolher cores que combinam com marrom?<\/h2>\n\n\n\n<p>Escolher cores que combinam com marrom pode parecer desafiador, mas na verdade \u00e9 bastante simples. Para aqueles com tons de <strong>pele mais quentes<\/strong>, <strong>marrom<\/strong> com nuances de <strong>laranja<\/strong> ou <strong>vermelho<\/strong>, como <strong>caramelo<\/strong>, s\u00e3o ideais. J\u00e1 para tons de pele mais frios, marrons com um toque azulado s\u00e3o mais indicados.<\/p>\n\n\n\n<p>Para pessoas com tons de pele outonais, marrons mais escuros e amarelados, como o castanho, s\u00e3o perfeitos. Por outro lado, aqueles com tons primaveris podem optar por marrons dourados. Marrons azulados s\u00e3o ideais para tons de pele de ver\u00e3o, enquanto os tons de inverno devem evitar marrons com componentes muito quentes.<\/p>\n\n\n<div class=\"wp-block-image\">\n<figure class=\"aligncenter size-large\"><img loading=\"lazy\" decoding=\"async\" width=\"1024\" height=\"576\" src=\"https:\/\/www.em.com.br\/emfoco\/wp-content\/uploads\/2025\/03\/moda_1741104062087-1024x576.jpg\" alt=\"O papel da moda na cria\u00e7\u00e3o de uma imagem poderosa e verdadeira\" class=\"wp-image-25066\" srcset=\"https:\/\/www.em.com.br\/emfoco\/wp-content\/uploads\/2025\/03\/moda_1741104062087-1024x576.jpg 1024w, https:\/\/www.em.com.br\/emfoco\/wp-content\/uploads\/2025\/03\/moda_1741104062087-300x169.jpg 300w, https:\/\/www.em.com.br\/emfoco\/wp-content\/uploads\/2025\/03\/moda_1741104062087-768x432.jpg 768w, https:\/\/www.em.com.br\/emfoco\/wp-content\/uploads\/2025\/03\/moda_1741104062087-750x422.jpg 750w, https:\/\/www.em.com.br\/emfoco\/wp-content\/uploads\/2025\/03\/moda_1741104062087-1140x641.jpg 1140w, https:\/\/www.em.com.br\/emfoco\/wp-content\/uploads\/2025\/03\/moda_1741104062087.jpg 1280w\" sizes=\"auto, (max-width: 1024px) 100vw, 1024px\" \/><figcaption class=\"wp-element-caption\">Moda &#8211; Cr\u00e9ditos: depositphotos.com \/ VitalikRadko<\/figcaption><\/figure><\/div>\n\n\n<h2 class=\"wp-block-heading\">Quais s\u00e3o as melhores combina\u00e7\u00f5es com marrom?<\/h2>\n\n\n\n<p>Combinar marrom com outras cores pode criar visuais interessantes e elegantes. Uma combina\u00e7\u00e3o cl\u00e1ssica \u00e9 marrom com preto e branco, ideal para um <strong>look sofisticado<\/strong>. Para um estilo mais casual, o marrom pode ser combinado com azul, especialmente em pe\u00e7as de jeans.<\/p>\n\n\n\n<p>O marrom tamb\u00e9m se harmoniza bem com verde e amarelo, criando um <strong>visual retr\u00f4<\/strong> que remete a d\u00e9cadas passadas. Para um toque mais ousado, combinar marrom com vermelho pode ser uma excelente escolha, especialmente durante o outono.<\/p>\n\n\n\n<h2 class=\"wp-block-heading\">Marrom e tons pastel: uma combina\u00e7\u00e3o surpreendente?<\/h2>\n\n\n\n<p>Embora o marrom seja frequentemente associado ao outono e inverno, ele tamb\u00e9m pode ser usado nas esta\u00e7\u00f5es mais quentes quando combinado com tons pastel. Tons como camelo ficam \u00f3timos com amarelo suave, menta ou rosa, trazendo frescor e leveza ao visual.<\/p>\n\n\n\n<h2 class=\"wp-block-heading\">Como criar um look monocrom\u00e1tico com marrom?<\/h2>\n\n\n\n<p>Looks monocrom\u00e1ticos em marrom est\u00e3o em alta e s\u00e3o uma maneira moderna de usar essa cor. Para evitar que o visual fique mon\u00f3tono, \u00e9 importante variar as texturas e os <strong>materiais das<\/strong> <strong>pe\u00e7as<\/strong>. Acess\u00f3rios coloridos tamb\u00e9m podem adicionar um <strong>toque<\/strong> <strong>de contraste<\/strong> e personalidade ao look.<\/p>\n\n\n\n<p>Em conclus\u00e3o, o marrom \u00e9 uma cor extremamente vers\u00e1til que pode ser usada de v\u00e1rias maneiras para criar visuais modernos e elegantes. Com as combina\u00e7\u00f5es certas, qualquer pessoa pode incorporar essa cor cl\u00e1ssica em seu estilo pessoal de forma atual e sofisticada.<\/p>\n","protected":false},"excerpt":{"rendered":"<p>O marrom \u00e9 uma cor que muitas vezes passa despercebida no mundo da moda, mas sua versatilidade e eleg\u00e2ncia s\u00e3o ineg\u00e1veis. Este tom terroso \u00e9 um cl\u00e1ssico que pode ser usado em diversas ocasi\u00f5es, oferecendo uma base neutra que combina com uma ampla gama de outras cores. Desde tons neutros como preto e branco at\u00e9 [&hellip;]<\/p>\n","protected":false},"author":9,"featured_media":29403,"comment_status":"open","ping_status":"open","sticky":false,"template":"","format":"standard","meta":{"jnews-multi-image_gallery":[],"jnews_single_post":{"format":"standard"},"jnews_primary_category":[],"jnews_social_meta":[],"jnews_override_counter":[],"footnotes":""},"categories":[29,1],"tags":[8115,1110,5318,8114],"class_list":["post-42678","post","type-post","status-publish","format-standard","has-post-thumbnail","hentry","category-entretenimento","category-noticias","tag-combinar","tag-cores","tag-estilo","tag-marrom"],"yoast_head":"<!-- This site is optimized with the Yoast SEO plugin v23.8 - https:\/\/yoast.com\/wordpress\/plugins\/seo\/ -->\n<title>A nova cor neutra que est\u00e1 dominando os looks modernos<\/title>\n<meta name=\"description\" content=\"Saiba como usar marrom com estilo e combinar essa cor vers\u00e1til com preto, pastel, vermelho e mais em looks modernos e elegantes.\" \/>\n<meta name=\"robots\" content=\"index, follow, max-snippet:-1, max-image-preview:large, max-video-preview:-1\" \/>\n<link rel=\"canonical\" href=\"https:\/\/www.em.com.br\/emfoco\/2025\/04\/30\/a-nova-cor-neutra-que-esta-dominando-os-looks-modernos\/\" \/>\n<meta property=\"og:locale\" content=\"pt_BR\" \/>\n<meta property=\"og:type\" content=\"article\" \/>\n<meta property=\"og:title\" content=\"A nova cor neutra que est\u00e1 dominando os looks modernos\" \/>\n<meta property=\"og:description\" content=\"Saiba como usar marrom com estilo e combinar essa cor vers\u00e1til com preto, pastel, vermelho e mais em looks modernos e elegantes.\" \/>\n<meta property=\"og:url\" content=\"https:\/\/www.em.com.br\/emfoco\/2025\/04\/30\/a-nova-cor-neutra-que-esta-dominando-os-looks-modernos\/\" \/>\n<meta property=\"og:site_name\" content=\"Estado de Minas - Em foco\" \/>\n<meta property=\"article:published_time\" content=\"2025-04-30T13:40:36+00:00\" \/>\n<meta property=\"article:modified_time\" content=\"2025-04-29T16:45:09+00:00\" \/>\n<meta property=\"og:image\" content=\"https:\/\/www.em.com.br\/emfoco\/wp-content\/uploads\/2025\/03\/tons-terrosos-moda_1742230196132.jpg\" \/>\n\t<meta property=\"og:image:width\" content=\"1280\" \/>\n\t<meta property=\"og:image:height\" content=\"720\" \/>\n\t<meta property=\"og:image:type\" content=\"image\/jpeg\" \/>\n<meta name=\"author\" content=\"Daniely Cardoso\" \/>\n<meta name=\"twitter:card\" content=\"summary_large_image\" \/>\n<meta name=\"twitter:label1\" content=\"Escrito por\" \/>\n\t<meta name=\"twitter:data1\" content=\"Daniely Cardoso\" \/>\n\t<meta name=\"twitter:label2\" content=\"Est. tempo de leitura\" \/>\n\t<meta name=\"twitter:data2\" content=\"3 minutos\" \/>\n<!-- \/ Yoast SEO plugin. -->","yoast_head_json":{"title":"A nova cor neutra que est\u00e1 dominando os looks modernos","description":"Saiba como usar marrom com estilo e combinar essa cor vers\u00e1til com preto, pastel, vermelho e mais em looks modernos e elegantes.","robots":{"index":"index","follow":"follow","max-snippet":"max-snippet:-1","max-image-preview":"max-image-preview:large","max-video-preview":"max-video-preview:-1"},"canonical":"https:\/\/www.em.com.br\/emfoco\/2025\/04\/30\/a-nova-cor-neutra-que-esta-dominando-os-looks-modernos\/","og_locale":"pt_BR","og_type":"article","og_title":"A nova cor neutra que est\u00e1 dominando os looks modernos","og_description":"Saiba como usar marrom com estilo e combinar essa cor vers\u00e1til com preto, pastel, vermelho e mais em looks modernos e elegantes.","og_url":"https:\/\/www.em.com.br\/emfoco\/2025\/04\/30\/a-nova-cor-neutra-que-esta-dominando-os-looks-modernos\/","og_site_name":"Estado de Minas - Em foco","article_published_time":"2025-04-30T13:40:36+00:00","article_modified_time":"2025-04-29T16:45:09+00:00","og_image":[{"width":1280,"height":720,"url":"https:\/\/www.em.com.br\/emfoco\/wp-content\/uploads\/2025\/03\/tons-terrosos-moda_1742230196132.jpg","type":"image\/jpeg"}],"author":"Daniely Cardoso","twitter_card":"summary_large_image","twitter_misc":{"Escrito por":"Daniely Cardoso","Est. tempo de leitura":"3 minutos"},"schema":{"@context":"https:\/\/schema.org","@graph":[{"@type":"WebPage","@id":"https:\/\/www.em.com.br\/emfoco\/2025\/04\/30\/a-nova-cor-neutra-que-esta-dominando-os-looks-modernos\/","url":"https:\/\/www.em.com.br\/emfoco\/2025\/04\/30\/a-nova-cor-neutra-que-esta-dominando-os-looks-modernos\/","name":"A nova cor neutra que est\u00e1 dominando os looks modernos","isPartOf":{"@id":"https:\/\/www.em.com.br\/emfoco\/#website"},"primaryImageOfPage":{"@id":"https:\/\/www.em.com.br\/emfoco\/2025\/04\/30\/a-nova-cor-neutra-que-esta-dominando-os-looks-modernos\/#primaryimage"},"image":{"@id":"https:\/\/www.em.com.br\/emfoco\/2025\/04\/30\/a-nova-cor-neutra-que-esta-dominando-os-looks-modernos\/#primaryimage"},"thumbnailUrl":"https:\/\/www.em.com.br\/emfoco\/wp-content\/uploads\/2025\/03\/tons-terrosos-moda_1742230196132.jpg","datePublished":"2025-04-30T13:40:36+00:00","dateModified":"2025-04-29T16:45:09+00:00","author":{"@id":"https:\/\/www.em.com.br\/emfoco\/#\/schema\/person\/0a8186d72f2c3a5c6276d90b41f271a0"},"description":"Saiba como usar marrom com estilo e combinar essa cor vers\u00e1til com preto, pastel, vermelho e mais em looks modernos e elegantes.","breadcrumb":{"@id":"https:\/\/www.em.com.br\/emfoco\/2025\/04\/30\/a-nova-cor-neutra-que-esta-dominando-os-looks-modernos\/#breadcrumb"},"inLanguage":"pt-BR","potentialAction":[{"@type":"ReadAction","target":["https:\/\/www.em.com.br\/emfoco\/2025\/04\/30\/a-nova-cor-neutra-que-esta-dominando-os-looks-modernos\/"]}]},{"@type":"ImageObject","inLanguage":"pt-BR","@id":"https:\/\/www.em.com.br\/emfoco\/2025\/04\/30\/a-nova-cor-neutra-que-esta-dominando-os-looks-modernos\/#primaryimage","url":"https:\/\/www.em.com.br\/emfoco\/wp-content\/uploads\/2025\/03\/tons-terrosos-moda_1742230196132.jpg","contentUrl":"https:\/\/www.em.com.br\/emfoco\/wp-content\/uploads\/2025\/03\/tons-terrosos-moda_1742230196132.jpg","width":1280,"height":720,"caption":"Tons terrosos - Cr\u00e9ditos: depositphotos.com \/ IgorVetushko"},{"@type":"BreadcrumbList","@id":"https:\/\/www.em.com.br\/emfoco\/2025\/04\/30\/a-nova-cor-neutra-que-esta-dominando-os-looks-modernos\/#breadcrumb","itemListElement":[{"@type":"ListItem","position":1,"name":"In\u00edcio","item":"https:\/\/www.em.com.br\/emfoco\/"},{"@type":"ListItem","position":2,"name":"A nova cor neutra que est\u00e1 dominando os looks modernos"}]},{"@type":"WebSite","@id":"https:\/\/www.em.com.br\/emfoco\/#website","url":"https:\/\/www.em.com.br\/emfoco\/","name":"Estado de Minas - Em foco","description":"Acompanhe as \u00faltimas not\u00edcias e fique bem informado sobre tudo o que acontece em Minas Gerais, Brasil e no mundo.","potentialAction":[{"@type":"SearchAction","target":{"@type":"EntryPoint","urlTemplate":"https:\/\/www.em.com.br\/emfoco\/?s={search_term_string}"},"query-input":{"@type":"PropertyValueSpecification","valueRequired":true,"valueName":"search_term_string"}}],"inLanguage":"pt-BR"},{"@type":"Person","@id":"https:\/\/www.em.com.br\/emfoco\/#\/schema\/person\/0a8186d72f2c3a5c6276d90b41f271a0","name":"Daniely Cardoso","image":{"@type":"ImageObject","inLanguage":"pt-BR","@id":"https:\/\/www.em.com.br\/emfoco\/#\/schema\/person\/image\/","url":"https:\/\/secure.gravatar.com\/avatar\/4b80ddbd124d1f071b626d52d62e5dff?s=96&d=mm&r=g","contentUrl":"https:\/\/secure.gravatar.com\/avatar\/4b80ddbd124d1f071b626d52d62e5dff?s=96&d=mm&r=g","caption":"Daniely Cardoso"},"url":"https:\/\/www.em.com.br\/emfoco\/author\/danielymyth\/"}]}},"_links":{"self":[{"href":"https:\/\/www.em.com.br\/emfoco\/wp-json\/wp\/v2\/posts\/42678","targetHints":{"allow":["GET"]}}],"collection":[{"href":"https:\/\/www.em.com.br\/emfoco\/wp-json\/wp\/v2\/posts"}],"about":[{"href":"https:\/\/www.em.com.br\/emfoco\/wp-json\/wp\/v2\/types\/post"}],"author":[{"embeddable":true,"href":"https:\/\/www.em.com.br\/emfoco\/wp-json\/wp\/v2\/users\/9"}],"replies":[{"embeddable":true,"href":"https:\/\/www.em.com.br\/emfoco\/wp-json\/wp\/v2\/comments?post=42678"}],"version-history":[{"count":2,"href":"https:\/\/www.em.com.br\/emfoco\/wp-json\/wp\/v2\/posts\/42678\/revisions"}],"predecessor-version":[{"id":42688,"href":"https:\/\/www.em.com.br\/emfoco\/wp-json\/wp\/v2\/posts\/42678\/revisions\/42688"}],"wp:featuredmedia":[{"embeddable":true,"href":"https:\/\/www.em.com.br\/emfoco\/wp-json\/wp\/v2\/media\/29403"}],"wp:attachment":[{"href":"https:\/\/www.em.com.br\/emfoco\/wp-json\/wp\/v2\/media?parent=42678"}],"wp:term":[{"taxonomy":"category","embeddable":true,"href":"https:\/\/www.em.com.br\/emfoco\/wp-json\/wp\/v2\/categories?post=42678"},{"taxonomy":"post_tag","embeddable":true,"href":"https:\/\/www.em.com.br\/emfoco\/wp-json\/wp\/v2\/tags?post=42678"}],"curies":[{"name":"wp","href":"https:\/\/api.w.org\/{rel}","templated":true}]}}