{"id":42621,"date":"2025-04-30T11:00:00","date_gmt":"2025-04-30T14:00:00","guid":{"rendered":"https:\/\/www.em.com.br\/emfoco\/?p=42621"},"modified":"2025-04-29T12:29:09","modified_gmt":"2025-04-29T15:29:09","slug":"veja-como-plantar-abacaxi-a-partir-da-coroa-do-fruto","status":"publish","type":"post","link":"https:\/\/www.em.com.br\/emfoco\/2025\/04\/30\/veja-como-plantar-abacaxi-a-partir-da-coroa-do-fruto\/","title":{"rendered":"Veja como plantar abacaxi a partir da coroa do fruto"},"content":{"rendered":"\n<p>O <strong>abacaxi<\/strong> \u00e9 uma <a href=\"https:\/\/www.em.com.br\/emfoco\/2025\/04\/29\/passo-a-passo-para-plantar-e-cuidar-da-sua-nectarina-em-casa\/\" target=\"_blank\" rel=\"noreferrer noopener\">fruta <\/a>tropical muito apreciada por seu sabor doce e refrescante, al\u00e9m de ser fonte de vitaminas, fibras e antioxidantes. Felizmente, cultivar abacaxi \u00e9 mais simples do que parece, e \u00e9 poss\u00edvel plant\u00e1-lo tanto em quintais quanto em vasos, desde que se respeitem algumas condi\u00e7\u00f5es b\u00e1sicas de clima, solo e manejo.<\/p>\n\n\n\n<h2 class=\"wp-block-heading\">Qual o clima e solo ideais para o cultivo do abacaxi?<\/h2>\n\n\n\n<p>O <strong>abacaxi<\/strong> cresce melhor em climas quentes e \u00famenos, com temperaturas entre 22\u00baC e 32\u00baC. \u00c1reas com boa exposi\u00e7\u00e3o solar ao longo do dia favorecem o desenvolvimento da planta e a do\u00e7ura do fruto.<\/p>\n\n\n\n<p>Quanto ao solo, ele deve ser leve, bem drenado e rico em mat\u00e9ria org\u00e2nica. Evite solos compactados ou encharcados. O pH ideal est\u00e1 entre 4,5 e 6,5. Antes do plantio, fa\u00e7a uma prepara\u00e7\u00e3o com<a href=\"https:\/\/terramagna.com.br\/blog\/adubo-organico\/#:~:text=Na%20aduba%C3%A7%C3%A3o%20org%C3%A2nica%2C%20ocorre%20uma,base%20a%20outros%20seres%20vivos.\" target=\"_blank\" rel=\"noreferrer noopener\"> aduba\u00e7\u00e3o org\u00e2nica <\/a>utilizando esterco curtido, composto ou farinha de ossos.<\/p>\n\n\n\n<h2 class=\"wp-block-heading\">Como escolher e preparar a coroa do abacaxi para plantio?<\/h2>\n\n\n\n<p>A forma mais comum e eficiente de plantar abacaxi \u00e9 utilizando a coroa (parte superior do fruto). Escolha um fruto maduro, com folhas verdes e saud\u00e1veis, preferencialmente de variedades conhecidas como a <strong>P\u00e9rola<\/strong>, <strong>Smooth Cayenne<\/strong> ou <strong>Vit\u00f3ria<\/strong>.<\/p>\n\n\n\n<p>Remova a coroa torcendo-a com as m\u00e3os ou cortando com uma faca. Retire algumas folhas da base para expor o &#8220;miolo&#8221; e deixe secar por 2 a 3 dias na sombra. Esse processo evita o apodrecimento ap\u00f3s o plantio.<\/p>\n\n\n\n<h2 class=\"wp-block-heading\">Qual o passo a passo para plantar abacaxi no solo ou em vaso?<\/h2>\n\n\n\n<ol class=\"wp-block-list\">\n<li><strong>Escolha do local ou recipiente<\/strong>: No solo, escolha um lugar com boa drenagem e sol pleno. Em vasos, utilize recipientes com no m\u00ednimo 30 cm de profundidade e boa drenagem.<\/li>\n\n\n\n<li><strong>Preparo do solo ou substrato<\/strong>: Misture terra vegetal, areia e mat\u00e9ria org\u00e2nica. No fundo do vaso, adicione pedriscos ou argila expandida.<\/li>\n\n\n\n<li><strong>Plantio<\/strong>: Plante a coroa enterrando cerca de 5 cm da base. Pressione levemente o solo em volta para firmar.<\/li>\n\n\n\n<li><strong>Rega<\/strong>: Mantenha o solo \u00famido, mas n\u00e3o encharcado. Regue 2 a 3 vezes por semana, ou sempre que a superf\u00edcie estiver seca.<\/li>\n\n\n\n<li><strong>Aduba\u00e7\u00e3o<\/strong>: A cada 30 dias, aplique adubo rico em pot\u00e1ssio e f\u00f3sforo, como NPK 4-14-8 ou esterco de galinha curtido.<\/li>\n\n\n\n<li><strong>Manuten\u00e7\u00e3o<\/strong>: Remova ervas daninhas ao redor e monitore a presen\u00e7a de pragas.<\/li>\n<\/ol>\n\n\n\n<h2 class=\"wp-block-heading\">Quanto tempo leva para o abacaxi frutificar?<\/h2>\n\n\n\n<p>O <strong>abacaxi<\/strong> \u00e9 uma planta de ciclo longo. Em condi\u00e7\u00f5es ideais, leva entre 18 e 24 meses para produzir frutos. Ap\u00f3s esse per\u00edodo, surgir\u00e1 um pend\u00e3o floral que dar\u00e1 origem ao fruto.<\/p>\n\n\n\n<p>Durante o crescimento, podem surgir brota\u00e7\u00f5es laterais (filhotes) que tamb\u00e9m podem ser replantadas, acelerando a forma\u00e7\u00e3o de novos abacaxis.<\/p>\n\n\n<div class=\"wp-block-image\">\n<figure class=\"aligncenter size-large\"><img loading=\"lazy\" decoding=\"async\" width=\"1024\" height=\"576\" src=\"https:\/\/www.em.com.br\/emfoco\/wp-content\/uploads\/2025\/03\/abacaxi_1741442171817-1024x576.jpg\" alt=\"Aprenda obter abacaxis frescos em casa de forma simples\" class=\"wp-image-26703\" srcset=\"https:\/\/www.em.com.br\/emfoco\/wp-content\/uploads\/2025\/03\/abacaxi_1741442171817-1024x576.jpg 1024w, https:\/\/www.em.com.br\/emfoco\/wp-content\/uploads\/2025\/03\/abacaxi_1741442171817-300x169.jpg 300w, https:\/\/www.em.com.br\/emfoco\/wp-content\/uploads\/2025\/03\/abacaxi_1741442171817-768x432.jpg 768w, https:\/\/www.em.com.br\/emfoco\/wp-content\/uploads\/2025\/03\/abacaxi_1741442171817-750x422.jpg 750w, https:\/\/www.em.com.br\/emfoco\/wp-content\/uploads\/2025\/03\/abacaxi_1741442171817-1140x641.jpg 1140w, https:\/\/www.em.com.br\/emfoco\/wp-content\/uploads\/2025\/03\/abacaxi_1741442171817.jpg 1280w\" sizes=\"auto, (max-width: 1024px) 100vw, 1024px\" \/><figcaption class=\"wp-element-caption\">Abacaxi &#8211; Cr\u00e9ditos: depositphotos.com \/ VadimVasenin<\/figcaption><\/figure><\/div>\n\n\n<h2 class=\"wp-block-heading\">Como cuidar do abacaxi durante o desenvolvimento?<\/h2>\n\n\n\n<p>Evite molhar diretamente o &#8220;miolo&#8221; da planta para n\u00e3o favorecer o apodrecimento. Use cobertura morta ao redor da planta para manter a umidade e evitar o crescimento de mato.<\/p>\n\n\n\n<p>A planta \u00e9 resistente, mas pode ser atacada por cochonilhas, formigas e fungos. Para preven\u00e7\u00e3o, use calda de fumo, solu\u00e7\u00e3o de neem ou sab\u00e3o de coco dilu\u00eddo.<\/p>\n\n\n\n<h2 class=\"wp-block-heading\">Posso plantar abacaxi em apartamento?<\/h2>\n\n\n\n<p>Sim, desde que tenha um local bem iluminado e arejado, como varandas, coberturas ou sacadas ensolaradas. O vaso deve ser grande o suficiente para suportar o crescimento da planta e conter um substrato bem drenado.<\/p>\n\n\n\n<p>Em ambientes internos, certifique-se de que a planta receba pelo menos 5 horas de luz solar direta por dia para que se desenvolva adequadamente.<\/p>\n\n\n\n<h2 class=\"wp-block-heading\">O que fazer ap\u00f3s a colheita do abacaxi?<\/h2>\n\n\n\n<p>Ap\u00f3s a colheita, o <strong>abacaxi<\/strong> deve ser consumido em poucos dias ou refrigerado para conservar melhor seu sabor. Ele pode ser consumido fresco, em sucos, sobremesas, ou processado para geleias e compotas.<\/p>\n\n\n\n<p>A planta-m\u00e3e geralmente n\u00e3o produz novamente, mas seus brotos laterais e &#8220;filhotes&#8221; podem ser replantados para dar continuidade ao cultivo.<\/p>\n\n\n\n<h2 class=\"wp-block-heading\">FAQ <\/h2>\n\n\n\n<p><strong>1. Posso plantar abacaxi de qualquer variedade em casa?<\/strong><br>Sim, mas as variedades menores como a <strong>P\u00e9rola<\/strong> e <strong>Vit\u00f3ria<\/strong> s\u00e3o mais indicadas para espa\u00e7os pequenos ou vasos.<\/p>\n\n\n\n<p><strong>2. Abacaxi precisa de muita \u00e1gua para crescer?<\/strong><br>N\u00e3o. O ideal \u00e9 manter o solo levemente \u00famido, evitando o excesso que pode causar apodrecimento.<\/p>\n\n\n\n<p><strong>3. Preciso usar adubos qu\u00edmicos para ter frutos?<\/strong><br>N\u00e3o necessariamente. Aduba\u00e7\u00e3o org\u00e2nica \u00e9 suficiente se feita regularmente.<\/p>\n\n\n\n<p><strong>4. Qual o espa\u00e7amento ideal entre as plantas?<\/strong><br>Se plantar mais de um abacaxi, mantenha espa\u00e7o de 50 a 80 cm entre cada muda.<\/p>\n\n\n\n<p><strong>5. Como saber quando o abacaxi est\u00e1 maduro para colher?<\/strong><br>A fruta muda de cor, ficando mais amarela e emitindo aroma doce. A folha central solta com facilidade ao puxar.<\/p>\n","protected":false},"excerpt":{"rendered":"<p>O abacaxi \u00e9 uma fruta tropical muito apreciada por seu sabor doce e refrescante, al\u00e9m de ser fonte de vitaminas, fibras e antioxidantes. Felizmente, cultivar abacaxi \u00e9 mais simples do que parece, e \u00e9 poss\u00edvel plant\u00e1-lo tanto em quintais quanto em vasos, desde que se respeitem algumas condi\u00e7\u00f5es b\u00e1sicas de clima, solo e manejo. Qual [&hellip;]<\/p>\n","protected":false},"author":9,"featured_media":32864,"comment_status":"open","ping_status":"open","sticky":false,"template":"","format":"standard","meta":{"jnews-multi-image_gallery":[],"jnews_single_post":{"format":"standard"},"jnews_primary_category":[],"jnews_social_meta":[],"jnews_override_counter":[],"footnotes":""},"categories":[29,1],"tags":[8094,6437,8095,8096],"class_list":["post-42621","post","type-post","status-publish","format-standard","has-post-thumbnail","hentry","category-entretenimento","category-noticias","tag-abacaxi-em-casa","tag-cultivo-de-frutas","tag-horta-tropical","tag-plantar-em-vaso"],"yoast_head":"<!-- This site is optimized with the Yoast SEO plugin v23.8 - https:\/\/yoast.com\/wordpress\/plugins\/seo\/ -->\n<title>Veja como plantar abacaxi a partir da coroa do fruto<\/title>\n<meta name=\"description\" content=\"Aprenda a plantar abacaxi em vasos ou no solo com dicas pr\u00e1ticas de preparo, rega e colheita para ter frutos doces em casa.\" \/>\n<meta name=\"robots\" content=\"index, follow, max-snippet:-1, max-image-preview:large, max-video-preview:-1\" \/>\n<link rel=\"canonical\" href=\"https:\/\/www.em.com.br\/emfoco\/2025\/04\/30\/veja-como-plantar-abacaxi-a-partir-da-coroa-do-fruto\/\" \/>\n<meta property=\"og:locale\" content=\"pt_BR\" \/>\n<meta property=\"og:type\" content=\"article\" \/>\n<meta property=\"og:title\" content=\"Veja como plantar abacaxi a partir da coroa do fruto\" \/>\n<meta property=\"og:description\" content=\"Aprenda a plantar abacaxi em vasos ou no solo com dicas pr\u00e1ticas de preparo, rega e colheita para ter frutos doces em casa.\" \/>\n<meta property=\"og:url\" content=\"https:\/\/www.em.com.br\/emfoco\/2025\/04\/30\/veja-como-plantar-abacaxi-a-partir-da-coroa-do-fruto\/\" \/>\n<meta property=\"og:site_name\" content=\"Estado de Minas - Em foco\" \/>\n<meta property=\"article:published_time\" content=\"2025-04-30T14:00:00+00:00\" \/>\n<meta property=\"article:modified_time\" content=\"2025-04-29T15:29:09+00:00\" \/>\n<meta property=\"og:image\" content=\"https:\/\/www.em.com.br\/emfoco\/wp-content\/uploads\/2025\/03\/abacaxi-plantacao_1743079934978.jpg\" \/>\n\t<meta property=\"og:image:width\" content=\"1280\" \/>\n\t<meta property=\"og:image:height\" content=\"720\" \/>\n\t<meta property=\"og:image:type\" content=\"image\/jpeg\" \/>\n<meta name=\"author\" content=\"Daniely Cardoso\" \/>\n<meta name=\"twitter:card\" content=\"summary_large_image\" \/>\n<meta name=\"twitter:label1\" content=\"Escrito por\" \/>\n\t<meta name=\"twitter:data1\" content=\"Daniely Cardoso\" \/>\n\t<meta name=\"twitter:label2\" content=\"Est. tempo de leitura\" \/>\n\t<meta name=\"twitter:data2\" content=\"5 minutos\" \/>\n<!-- \/ Yoast SEO plugin. -->","yoast_head_json":{"title":"Veja como plantar abacaxi a partir da coroa do fruto","description":"Aprenda a plantar abacaxi em vasos ou no solo com dicas pr\u00e1ticas de preparo, rega e colheita para ter frutos doces em casa.","robots":{"index":"index","follow":"follow","max-snippet":"max-snippet:-1","max-image-preview":"max-image-preview:large","max-video-preview":"max-video-preview:-1"},"canonical":"https:\/\/www.em.com.br\/emfoco\/2025\/04\/30\/veja-como-plantar-abacaxi-a-partir-da-coroa-do-fruto\/","og_locale":"pt_BR","og_type":"article","og_title":"Veja como plantar abacaxi a partir da coroa do fruto","og_description":"Aprenda a plantar abacaxi em vasos ou no solo com dicas pr\u00e1ticas de preparo, rega e colheita para ter frutos doces em casa.","og_url":"https:\/\/www.em.com.br\/emfoco\/2025\/04\/30\/veja-como-plantar-abacaxi-a-partir-da-coroa-do-fruto\/","og_site_name":"Estado de Minas - Em foco","article_published_time":"2025-04-30T14:00:00+00:00","article_modified_time":"2025-04-29T15:29:09+00:00","og_image":[{"width":1280,"height":720,"url":"https:\/\/www.em.com.br\/emfoco\/wp-content\/uploads\/2025\/03\/abacaxi-plantacao_1743079934978.jpg","type":"image\/jpeg"}],"author":"Daniely Cardoso","twitter_card":"summary_large_image","twitter_misc":{"Escrito por":"Daniely Cardoso","Est. tempo de leitura":"5 minutos"},"schema":{"@context":"https:\/\/schema.org","@graph":[{"@type":"WebPage","@id":"https:\/\/www.em.com.br\/emfoco\/2025\/04\/30\/veja-como-plantar-abacaxi-a-partir-da-coroa-do-fruto\/","url":"https:\/\/www.em.com.br\/emfoco\/2025\/04\/30\/veja-como-plantar-abacaxi-a-partir-da-coroa-do-fruto\/","name":"Veja como plantar abacaxi a partir da coroa do fruto","isPartOf":{"@id":"https:\/\/www.em.com.br\/emfoco\/#website"},"primaryImageOfPage":{"@id":"https:\/\/www.em.com.br\/emfoco\/2025\/04\/30\/veja-como-plantar-abacaxi-a-partir-da-coroa-do-fruto\/#primaryimage"},"image":{"@id":"https:\/\/www.em.com.br\/emfoco\/2025\/04\/30\/veja-como-plantar-abacaxi-a-partir-da-coroa-do-fruto\/#primaryimage"},"thumbnailUrl":"https:\/\/www.em.com.br\/emfoco\/wp-content\/uploads\/2025\/03\/abacaxi-plantacao_1743079934978.jpg","datePublished":"2025-04-30T14:00:00+00:00","dateModified":"2025-04-29T15:29:09+00:00","author":{"@id":"https:\/\/www.em.com.br\/emfoco\/#\/schema\/person\/0a8186d72f2c3a5c6276d90b41f271a0"},"description":"Aprenda a plantar abacaxi em vasos ou no solo com dicas pr\u00e1ticas de preparo, rega e colheita para ter frutos doces em casa.","breadcrumb":{"@id":"https:\/\/www.em.com.br\/emfoco\/2025\/04\/30\/veja-como-plantar-abacaxi-a-partir-da-coroa-do-fruto\/#breadcrumb"},"inLanguage":"pt-BR","potentialAction":[{"@type":"ReadAction","target":["https:\/\/www.em.com.br\/emfoco\/2025\/04\/30\/veja-como-plantar-abacaxi-a-partir-da-coroa-do-fruto\/"]}]},{"@type":"ImageObject","inLanguage":"pt-BR","@id":"https:\/\/www.em.com.br\/emfoco\/2025\/04\/30\/veja-como-plantar-abacaxi-a-partir-da-coroa-do-fruto\/#primaryimage","url":"https:\/\/www.em.com.br\/emfoco\/wp-content\/uploads\/2025\/03\/abacaxi-plantacao_1743079934978.jpg","contentUrl":"https:\/\/www.em.com.br\/emfoco\/wp-content\/uploads\/2025\/03\/abacaxi-plantacao_1743079934978.jpg","width":1280,"height":720,"caption":"Abacaxi - Cr\u00e9ditos: depositphotos.com \/ foto.rigg.at"},{"@type":"BreadcrumbList","@id":"https:\/\/www.em.com.br\/emfoco\/2025\/04\/30\/veja-como-plantar-abacaxi-a-partir-da-coroa-do-fruto\/#breadcrumb","itemListElement":[{"@type":"ListItem","position":1,"name":"In\u00edcio","item":"https:\/\/www.em.com.br\/emfoco\/"},{"@type":"ListItem","position":2,"name":"Veja como plantar abacaxi a partir da coroa do fruto"}]},{"@type":"WebSite","@id":"https:\/\/www.em.com.br\/emfoco\/#website","url":"https:\/\/www.em.com.br\/emfoco\/","name":"Estado de Minas - Em foco","description":"Acompanhe as \u00faltimas not\u00edcias e fique bem informado sobre tudo o que acontece em Minas Gerais, Brasil e no mundo.","potentialAction":[{"@type":"SearchAction","target":{"@type":"EntryPoint","urlTemplate":"https:\/\/www.em.com.br\/emfoco\/?s={search_term_string}"},"query-input":{"@type":"PropertyValueSpecification","valueRequired":true,"valueName":"search_term_string"}}],"inLanguage":"pt-BR"},{"@type":"Person","@id":"https:\/\/www.em.com.br\/emfoco\/#\/schema\/person\/0a8186d72f2c3a5c6276d90b41f271a0","name":"Daniely Cardoso","image":{"@type":"ImageObject","inLanguage":"pt-BR","@id":"https:\/\/www.em.com.br\/emfoco\/#\/schema\/person\/image\/","url":"https:\/\/secure.gravatar.com\/avatar\/4b80ddbd124d1f071b626d52d62e5dff?s=96&d=mm&r=g","contentUrl":"https:\/\/secure.gravatar.com\/avatar\/4b80ddbd124d1f071b626d52d62e5dff?s=96&d=mm&r=g","caption":"Daniely Cardoso"},"url":"https:\/\/www.em.com.br\/emfoco\/author\/danielymyth\/"}]}},"_links":{"self":[{"href":"https:\/\/www.em.com.br\/emfoco\/wp-json\/wp\/v2\/posts\/42621","targetHints":{"allow":["GET"]}}],"collection":[{"href":"https:\/\/www.em.com.br\/emfoco\/wp-json\/wp\/v2\/posts"}],"about":[{"href":"https:\/\/www.em.com.br\/emfoco\/wp-json\/wp\/v2\/types\/post"}],"author":[{"embeddable":true,"href":"https:\/\/www.em.com.br\/emfoco\/wp-json\/wp\/v2\/users\/9"}],"replies":[{"embeddable":true,"href":"https:\/\/www.em.com.br\/emfoco\/wp-json\/wp\/v2\/comments?post=42621"}],"version-history":[{"count":2,"href":"https:\/\/www.em.com.br\/emfoco\/wp-json\/wp\/v2\/posts\/42621\/revisions"}],"predecessor-version":[{"id":42627,"href":"https:\/\/www.em.com.br\/emfoco\/wp-json\/wp\/v2\/posts\/42621\/revisions\/42627"}],"wp:featuredmedia":[{"embeddable":true,"href":"https:\/\/www.em.com.br\/emfoco\/wp-json\/wp\/v2\/media\/32864"}],"wp:attachment":[{"href":"https:\/\/www.em.com.br\/emfoco\/wp-json\/wp\/v2\/media?parent=42621"}],"wp:term":[{"taxonomy":"category","embeddable":true,"href":"https:\/\/www.em.com.br\/emfoco\/wp-json\/wp\/v2\/categories?post=42621"},{"taxonomy":"post_tag","embeddable":true,"href":"https:\/\/www.em.com.br\/emfoco\/wp-json\/wp\/v2\/tags?post=42621"}],"curies":[{"name":"wp","href":"https:\/\/api.w.org\/{rel}","templated":true}]}}