{"id":4258,"date":"2024-12-11T11:20:00","date_gmt":"2024-12-11T14:20:00","guid":{"rendered":"https:\/\/www.em.com.br\/emfoco\/?p=4258"},"modified":"2024-12-10T19:41:50","modified_gmt":"2024-12-10T22:41:50","slug":"seguro-desemprego-beneficio-garantido-ou-promessa-em-risco-descubra-agora","status":"publish","type":"post","link":"https:\/\/www.em.com.br\/emfoco\/2024\/12\/11\/seguro-desemprego-beneficio-garantido-ou-promessa-em-risco-descubra-agora\/","title":{"rendered":"Seguro-desemprego: benef\u00edcio garantido ou promessa em risco? Descubra agora!"},"content":{"rendered":"\n<p>Em tempos de incerteza econ\u00f4mica, o <strong><a href=\"https:\/\/www.gov.br\/pt-br\/servicos\/solicitar-o-seguro-desemprego\" target=\"_blank\" rel=\"noreferrer noopener\">seguro-desemprego<\/a><\/strong> surge como um al\u00edvio financeiro crucial para trabalhadores brasileiros que perderam o v\u00ednculo formal de emprego. Com valores atuais que podem chegar at\u00e9 R$ 2.313,74, este benef\u00edcio \u00e9 oferecido pelo Governo Federal como uma forma de seguran\u00e7a para aqueles que se encontram sem trabalho.<\/p>\n\n\n\n<p>No entanto, mudan\u00e7as significativas podem estar a caminho para o ano de 2025. O <a href=\"https:\/\/www.em.com.br\/emfoco\/2024\/12\/10\/trabalhadores-em-festa-feriado-e-decretado-no-dia-12-de-dezembro\/\" target=\"_blank\" rel=\"noreferrer noopener\">governo<\/a> planeja reformular o seguro-desemprego como parte de um amplo esfor\u00e7o para corte de gastos p\u00fablicos. Estas altera\u00e7\u00f5es, cujo an\u00fancio formal \u00e9 esperado em breve, visam ajustar o benef\u00edcio \u00e0s novas realidades econ\u00f4micas do pa\u00eds.<\/p>\n\n\n\n<h2 class=\"wp-block-heading\">Quais s\u00e3o as Regras Atuais do Seguro-Desemprego?<\/h2>\n\n\n\n<p>Atualmente, para ter direito ao seguro-desemprego, o trabalhador deve ter recebido sal\u00e1rios formais de um empregador legalmente registrado. Existem crit\u00e9rios espec\u00edficos relacionados ao tempo de servi\u00e7o que precisam ser atendidos, como:<\/p>\n\n\n\n<ul class=\"wp-block-list\">\n<li>Fornecimento de sal\u00e1rios por no m\u00ednimo 12 meses em um per\u00edodo de 18 meses antes da dispensa na primeira solicita\u00e7\u00e3o;<\/li>\n\n\n\n<li>No caso de uma segunda solicita\u00e7\u00e3o, \u00e9 necess\u00e1rio ter trabalhado pelo menos 9 meses nos \u00faltimos 12 meses.<\/li>\n\n\n\n<li>Para solicita\u00e7\u00f5es subsequentes, o trabalhador precisa ter um m\u00ednimo de 6 meses de trabalho cont\u00ednuo antes da dispensa.<\/li>\n<\/ul>\n\n\n<div class=\"wp-block-image\">\n<figure class=\"aligncenter size-large\"><img loading=\"lazy\" decoding=\"async\" width=\"1024\" height=\"576\" src=\"https:\/\/www.em.com.br\/emfoco\/wp-content\/uploads\/2024\/12\/Salario-minimo_1733705031468-1024x576.jpg\" alt=\"\" class=\"wp-image-3879\" srcset=\"https:\/\/www.em.com.br\/emfoco\/wp-content\/uploads\/2024\/12\/Salario-minimo_1733705031468-1024x576.jpg 1024w, https:\/\/www.em.com.br\/emfoco\/wp-content\/uploads\/2024\/12\/Salario-minimo_1733705031468-300x169.jpg 300w, https:\/\/www.em.com.br\/emfoco\/wp-content\/uploads\/2024\/12\/Salario-minimo_1733705031468-768x432.jpg 768w, https:\/\/www.em.com.br\/emfoco\/wp-content\/uploads\/2024\/12\/Salario-minimo_1733705031468-750x422.jpg 750w, https:\/\/www.em.com.br\/emfoco\/wp-content\/uploads\/2024\/12\/Salario-minimo_1733705031468-1140x641.jpg 1140w, https:\/\/www.em.com.br\/emfoco\/wp-content\/uploads\/2024\/12\/Salario-minimo_1733705031468.jpg 1280w\" sizes=\"auto, (max-width: 1024px) 100vw, 1024px\" \/><figcaption class=\"wp-element-caption\">Salario  &#8211; Cr\u00e9ditos: depositphotos.com \/ robertohunger<\/figcaption><\/figure><\/div>\n\n\n<h2 class=\"wp-block-heading\">O Que Pode Mudar em 2025?<\/h2>\n\n\n\n<p>Com a iminente reforma do seguro-desemprego, h\u00e1 uma expectativa de que as regras para a concess\u00e3o do benef\u00edcio se tornem mais restritivas. Possivelmente, o direito ao seguro poder\u00e1 ser limitado aos trabalhadores com remunera\u00e7\u00e3o mensal de at\u00e9 dois sal\u00e1rios m\u00ednimos. Esta mudan\u00e7a tem o objetivo de direcionar os recursos para os mais necessitados e se encaixar no novo or\u00e7amento do governo.<\/p>\n\n\n\n<p>O n\u00famero de parcelas e o seu valor tamb\u00e9m poder\u00e3o ser modificados, ajustando-se ao tempo de servi\u00e7o registrado. O objetivo dessas mudan\u00e7as seria otimizar o uso dos recursos dispon\u00edveis, garantindo que o seguro continue sustent\u00e1vel a longo prazo.<\/p>\n\n\n\n<h2 class=\"wp-block-heading\">Quando e Como as Novas Medidas Ser\u00e3o Anunciadas?<\/h2>\n\n\n\n<p>Embora muitos detalhes ainda n\u00e3o sejam conhecidos, espera-se que o governo forne\u00e7a um an\u00fancio oficial sobre as novas diretrizes do seguro-desemprego dentro das pr\u00f3ximas semanas. At\u00e9 l\u00e1, os cidad\u00e3os s\u00e3o aconselhados a aguardar mais informa\u00e7\u00f5es para se adaptar a poss\u00edveis mudan\u00e7as no recebimento do benef\u00edcio.<\/p>\n\n\n\n<p>O governo reafirma seu compromisso em oferecer apoio financeiro \u00e0queles que mais necessitam, enquanto busca equilibrar as necessidades or\u00e7ament\u00e1rias do pa\u00eds. Aguardam-se ansiosamente detalhes adicionais que ajudar\u00e3o a esclarecer o impacto dessas mudan\u00e7as propostas.<\/p>\n","protected":false},"excerpt":{"rendered":"<p>Em tempos de incerteza econ\u00f4mica, o seguro-desemprego surge como um al\u00edvio financeiro crucial para trabalhadores brasileiros que perderam o v\u00ednculo formal de emprego. Com valores atuais que podem chegar at\u00e9 R$ 2.313,74, este benef\u00edcio \u00e9 oferecido pelo Governo Federal como uma forma de seguran\u00e7a para aqueles que se encontram sem trabalho. No entanto, mudan\u00e7as significativas [&hellip;]<\/p>\n","protected":false},"author":7,"featured_media":4261,"comment_status":"open","ping_status":"open","sticky":false,"template":"","format":"standard","meta":{"jnews-multi-image_gallery":[],"jnews_single_post":{"format":"standard"},"jnews_primary_category":[],"jnews_social_meta":[],"jnews_override_counter":[],"footnotes":""},"categories":[28],"tags":[259,1833,1832,641],"class_list":["post-4258","post","type-post","status-publish","format-standard","has-post-thumbnail","hentry","category-economia","tag-beneficio","tag-desemprego","tag-seguro-desemprego","tag-trabalhador"],"yoast_head":"<!-- This site is optimized with the Yoast SEO plugin v23.8 - https:\/\/yoast.com\/wordpress\/plugins\/seo\/ -->\n<title>Seguro-desemprego: benef\u00edcio garantido ou promessa em risco? Descubra agora! - Estado de Minas - Em foco<\/title>\n<meta name=\"description\" content=\"O seguro-desemprego \u00e9 um direito dos trabalhadores brasileiros demitidos sem justa causa, esse recurso esta em risco? Descubra\" \/>\n<meta name=\"robots\" content=\"index, follow, max-snippet:-1, max-image-preview:large, max-video-preview:-1\" \/>\n<link rel=\"canonical\" href=\"https:\/\/www.em.com.br\/emfoco\/2024\/12\/11\/seguro-desemprego-beneficio-garantido-ou-promessa-em-risco-descubra-agora\/\" \/>\n<meta property=\"og:locale\" content=\"pt_BR\" \/>\n<meta property=\"og:type\" content=\"article\" \/>\n<meta property=\"og:title\" content=\"Seguro-desemprego: benef\u00edcio garantido ou promessa em risco? Descubra agora! - Estado de Minas - Em foco\" \/>\n<meta property=\"og:description\" content=\"O seguro-desemprego \u00e9 um direito dos trabalhadores brasileiros demitidos sem justa causa, esse recurso esta em risco? Descubra\" \/>\n<meta property=\"og:url\" content=\"https:\/\/www.em.com.br\/emfoco\/2024\/12\/11\/seguro-desemprego-beneficio-garantido-ou-promessa-em-risco-descubra-agora\/\" \/>\n<meta property=\"og:site_name\" content=\"Estado de Minas - Em foco\" \/>\n<meta property=\"article:published_time\" content=\"2024-12-11T14:20:00+00:00\" \/>\n<meta property=\"article:modified_time\" content=\"2024-12-10T22:41:50+00:00\" \/>\n<meta property=\"og:image\" content=\"https:\/\/www.em.com.br\/emfoco\/wp-content\/uploads\/2024\/12\/CLT_1733870382551.jpg\" \/>\n\t<meta property=\"og:image:width\" content=\"1280\" \/>\n\t<meta property=\"og:image:height\" content=\"720\" \/>\n\t<meta property=\"og:image:type\" content=\"image\/jpeg\" \/>\n<meta name=\"author\" content=\"Kelvin\" \/>\n<meta name=\"twitter:card\" content=\"summary_large_image\" \/>\n<meta name=\"twitter:label1\" content=\"Escrito por\" \/>\n\t<meta name=\"twitter:data1\" content=\"Kelvin\" \/>\n\t<meta name=\"twitter:label2\" content=\"Est. tempo de leitura\" \/>\n\t<meta name=\"twitter:data2\" content=\"3 minutos\" \/>\n<!-- \/ Yoast SEO plugin. -->","yoast_head_json":{"title":"Seguro-desemprego: benef\u00edcio garantido ou promessa em risco? Descubra agora! - Estado de Minas - Em foco","description":"O seguro-desemprego \u00e9 um direito dos trabalhadores brasileiros demitidos sem justa causa, esse recurso esta em risco? Descubra","robots":{"index":"index","follow":"follow","max-snippet":"max-snippet:-1","max-image-preview":"max-image-preview:large","max-video-preview":"max-video-preview:-1"},"canonical":"https:\/\/www.em.com.br\/emfoco\/2024\/12\/11\/seguro-desemprego-beneficio-garantido-ou-promessa-em-risco-descubra-agora\/","og_locale":"pt_BR","og_type":"article","og_title":"Seguro-desemprego: benef\u00edcio garantido ou promessa em risco? Descubra agora! - Estado de Minas - Em foco","og_description":"O seguro-desemprego \u00e9 um direito dos trabalhadores brasileiros demitidos sem justa causa, esse recurso esta em risco? Descubra","og_url":"https:\/\/www.em.com.br\/emfoco\/2024\/12\/11\/seguro-desemprego-beneficio-garantido-ou-promessa-em-risco-descubra-agora\/","og_site_name":"Estado de Minas - Em foco","article_published_time":"2024-12-11T14:20:00+00:00","article_modified_time":"2024-12-10T22:41:50+00:00","og_image":[{"width":1280,"height":720,"url":"https:\/\/www.em.com.br\/emfoco\/wp-content\/uploads\/2024\/12\/CLT_1733870382551.jpg","type":"image\/jpeg"}],"author":"Kelvin","twitter_card":"summary_large_image","twitter_misc":{"Escrito por":"Kelvin","Est. tempo de leitura":"3 minutos"},"schema":{"@context":"https:\/\/schema.org","@graph":[{"@type":"WebPage","@id":"https:\/\/www.em.com.br\/emfoco\/2024\/12\/11\/seguro-desemprego-beneficio-garantido-ou-promessa-em-risco-descubra-agora\/","url":"https:\/\/www.em.com.br\/emfoco\/2024\/12\/11\/seguro-desemprego-beneficio-garantido-ou-promessa-em-risco-descubra-agora\/","name":"Seguro-desemprego: benef\u00edcio garantido ou promessa em risco? Descubra agora! - Estado de Minas - Em foco","isPartOf":{"@id":"https:\/\/www.em.com.br\/emfoco\/#website"},"primaryImageOfPage":{"@id":"https:\/\/www.em.com.br\/emfoco\/2024\/12\/11\/seguro-desemprego-beneficio-garantido-ou-promessa-em-risco-descubra-agora\/#primaryimage"},"image":{"@id":"https:\/\/www.em.com.br\/emfoco\/2024\/12\/11\/seguro-desemprego-beneficio-garantido-ou-promessa-em-risco-descubra-agora\/#primaryimage"},"thumbnailUrl":"https:\/\/www.em.com.br\/emfoco\/wp-content\/uploads\/2024\/12\/CLT_1733870382551.jpg","datePublished":"2024-12-11T14:20:00+00:00","dateModified":"2024-12-10T22:41:50+00:00","author":{"@id":"https:\/\/www.em.com.br\/emfoco\/#\/schema\/person\/fb0a7f48c6fbb94b83f413a80f61917d"},"description":"O seguro-desemprego \u00e9 um direito dos trabalhadores brasileiros demitidos sem justa causa, esse recurso esta em risco? Descubra","breadcrumb":{"@id":"https:\/\/www.em.com.br\/emfoco\/2024\/12\/11\/seguro-desemprego-beneficio-garantido-ou-promessa-em-risco-descubra-agora\/#breadcrumb"},"inLanguage":"pt-BR","potentialAction":[{"@type":"ReadAction","target":["https:\/\/www.em.com.br\/emfoco\/2024\/12\/11\/seguro-desemprego-beneficio-garantido-ou-promessa-em-risco-descubra-agora\/"]}]},{"@type":"ImageObject","inLanguage":"pt-BR","@id":"https:\/\/www.em.com.br\/emfoco\/2024\/12\/11\/seguro-desemprego-beneficio-garantido-ou-promessa-em-risco-descubra-agora\/#primaryimage","url":"https:\/\/www.em.com.br\/emfoco\/wp-content\/uploads\/2024\/12\/CLT_1733870382551.jpg","contentUrl":"https:\/\/www.em.com.br\/emfoco\/wp-content\/uploads\/2024\/12\/CLT_1733870382551.jpg","width":1280,"height":720,"caption":"CLT - Cr\u00e9ditos: depositphotos.com \/ rafapress"},{"@type":"BreadcrumbList","@id":"https:\/\/www.em.com.br\/emfoco\/2024\/12\/11\/seguro-desemprego-beneficio-garantido-ou-promessa-em-risco-descubra-agora\/#breadcrumb","itemListElement":[{"@type":"ListItem","position":1,"name":"In\u00edcio","item":"https:\/\/www.em.com.br\/emfoco\/"},{"@type":"ListItem","position":2,"name":"Seguro-desemprego: benef\u00edcio garantido ou promessa em risco? Descubra agora!"}]},{"@type":"WebSite","@id":"https:\/\/www.em.com.br\/emfoco\/#website","url":"https:\/\/www.em.com.br\/emfoco\/","name":"Estado de Minas - Em foco","description":"Acompanhe as \u00faltimas not\u00edcias e fique bem informado sobre tudo o que acontece em Minas Gerais, Brasil e no mundo.","potentialAction":[{"@type":"SearchAction","target":{"@type":"EntryPoint","urlTemplate":"https:\/\/www.em.com.br\/emfoco\/?s={search_term_string}"},"query-input":{"@type":"PropertyValueSpecification","valueRequired":true,"valueName":"search_term_string"}}],"inLanguage":"pt-BR"},{"@type":"Person","@id":"https:\/\/www.em.com.br\/emfoco\/#\/schema\/person\/fb0a7f48c6fbb94b83f413a80f61917d","name":"Kelvin","image":{"@type":"ImageObject","inLanguage":"pt-BR","@id":"https:\/\/www.em.com.br\/emfoco\/#\/schema\/person\/image\/","url":"https:\/\/secure.gravatar.com\/avatar\/e74f84337e6bf6c4c5e88fbdffa05270?s=96&d=mm&r=g","contentUrl":"https:\/\/secure.gravatar.com\/avatar\/e74f84337e6bf6c4c5e88fbdffa05270?s=96&d=mm&r=g","caption":"Kelvin"},"sameAs":["https:\/\/www.em.com.br\/emfoco"],"url":"https:\/\/www.em.com.br\/emfoco\/author\/kelvinmyth\/"}]}},"_links":{"self":[{"href":"https:\/\/www.em.com.br\/emfoco\/wp-json\/wp\/v2\/posts\/4258","targetHints":{"allow":["GET"]}}],"collection":[{"href":"https:\/\/www.em.com.br\/emfoco\/wp-json\/wp\/v2\/posts"}],"about":[{"href":"https:\/\/www.em.com.br\/emfoco\/wp-json\/wp\/v2\/types\/post"}],"author":[{"embeddable":true,"href":"https:\/\/www.em.com.br\/emfoco\/wp-json\/wp\/v2\/users\/7"}],"replies":[{"embeddable":true,"href":"https:\/\/www.em.com.br\/emfoco\/wp-json\/wp\/v2\/comments?post=4258"}],"version-history":[{"count":2,"href":"https:\/\/www.em.com.br\/emfoco\/wp-json\/wp\/v2\/posts\/4258\/revisions"}],"predecessor-version":[{"id":4262,"href":"https:\/\/www.em.com.br\/emfoco\/wp-json\/wp\/v2\/posts\/4258\/revisions\/4262"}],"wp:featuredmedia":[{"embeddable":true,"href":"https:\/\/www.em.com.br\/emfoco\/wp-json\/wp\/v2\/media\/4261"}],"wp:attachment":[{"href":"https:\/\/www.em.com.br\/emfoco\/wp-json\/wp\/v2\/media?parent=4258"}],"wp:term":[{"taxonomy":"category","embeddable":true,"href":"https:\/\/www.em.com.br\/emfoco\/wp-json\/wp\/v2\/categories?post=4258"},{"taxonomy":"post_tag","embeddable":true,"href":"https:\/\/www.em.com.br\/emfoco\/wp-json\/wp\/v2\/tags?post=4258"}],"curies":[{"name":"wp","href":"https:\/\/api.w.org\/{rel}","templated":true}]}}