{"id":42575,"date":"2025-05-03T16:40:00","date_gmt":"2025-05-03T19:40:00","guid":{"rendered":"https:\/\/www.em.com.br\/emfoco\/?p=42575"},"modified":"2025-04-29T11:14:42","modified_gmt":"2025-04-29T14:14:42","slug":"poucos-sabem-como-o-brocolis-transforma-a-saude-intestinal","status":"publish","type":"post","link":"https:\/\/www.em.com.br\/emfoco\/2025\/05\/03\/poucos-sabem-como-o-brocolis-transforma-a-saude-intestinal\/","title":{"rendered":"Poucos sabem como o br\u00f3colis transforma a sa\u00fade intestinal"},"content":{"rendered":"\n<p>O br\u00f3colis \u00e9 um vegetal cruc\u00edfero amplamente reconhecido por suas propriedades nutricionais e benef\u00edcios \u00e0 sa\u00fade. Origin\u00e1rio da regi\u00e3o do <strong>Mediterr\u00e2neo<\/strong>, ele \u00e9 um alimento vers\u00e1til que pode ser incorporado em diversas receitas, contribuindo para uma dieta equilibrada. Al\u00e9m de ser uma excelente fonte de vitaminas e minerais, o br\u00f3colis possui compostos bioativos que promovem a sa\u00fade de v\u00e1rias maneiras.<\/p>\n\n\n\n<p>Este vegetal \u00e9 rico em <strong><a href=\"https:\/\/www.uol.com.br\/vivabem\/faq\/para-que-serve-a-vitamina-c-saiba-beneficios-reais-e-principais-alimentos.htm#:~:text=A%20vitamina%20C%20exerce%20fun%C3%A7%C3%B5es,dentes%2C%20gengivas%20e%20vasos%20sangu%C3%ADneos.\" target=\"_blank\" rel=\"noreferrer noopener\">vitamina C<\/a><\/strong>, <strong>vitamina K<\/strong>, <strong>folato<\/strong>, <strong>pot\u00e1ssio<\/strong> e <strong>fibras<\/strong>. Al\u00e9m disso, <strong>cont\u00e9m antioxidantes que ajudam a combater os radicais livres no corpo, reduzindo o risco de doen\u00e7as cr\u00f4nicas<\/strong>. A presen\u00e7a de sulforafano, um composto encontrado no br\u00f3colis, tem sido associada a propriedades anticancer\u00edgenas, tornando-o um aliado na preven\u00e7\u00e3o de certos tipos de c\u00e2ncer.<\/p>\n\n\n\n<h2 class=\"wp-block-heading\">Quais s\u00e3o os principais benef\u00edcios do br\u00f3colis para a sa\u00fade?<\/h2>\n\n\n\n<p>O consumo regular de br\u00f3colis pode trazer uma s\u00e9rie de benef\u00edcios para a sa\u00fade. Primeiramente, ele auxilia na <strong>sa\u00fade do cora\u00e7\u00e3o<\/strong>, gra\u00e7as ao seu conte\u00fado de fibras e antioxidantes, que ajudam a reduzir o colesterol e a press\u00e3o arterial. Al\u00e9m disso, o br\u00f3colis \u00e9 ben\u00e9fico para a <strong>sa\u00fade dos ossos<\/strong>, devido \u00e0 presen\u00e7a de vitamina K e c\u00e1lcio, essenciais para a manuten\u00e7\u00e3o da densidade \u00f3ssea.<\/p>\n\n\n\n<p>Outro benef\u00edcio significativo \u00e9 a <strong>melhoria da <a href=\"https:\/\/www.em.com.br\/emfoco\/2025\/04\/23\/a-acelga-pode-ser-sua-maior-aliada-no-controle-de-pressao-e-para-sua-digestao\/\" target=\"_blank\" rel=\"noreferrer noopener\">digest\u00e3o<\/a><\/strong>. As fibras presentes no br\u00f3colis promovem a sa\u00fade intestinal, prevenindo a constipa\u00e7\u00e3o e mantendo o sistema digestivo funcionando adequadamente. Al\u00e9m disso, o br\u00f3colis pode ajudar a <strong>fortalecer o sistema imunol\u00f3gico<\/strong>, gra\u00e7as \u00e0 vitamina C, que \u00e9 fundamental para a defesa do organismo contra infec\u00e7\u00f5es.<\/p>\n\n\n\n<figure class=\"wp-block-image size-large\"><img loading=\"lazy\" decoding=\"async\" width=\"1024\" height=\"576\" src=\"https:\/\/www.em.com.br\/emfoco\/wp-content\/uploads\/2025\/04\/broccoli_1745936013049-1024x576.jpg\" alt=\"Poucos sabem como o br\u00f3colis transforma a sa\u00fade intestinal\" class=\"wp-image-42584\" srcset=\"https:\/\/www.em.com.br\/emfoco\/wp-content\/uploads\/2025\/04\/broccoli_1745936013049-1024x576.jpg 1024w, https:\/\/www.em.com.br\/emfoco\/wp-content\/uploads\/2025\/04\/broccoli_1745936013049-300x169.jpg 300w, https:\/\/www.em.com.br\/emfoco\/wp-content\/uploads\/2025\/04\/broccoli_1745936013049-768x432.jpg 768w, https:\/\/www.em.com.br\/emfoco\/wp-content\/uploads\/2025\/04\/broccoli_1745936013049-750x422.jpg 750w, https:\/\/www.em.com.br\/emfoco\/wp-content\/uploads\/2025\/04\/broccoli_1745936013049-1140x641.jpg 1140w, https:\/\/www.em.com.br\/emfoco\/wp-content\/uploads\/2025\/04\/broccoli_1745936013049.jpg 1280w\" sizes=\"auto, (max-width: 1024px) 100vw, 1024px\" \/><figcaption class=\"wp-element-caption\">Br\u00f3colis &#8211; Cr\u00e9ditos: depositphotos.com \/ Dream79<\/figcaption><\/figure>\n\n\n\n<h2 class=\"wp-block-heading\">Como incluir o br\u00f3colis em uma dieta saud\u00e1vel?<\/h2>\n\n\n\n<p>Incorporar o br\u00f3colis na dieta \u00e9 uma maneira simples de melhorar a sa\u00fade geral. Ele pode ser consumido cru em saladas, cozido no vapor, assado ou at\u00e9 mesmo em sopas e ensopados. A versatilidade do br\u00f3colis permite que ele seja combinado com uma variedade de ingredientes, tornando-o uma adi\u00e7\u00e3o f\u00e1cil a qualquer refei\u00e7\u00e3o.<\/p>\n\n\n\n<h2 class=\"wp-block-heading\">Receita saud\u00e1vel: salada de br\u00f3colis com am\u00eandoas e cranberries<\/h2>\n\n\n\n<p>Uma maneira deliciosa de desfrutar dos benef\u00edcios do br\u00f3colis \u00e9 atrav\u00e9s de uma salada nutritiva. Aqui est\u00e1 uma receita simples e saud\u00e1vel:<\/p>\n\n\n\n<ol class=\"wp-block-list\">\n<li><strong>Ingredientes:<\/strong>\n<ul class=\"wp-block-list\">\n<li>1 cabe\u00e7a de br\u00f3colis, cortada em floretes<\/li>\n\n\n\n<li>1\/4 de x\u00edcara de am\u00eandoas laminadas<\/li>\n\n\n\n<li>1\/4 de x\u00edcara de cranberries secas<\/li>\n\n\n\n<li>1\/4 de x\u00edcara de cebola roxa picada<\/li>\n\n\n\n<li>2 colheres de sopa de azeite de oliva<\/li>\n\n\n\n<li>1 colher de sopa de vinagre de ma\u00e7\u00e3<\/li>\n\n\n\n<li>Sal e pimenta a gosto<\/li>\n<\/ul>\n<\/li>\n\n\n\n<li><strong>Modo de Preparo:<\/strong>\n<ul class=\"wp-block-list\">\n<li>Cozinhe o br\u00f3colis no vapor por cerca de 5 minutos, at\u00e9 que fique macio, mas ainda crocante.<\/li>\n\n\n\n<li>Em uma tigela grande, misture o br\u00f3colis, as am\u00eandoas, as cranberries e a cebola roxa.<\/li>\n\n\n\n<li>Em um recipiente separado, misture o azeite de oliva, o vinagre de ma\u00e7\u00e3, o sal e a pimenta.<\/li>\n\n\n\n<li>Despeje o molho sobre a salada e misture bem.<\/li>\n\n\n\n<li>Sirva imediatamente ou leve \u00e0 geladeira por 30 minutos para intensificar os sabores.<\/li>\n<\/ul>\n<\/li>\n<\/ol>\n\n\n\n<p>Esta salada \u00e9 uma excelente op\u00e7\u00e3o para um almo\u00e7o leve ou como acompanhamento em um jantar. Al\u00e9m de saborosa, ela oferece todos os benef\u00edcios do br\u00f3colis, combinados com o sabor e a textura das am\u00eandoas e cranberries.<\/p>\n\n\n\n<p>Em resumo, o br\u00f3colis \u00e9 um vegetal nutritivo que pode ser facilmente incorporado em uma dieta saud\u00e1vel. Seus in\u00fameros benef\u00edcios para a sa\u00fade, aliados \u00e0 sua versatilidade culin\u00e1ria, fazem dele uma escolha excelente para quem busca melhorar a alimenta\u00e7\u00e3o e o bem-estar geral.<\/p>\n","protected":false},"excerpt":{"rendered":"<p>O br\u00f3colis \u00e9 um vegetal cruc\u00edfero amplamente reconhecido por suas propriedades nutricionais e benef\u00edcios \u00e0 sa\u00fade. Origin\u00e1rio da regi\u00e3o do Mediterr\u00e2neo, ele \u00e9 um alimento vers\u00e1til que pode ser incorporado em diversas receitas, contribuindo para uma dieta equilibrada. Al\u00e9m de ser uma excelente fonte de vitaminas e minerais, o br\u00f3colis possui compostos bioativos que promovem [&hellip;]<\/p>\n","protected":false},"author":13,"featured_media":42583,"comment_status":"open","ping_status":"open","sticky":false,"template":"","format":"standard","meta":{"jnews-multi-image_gallery":[],"jnews_single_post":{"format":"standard"},"jnews_primary_category":[],"jnews_social_meta":[],"jnews_override_counter":[],"footnotes":""},"categories":[29],"tags":[6774,4068,3509,415],"class_list":["post-42575","post","type-post","status-publish","format-standard","has-post-thumbnail","hentry","category-entretenimento","tag-alimento-funcional","tag-brocolis","tag-nutricao","tag-saude"],"yoast_head":"<!-- This site is optimized with the Yoast SEO plugin v23.8 - https:\/\/yoast.com\/wordpress\/plugins\/seo\/ -->\n<title>Poucos sabem como o br\u00f3colis transforma a sa\u00fade intestinal - Estado de Minas - Em foco<\/title>\n<meta name=\"description\" content=\"Poucos sabem como o br\u00f3colis pode melhorar a sa\u00fade do cora\u00e7\u00e3o e prevenir doen\u00e7as graves. Descubra por que ele \u00e9 t\u00e3o poderoso.\" \/>\n<meta name=\"robots\" content=\"index, follow, max-snippet:-1, max-image-preview:large, max-video-preview:-1\" \/>\n<link rel=\"canonical\" href=\"https:\/\/www.em.com.br\/emfoco\/2025\/05\/03\/poucos-sabem-como-o-brocolis-transforma-a-saude-intestinal\/\" \/>\n<meta property=\"og:locale\" content=\"pt_BR\" \/>\n<meta property=\"og:type\" content=\"article\" \/>\n<meta property=\"og:title\" content=\"Poucos sabem como o br\u00f3colis transforma a sa\u00fade intestinal - Estado de Minas - Em foco\" \/>\n<meta property=\"og:description\" content=\"Poucos sabem como o br\u00f3colis pode melhorar a sa\u00fade do cora\u00e7\u00e3o e prevenir doen\u00e7as graves. Descubra por que ele \u00e9 t\u00e3o poderoso.\" \/>\n<meta property=\"og:url\" content=\"https:\/\/www.em.com.br\/emfoco\/2025\/05\/03\/poucos-sabem-como-o-brocolis-transforma-a-saude-intestinal\/\" \/>\n<meta property=\"og:site_name\" content=\"Estado de Minas - Em foco\" \/>\n<meta property=\"article:published_time\" content=\"2025-05-03T19:40:00+00:00\" \/>\n<meta property=\"article:modified_time\" content=\"2025-04-29T14:14:42+00:00\" \/>\n<meta property=\"og:image\" content=\"https:\/\/www.em.com.br\/emfoco\/wp-content\/uploads\/2025\/04\/broccoli_1745935986560.jpg\" \/>\n\t<meta property=\"og:image:width\" content=\"1280\" \/>\n\t<meta property=\"og:image:height\" content=\"720\" \/>\n\t<meta property=\"og:image:type\" content=\"image\/jpeg\" \/>\n<meta name=\"author\" content=\"Gabriel Martins\" \/>\n<meta name=\"twitter:card\" content=\"summary_large_image\" \/>\n<meta name=\"twitter:label1\" content=\"Escrito por\" \/>\n\t<meta name=\"twitter:data1\" content=\"Gabriel Martins\" \/>\n\t<meta name=\"twitter:label2\" content=\"Est. tempo de leitura\" \/>\n\t<meta name=\"twitter:data2\" content=\"4 minutos\" \/>\n<!-- \/ Yoast SEO plugin. -->","yoast_head_json":{"title":"Poucos sabem como o br\u00f3colis transforma a sa\u00fade intestinal - Estado de Minas - Em foco","description":"Poucos sabem como o br\u00f3colis pode melhorar a sa\u00fade do cora\u00e7\u00e3o e prevenir doen\u00e7as graves. Descubra por que ele \u00e9 t\u00e3o poderoso.","robots":{"index":"index","follow":"follow","max-snippet":"max-snippet:-1","max-image-preview":"max-image-preview:large","max-video-preview":"max-video-preview:-1"},"canonical":"https:\/\/www.em.com.br\/emfoco\/2025\/05\/03\/poucos-sabem-como-o-brocolis-transforma-a-saude-intestinal\/","og_locale":"pt_BR","og_type":"article","og_title":"Poucos sabem como o br\u00f3colis transforma a sa\u00fade intestinal - Estado de Minas - Em foco","og_description":"Poucos sabem como o br\u00f3colis pode melhorar a sa\u00fade do cora\u00e7\u00e3o e prevenir doen\u00e7as graves. Descubra por que ele \u00e9 t\u00e3o poderoso.","og_url":"https:\/\/www.em.com.br\/emfoco\/2025\/05\/03\/poucos-sabem-como-o-brocolis-transforma-a-saude-intestinal\/","og_site_name":"Estado de Minas - Em foco","article_published_time":"2025-05-03T19:40:00+00:00","article_modified_time":"2025-04-29T14:14:42+00:00","og_image":[{"width":1280,"height":720,"url":"https:\/\/www.em.com.br\/emfoco\/wp-content\/uploads\/2025\/04\/broccoli_1745935986560.jpg","type":"image\/jpeg"}],"author":"Gabriel Martins","twitter_card":"summary_large_image","twitter_misc":{"Escrito por":"Gabriel Martins","Est. tempo de leitura":"4 minutos"},"schema":{"@context":"https:\/\/schema.org","@graph":[{"@type":"WebPage","@id":"https:\/\/www.em.com.br\/emfoco\/2025\/05\/03\/poucos-sabem-como-o-brocolis-transforma-a-saude-intestinal\/","url":"https:\/\/www.em.com.br\/emfoco\/2025\/05\/03\/poucos-sabem-como-o-brocolis-transforma-a-saude-intestinal\/","name":"Poucos sabem como o br\u00f3colis transforma a sa\u00fade intestinal - Estado de Minas - Em foco","isPartOf":{"@id":"https:\/\/www.em.com.br\/emfoco\/#website"},"primaryImageOfPage":{"@id":"https:\/\/www.em.com.br\/emfoco\/2025\/05\/03\/poucos-sabem-como-o-brocolis-transforma-a-saude-intestinal\/#primaryimage"},"image":{"@id":"https:\/\/www.em.com.br\/emfoco\/2025\/05\/03\/poucos-sabem-como-o-brocolis-transforma-a-saude-intestinal\/#primaryimage"},"thumbnailUrl":"https:\/\/www.em.com.br\/emfoco\/wp-content\/uploads\/2025\/04\/broccoli_1745935986560.jpg","datePublished":"2025-05-03T19:40:00+00:00","dateModified":"2025-04-29T14:14:42+00:00","author":{"@id":"https:\/\/www.em.com.br\/emfoco\/#\/schema\/person\/1c9ddeab18b98abeffef834667bcf08a"},"description":"Poucos sabem como o br\u00f3colis pode melhorar a sa\u00fade do cora\u00e7\u00e3o e prevenir doen\u00e7as graves. Descubra por que ele \u00e9 t\u00e3o poderoso.","breadcrumb":{"@id":"https:\/\/www.em.com.br\/emfoco\/2025\/05\/03\/poucos-sabem-como-o-brocolis-transforma-a-saude-intestinal\/#breadcrumb"},"inLanguage":"pt-BR","potentialAction":[{"@type":"ReadAction","target":["https:\/\/www.em.com.br\/emfoco\/2025\/05\/03\/poucos-sabem-como-o-brocolis-transforma-a-saude-intestinal\/"]}]},{"@type":"ImageObject","inLanguage":"pt-BR","@id":"https:\/\/www.em.com.br\/emfoco\/2025\/05\/03\/poucos-sabem-como-o-brocolis-transforma-a-saude-intestinal\/#primaryimage","url":"https:\/\/www.em.com.br\/emfoco\/wp-content\/uploads\/2025\/04\/broccoli_1745935986560.jpg","contentUrl":"https:\/\/www.em.com.br\/emfoco\/wp-content\/uploads\/2025\/04\/broccoli_1745935986560.jpg","width":1280,"height":720,"caption":"Br\u00f3colis - Cr\u00e9ditos: depositphotos.com \/ VitalikRadko"},{"@type":"BreadcrumbList","@id":"https:\/\/www.em.com.br\/emfoco\/2025\/05\/03\/poucos-sabem-como-o-brocolis-transforma-a-saude-intestinal\/#breadcrumb","itemListElement":[{"@type":"ListItem","position":1,"name":"In\u00edcio","item":"https:\/\/www.em.com.br\/emfoco\/"},{"@type":"ListItem","position":2,"name":"Poucos sabem como o br\u00f3colis transforma a sa\u00fade intestinal"}]},{"@type":"WebSite","@id":"https:\/\/www.em.com.br\/emfoco\/#website","url":"https:\/\/www.em.com.br\/emfoco\/","name":"Estado de Minas - Em foco","description":"Acompanhe as \u00faltimas not\u00edcias e fique bem informado sobre tudo o que acontece em Minas Gerais, Brasil e no mundo.","potentialAction":[{"@type":"SearchAction","target":{"@type":"EntryPoint","urlTemplate":"https:\/\/www.em.com.br\/emfoco\/?s={search_term_string}"},"query-input":{"@type":"PropertyValueSpecification","valueRequired":true,"valueName":"search_term_string"}}],"inLanguage":"pt-BR"},{"@type":"Person","@id":"https:\/\/www.em.com.br\/emfoco\/#\/schema\/person\/1c9ddeab18b98abeffef834667bcf08a","name":"Gabriel Martins","image":{"@type":"ImageObject","inLanguage":"pt-BR","@id":"https:\/\/www.em.com.br\/emfoco\/#\/schema\/person\/image\/","url":"https:\/\/secure.gravatar.com\/avatar\/f0f1e2efdfd88f1ad2cb08c5c2731e50?s=96&d=mm&r=g","contentUrl":"https:\/\/secure.gravatar.com\/avatar\/f0f1e2efdfd88f1ad2cb08c5c2731e50?s=96&d=mm&r=g","caption":"Gabriel Martins"},"sameAs":["https:\/\/www.em.com.br\/emfoco\/"],"url":"https:\/\/www.em.com.br\/emfoco\/author\/gabrielmartinsmyth\/"}]}},"_links":{"self":[{"href":"https:\/\/www.em.com.br\/emfoco\/wp-json\/wp\/v2\/posts\/42575","targetHints":{"allow":["GET"]}}],"collection":[{"href":"https:\/\/www.em.com.br\/emfoco\/wp-json\/wp\/v2\/posts"}],"about":[{"href":"https:\/\/www.em.com.br\/emfoco\/wp-json\/wp\/v2\/types\/post"}],"author":[{"embeddable":true,"href":"https:\/\/www.em.com.br\/emfoco\/wp-json\/wp\/v2\/users\/13"}],"replies":[{"embeddable":true,"href":"https:\/\/www.em.com.br\/emfoco\/wp-json\/wp\/v2\/comments?post=42575"}],"version-history":[{"count":2,"href":"https:\/\/www.em.com.br\/emfoco\/wp-json\/wp\/v2\/posts\/42575\/revisions"}],"predecessor-version":[{"id":42586,"href":"https:\/\/www.em.com.br\/emfoco\/wp-json\/wp\/v2\/posts\/42575\/revisions\/42586"}],"wp:featuredmedia":[{"embeddable":true,"href":"https:\/\/www.em.com.br\/emfoco\/wp-json\/wp\/v2\/media\/42583"}],"wp:attachment":[{"href":"https:\/\/www.em.com.br\/emfoco\/wp-json\/wp\/v2\/media?parent=42575"}],"wp:term":[{"taxonomy":"category","embeddable":true,"href":"https:\/\/www.em.com.br\/emfoco\/wp-json\/wp\/v2\/categories?post=42575"},{"taxonomy":"post_tag","embeddable":true,"href":"https:\/\/www.em.com.br\/emfoco\/wp-json\/wp\/v2\/tags?post=42575"}],"curies":[{"name":"wp","href":"https:\/\/api.w.org\/{rel}","templated":true}]}}