{"id":42558,"date":"2025-04-30T15:20:00","date_gmt":"2025-04-30T18:20:00","guid":{"rendered":"https:\/\/www.em.com.br\/emfoco\/?p=42558"},"modified":"2025-07-01T19:03:22","modified_gmt":"2025-07-01T22:03:22","slug":"marvel-surpreende-em-admiravel-mundo-novo-com-reviravolta-no-legado-do-escudo","status":"publish","type":"post","link":"https:\/\/www.em.com.br\/emfoco\/2025\/04\/30\/marvel-surpreende-em-admiravel-mundo-novo-com-reviravolta-no-legado-do-escudo\/","title":{"rendered":"Marvel surpreende em Admir\u00e1vel Mundo Novo com reviravolta no legado do escudo"},"content":{"rendered":"\n<p>O <strong>Universo Cinematogr\u00e1fico da Marvel<\/strong> (<strong>MCU<\/strong>) inicia uma nova era com <strong>Capit\u00e3o Am\u00e9rica: Admir\u00e1vel Mundo Novo<\/strong>, marcando oficialmente a transi\u00e7\u00e3o do manto heroico para <strong>Anthony Mackie<\/strong> como <strong>Sam Wilson<\/strong>. Dirigido por <strong>Julius Onah<\/strong>, conhecido por <strong>O Paradoxo Cloverfield<\/strong>, o filme estreou nos cinemas brasileiros em 13 de fevereiro de 2025, trazendo uma abordagem mais madura e politicamente engajada para o universo Marvel. Esta produ\u00e7\u00e3o representa n\u00e3o apenas a consolida\u00e7\u00e3o de um novo protagonista, mas tamb\u00e9m uma tentativa de recuperar o prest\u00edgio narrativo que caracterizou a era dourada do est\u00fadio.<\/p>\n\n\n\n<p>A expectativa em torno desta produ\u00e7\u00e3o \u00e9 significativa, especialmente ap\u00f3s o desempenho irregular de t\u00edtulos recentes como <strong>As Marvels<\/strong> e a necessidade de estabelecer uma nova dire\u00e7\u00e3o criativa p\u00f3s-<strong>Saga do Infinito<\/strong>. O filme carrega a responsabilidade de provar que o <a href=\"https:\/\/g1.globo.com\/pop-arte\/cinema\/noticia\/2025\/02\/13\/capitao-america-admiravel-mundo-novo-nao-e-tao-admiravel-e-nem-tao-novo-mas-e-bem-ok-g1-ja-viu.ghtml\" target=\"_blank\" rel=\"noreferrer noopener\"><strong>MCU<\/strong> <\/a>pode continuar evoluindo com novos protagonistas, mantendo a qualidade narrativa e o apelo comercial que definiram a franquia ao longo dos \u00faltimos quinze anos.<\/p>\n\n\n\n<h2 class=\"wp-block-heading\">Quais s\u00e3o os desafios enfrentados pelo novo capit\u00e3o Am\u00e9rica?<\/h2>\n\n\n\n<p><strong>Anthony Mackie<\/strong>, em seu s\u00e9timo filme no MCU, finalmente assume o protagonismo total como Capit\u00e3o Am\u00e9rica. Em &#8220;Admir\u00e1vel Mundo Novo&#8221;, ele deixa para tr\u00e1s o papel de coadjuvante e protagonista relutante, como visto na s\u00e9rie &#8220;Falc\u00e3o e o Soldado Invernal&#8221;. O enredo gira em torno de sua miss\u00e3o para libertar <strong>Isaiah Bradley<\/strong>, um mentor preso injustamente, ap\u00f3s um atentado contra o novo presidente dos <strong>Estados Unidos<\/strong>, interpretado por <strong>Harrison Ford<\/strong>.<\/p>\n\n\n\n<p>A trama, embora simples, oferece a <strong>Mackie <\/strong>a oportunidade de consolidar seu papel como um s\u00edmbolo de ideais, mais do que apenas um super-soldado. Este filme busca mostrar que o Capit\u00e3o Am\u00e9rica \u00e9 um ideal que transcende o indiv\u00edduo, uma mensagem poderosa em um mundo em constante mudan\u00e7a.<\/p>\n\n\n\n<h2 class=\"wp-block-heading\">Como o elenco contribui para o sucesso do filme?<\/h2>\n\n\n\n<figure class=\"wp-block-embed is-type-video is-provider-youtube wp-block-embed-youtube wp-embed-aspect-16-9 wp-has-aspect-ratio\"><div class=\"wp-block-embed__wrapper\">\n<div class=\"jeg_video_container jeg_video_content\"><iframe loading=\"lazy\" title=\"Capit\u00e3o Am\u00e9rica: Admir\u00e1vel Mundo Novo | Trailer Oficial Dublado\" width=\"500\" height=\"281\" src=\"https:\/\/www.youtube.com\/embed\/U7JG6FMoEdM?feature=oembed\" frameborder=\"0\" allow=\"accelerometer; autoplay; clipboard-write; encrypted-media; gyroscope; picture-in-picture; web-share\" referrerpolicy=\"strict-origin-when-cross-origin\" allowfullscreen><\/iframe><\/div>\n<\/div><\/figure>\n\n\n\n<p>O elenco de &#8220;Admir\u00e1vel Mundo Novo&#8221; desempenha um papel crucial em compensar algumas das fraquezas do roteiro. Anthony Mackie demonstra sua capacidade de liderar o futuro do MCU, enquanto <strong>Harrison Ford<\/strong>, com sua interpreta\u00e7\u00e3o carism\u00e1tica, rouba a cena. <strong>Ford<\/strong>, que assume o papel de presidente dos <strong>EUA<\/strong>, traz uma presen\u00e7a marcante e serena ao filme, mesmo sem tentar substituir o saudoso <strong>William Hurt<\/strong>.<\/p>\n\n\n\n<p>Outro destaque \u00e9 <strong>Tim Blake Nelson,<\/strong> cuja atua\u00e7\u00e3o, embora subutilizada, adiciona profundidade ao filme. A <a href=\"https:\/\/www.em.com.br\/emfoco\/2025\/04\/21\/quarteto-fantastico-primeiros-passos-marca-nova-era-para-a-marvel-e-mcu\/\" target=\"_blank\" rel=\"noreferrer noopener\">Marvel<\/a> tem a oportunidade de explorar mais o talento de Nelson em futuros projetos, reconhecendo seu potencial como um dos atores mais subestimados de <strong>Hollywood<\/strong>.<\/p>\n\n\n\n<h2 class=\"wp-block-heading\">O que o futuro reserva para o capit\u00e3o Am\u00e9rica e o MCU?<\/h2>\n\n\n\n<p>Com &#8220;Admir\u00e1vel Mundo Novo&#8221;, a Marvel busca redefinir o legado do Capit\u00e3o Am\u00e9rica, mostrando que o her\u00f3i \u00e9 mais do que um simples portador de escudo. O filme abre caminho para novas narrativas e desafios dentro do MCU, com <strong>Anthony Mackie<\/strong> \u00e0 frente. A transi\u00e7\u00e3o do manto do Capit\u00e3o Am\u00e9rica \u00e9 um passo significativo, simbolizando a evolu\u00e7\u00e3o cont\u00ednua do universo Marvel.<\/p>\n\n\n<div class=\"wp-block-image\">\n<figure class=\"aligncenter size-large\"><img loading=\"lazy\" decoding=\"async\" width=\"1024\" height=\"576\" src=\"https:\/\/www.em.com.br\/emfoco\/wp-content\/uploads\/2025\/04\/Capitao-America_1751407246870-1024x576.jpg\" alt=\"\" class=\"wp-image-69883\" srcset=\"https:\/\/www.em.com.br\/emfoco\/wp-content\/uploads\/2025\/04\/Capitao-America_1751407246870-1024x576.jpg 1024w, https:\/\/www.em.com.br\/emfoco\/wp-content\/uploads\/2025\/04\/Capitao-America_1751407246870-300x169.jpg 300w, https:\/\/www.em.com.br\/emfoco\/wp-content\/uploads\/2025\/04\/Capitao-America_1751407246870-768x432.jpg 768w, https:\/\/www.em.com.br\/emfoco\/wp-content\/uploads\/2025\/04\/Capitao-America_1751407246870-750x422.jpg 750w, https:\/\/www.em.com.br\/emfoco\/wp-content\/uploads\/2025\/04\/Capitao-America_1751407246870-1140x641.jpg 1140w, https:\/\/www.em.com.br\/emfoco\/wp-content\/uploads\/2025\/04\/Capitao-America_1751407246870.jpg 1280w\" sizes=\"auto, (max-width: 1024px) 100vw, 1024px\" \/><figcaption class=\"wp-element-caption\">Representa\u00e7\u00e3o do capit\u00e3o am\u00e9rica &#8211; Cr\u00e9ditos: depositphotos.com \/ Aisyaqilumar<\/figcaption><\/figure><\/div>\n\n\n<p>O futuro do MCU parece promissor, com novos l\u00edderes emergindo e hist\u00f3rias que prometem capturar a imagina\u00e7\u00e3o do p\u00fablico. A <strong>Marvel <\/strong>tem a oportunidade de explorar novas dire\u00e7\u00f5es e personagens, garantindo que o legado do Capit\u00e3o Am\u00e9rica continue a inspirar gera\u00e7\u00f5es.<\/p>\n\n\n\n<h2 class=\"wp-block-heading\">Como a produ\u00e7\u00e3o reflete mudan\u00e7as na ind\u00fastria cinematogr\u00e1fica?<\/h2>\n\n\n\n<p>O desenvolvimento de <strong>Admir\u00e1vel Mundo Novo<\/strong> ilustra as complexidades enfrentadas por grandes est\u00fadios na era contempor\u00e2nea, onde expectativas de audi\u00eancia, press\u00f5es comerciais e responsabilidades sociais devem ser cuidadosamente equilibradas. O filme passou por m\u00faltiplas regrava\u00e7\u00f5es e ajustes, demonstrando o processo iterativo necess\u00e1rio para criar entretenimento que ressoe com audi\u00eancias diversificadas.<\/p>\n\n\n\n<p>A escolha de <strong>Julius Onah<\/strong> como diretor reflete a tend\u00eancia da Marvel de trabalhar com cineastas emergentes, oferecendo oportunidades para vozes frescas dentro do sistema de grandes est\u00fadios. Esta abordagem permite inova\u00e7\u00e3o criativa enquanto mant\u00e9m a coes\u00e3o visual e narrativa que caracteriza o <strong>MCU<\/strong>.<\/p>\n\n\n\n<p><strong>Anthony Mackie<\/strong> j\u00e1 anunciou planos de interpretar <strong>Capit\u00e3o Am\u00e9rica<\/strong> por uma d\u00e9cada, estabelecendo estabilidade para o personagem enquanto permite desenvolvimento narrativo de longo prazo. Esta estrat\u00e9gia contrasta com a tend\u00eancia de rotatividade r\u00e1pida de talentos, sugerindo que a Marvel reconhece o valor de investimento sustentado em desenvolvimento de personagens e relacionamentos com o p\u00fablico.<\/p>\n","protected":false},"excerpt":{"rendered":"<p>O Universo Cinematogr\u00e1fico da Marvel (MCU) inicia uma nova era com Capit\u00e3o Am\u00e9rica: Admir\u00e1vel Mundo Novo, marcando oficialmente a transi\u00e7\u00e3o do manto heroico para Anthony Mackie como Sam Wilson. Dirigido por Julius Onah, conhecido por O Paradoxo Cloverfield, o filme estreou nos cinemas brasileiros em 13 de fevereiro de 2025, trazendo uma abordagem mais madura [&hellip;]<\/p>\n","protected":false},"author":12,"featured_media":42581,"comment_status":"open","ping_status":"open","sticky":false,"template":"","format":"standard","meta":{"jnews-multi-image_gallery":[],"jnews_single_post":{"format":"standard"},"jnews_primary_category":[],"jnews_social_meta":[],"jnews_override_counter":[],"footnotes":""},"categories":[137],"tags":[8085,4668,1846],"class_list":["post-42558","post","type-post","status-publish","format-standard","has-post-thumbnail","hentry","category-filmes","tag-anthony-mackie","tag-capitao-america","tag-marvel-cinematic-universe"],"yoast_head":"<!-- This site is optimized with the Yoast SEO plugin v23.8 - https:\/\/yoast.com\/wordpress\/plugins\/seo\/ -->\n<title>Marvel surpreende em Admir\u00e1vel Mundo Novo com reviravolta no legado do escudo - Estado de Minas - Em foco<\/title>\n<meta name=\"description\" content=\"Um novo her\u00f3i carrega o escudo mais famoso do cinema e seu desafio vai al\u00e9m da a\u00e7\u00e3o. Veja por que esse filme \u00e9 o mais comentado de 2025.\" \/>\n<meta name=\"robots\" content=\"index, follow, max-snippet:-1, max-image-preview:large, max-video-preview:-1\" \/>\n<link rel=\"canonical\" href=\"https:\/\/www.em.com.br\/emfoco\/2025\/04\/30\/marvel-surpreende-em-admiravel-mundo-novo-com-reviravolta-no-legado-do-escudo\/\" \/>\n<meta property=\"og:locale\" content=\"pt_BR\" \/>\n<meta property=\"og:type\" content=\"article\" \/>\n<meta property=\"og:title\" content=\"Marvel surpreende em Admir\u00e1vel Mundo Novo com reviravolta no legado do escudo - Estado de Minas - Em foco\" \/>\n<meta property=\"og:description\" content=\"Um novo her\u00f3i carrega o escudo mais famoso do cinema e seu desafio vai al\u00e9m da a\u00e7\u00e3o. Veja por que esse filme \u00e9 o mais comentado de 2025.\" \/>\n<meta property=\"og:url\" content=\"https:\/\/www.em.com.br\/emfoco\/2025\/04\/30\/marvel-surpreende-em-admiravel-mundo-novo-com-reviravolta-no-legado-do-escudo\/\" \/>\n<meta property=\"og:site_name\" content=\"Estado de Minas - Em foco\" \/>\n<meta property=\"article:published_time\" content=\"2025-04-30T18:20:00+00:00\" \/>\n<meta property=\"article:modified_time\" content=\"2025-07-01T22:03:22+00:00\" \/>\n<meta property=\"og:image\" content=\"https:\/\/www.em.com.br\/emfoco\/wp-content\/uploads\/2025\/04\/marvel_1745935853899.jpg\" \/>\n\t<meta property=\"og:image:width\" content=\"1280\" \/>\n\t<meta property=\"og:image:height\" content=\"720\" \/>\n\t<meta property=\"og:image:type\" content=\"image\/jpeg\" \/>\n<meta name=\"author\" content=\"Keren Ester\" \/>\n<meta name=\"twitter:card\" content=\"summary_large_image\" \/>\n<meta name=\"twitter:label1\" content=\"Escrito por\" \/>\n\t<meta name=\"twitter:data1\" content=\"Keren Ester\" \/>\n\t<meta name=\"twitter:label2\" content=\"Est. tempo de leitura\" \/>\n\t<meta name=\"twitter:data2\" content=\"5 minutos\" \/>\n<!-- \/ Yoast SEO plugin. -->","yoast_head_json":{"title":"Marvel surpreende em Admir\u00e1vel Mundo Novo com reviravolta no legado do escudo - Estado de Minas - Em foco","description":"Um novo her\u00f3i carrega o escudo mais famoso do cinema e seu desafio vai al\u00e9m da a\u00e7\u00e3o. Veja por que esse filme \u00e9 o mais comentado de 2025.","robots":{"index":"index","follow":"follow","max-snippet":"max-snippet:-1","max-image-preview":"max-image-preview:large","max-video-preview":"max-video-preview:-1"},"canonical":"https:\/\/www.em.com.br\/emfoco\/2025\/04\/30\/marvel-surpreende-em-admiravel-mundo-novo-com-reviravolta-no-legado-do-escudo\/","og_locale":"pt_BR","og_type":"article","og_title":"Marvel surpreende em Admir\u00e1vel Mundo Novo com reviravolta no legado do escudo - Estado de Minas - Em foco","og_description":"Um novo her\u00f3i carrega o escudo mais famoso do cinema e seu desafio vai al\u00e9m da a\u00e7\u00e3o. Veja por que esse filme \u00e9 o mais comentado de 2025.","og_url":"https:\/\/www.em.com.br\/emfoco\/2025\/04\/30\/marvel-surpreende-em-admiravel-mundo-novo-com-reviravolta-no-legado-do-escudo\/","og_site_name":"Estado de Minas - Em foco","article_published_time":"2025-04-30T18:20:00+00:00","article_modified_time":"2025-07-01T22:03:22+00:00","og_image":[{"width":1280,"height":720,"url":"https:\/\/www.em.com.br\/emfoco\/wp-content\/uploads\/2025\/04\/marvel_1745935853899.jpg","type":"image\/jpeg"}],"author":"Keren Ester","twitter_card":"summary_large_image","twitter_misc":{"Escrito por":"Keren Ester","Est. tempo de leitura":"5 minutos"},"schema":{"@context":"https:\/\/schema.org","@graph":[{"@type":"WebPage","@id":"https:\/\/www.em.com.br\/emfoco\/2025\/04\/30\/marvel-surpreende-em-admiravel-mundo-novo-com-reviravolta-no-legado-do-escudo\/","url":"https:\/\/www.em.com.br\/emfoco\/2025\/04\/30\/marvel-surpreende-em-admiravel-mundo-novo-com-reviravolta-no-legado-do-escudo\/","name":"Marvel surpreende em Admir\u00e1vel Mundo Novo com reviravolta no legado do escudo - Estado de Minas - Em foco","isPartOf":{"@id":"https:\/\/www.em.com.br\/emfoco\/#website"},"primaryImageOfPage":{"@id":"https:\/\/www.em.com.br\/emfoco\/2025\/04\/30\/marvel-surpreende-em-admiravel-mundo-novo-com-reviravolta-no-legado-do-escudo\/#primaryimage"},"image":{"@id":"https:\/\/www.em.com.br\/emfoco\/2025\/04\/30\/marvel-surpreende-em-admiravel-mundo-novo-com-reviravolta-no-legado-do-escudo\/#primaryimage"},"thumbnailUrl":"https:\/\/www.em.com.br\/emfoco\/wp-content\/uploads\/2025\/04\/marvel_1745935853899.jpg","datePublished":"2025-04-30T18:20:00+00:00","dateModified":"2025-07-01T22:03:22+00:00","author":{"@id":"https:\/\/www.em.com.br\/emfoco\/#\/schema\/person\/2e06e19826e476d778787245c8ef334d"},"description":"Um novo her\u00f3i carrega o escudo mais famoso do cinema e seu desafio vai al\u00e9m da a\u00e7\u00e3o. Veja por que esse filme \u00e9 o mais comentado de 2025.","breadcrumb":{"@id":"https:\/\/www.em.com.br\/emfoco\/2025\/04\/30\/marvel-surpreende-em-admiravel-mundo-novo-com-reviravolta-no-legado-do-escudo\/#breadcrumb"},"inLanguage":"pt-BR","potentialAction":[{"@type":"ReadAction","target":["https:\/\/www.em.com.br\/emfoco\/2025\/04\/30\/marvel-surpreende-em-admiravel-mundo-novo-com-reviravolta-no-legado-do-escudo\/"]}]},{"@type":"ImageObject","inLanguage":"pt-BR","@id":"https:\/\/www.em.com.br\/emfoco\/2025\/04\/30\/marvel-surpreende-em-admiravel-mundo-novo-com-reviravolta-no-legado-do-escudo\/#primaryimage","url":"https:\/\/www.em.com.br\/emfoco\/wp-content\/uploads\/2025\/04\/marvel_1745935853899.jpg","contentUrl":"https:\/\/www.em.com.br\/emfoco\/wp-content\/uploads\/2025\/04\/marvel_1745935853899.jpg","width":1280,"height":720,"caption":"Logotipo da Marvel-Cr\u00e9ditos: depositphotos.com \/ ecrow"},{"@type":"BreadcrumbList","@id":"https:\/\/www.em.com.br\/emfoco\/2025\/04\/30\/marvel-surpreende-em-admiravel-mundo-novo-com-reviravolta-no-legado-do-escudo\/#breadcrumb","itemListElement":[{"@type":"ListItem","position":1,"name":"In\u00edcio","item":"https:\/\/www.em.com.br\/emfoco\/"},{"@type":"ListItem","position":2,"name":"Marvel surpreende em Admir\u00e1vel Mundo Novo com reviravolta no legado do escudo"}]},{"@type":"WebSite","@id":"https:\/\/www.em.com.br\/emfoco\/#website","url":"https:\/\/www.em.com.br\/emfoco\/","name":"Estado de Minas - Em foco","description":"Acompanhe as \u00faltimas not\u00edcias e fique bem informado sobre tudo o que acontece em Minas Gerais, Brasil e no mundo.","potentialAction":[{"@type":"SearchAction","target":{"@type":"EntryPoint","urlTemplate":"https:\/\/www.em.com.br\/emfoco\/?s={search_term_string}"},"query-input":{"@type":"PropertyValueSpecification","valueRequired":true,"valueName":"search_term_string"}}],"inLanguage":"pt-BR"},{"@type":"Person","@id":"https:\/\/www.em.com.br\/emfoco\/#\/schema\/person\/2e06e19826e476d778787245c8ef334d","name":"Keren Ester","image":{"@type":"ImageObject","inLanguage":"pt-BR","@id":"https:\/\/www.em.com.br\/emfoco\/#\/schema\/person\/image\/","url":"https:\/\/secure.gravatar.com\/avatar\/b3d0f2b934f7fab59c611ea63b5cf4b1?s=96&d=mm&r=g","contentUrl":"https:\/\/secure.gravatar.com\/avatar\/b3d0f2b934f7fab59c611ea63b5cf4b1?s=96&d=mm&r=g","caption":"Keren Ester"},"url":"https:\/\/www.em.com.br\/emfoco\/author\/kerenmyth\/"}]}},"_links":{"self":[{"href":"https:\/\/www.em.com.br\/emfoco\/wp-json\/wp\/v2\/posts\/42558","targetHints":{"allow":["GET"]}}],"collection":[{"href":"https:\/\/www.em.com.br\/emfoco\/wp-json\/wp\/v2\/posts"}],"about":[{"href":"https:\/\/www.em.com.br\/emfoco\/wp-json\/wp\/v2\/types\/post"}],"author":[{"embeddable":true,"href":"https:\/\/www.em.com.br\/emfoco\/wp-json\/wp\/v2\/users\/12"}],"replies":[{"embeddable":true,"href":"https:\/\/www.em.com.br\/emfoco\/wp-json\/wp\/v2\/comments?post=42558"}],"version-history":[{"count":4,"href":"https:\/\/www.em.com.br\/emfoco\/wp-json\/wp\/v2\/posts\/42558\/revisions"}],"predecessor-version":[{"id":69884,"href":"https:\/\/www.em.com.br\/emfoco\/wp-json\/wp\/v2\/posts\/42558\/revisions\/69884"}],"wp:featuredmedia":[{"embeddable":true,"href":"https:\/\/www.em.com.br\/emfoco\/wp-json\/wp\/v2\/media\/42581"}],"wp:attachment":[{"href":"https:\/\/www.em.com.br\/emfoco\/wp-json\/wp\/v2\/media?parent=42558"}],"wp:term":[{"taxonomy":"category","embeddable":true,"href":"https:\/\/www.em.com.br\/emfoco\/wp-json\/wp\/v2\/categories?post=42558"},{"taxonomy":"post_tag","embeddable":true,"href":"https:\/\/www.em.com.br\/emfoco\/wp-json\/wp\/v2\/tags?post=42558"}],"curies":[{"name":"wp","href":"https:\/\/api.w.org\/{rel}","templated":true}]}}