{"id":42364,"date":"2025-04-29T19:40:00","date_gmt":"2025-04-29T22:40:00","guid":{"rendered":"https:\/\/www.em.com.br\/emfoco\/?p=42364"},"modified":"2025-04-28T15:12:48","modified_gmt":"2025-04-28T18:12:48","slug":"contagem-recebe-49a-missa-do-trabalhador-em-1o-de-maio","status":"publish","type":"post","link":"https:\/\/www.em.com.br\/emfoco\/2025\/04\/29\/contagem-recebe-49a-missa-do-trabalhador-em-1o-de-maio\/","title":{"rendered":"Contagem recebe 49\u00aa Missa do Trabalhador em 1\u00ba de maio"},"content":{"rendered":"\n<p>O<strong> Dia do Trabalhador<\/strong>, celebrado em 1\u00ba de maio, \u00e9 uma data importante para trabalhadores no mundo inteiro. Em 2025, a <strong><a href=\"https:\/\/www.otempo.com.br\/cidades\/2025\/4\/28\/missa-do-trabalhador-sera-celebrada-em-contagem\" target=\"_blank\" rel=\"noreferrer noopener\">49\u00aa Missa do Trabalhador e da Trabalhadora<\/a> <\/strong>ser\u00e1 realizada na pra\u00e7a da <strong>Cemig<\/strong>, em <strong>Contagem<\/strong>, na regi\u00e3o metropolitana de <strong><a href=\"https:\/\/www.em.com.br\/emfoco\/2025\/04\/26\/belo-horizonte-oferece-fim-de-semana-cultural-gratuito-com-shows-arte-e-teatro\/\" target=\"_blank\" rel=\"noreferrer noopener\">Belo Horizonte<\/a><\/strong>. O evento homenageia <strong>S\u00e3o Jos\u00e9 Oper\u00e1rio<\/strong>, padroeiro dos trabalhadores, e celebra a import\u00e2ncia do trabalho na vida social e espiritual.<\/p>\n\n\n\n<p>A escolha de S\u00e3o Jos\u00e9 como s\u00edmbolo da data foi feita pelo <strong>papa Pio XII,<\/strong> em 1955, para unir a comemora\u00e7\u00e3o religiosa ao Dia do Trabalhador, dignificando o esfor\u00e7o humano como instrumento de transforma\u00e7\u00e3o social.<\/p>\n\n\n\n<h2 class=\"wp-block-heading\">Quem foi S\u00e3o Jos\u00e9 Oper\u00e1rio?<\/h2>\n\n\n\n<p>S\u00e3o Jos\u00e9, pai terreno de Jesus, \u00e9 exemplo de humildade, dedica\u00e7\u00e3o e compromisso com o trabalho e a fam\u00edlia. Ele inspira trabalhadores a enxergar o trabalho como meio de realiza\u00e7\u00e3o pessoal e contribui\u00e7\u00e3o para o bem comum. A celebra\u00e7\u00e3o em 1\u00ba de maio \u00e9 um convite para refletir sobre a dignidade do trabalho e a constru\u00e7\u00e3o de uma sociedade mais justa e solid\u00e1ria.<\/p>\n\n\n\n<h2 class=\"wp-block-heading\">Como \u00e9 celebrada a Missa do Trabalhador?<\/h2>\n\n\n\n<p>A Missa do Trabalhador re\u00fane fi\u00e9is de diversas comunidades em uma celebra\u00e7\u00e3o ao ar livre. Com a participa\u00e7\u00e3o de l\u00edderes religiosos, trabalhadores e suas fam\u00edlias, a missa inclui ora\u00e7\u00f5es, c\u00e2nticos e momentos de reflex\u00e3o sobre temas como direitos trabalhistas e justi\u00e7a social. A celebra\u00e7\u00e3o busca renovar o compromisso com a valoriza\u00e7\u00e3o do trabalho e fortalecer os la\u00e7os comunit\u00e1rios.<\/p>\n\n\n\n<figure class=\"wp-block-image size-large\"><img loading=\"lazy\" decoding=\"async\" width=\"1024\" height=\"576\" src=\"https:\/\/www.em.com.br\/emfoco\/wp-content\/uploads\/2025\/04\/Missa_1745866253887-1024x576.jpg\" alt=\"\" class=\"wp-image-42437\" srcset=\"https:\/\/www.em.com.br\/emfoco\/wp-content\/uploads\/2025\/04\/Missa_1745866253887-1024x576.jpg 1024w, https:\/\/www.em.com.br\/emfoco\/wp-content\/uploads\/2025\/04\/Missa_1745866253887-300x169.jpg 300w, https:\/\/www.em.com.br\/emfoco\/wp-content\/uploads\/2025\/04\/Missa_1745866253887-768x432.jpg 768w, https:\/\/www.em.com.br\/emfoco\/wp-content\/uploads\/2025\/04\/Missa_1745866253887-750x422.jpg 750w, https:\/\/www.em.com.br\/emfoco\/wp-content\/uploads\/2025\/04\/Missa_1745866253887-1140x641.jpg 1140w, https:\/\/www.em.com.br\/emfoco\/wp-content\/uploads\/2025\/04\/Missa_1745866253887.jpg 1280w\" sizes=\"auto, (max-width: 1024px) 100vw, 1024px\" \/><figcaption class=\"wp-element-caption\">Missa &#8211; Cr\u00e9ditos: depositphotos.com \/ marko5<\/figcaption><\/figure>\n\n\n\n<h2 class=\"wp-block-heading\">Por que em Contagem?<\/h2>\n\n\n\n<p>Contagem, reconhecida como um centro industrial e comercial, representa simbolicamente o esfor\u00e7o dos trabalhadores. A realiza\u00e7\u00e3o da missa na pra\u00e7a da Cemig busca incluir o maior n\u00famero de participantes, valorizando o ambiente de partilha e uni\u00e3o.<\/p>\n\n\n\n<h2 class=\"wp-block-heading\">O que esperar da 49\u00aa edi\u00e7\u00e3o?<\/h2>\n\n\n\n<p>A 49\u00aa Missa do Trabalhador e da Trabalhadora deve reunir um grande p\u00fablico em 2025. Al\u00e9m da celebra\u00e7\u00e3o religiosa, a programa\u00e7\u00e3o poder\u00e1 contar com atividades culturais e sociais, promovendo conviv\u00eancia e reflex\u00e3o. Ser\u00e1 um momento de agradecimento pelos frutos do trabalho e de renova\u00e7\u00e3o do compromisso com a justi\u00e7a e a solidariedade.<\/p>\n","protected":false},"excerpt":{"rendered":"<p>O Dia do Trabalhador, celebrado em 1\u00ba de maio, \u00e9 uma data importante para trabalhadores no mundo inteiro. Em 2025, a 49\u00aa Missa do Trabalhador e da Trabalhadora ser\u00e1 realizada na pra\u00e7a da Cemig, em Contagem, na regi\u00e3o metropolitana de Belo Horizonte. O evento homenageia S\u00e3o Jos\u00e9 Oper\u00e1rio, padroeiro dos trabalhadores, e celebra a import\u00e2ncia [&hellip;]<\/p>\n","protected":false},"author":11,"featured_media":42438,"comment_status":"open","ping_status":"open","sticky":false,"template":"","format":"standard","meta":{"jnews-multi-image_gallery":[],"jnews_single_post":{"format":"standard"},"jnews_primary_category":[],"jnews_social_meta":[],"jnews_override_counter":[],"footnotes":""},"categories":[138,1],"tags":[6583,687,6582],"class_list":["post-42364","post","type-post","status-publish","format-standard","has-post-thumbnail","hentry","category-mundo","category-noticias","tag-1o-de-maio","tag-contagem","tag-dia-do-trabalhador"],"yoast_head":"<!-- This site is optimized with the Yoast SEO plugin v23.8 - https:\/\/yoast.com\/wordpress\/plugins\/seo\/ -->\n<title>Contagem recebe 49\u00aa Missa do Trabalhador em 1\u00ba de maio - Estado de Minas - Em foco<\/title>\n<meta name=\"description\" content=\"Veja como ser\u00e1 a tradicional Missa do Trabalhador e da Trabalhadora em Contagem, com f\u00e9, uni\u00e3o e atividades culturais.\" \/>\n<meta name=\"robots\" content=\"index, follow, max-snippet:-1, max-image-preview:large, max-video-preview:-1\" \/>\n<link rel=\"canonical\" href=\"https:\/\/www.em.com.br\/emfoco\/2025\/04\/29\/contagem-recebe-49a-missa-do-trabalhador-em-1o-de-maio\/\" \/>\n<meta property=\"og:locale\" content=\"pt_BR\" \/>\n<meta property=\"og:type\" content=\"article\" \/>\n<meta property=\"og:title\" content=\"Contagem recebe 49\u00aa Missa do Trabalhador em 1\u00ba de maio - Estado de Minas - Em foco\" \/>\n<meta property=\"og:description\" content=\"Veja como ser\u00e1 a tradicional Missa do Trabalhador e da Trabalhadora em Contagem, com f\u00e9, uni\u00e3o e atividades culturais.\" \/>\n<meta property=\"og:url\" content=\"https:\/\/www.em.com.br\/emfoco\/2025\/04\/29\/contagem-recebe-49a-missa-do-trabalhador-em-1o-de-maio\/\" \/>\n<meta property=\"og:site_name\" content=\"Estado de Minas - Em foco\" \/>\n<meta property=\"article:published_time\" content=\"2025-04-29T22:40:00+00:00\" \/>\n<meta property=\"article:modified_time\" content=\"2025-04-28T18:12:48+00:00\" \/>\n<meta property=\"og:image\" content=\"https:\/\/www.em.com.br\/emfoco\/wp-content\/uploads\/2025\/04\/Missa_1745866297547.jpg\" \/>\n\t<meta property=\"og:image:width\" content=\"1280\" \/>\n\t<meta property=\"og:image:height\" content=\"720\" \/>\n\t<meta property=\"og:image:type\" content=\"image\/jpeg\" \/>\n<meta name=\"author\" content=\"Andre\u0301 Rangel\u00a0\" \/>\n<meta name=\"twitter:card\" content=\"summary_large_image\" \/>\n<meta name=\"twitter:label1\" content=\"Escrito por\" \/>\n\t<meta name=\"twitter:data1\" content=\"Andre\u0301 Rangel\u00a0\" \/>\n\t<meta name=\"twitter:label2\" content=\"Est. tempo de leitura\" \/>\n\t<meta name=\"twitter:data2\" content=\"3 minutos\" \/>\n<!-- \/ Yoast SEO plugin. -->","yoast_head_json":{"title":"Contagem recebe 49\u00aa Missa do Trabalhador em 1\u00ba de maio - Estado de Minas - Em foco","description":"Veja como ser\u00e1 a tradicional Missa do Trabalhador e da Trabalhadora em Contagem, com f\u00e9, uni\u00e3o e atividades culturais.","robots":{"index":"index","follow":"follow","max-snippet":"max-snippet:-1","max-image-preview":"max-image-preview:large","max-video-preview":"max-video-preview:-1"},"canonical":"https:\/\/www.em.com.br\/emfoco\/2025\/04\/29\/contagem-recebe-49a-missa-do-trabalhador-em-1o-de-maio\/","og_locale":"pt_BR","og_type":"article","og_title":"Contagem recebe 49\u00aa Missa do Trabalhador em 1\u00ba de maio - Estado de Minas - Em foco","og_description":"Veja como ser\u00e1 a tradicional Missa do Trabalhador e da Trabalhadora em Contagem, com f\u00e9, uni\u00e3o e atividades culturais.","og_url":"https:\/\/www.em.com.br\/emfoco\/2025\/04\/29\/contagem-recebe-49a-missa-do-trabalhador-em-1o-de-maio\/","og_site_name":"Estado de Minas - Em foco","article_published_time":"2025-04-29T22:40:00+00:00","article_modified_time":"2025-04-28T18:12:48+00:00","og_image":[{"width":1280,"height":720,"url":"https:\/\/www.em.com.br\/emfoco\/wp-content\/uploads\/2025\/04\/Missa_1745866297547.jpg","type":"image\/jpeg"}],"author":"Andre\u0301 Rangel\u00a0","twitter_card":"summary_large_image","twitter_misc":{"Escrito por":"Andre\u0301 Rangel\u00a0","Est. tempo de leitura":"3 minutos"},"schema":{"@context":"https:\/\/schema.org","@graph":[{"@type":"WebPage","@id":"https:\/\/www.em.com.br\/emfoco\/2025\/04\/29\/contagem-recebe-49a-missa-do-trabalhador-em-1o-de-maio\/","url":"https:\/\/www.em.com.br\/emfoco\/2025\/04\/29\/contagem-recebe-49a-missa-do-trabalhador-em-1o-de-maio\/","name":"Contagem recebe 49\u00aa Missa do Trabalhador em 1\u00ba de maio - Estado de Minas - Em foco","isPartOf":{"@id":"https:\/\/www.em.com.br\/emfoco\/#website"},"primaryImageOfPage":{"@id":"https:\/\/www.em.com.br\/emfoco\/2025\/04\/29\/contagem-recebe-49a-missa-do-trabalhador-em-1o-de-maio\/#primaryimage"},"image":{"@id":"https:\/\/www.em.com.br\/emfoco\/2025\/04\/29\/contagem-recebe-49a-missa-do-trabalhador-em-1o-de-maio\/#primaryimage"},"thumbnailUrl":"https:\/\/www.em.com.br\/emfoco\/wp-content\/uploads\/2025\/04\/Missa_1745866297547.jpg","datePublished":"2025-04-29T22:40:00+00:00","dateModified":"2025-04-28T18:12:48+00:00","author":{"@id":"https:\/\/www.em.com.br\/emfoco\/#\/schema\/person\/60eda09c1fedf0d6891f4cef4b60b8b8"},"description":"Veja como ser\u00e1 a tradicional Missa do Trabalhador e da Trabalhadora em Contagem, com f\u00e9, uni\u00e3o e atividades culturais.","breadcrumb":{"@id":"https:\/\/www.em.com.br\/emfoco\/2025\/04\/29\/contagem-recebe-49a-missa-do-trabalhador-em-1o-de-maio\/#breadcrumb"},"inLanguage":"pt-BR","potentialAction":[{"@type":"ReadAction","target":["https:\/\/www.em.com.br\/emfoco\/2025\/04\/29\/contagem-recebe-49a-missa-do-trabalhador-em-1o-de-maio\/"]}]},{"@type":"ImageObject","inLanguage":"pt-BR","@id":"https:\/\/www.em.com.br\/emfoco\/2025\/04\/29\/contagem-recebe-49a-missa-do-trabalhador-em-1o-de-maio\/#primaryimage","url":"https:\/\/www.em.com.br\/emfoco\/wp-content\/uploads\/2025\/04\/Missa_1745866297547.jpg","contentUrl":"https:\/\/www.em.com.br\/emfoco\/wp-content\/uploads\/2025\/04\/Missa_1745866297547.jpg","width":1280,"height":720,"caption":"Missa - Cr\u00e9ditos: depositphotos.com \/ godongphoto"},{"@type":"BreadcrumbList","@id":"https:\/\/www.em.com.br\/emfoco\/2025\/04\/29\/contagem-recebe-49a-missa-do-trabalhador-em-1o-de-maio\/#breadcrumb","itemListElement":[{"@type":"ListItem","position":1,"name":"In\u00edcio","item":"https:\/\/www.em.com.br\/emfoco\/"},{"@type":"ListItem","position":2,"name":"Contagem recebe 49\u00aa Missa do Trabalhador em 1\u00ba de maio"}]},{"@type":"WebSite","@id":"https:\/\/www.em.com.br\/emfoco\/#website","url":"https:\/\/www.em.com.br\/emfoco\/","name":"Estado de Minas - Em foco","description":"Acompanhe as \u00faltimas not\u00edcias e fique bem informado sobre tudo o que acontece em Minas Gerais, Brasil e no mundo.","potentialAction":[{"@type":"SearchAction","target":{"@type":"EntryPoint","urlTemplate":"https:\/\/www.em.com.br\/emfoco\/?s={search_term_string}"},"query-input":{"@type":"PropertyValueSpecification","valueRequired":true,"valueName":"search_term_string"}}],"inLanguage":"pt-BR"},{"@type":"Person","@id":"https:\/\/www.em.com.br\/emfoco\/#\/schema\/person\/60eda09c1fedf0d6891f4cef4b60b8b8","name":"Andre\u0301 Rangel\u00a0","image":{"@type":"ImageObject","inLanguage":"pt-BR","@id":"https:\/\/www.em.com.br\/emfoco\/#\/schema\/person\/image\/","url":"https:\/\/secure.gravatar.com\/avatar\/6234dc814c77c8ef6d8bba622c787efc?s=96&d=mm&r=g","contentUrl":"https:\/\/secure.gravatar.com\/avatar\/6234dc814c77c8ef6d8bba622c787efc?s=96&d=mm&r=g","caption":"Andre\u0301 Rangel\u00a0"},"url":"https:\/\/www.em.com.br\/emfoco\/author\/luizmyth\/"}]}},"_links":{"self":[{"href":"https:\/\/www.em.com.br\/emfoco\/wp-json\/wp\/v2\/posts\/42364","targetHints":{"allow":["GET"]}}],"collection":[{"href":"https:\/\/www.em.com.br\/emfoco\/wp-json\/wp\/v2\/posts"}],"about":[{"href":"https:\/\/www.em.com.br\/emfoco\/wp-json\/wp\/v2\/types\/post"}],"author":[{"embeddable":true,"href":"https:\/\/www.em.com.br\/emfoco\/wp-json\/wp\/v2\/users\/11"}],"replies":[{"embeddable":true,"href":"https:\/\/www.em.com.br\/emfoco\/wp-json\/wp\/v2\/comments?post=42364"}],"version-history":[{"count":4,"href":"https:\/\/www.em.com.br\/emfoco\/wp-json\/wp\/v2\/posts\/42364\/revisions"}],"predecessor-version":[{"id":42439,"href":"https:\/\/www.em.com.br\/emfoco\/wp-json\/wp\/v2\/posts\/42364\/revisions\/42439"}],"wp:featuredmedia":[{"embeddable":true,"href":"https:\/\/www.em.com.br\/emfoco\/wp-json\/wp\/v2\/media\/42438"}],"wp:attachment":[{"href":"https:\/\/www.em.com.br\/emfoco\/wp-json\/wp\/v2\/media?parent=42364"}],"wp:term":[{"taxonomy":"category","embeddable":true,"href":"https:\/\/www.em.com.br\/emfoco\/wp-json\/wp\/v2\/categories?post=42364"},{"taxonomy":"post_tag","embeddable":true,"href":"https:\/\/www.em.com.br\/emfoco\/wp-json\/wp\/v2\/tags?post=42364"}],"curies":[{"name":"wp","href":"https:\/\/api.w.org\/{rel}","templated":true}]}}