{"id":42298,"date":"2025-04-29T10:40:02","date_gmt":"2025-04-29T13:40:02","guid":{"rendered":"https:\/\/www.em.com.br\/emfoco\/?p=42298"},"modified":"2025-04-28T14:35:11","modified_gmt":"2025-04-28T17:35:11","slug":"dicas-para-criar-um-spa-em-casa-e-cuidar-de-si-mesmo","status":"publish","type":"post","link":"https:\/\/www.em.com.br\/emfoco\/2025\/04\/29\/dicas-para-criar-um-spa-em-casa-e-cuidar-de-si-mesmo\/","title":{"rendered":"Dicas para criar um spa em casa e cuidar de si mesmo"},"content":{"rendered":"\n<p>Em um mundo cada vez mais agitado, encontrar tempo para relaxar e cuidar de si mesmo \u00e9 essencial. Transformar sua casa em um <strong>spa<\/strong> pode ser uma solu\u00e7\u00e3o pr\u00e1tica e acess\u00edvel para recarregar as energias. Este artigo oferece dicas para criar um ambiente de tranquilidade e bem-estar sem sair de casa.<\/p>\n\n\n\n<p>O conceito de spa em casa vai al\u00e9m dos tratamentos de <a href=\"https:\/\/www.em.com.br\/emfoco\/2025\/04\/22\/produtos-de-beleza-que-voce-nao-pode-perder-em-2025\/\" target=\"_blank\" rel=\"noopener\">beleza.<\/a> Ele envolve a cria\u00e7\u00e3o de um espa\u00e7o que promove relaxamento e renova\u00e7\u00e3o mental. A seguir, apresentamos passos essenciais para desfrutar de um dia de spa no conforto do seu lar.<\/p>\n\n\n\n<h2 class=\"wp-block-heading\">Qual \u00e9 o melhor espa\u00e7o para um spa em casa?<\/h2>\n\n\n\n<p>Escolher o local certo \u00e9 crucial para um spa em casa bem-sucedido. Um ambiente limpo e organizado \u00e9 fundamental para promover a sensa\u00e7\u00e3o de paz. O espa\u00e7o pode ser qualquer lugar onde voc\u00ea se sinta confort\u00e1vel, como a <strong>sala de<\/strong>&nbsp;<strong>estar,<\/strong> um canto do <strong>quarto<\/strong> ou at\u00e9 mesmo a varanda.<\/p>\n\n\n\n<p>Manter o ambiente arrumado ajuda a evitar a ansiedade que a desordem pode causar. Aromas agrad\u00e1veis e uma decora\u00e7\u00e3o simples podem transformar o espa\u00e7o, tornando-o mais acolhedor e relaxante.<\/p>\n\n\n\n<h2 class=\"wp-block-heading\">Como criar a atmosfera perfeita?<\/h2>\n\n\n\n<p>A atmosfera ideal para um spa em casa depende de ilumina\u00e7\u00e3o e temperatura adequadas. <strong>Luzes suaves,<\/strong> como as de abajures ou velas, ajudam a criar um ambiente acolhedor. Evitar luzes fortes \u00e9 importante para facilitar o relaxamento.<\/p>\n\n\n\n<p>Ajustar a temperatura para um n\u00edvel confort\u00e1vel tamb\u00e9m \u00e9 essencial. Um ambiente equilibrado, sem extremos de calor ou frio, contribui para o bem-estar durante o tempo dedicado ao autocuidado.<\/p>\n\n\n\n<h2 class=\"wp-block-heading\">Por que \u00e9 importante desconectar-se do digital?<\/h2>\n\n\n\n<p>Desconectar-se do <strong>mundo digital<\/strong> \u00e9 uma parte vital do processo de relaxamento. O uso constante de dispositivos eletr\u00f4nicos pode ser uma fonte de estresse. Deixar o celular de lado, no modo silencioso ou avi\u00e3o, permite que o foco esteja no momento presente.<\/p>\n\n\n\n<p>Essa pausa digital ajuda a mente a descansar e se rejuvenescer, tornando a experi\u00eancia do spa em casa mais profunda e satisfat\u00f3ria.<\/p>\n\n\n\n<figure class=\"wp-block-image size-large\"><img loading=\"lazy\" decoding=\"async\" width=\"1024\" height=\"576\" src=\"https:\/\/www.em.com.br\/emfoco\/wp-content\/uploads\/2025\/04\/spa_1745854155799-1024x576.jpg\" alt=\"\" class=\"wp-image-42315\" srcset=\"https:\/\/www.em.com.br\/emfoco\/wp-content\/uploads\/2025\/04\/spa_1745854155799-1024x576.jpg 1024w, https:\/\/www.em.com.br\/emfoco\/wp-content\/uploads\/2025\/04\/spa_1745854155799-300x169.jpg 300w, https:\/\/www.em.com.br\/emfoco\/wp-content\/uploads\/2025\/04\/spa_1745854155799-768x432.jpg 768w, https:\/\/www.em.com.br\/emfoco\/wp-content\/uploads\/2025\/04\/spa_1745854155799-750x422.jpg 750w, https:\/\/www.em.com.br\/emfoco\/wp-content\/uploads\/2025\/04\/spa_1745854155799-1140x641.jpg 1140w, https:\/\/www.em.com.br\/emfoco\/wp-content\/uploads\/2025\/04\/spa_1745854155799.jpg 1280w\" sizes=\"auto, (max-width: 1024px) 100vw, 1024px\" \/><figcaption class=\"wp-element-caption\">Spa &#8211; Cr\u00e9ditos: depositphotos.com \/ serezniy<\/figcaption><\/figure>\n\n\n\n<h2 class=\"wp-block-heading\">Quais atividades incluir no spa em casa?<\/h2>\n\n\n\n<p>Um spa em casa pode incluir v\u00e1rias atividades que promovem o bem-estar f\u00edsico e mental. Um escalda-p\u00e9s com \u00e1gua quente e ervas, como camomila ou hortel\u00e3, \u00e9 uma op\u00e7\u00e3o popular devido \u00e0s suas propriedades relaxantes.<\/p>\n\n\n\n<p>Al\u00e9m disso, dedicar tempo a cuidados pessoais, como <a href=\"https:\/\/blog.adcos.com.br\/mascaras-faciais\/\" target=\"_blank\" rel=\"noopener\">m\u00e1scaras faciais<\/a> e <strong>esfolia\u00e7\u00f5es<\/strong>, pode aumentar a sensa\u00e7\u00e3o de autocuidado. Um banho relaxante, com m\u00fasica suave, tamb\u00e9m \u00e9 uma excelente maneira de concluir o dia de spa.<\/p>\n\n\n\n<h2 class=\"wp-block-heading\">Como a alimenta\u00e7\u00e3o pode complementar a experi\u00eancia?<\/h2>\n\n\n\n<p>Para complementar a experi\u00eancia do spa em casa, \u00e9 importante considerar a alimenta\u00e7\u00e3o. Optar por lanches leves e saud\u00e1veis, como saladas de frutas ou sandu\u00edches naturais, pode contribuir para a sensa\u00e7\u00e3o de bem-estar.<\/p>\n\n\n\n<p>Preparar esses alimentos com aten\u00e7\u00e3o \u00e0 apresenta\u00e7\u00e3o pode tornar a experi\u00eancia ainda mais especial, proporcionando um momento de prazer visual e gustativo.<\/p>\n\n\n\n<p>Em suma, um dia de spa em casa \u00e9 uma oportunidade valiosa para cuidar de si mesmo de maneira pr\u00e1tica. Com algumas prepara\u00e7\u00f5es simples, \u00e9 poss\u00edvel criar um ambiente de paz e relaxamento, permitindo que corpo e mente se renovem.<\/p>\n","protected":false},"excerpt":{"rendered":"<p>Em um mundo cada vez mais agitado, encontrar tempo para relaxar e cuidar de si mesmo \u00e9 essencial. Transformar sua casa em um spa pode ser uma solu\u00e7\u00e3o pr\u00e1tica e acess\u00edvel para recarregar as energias. Este artigo oferece dicas para criar um ambiente de tranquilidade e bem-estar sem sair de casa. O conceito de spa [&hellip;]<\/p>\n","protected":false},"author":9,"featured_media":42311,"comment_status":"open","ping_status":"open","sticky":false,"template":"","format":"standard","meta":{"jnews-multi-image_gallery":[],"jnews_single_post":{"format":"standard"},"jnews_primary_category":[],"jnews_social_meta":[],"jnews_override_counter":[],"footnotes":""},"categories":[29,1],"tags":[712,711,373,8067],"class_list":["post-42298","post","type-post","status-publish","format-standard","has-post-thumbnail","hentry","category-entretenimento","category-noticias","tag-autocuidado","tag-bem-estar","tag-relaxamento","tag-spa-em-casa"],"yoast_head":"<!-- This site is optimized with the Yoast SEO plugin v23.8 - https:\/\/yoast.com\/wordpress\/plugins\/seo\/ -->\n<title>Dicas para criar um spa em casa e cuidar de si mesmo<\/title>\n<meta name=\"description\" content=\"Transforme sua casa em um spa e viva momentos de relaxamento, autocuidado e bem-estar de forma pr\u00e1tica e acess\u00edvel.\" \/>\n<meta name=\"robots\" content=\"index, follow, max-snippet:-1, max-image-preview:large, max-video-preview:-1\" \/>\n<link rel=\"canonical\" href=\"https:\/\/www.em.com.br\/emfoco\/2025\/04\/29\/dicas-para-criar-um-spa-em-casa-e-cuidar-de-si-mesmo\/\" \/>\n<meta property=\"og:locale\" content=\"pt_BR\" \/>\n<meta property=\"og:type\" content=\"article\" \/>\n<meta property=\"og:title\" content=\"Dicas para criar um spa em casa e cuidar de si mesmo\" \/>\n<meta property=\"og:description\" content=\"Transforme sua casa em um spa e viva momentos de relaxamento, autocuidado e bem-estar de forma pr\u00e1tica e acess\u00edvel.\" \/>\n<meta property=\"og:url\" content=\"https:\/\/www.em.com.br\/emfoco\/2025\/04\/29\/dicas-para-criar-um-spa-em-casa-e-cuidar-de-si-mesmo\/\" \/>\n<meta property=\"og:site_name\" content=\"Estado de Minas - Em foco\" \/>\n<meta property=\"article:published_time\" content=\"2025-04-29T13:40:02+00:00\" \/>\n<meta property=\"article:modified_time\" content=\"2025-04-28T17:35:11+00:00\" \/>\n<meta property=\"og:image\" content=\"https:\/\/www.em.com.br\/emfoco\/wp-content\/uploads\/2025\/04\/spa_1745853857212.jpg\" \/>\n\t<meta property=\"og:image:width\" content=\"1280\" \/>\n\t<meta property=\"og:image:height\" content=\"720\" \/>\n\t<meta property=\"og:image:type\" content=\"image\/jpeg\" \/>\n<meta name=\"author\" content=\"Daniely Cardoso\" \/>\n<meta name=\"twitter:card\" content=\"summary_large_image\" \/>\n<meta name=\"twitter:label1\" content=\"Escrito por\" \/>\n\t<meta name=\"twitter:data1\" content=\"Daniely Cardoso\" \/>\n\t<meta name=\"twitter:label2\" content=\"Est. tempo de leitura\" \/>\n\t<meta name=\"twitter:data2\" content=\"4 minutos\" \/>\n<!-- \/ Yoast SEO plugin. -->","yoast_head_json":{"title":"Dicas para criar um spa em casa e cuidar de si mesmo","description":"Transforme sua casa em um spa e viva momentos de relaxamento, autocuidado e bem-estar de forma pr\u00e1tica e acess\u00edvel.","robots":{"index":"index","follow":"follow","max-snippet":"max-snippet:-1","max-image-preview":"max-image-preview:large","max-video-preview":"max-video-preview:-1"},"canonical":"https:\/\/www.em.com.br\/emfoco\/2025\/04\/29\/dicas-para-criar-um-spa-em-casa-e-cuidar-de-si-mesmo\/","og_locale":"pt_BR","og_type":"article","og_title":"Dicas para criar um spa em casa e cuidar de si mesmo","og_description":"Transforme sua casa em um spa e viva momentos de relaxamento, autocuidado e bem-estar de forma pr\u00e1tica e acess\u00edvel.","og_url":"https:\/\/www.em.com.br\/emfoco\/2025\/04\/29\/dicas-para-criar-um-spa-em-casa-e-cuidar-de-si-mesmo\/","og_site_name":"Estado de Minas - Em foco","article_published_time":"2025-04-29T13:40:02+00:00","article_modified_time":"2025-04-28T17:35:11+00:00","og_image":[{"width":1280,"height":720,"url":"https:\/\/www.em.com.br\/emfoco\/wp-content\/uploads\/2025\/04\/spa_1745853857212.jpg","type":"image\/jpeg"}],"author":"Daniely Cardoso","twitter_card":"summary_large_image","twitter_misc":{"Escrito por":"Daniely Cardoso","Est. tempo de leitura":"4 minutos"},"schema":{"@context":"https:\/\/schema.org","@graph":[{"@type":"WebPage","@id":"https:\/\/www.em.com.br\/emfoco\/2025\/04\/29\/dicas-para-criar-um-spa-em-casa-e-cuidar-de-si-mesmo\/","url":"https:\/\/www.em.com.br\/emfoco\/2025\/04\/29\/dicas-para-criar-um-spa-em-casa-e-cuidar-de-si-mesmo\/","name":"Dicas para criar um spa em casa e cuidar de si mesmo","isPartOf":{"@id":"https:\/\/www.em.com.br\/emfoco\/#website"},"primaryImageOfPage":{"@id":"https:\/\/www.em.com.br\/emfoco\/2025\/04\/29\/dicas-para-criar-um-spa-em-casa-e-cuidar-de-si-mesmo\/#primaryimage"},"image":{"@id":"https:\/\/www.em.com.br\/emfoco\/2025\/04\/29\/dicas-para-criar-um-spa-em-casa-e-cuidar-de-si-mesmo\/#primaryimage"},"thumbnailUrl":"https:\/\/www.em.com.br\/emfoco\/wp-content\/uploads\/2025\/04\/spa_1745853857212.jpg","datePublished":"2025-04-29T13:40:02+00:00","dateModified":"2025-04-28T17:35:11+00:00","author":{"@id":"https:\/\/www.em.com.br\/emfoco\/#\/schema\/person\/0a8186d72f2c3a5c6276d90b41f271a0"},"description":"Transforme sua casa em um spa e viva momentos de relaxamento, autocuidado e bem-estar de forma pr\u00e1tica e acess\u00edvel.","breadcrumb":{"@id":"https:\/\/www.em.com.br\/emfoco\/2025\/04\/29\/dicas-para-criar-um-spa-em-casa-e-cuidar-de-si-mesmo\/#breadcrumb"},"inLanguage":"pt-BR","potentialAction":[{"@type":"ReadAction","target":["https:\/\/www.em.com.br\/emfoco\/2025\/04\/29\/dicas-para-criar-um-spa-em-casa-e-cuidar-de-si-mesmo\/"]}]},{"@type":"ImageObject","inLanguage":"pt-BR","@id":"https:\/\/www.em.com.br\/emfoco\/2025\/04\/29\/dicas-para-criar-um-spa-em-casa-e-cuidar-de-si-mesmo\/#primaryimage","url":"https:\/\/www.em.com.br\/emfoco\/wp-content\/uploads\/2025\/04\/spa_1745853857212.jpg","contentUrl":"https:\/\/www.em.com.br\/emfoco\/wp-content\/uploads\/2025\/04\/spa_1745853857212.jpg","width":1280,"height":720,"caption":"Spa - Cr\u00e9ditos: depositphotos.com \/ serezniy"},{"@type":"BreadcrumbList","@id":"https:\/\/www.em.com.br\/emfoco\/2025\/04\/29\/dicas-para-criar-um-spa-em-casa-e-cuidar-de-si-mesmo\/#breadcrumb","itemListElement":[{"@type":"ListItem","position":1,"name":"In\u00edcio","item":"https:\/\/www.em.com.br\/emfoco\/"},{"@type":"ListItem","position":2,"name":"Dicas para criar um spa em casa e cuidar de si mesmo"}]},{"@type":"WebSite","@id":"https:\/\/www.em.com.br\/emfoco\/#website","url":"https:\/\/www.em.com.br\/emfoco\/","name":"Estado de Minas - Em foco","description":"Acompanhe as \u00faltimas not\u00edcias e fique bem informado sobre tudo o que acontece em Minas Gerais, Brasil e no mundo.","potentialAction":[{"@type":"SearchAction","target":{"@type":"EntryPoint","urlTemplate":"https:\/\/www.em.com.br\/emfoco\/?s={search_term_string}"},"query-input":{"@type":"PropertyValueSpecification","valueRequired":true,"valueName":"search_term_string"}}],"inLanguage":"pt-BR"},{"@type":"Person","@id":"https:\/\/www.em.com.br\/emfoco\/#\/schema\/person\/0a8186d72f2c3a5c6276d90b41f271a0","name":"Daniely Cardoso","image":{"@type":"ImageObject","inLanguage":"pt-BR","@id":"https:\/\/www.em.com.br\/emfoco\/#\/schema\/person\/image\/","url":"https:\/\/secure.gravatar.com\/avatar\/4b80ddbd124d1f071b626d52d62e5dff?s=96&d=mm&r=g","contentUrl":"https:\/\/secure.gravatar.com\/avatar\/4b80ddbd124d1f071b626d52d62e5dff?s=96&d=mm&r=g","caption":"Daniely Cardoso"},"url":"https:\/\/www.em.com.br\/emfoco\/author\/danielymyth\/"}]}},"_links":{"self":[{"href":"https:\/\/www.em.com.br\/emfoco\/wp-json\/wp\/v2\/posts\/42298","targetHints":{"allow":["GET"]}}],"collection":[{"href":"https:\/\/www.em.com.br\/emfoco\/wp-json\/wp\/v2\/posts"}],"about":[{"href":"https:\/\/www.em.com.br\/emfoco\/wp-json\/wp\/v2\/types\/post"}],"author":[{"embeddable":true,"href":"https:\/\/www.em.com.br\/emfoco\/wp-json\/wp\/v2\/users\/9"}],"replies":[{"embeddable":true,"href":"https:\/\/www.em.com.br\/emfoco\/wp-json\/wp\/v2\/comments?post=42298"}],"version-history":[{"count":3,"href":"https:\/\/www.em.com.br\/emfoco\/wp-json\/wp\/v2\/posts\/42298\/revisions"}],"predecessor-version":[{"id":42321,"href":"https:\/\/www.em.com.br\/emfoco\/wp-json\/wp\/v2\/posts\/42298\/revisions\/42321"}],"wp:featuredmedia":[{"embeddable":true,"href":"https:\/\/www.em.com.br\/emfoco\/wp-json\/wp\/v2\/media\/42311"}],"wp:attachment":[{"href":"https:\/\/www.em.com.br\/emfoco\/wp-json\/wp\/v2\/media?parent=42298"}],"wp:term":[{"taxonomy":"category","embeddable":true,"href":"https:\/\/www.em.com.br\/emfoco\/wp-json\/wp\/v2\/categories?post=42298"},{"taxonomy":"post_tag","embeddable":true,"href":"https:\/\/www.em.com.br\/emfoco\/wp-json\/wp\/v2\/tags?post=42298"}],"curies":[{"name":"wp","href":"https:\/\/api.w.org\/{rel}","templated":true}]}}