{"id":42252,"date":"2025-05-02T21:20:00","date_gmt":"2025-05-03T00:20:00","guid":{"rendered":"https:\/\/www.em.com.br\/emfoco\/?p=42252"},"modified":"2025-05-01T16:37:42","modified_gmt":"2025-05-01T19:37:42","slug":"conheca-a-cidade-luz-o-centro-global-da-moda-e-da-gastronomia-mundial","status":"publish","type":"post","link":"https:\/\/www.em.com.br\/emfoco\/2025\/05\/02\/conheca-a-cidade-luz-o-centro-global-da-moda-e-da-gastronomia-mundial\/","title":{"rendered":"Conhe\u00e7a a &#8220;Cidade Luz&#8221;, o centro global da moda e da gastronomia mundial"},"content":{"rendered":"\n<p><strong>Paris<\/strong>, a capital da <strong>Fran\u00e7a<\/strong>, \u00e9 uma cidade que fascina milh\u00f5es de visitantes todos os anos. Conhecida como a &#8220;<strong>Cidade Luz<\/strong>&#8220;, Paris \u00e9 um centro global de arte, moda, gastronomia e cultura. Com uma hist\u00f3ria rica e uma arquitetura impressionante, a cidade oferece uma experi\u00eancia \u00fanica para quem a visita.<\/p>\n\n\n\n<p>Al\u00e9m de seus famosos monumentos, Paris \u00e9 um lugar onde a vida cotidiana se mistura harmoniosamente com o charme hist\u00f3rico. A cidade \u00e9 um exemplo de como a tradi\u00e7\u00e3o e a modernidade podem coexistir, oferecendo uma qualidade de vida invej\u00e1vel a seus habitantes.<\/p>\n\n\n\n<h2 class=\"wp-block-heading\">Qualidade de vida em Paris<\/h2>\n\n\n\n<p>Paris \u00e9 frequentemente classificada entre as cidades com melhor qualidade de vida no mundo. A cidade oferece uma infraestrutura de transporte p\u00fablico eficiente, com metr\u00f4s, \u00f4nibus e trens que conectam toda a regi\u00e3o metropolitana. Al\u00e9m disso, Paris \u00e9 conhecida por seus parques e espa\u00e7os verdes, que proporcionam um ref\u00fagio tranquilo em meio \u00e0 agita\u00e7\u00e3o urbana.<\/p>\n\n\n\n<h2 class=\"wp-block-heading\">Educa\u00e7\u00e3o de excel\u00eancia<\/h2>\n\n\n\n<p>A educa\u00e7\u00e3o em Paris \u00e9 reconhecida por sua excel\u00eancia. A cidade abriga algumas das universidades mais prestigiadas do mundo, como a <strong>Sorbonne <\/strong>e a <strong>\u00c9cole Normale Sup\u00e9rieure<\/strong>. O sistema educacional franc\u00eas \u00e9 conhecido por seu rigor acad\u00eamico e por oferecer uma ampla gama de programas de estudo, atraindo estudantes de todas as partes do globo.<\/p>\n\n\n\n<figure class=\"wp-block-image size-large\"><img loading=\"lazy\" decoding=\"async\" width=\"1024\" height=\"576\" src=\"https:\/\/www.em.com.br\/emfoco\/wp-content\/uploads\/2025\/04\/Paris_1744469558506-1024x576.jpg\" alt=\"Conhe\u00e7a a cidade onde cada esquina parece um cen\u00e1rio de filme!\" class=\"wp-image-37843\" srcset=\"https:\/\/www.em.com.br\/emfoco\/wp-content\/uploads\/2025\/04\/Paris_1744469558506-1024x576.jpg 1024w, https:\/\/www.em.com.br\/emfoco\/wp-content\/uploads\/2025\/04\/Paris_1744469558506-300x169.jpg 300w, https:\/\/www.em.com.br\/emfoco\/wp-content\/uploads\/2025\/04\/Paris_1744469558506-768x432.jpg 768w, https:\/\/www.em.com.br\/emfoco\/wp-content\/uploads\/2025\/04\/Paris_1744469558506-750x422.jpg 750w, https:\/\/www.em.com.br\/emfoco\/wp-content\/uploads\/2025\/04\/Paris_1744469558506-1140x641.jpg 1140w, https:\/\/www.em.com.br\/emfoco\/wp-content\/uploads\/2025\/04\/Paris_1744469558506.jpg 1280w\" sizes=\"auto, (max-width: 1024px) 100vw, 1024px\" \/><figcaption class=\"wp-element-caption\">Paris, Fran\u00e7a &#8211; Cr\u00e9ditos: depositphotos.com \/ canbedone<\/figcaption><\/figure>\n\n\n\n<h2 class=\"wp-block-heading\">Turismo: descobrindo os encantos de Paris<\/h2>\n\n\n\n<p>Paris \u00e9 um dos destinos tur\u00edsticos mais populares do mundo, com uma infinidade de atra\u00e7\u00f5es para explorar. Desde a ic\u00f4nica <strong>Torre Eiffel<\/strong> at\u00e9 o majestoso <strong><a href=\"https:\/\/www.louvre.fr\/en\" target=\"_blank\" rel=\"noreferrer noopener\">Museu do Louvre<\/a><\/strong>, a cidade oferece uma rica tape\u00e7aria de experi\u00eancias culturais e hist\u00f3ricas. Os visitantes podem passear pelas charmosas ruas de <strong>Montmartre <\/strong>ou desfrutar de um cruzeiro pelo rio <strong>Sena<\/strong>.<\/p>\n\n\n\n<h2 class=\"wp-block-heading\">Gastronomia parisiense<\/h2>\n\n\n\n<p>A culin\u00e1ria de Paris \u00e9 uma das mais renomadas do mundo. A cidade \u00e9 um para\u00edso para os amantes da gastronomia, com uma variedade de restaurantes que v\u00e3o desde bistr\u00f4s tradicionais at\u00e9 estabelecimentos com estrelas <strong><a href=\"https:\/\/www.em.com.br\/emfoco\/2025\/01\/19\/o-que-torna-um-restaurante-digno-de-uma-estrela-michelin\/\" target=\"_blank\" rel=\"noreferrer noopener\">Michelin<\/a><\/strong>. Os visitantes podem saborear pratos cl\u00e1ssicos como o coq au vin e o croissant, al\u00e9m de explorar mercados de alimentos frescos e padarias artesanais.<\/p>\n\n\n\n<h2 class=\"wp-block-heading\">Arte e cultura em cada esquina<\/h2>\n\n\n\n<p>Paris \u00e9 um centro vibrante de arte e cultura. A cidade abriga uma infinidade de museus, galerias e teatros que oferecem uma vis\u00e3o abrangente da arte e da cultura francesas. Eventos culturais, como a <strong>Nuit Blanche<\/strong> e a <strong>F\u00eate de la Musique<\/strong>, celebram a criatividade e a diversidade cultural da cidade.<\/p>\n\n\n\n<h2 class=\"wp-block-heading\">Como \u00e9 viver em Paris?<\/h2>\n\n\n\n<p>Viver em Paris \u00e9 uma experi\u00eancia \u00fanica, marcada por uma rica vida cultural e social. Os parisienses desfrutam de um estilo de vida que valoriza a arte, a educa\u00e7\u00e3o e a conviv\u00eancia. A cidade oferece uma variedade de bairros, cada um com seu pr\u00f3prio car\u00e1ter e charme, desde o elegante <strong>Marais<\/strong> at\u00e9 o bo\u00eamio <strong>Quartier Latin<\/strong>.<\/p>\n\n\n\n<h2 class=\"wp-block-heading\">Perspectivas futuras para Paris<\/h2>\n\n\n\n<p>O futuro de Paris parece promissor, com planos de desenvolvimento sustent\u00e1vel e inova\u00e7\u00e3o urbana. A cidade est\u00e1 investindo em projetos de infraestrutura verde e mobilidade urbana para melhorar ainda mais a qualidade de vida de seus habitantes. Com um compromisso cont\u00ednuo com a cultura e a educa\u00e7\u00e3o, Paris continua a ser um farol de inspira\u00e7\u00e3o e progresso.<\/p>\n","protected":false},"excerpt":{"rendered":"<p>Paris, a capital da Fran\u00e7a, \u00e9 uma cidade que fascina milh\u00f5es de visitantes todos os anos. Conhecida como a &#8220;Cidade Luz&#8220;, Paris \u00e9 um centro global de arte, moda, gastronomia e cultura. Com uma hist\u00f3ria rica e uma arquitetura impressionante, a cidade oferece uma experi\u00eancia \u00fanica para quem a visita. Al\u00e9m de seus famosos monumentos, [&hellip;]<\/p>\n","protected":false},"author":13,"featured_media":37845,"comment_status":"open","ping_status":"open","sticky":false,"template":"","format":"standard","meta":{"jnews-multi-image_gallery":[],"jnews_single_post":{"format":"standard"},"jnews_primary_category":[],"jnews_social_meta":[],"jnews_override_counter":[],"footnotes":""},"categories":[26],"tags":[1487,159,586,157],"class_list":["post-42252","post","type-post","status-publish","format-standard","has-post-thumbnail","hentry","category-cidades","tag-arte","tag-cultura","tag-franca","tag-turismo"],"yoast_head":"<!-- This site is optimized with the Yoast SEO plugin v23.8 - https:\/\/yoast.com\/wordpress\/plugins\/seo\/ -->\n<title>Conhe\u00e7a a &quot;Cidade Luz&quot;, o centro global da moda e da gastronomia mundial - Estado de Minas - Em foco<\/title>\n<meta name=\"description\" content=\"De suas monumentais atra\u00e7\u00f5es a uma culin\u00e1ria inesquec\u00edvel, Paris oferece uma experi\u00eancia \u00fanica de arte, hist\u00f3ria e beleza.\" \/>\n<meta name=\"robots\" content=\"index, follow, max-snippet:-1, max-image-preview:large, max-video-preview:-1\" \/>\n<link rel=\"canonical\" href=\"https:\/\/www.em.com.br\/emfoco\/2025\/05\/02\/conheca-a-cidade-luz-o-centro-global-da-moda-e-da-gastronomia-mundial\/\" \/>\n<meta property=\"og:locale\" content=\"pt_BR\" \/>\n<meta property=\"og:type\" content=\"article\" \/>\n<meta property=\"og:title\" content=\"Conhe\u00e7a a &quot;Cidade Luz&quot;, o centro global da moda e da gastronomia mundial - Estado de Minas - Em foco\" \/>\n<meta property=\"og:description\" content=\"De suas monumentais atra\u00e7\u00f5es a uma culin\u00e1ria inesquec\u00edvel, Paris oferece uma experi\u00eancia \u00fanica de arte, hist\u00f3ria e beleza.\" \/>\n<meta property=\"og:url\" content=\"https:\/\/www.em.com.br\/emfoco\/2025\/05\/02\/conheca-a-cidade-luz-o-centro-global-da-moda-e-da-gastronomia-mundial\/\" \/>\n<meta property=\"og:site_name\" content=\"Estado de Minas - Em foco\" \/>\n<meta property=\"article:published_time\" content=\"2025-05-03T00:20:00+00:00\" \/>\n<meta property=\"article:modified_time\" content=\"2025-05-01T19:37:42+00:00\" \/>\n<meta property=\"og:image\" content=\"https:\/\/www.em.com.br\/emfoco\/wp-content\/uploads\/2025\/04\/Paris_1744469596068.jpg\" \/>\n\t<meta property=\"og:image:width\" content=\"1280\" \/>\n\t<meta property=\"og:image:height\" content=\"720\" \/>\n\t<meta property=\"og:image:type\" content=\"image\/jpeg\" \/>\n<meta name=\"author\" content=\"Gabriel Martins\" \/>\n<meta name=\"twitter:card\" content=\"summary_large_image\" \/>\n<meta name=\"twitter:label1\" content=\"Escrito por\" \/>\n\t<meta name=\"twitter:data1\" content=\"Gabriel Martins\" \/>\n\t<meta name=\"twitter:label2\" content=\"Est. tempo de leitura\" \/>\n\t<meta name=\"twitter:data2\" content=\"4 minutos\" \/>\n<!-- \/ Yoast SEO plugin. -->","yoast_head_json":{"title":"Conhe\u00e7a a \"Cidade Luz\", o centro global da moda e da gastronomia mundial - Estado de Minas - Em foco","description":"De suas monumentais atra\u00e7\u00f5es a uma culin\u00e1ria inesquec\u00edvel, Paris oferece uma experi\u00eancia \u00fanica de arte, hist\u00f3ria e beleza.","robots":{"index":"index","follow":"follow","max-snippet":"max-snippet:-1","max-image-preview":"max-image-preview:large","max-video-preview":"max-video-preview:-1"},"canonical":"https:\/\/www.em.com.br\/emfoco\/2025\/05\/02\/conheca-a-cidade-luz-o-centro-global-da-moda-e-da-gastronomia-mundial\/","og_locale":"pt_BR","og_type":"article","og_title":"Conhe\u00e7a a \"Cidade Luz\", o centro global da moda e da gastronomia mundial - Estado de Minas - Em foco","og_description":"De suas monumentais atra\u00e7\u00f5es a uma culin\u00e1ria inesquec\u00edvel, Paris oferece uma experi\u00eancia \u00fanica de arte, hist\u00f3ria e beleza.","og_url":"https:\/\/www.em.com.br\/emfoco\/2025\/05\/02\/conheca-a-cidade-luz-o-centro-global-da-moda-e-da-gastronomia-mundial\/","og_site_name":"Estado de Minas - Em foco","article_published_time":"2025-05-03T00:20:00+00:00","article_modified_time":"2025-05-01T19:37:42+00:00","og_image":[{"width":1280,"height":720,"url":"https:\/\/www.em.com.br\/emfoco\/wp-content\/uploads\/2025\/04\/Paris_1744469596068.jpg","type":"image\/jpeg"}],"author":"Gabriel Martins","twitter_card":"summary_large_image","twitter_misc":{"Escrito por":"Gabriel Martins","Est. tempo de leitura":"4 minutos"},"schema":{"@context":"https:\/\/schema.org","@graph":[{"@type":"WebPage","@id":"https:\/\/www.em.com.br\/emfoco\/2025\/05\/02\/conheca-a-cidade-luz-o-centro-global-da-moda-e-da-gastronomia-mundial\/","url":"https:\/\/www.em.com.br\/emfoco\/2025\/05\/02\/conheca-a-cidade-luz-o-centro-global-da-moda-e-da-gastronomia-mundial\/","name":"Conhe\u00e7a a \"Cidade Luz\", o centro global da moda e da gastronomia mundial - Estado de Minas - Em foco","isPartOf":{"@id":"https:\/\/www.em.com.br\/emfoco\/#website"},"primaryImageOfPage":{"@id":"https:\/\/www.em.com.br\/emfoco\/2025\/05\/02\/conheca-a-cidade-luz-o-centro-global-da-moda-e-da-gastronomia-mundial\/#primaryimage"},"image":{"@id":"https:\/\/www.em.com.br\/emfoco\/2025\/05\/02\/conheca-a-cidade-luz-o-centro-global-da-moda-e-da-gastronomia-mundial\/#primaryimage"},"thumbnailUrl":"https:\/\/www.em.com.br\/emfoco\/wp-content\/uploads\/2025\/04\/Paris_1744469596068.jpg","datePublished":"2025-05-03T00:20:00+00:00","dateModified":"2025-05-01T19:37:42+00:00","author":{"@id":"https:\/\/www.em.com.br\/emfoco\/#\/schema\/person\/1c9ddeab18b98abeffef834667bcf08a"},"description":"De suas monumentais atra\u00e7\u00f5es a uma culin\u00e1ria inesquec\u00edvel, Paris oferece uma experi\u00eancia \u00fanica de arte, hist\u00f3ria e beleza.","breadcrumb":{"@id":"https:\/\/www.em.com.br\/emfoco\/2025\/05\/02\/conheca-a-cidade-luz-o-centro-global-da-moda-e-da-gastronomia-mundial\/#breadcrumb"},"inLanguage":"pt-BR","potentialAction":[{"@type":"ReadAction","target":["https:\/\/www.em.com.br\/emfoco\/2025\/05\/02\/conheca-a-cidade-luz-o-centro-global-da-moda-e-da-gastronomia-mundial\/"]}]},{"@type":"ImageObject","inLanguage":"pt-BR","@id":"https:\/\/www.em.com.br\/emfoco\/2025\/05\/02\/conheca-a-cidade-luz-o-centro-global-da-moda-e-da-gastronomia-mundial\/#primaryimage","url":"https:\/\/www.em.com.br\/emfoco\/wp-content\/uploads\/2025\/04\/Paris_1744469596068.jpg","contentUrl":"https:\/\/www.em.com.br\/emfoco\/wp-content\/uploads\/2025\/04\/Paris_1744469596068.jpg","width":1280,"height":720,"caption":"Paris, Fran\u00e7a - Cr\u00e9ditos: depositphotos.com \/ johny007pandp"},{"@type":"BreadcrumbList","@id":"https:\/\/www.em.com.br\/emfoco\/2025\/05\/02\/conheca-a-cidade-luz-o-centro-global-da-moda-e-da-gastronomia-mundial\/#breadcrumb","itemListElement":[{"@type":"ListItem","position":1,"name":"In\u00edcio","item":"https:\/\/www.em.com.br\/emfoco\/"},{"@type":"ListItem","position":2,"name":"Conhe\u00e7a a &#8220;Cidade Luz&#8221;, o centro global da moda e da gastronomia mundial"}]},{"@type":"WebSite","@id":"https:\/\/www.em.com.br\/emfoco\/#website","url":"https:\/\/www.em.com.br\/emfoco\/","name":"Estado de Minas - Em foco","description":"Acompanhe as \u00faltimas not\u00edcias e fique bem informado sobre tudo o que acontece em Minas Gerais, Brasil e no mundo.","potentialAction":[{"@type":"SearchAction","target":{"@type":"EntryPoint","urlTemplate":"https:\/\/www.em.com.br\/emfoco\/?s={search_term_string}"},"query-input":{"@type":"PropertyValueSpecification","valueRequired":true,"valueName":"search_term_string"}}],"inLanguage":"pt-BR"},{"@type":"Person","@id":"https:\/\/www.em.com.br\/emfoco\/#\/schema\/person\/1c9ddeab18b98abeffef834667bcf08a","name":"Gabriel Martins","image":{"@type":"ImageObject","inLanguage":"pt-BR","@id":"https:\/\/www.em.com.br\/emfoco\/#\/schema\/person\/image\/","url":"https:\/\/secure.gravatar.com\/avatar\/f0f1e2efdfd88f1ad2cb08c5c2731e50?s=96&d=mm&r=g","contentUrl":"https:\/\/secure.gravatar.com\/avatar\/f0f1e2efdfd88f1ad2cb08c5c2731e50?s=96&d=mm&r=g","caption":"Gabriel Martins"},"sameAs":["https:\/\/www.em.com.br\/emfoco\/"],"url":"https:\/\/www.em.com.br\/emfoco\/author\/gabrielmartinsmyth\/"}]}},"_links":{"self":[{"href":"https:\/\/www.em.com.br\/emfoco\/wp-json\/wp\/v2\/posts\/42252","targetHints":{"allow":["GET"]}}],"collection":[{"href":"https:\/\/www.em.com.br\/emfoco\/wp-json\/wp\/v2\/posts"}],"about":[{"href":"https:\/\/www.em.com.br\/emfoco\/wp-json\/wp\/v2\/types\/post"}],"author":[{"embeddable":true,"href":"https:\/\/www.em.com.br\/emfoco\/wp-json\/wp\/v2\/users\/13"}],"replies":[{"embeddable":true,"href":"https:\/\/www.em.com.br\/emfoco\/wp-json\/wp\/v2\/comments?post=42252"}],"version-history":[{"count":2,"href":"https:\/\/www.em.com.br\/emfoco\/wp-json\/wp\/v2\/posts\/42252\/revisions"}],"predecessor-version":[{"id":42271,"href":"https:\/\/www.em.com.br\/emfoco\/wp-json\/wp\/v2\/posts\/42252\/revisions\/42271"}],"wp:featuredmedia":[{"embeddable":true,"href":"https:\/\/www.em.com.br\/emfoco\/wp-json\/wp\/v2\/media\/37845"}],"wp:attachment":[{"href":"https:\/\/www.em.com.br\/emfoco\/wp-json\/wp\/v2\/media?parent=42252"}],"wp:term":[{"taxonomy":"category","embeddable":true,"href":"https:\/\/www.em.com.br\/emfoco\/wp-json\/wp\/v2\/categories?post=42252"},{"taxonomy":"post_tag","embeddable":true,"href":"https:\/\/www.em.com.br\/emfoco\/wp-json\/wp\/v2\/tags?post=42252"}],"curies":[{"name":"wp","href":"https:\/\/api.w.org\/{rel}","templated":true}]}}