{"id":42238,"date":"2025-04-29T10:00:00","date_gmt":"2025-04-29T13:00:00","guid":{"rendered":"https:\/\/www.em.com.br\/emfoco\/?p=42238"},"modified":"2025-04-28T15:09:52","modified_gmt":"2025-04-28T18:09:52","slug":"meu-inss-mudou-e-agora-milhoes-podem-perder-seus-direitos-entenda","status":"publish","type":"post","link":"https:\/\/www.em.com.br\/emfoco\/2025\/04\/29\/meu-inss-mudou-e-agora-milhoes-podem-perder-seus-direitos-entenda\/","title":{"rendered":"Meu INSS mudou e agora milh\u00f5es podem perder seus direitos; entenda"},"content":{"rendered":"\n<p>A <a href=\"https:\/\/www.em.com.br\/emfoco\/2025\/04\/19\/deepfake-inteligencia-artificial-esta-criando-falsos-medicos-para-te-enganar\/\" target=\"_blank\" rel=\"noreferrer noopener\"><strong>intelig\u00eancia artificial<\/strong> <\/a>chegou para transformar o <strong><a href=\"https:\/\/www.gov.br\/pt-br\/temas\/meu-inss\" target=\"_blank\" rel=\"noreferrer noopener\">Meu INSS<\/a><\/strong>, acelerando processos que antes levavam meses. No entanto, o que parecia a melhor inova\u00e7\u00e3o j\u00e1 vista para aposentadorias e aux\u00edlios virou motivo de frustra\u00e7\u00e3o para milhares de brasileiros. Em especial, trabalhadores rurais e idosos sofrem com a exclus\u00e3o digital e erros de an\u00e1lise que deixam benef\u00edcios essenciais fora de alcance.<\/p>\n\n\n\n<h2 class=\"wp-block-heading\">Meu INSS automatizado beneficia poucos e deixa maioria em alerta<\/h2>\n\n\n\n<p>Com a meta de automatizar 55% dos pedidos at\u00e9 2025, o governo apostou pesado na IA. Enquanto solicita\u00e7\u00f5es simples ganham rapidez in\u00e9dita, casos mais complexos s\u00e3o recusados sem revis\u00e3o humana. A falta de suporte para corrigir inconsist\u00eancias transforma o que deveria ser um avan\u00e7o hist\u00f3rico em um desafio di\u00e1rio para quem mais precisa de seguran\u00e7a social e justi\u00e7a previdenci\u00e1ria.<\/p>\n\n\n\n<h2 class=\"wp-block-heading\">Trabalhadores rurais enfrentam o maior drama com IA do INSS<\/h2>\n\n\n\n<p>Em \u00e1reas rurais, onde a internet \u00e9 inst\u00e1vel e a alfabetiza\u00e7\u00e3o digital \u00e9 baixa, a automa\u00e7\u00e3o virou obst\u00e1culo. Benef\u00edcios s\u00e3o negados por falhas simples que um humano resolveria rapidamente. Especialistas alertam que a legisla\u00e7\u00e3o social \u00e9 cheia de nuances que a intelig\u00eancia artificial, por mais avan\u00e7ada que seja, ainda n\u00e3o consegue interpretar com precis\u00e3o necess\u00e1ria para decis\u00f5es justas.<\/p>\n\n\n\n<figure class=\"wp-block-image size-large\"><img loading=\"lazy\" decoding=\"async\" width=\"1024\" height=\"576\" src=\"https:\/\/www.em.com.br\/emfoco\/wp-content\/uploads\/2025\/04\/simplificameuinss_portalexterno-1-1-1024x576.png\" alt=\"\" class=\"wp-image-42335\" srcset=\"https:\/\/www.em.com.br\/emfoco\/wp-content\/uploads\/2025\/04\/simplificameuinss_portalexterno-1-1-1024x576.png 1024w, https:\/\/www.em.com.br\/emfoco\/wp-content\/uploads\/2025\/04\/simplificameuinss_portalexterno-1-1-300x169.png 300w, https:\/\/www.em.com.br\/emfoco\/wp-content\/uploads\/2025\/04\/simplificameuinss_portalexterno-1-1-768x432.png 768w, https:\/\/www.em.com.br\/emfoco\/wp-content\/uploads\/2025\/04\/simplificameuinss_portalexterno-1-1-750x422.png 750w, https:\/\/www.em.com.br\/emfoco\/wp-content\/uploads\/2025\/04\/simplificameuinss_portalexterno-1-1-1140x641.png 1140w, https:\/\/www.em.com.br\/emfoco\/wp-content\/uploads\/2025\/04\/simplificameuinss_portalexterno-1-1.png 1280w\" sizes=\"auto, (max-width: 1024px) 100vw, 1024px\" \/><figcaption class=\"wp-element-caption\">App Meu INSS &#8211; Cr\u00e9ditos: Divulga\u00e7\u00e3o\/Gov.br<\/figcaption><\/figure>\n\n\n\n<h2 class=\"wp-block-heading\">Governo aposta bilh\u00f5es para corrigir falhas e evitar colapso<\/h2>\n\n\n\n<p>A <strong>Dataprev <\/strong>anunciou um investimento milion\u00e1rio para 2025, prometendo o sistema mais inteligente e preciso de todos os tempos. A ideia \u00e9 detectar fraudes com mais efici\u00eancia, mas a d\u00favida persiste: ser\u00e1 suficiente para corrigir a exclus\u00e3o? O futuro dos benef\u00edcios previdenci\u00e1rios depende de um equil\u00edbrio delicado entre automa\u00e7\u00e3o e an\u00e1lise cr\u00edtica feita por especialistas humanos.<\/p>\n\n\n\n<h2 class=\"wp-block-heading\">Inova\u00e7\u00e3o do Meu INSS pode se tornar a maior decep\u00e7\u00e3o<\/h2>\n\n\n\n<p>Apesar dos impressionantes 84 milh\u00f5es de acessos mensais, a crescente depend\u00eancia de intelig\u00eancia artificial amea\u00e7a transformar a melhor promessa tecnol\u00f3gica do INSS em uma grande decep\u00e7\u00e3o. Sem ajustes imediatos, o que deveria ser o futuro da previd\u00eancia pode se tornar um pesadelo burocr\u00e1tico para milh\u00f5es de brasileiros que buscam dignidade e seguran\u00e7a em tempos incertos.<\/p>\n","protected":false},"excerpt":{"rendered":"<p>A intelig\u00eancia artificial chegou para transformar o Meu INSS, acelerando processos que antes levavam meses. No entanto, o que parecia a melhor inova\u00e7\u00e3o j\u00e1 vista para aposentadorias e aux\u00edlios virou motivo de frustra\u00e7\u00e3o para milhares de brasileiros. Em especial, trabalhadores rurais e idosos sofrem com a exclus\u00e3o digital e erros de an\u00e1lise que deixam benef\u00edcios [&hellip;]<\/p>\n","protected":false},"author":11,"featured_media":42333,"comment_status":"open","ping_status":"open","sticky":false,"template":"","format":"standard","meta":{"jnews-multi-image_gallery":[],"jnews_single_post":{"format":"standard"},"jnews_primary_category":[],"jnews_social_meta":[],"jnews_override_counter":[],"footnotes":""},"categories":[28,1],"tags":[174,7323,1390],"class_list":["post-42238","post","type-post","status-publish","format-standard","has-post-thumbnail","hentry","category-economia","category-noticias","tag-inss","tag-inss-2025","tag-pagamentos-inss"],"yoast_head":"<!-- This site is optimized with the Yoast SEO plugin v23.8 - https:\/\/yoast.com\/wordpress\/plugins\/seo\/ -->\n<title>Meu INSS mudou e agora milh\u00f5es podem perder seus direitos; entenda - Estado de Minas - Em foco<\/title>\n<meta name=\"description\" content=\"O novo sistema do Meu INSS promete revolu\u00e7\u00e3o, mas milhares j\u00e1 sentem os impactos negativos. Entenda o que pode mudar sua aposentadoria.\" \/>\n<meta name=\"robots\" content=\"index, follow, max-snippet:-1, max-image-preview:large, max-video-preview:-1\" \/>\n<link rel=\"canonical\" href=\"https:\/\/www.em.com.br\/emfoco\/2025\/04\/29\/meu-inss-mudou-e-agora-milhoes-podem-perder-seus-direitos-entenda\/\" \/>\n<meta property=\"og:locale\" content=\"pt_BR\" \/>\n<meta property=\"og:type\" content=\"article\" \/>\n<meta property=\"og:title\" content=\"Meu INSS mudou e agora milh\u00f5es podem perder seus direitos; entenda - Estado de Minas - Em foco\" \/>\n<meta property=\"og:description\" content=\"O novo sistema do Meu INSS promete revolu\u00e7\u00e3o, mas milhares j\u00e1 sentem os impactos negativos. Entenda o que pode mudar sua aposentadoria.\" \/>\n<meta property=\"og:url\" content=\"https:\/\/www.em.com.br\/emfoco\/2025\/04\/29\/meu-inss-mudou-e-agora-milhoes-podem-perder-seus-direitos-entenda\/\" \/>\n<meta property=\"og:site_name\" content=\"Estado de Minas - Em foco\" \/>\n<meta property=\"article:published_time\" content=\"2025-04-29T13:00:00+00:00\" \/>\n<meta property=\"article:modified_time\" content=\"2025-04-28T18:09:52+00:00\" \/>\n<meta property=\"og:image\" content=\"https:\/\/www.em.com.br\/emfoco\/wp-content\/uploads\/2025\/04\/whatsapp-image-2024-08-14-at-16-17-59-1-1.jpeg\" \/>\n\t<meta property=\"og:image:width\" content=\"1280\" \/>\n\t<meta property=\"og:image:height\" content=\"720\" \/>\n\t<meta property=\"og:image:type\" content=\"image\/jpeg\" \/>\n<meta name=\"author\" content=\"Andre\u0301 Rangel\u00a0\" \/>\n<meta name=\"twitter:card\" content=\"summary_large_image\" \/>\n<meta name=\"twitter:label1\" content=\"Escrito por\" \/>\n\t<meta name=\"twitter:data1\" content=\"Andre\u0301 Rangel\u00a0\" \/>\n\t<meta name=\"twitter:label2\" content=\"Est. tempo de leitura\" \/>\n\t<meta name=\"twitter:data2\" content=\"3 minutos\" \/>\n<!-- \/ Yoast SEO plugin. -->","yoast_head_json":{"title":"Meu INSS mudou e agora milh\u00f5es podem perder seus direitos; entenda - Estado de Minas - Em foco","description":"O novo sistema do Meu INSS promete revolu\u00e7\u00e3o, mas milhares j\u00e1 sentem os impactos negativos. Entenda o que pode mudar sua aposentadoria.","robots":{"index":"index","follow":"follow","max-snippet":"max-snippet:-1","max-image-preview":"max-image-preview:large","max-video-preview":"max-video-preview:-1"},"canonical":"https:\/\/www.em.com.br\/emfoco\/2025\/04\/29\/meu-inss-mudou-e-agora-milhoes-podem-perder-seus-direitos-entenda\/","og_locale":"pt_BR","og_type":"article","og_title":"Meu INSS mudou e agora milh\u00f5es podem perder seus direitos; entenda - Estado de Minas - Em foco","og_description":"O novo sistema do Meu INSS promete revolu\u00e7\u00e3o, mas milhares j\u00e1 sentem os impactos negativos. Entenda o que pode mudar sua aposentadoria.","og_url":"https:\/\/www.em.com.br\/emfoco\/2025\/04\/29\/meu-inss-mudou-e-agora-milhoes-podem-perder-seus-direitos-entenda\/","og_site_name":"Estado de Minas - Em foco","article_published_time":"2025-04-29T13:00:00+00:00","article_modified_time":"2025-04-28T18:09:52+00:00","og_image":[{"width":1280,"height":720,"url":"https:\/\/www.em.com.br\/emfoco\/wp-content\/uploads\/2025\/04\/whatsapp-image-2024-08-14-at-16-17-59-1-1.jpeg","type":"image\/jpeg"}],"author":"Andre\u0301 Rangel\u00a0","twitter_card":"summary_large_image","twitter_misc":{"Escrito por":"Andre\u0301 Rangel\u00a0","Est. tempo de leitura":"3 minutos"},"schema":{"@context":"https:\/\/schema.org","@graph":[{"@type":"WebPage","@id":"https:\/\/www.em.com.br\/emfoco\/2025\/04\/29\/meu-inss-mudou-e-agora-milhoes-podem-perder-seus-direitos-entenda\/","url":"https:\/\/www.em.com.br\/emfoco\/2025\/04\/29\/meu-inss-mudou-e-agora-milhoes-podem-perder-seus-direitos-entenda\/","name":"Meu INSS mudou e agora milh\u00f5es podem perder seus direitos; entenda - Estado de Minas - Em foco","isPartOf":{"@id":"https:\/\/www.em.com.br\/emfoco\/#website"},"primaryImageOfPage":{"@id":"https:\/\/www.em.com.br\/emfoco\/2025\/04\/29\/meu-inss-mudou-e-agora-milhoes-podem-perder-seus-direitos-entenda\/#primaryimage"},"image":{"@id":"https:\/\/www.em.com.br\/emfoco\/2025\/04\/29\/meu-inss-mudou-e-agora-milhoes-podem-perder-seus-direitos-entenda\/#primaryimage"},"thumbnailUrl":"https:\/\/www.em.com.br\/emfoco\/wp-content\/uploads\/2025\/04\/whatsapp-image-2024-08-14-at-16-17-59-1-1.jpeg","datePublished":"2025-04-29T13:00:00+00:00","dateModified":"2025-04-28T18:09:52+00:00","author":{"@id":"https:\/\/www.em.com.br\/emfoco\/#\/schema\/person\/60eda09c1fedf0d6891f4cef4b60b8b8"},"description":"O novo sistema do Meu INSS promete revolu\u00e7\u00e3o, mas milhares j\u00e1 sentem os impactos negativos. Entenda o que pode mudar sua aposentadoria.","breadcrumb":{"@id":"https:\/\/www.em.com.br\/emfoco\/2025\/04\/29\/meu-inss-mudou-e-agora-milhoes-podem-perder-seus-direitos-entenda\/#breadcrumb"},"inLanguage":"pt-BR","potentialAction":[{"@type":"ReadAction","target":["https:\/\/www.em.com.br\/emfoco\/2025\/04\/29\/meu-inss-mudou-e-agora-milhoes-podem-perder-seus-direitos-entenda\/"]}]},{"@type":"ImageObject","inLanguage":"pt-BR","@id":"https:\/\/www.em.com.br\/emfoco\/2025\/04\/29\/meu-inss-mudou-e-agora-milhoes-podem-perder-seus-direitos-entenda\/#primaryimage","url":"https:\/\/www.em.com.br\/emfoco\/wp-content\/uploads\/2025\/04\/whatsapp-image-2024-08-14-at-16-17-59-1-1.jpeg","contentUrl":"https:\/\/www.em.com.br\/emfoco\/wp-content\/uploads\/2025\/04\/whatsapp-image-2024-08-14-at-16-17-59-1-1.jpeg","width":1280,"height":720,"caption":"App Meu INSS - Cr\u00e9ditos: Divulga\u00e7\u00e3o\/Gov.br"},{"@type":"BreadcrumbList","@id":"https:\/\/www.em.com.br\/emfoco\/2025\/04\/29\/meu-inss-mudou-e-agora-milhoes-podem-perder-seus-direitos-entenda\/#breadcrumb","itemListElement":[{"@type":"ListItem","position":1,"name":"In\u00edcio","item":"https:\/\/www.em.com.br\/emfoco\/"},{"@type":"ListItem","position":2,"name":"Meu INSS mudou e agora milh\u00f5es podem perder seus direitos; entenda"}]},{"@type":"WebSite","@id":"https:\/\/www.em.com.br\/emfoco\/#website","url":"https:\/\/www.em.com.br\/emfoco\/","name":"Estado de Minas - Em foco","description":"Acompanhe as \u00faltimas not\u00edcias e fique bem informado sobre tudo o que acontece em Minas Gerais, Brasil e no mundo.","potentialAction":[{"@type":"SearchAction","target":{"@type":"EntryPoint","urlTemplate":"https:\/\/www.em.com.br\/emfoco\/?s={search_term_string}"},"query-input":{"@type":"PropertyValueSpecification","valueRequired":true,"valueName":"search_term_string"}}],"inLanguage":"pt-BR"},{"@type":"Person","@id":"https:\/\/www.em.com.br\/emfoco\/#\/schema\/person\/60eda09c1fedf0d6891f4cef4b60b8b8","name":"Andre\u0301 Rangel\u00a0","image":{"@type":"ImageObject","inLanguage":"pt-BR","@id":"https:\/\/www.em.com.br\/emfoco\/#\/schema\/person\/image\/","url":"https:\/\/secure.gravatar.com\/avatar\/6234dc814c77c8ef6d8bba622c787efc?s=96&d=mm&r=g","contentUrl":"https:\/\/secure.gravatar.com\/avatar\/6234dc814c77c8ef6d8bba622c787efc?s=96&d=mm&r=g","caption":"Andre\u0301 Rangel\u00a0"},"url":"https:\/\/www.em.com.br\/emfoco\/author\/luizmyth\/"}]}},"_links":{"self":[{"href":"https:\/\/www.em.com.br\/emfoco\/wp-json\/wp\/v2\/posts\/42238","targetHints":{"allow":["GET"]}}],"collection":[{"href":"https:\/\/www.em.com.br\/emfoco\/wp-json\/wp\/v2\/posts"}],"about":[{"href":"https:\/\/www.em.com.br\/emfoco\/wp-json\/wp\/v2\/types\/post"}],"author":[{"embeddable":true,"href":"https:\/\/www.em.com.br\/emfoco\/wp-json\/wp\/v2\/users\/11"}],"replies":[{"embeddable":true,"href":"https:\/\/www.em.com.br\/emfoco\/wp-json\/wp\/v2\/comments?post=42238"}],"version-history":[{"count":4,"href":"https:\/\/www.em.com.br\/emfoco\/wp-json\/wp\/v2\/posts\/42238\/revisions"}],"predecessor-version":[{"id":42336,"href":"https:\/\/www.em.com.br\/emfoco\/wp-json\/wp\/v2\/posts\/42238\/revisions\/42336"}],"wp:featuredmedia":[{"embeddable":true,"href":"https:\/\/www.em.com.br\/emfoco\/wp-json\/wp\/v2\/media\/42333"}],"wp:attachment":[{"href":"https:\/\/www.em.com.br\/emfoco\/wp-json\/wp\/v2\/media?parent=42238"}],"wp:term":[{"taxonomy":"category","embeddable":true,"href":"https:\/\/www.em.com.br\/emfoco\/wp-json\/wp\/v2\/categories?post=42238"},{"taxonomy":"post_tag","embeddable":true,"href":"https:\/\/www.em.com.br\/emfoco\/wp-json\/wp\/v2\/tags?post=42238"}],"curies":[{"name":"wp","href":"https:\/\/api.w.org\/{rel}","templated":true}]}}