{"id":4221,"date":"2024-12-17T21:20:00","date_gmt":"2024-12-18T00:20:00","guid":{"rendered":"https:\/\/www.em.com.br\/emfoco\/?p=4221"},"modified":"2024-12-11T10:10:31","modified_gmt":"2024-12-11T13:10:31","slug":"mergulhe-na-magia-cultural-de-um-patrimonio-mundial","status":"publish","type":"post","link":"https:\/\/www.em.com.br\/emfoco\/2024\/12\/17\/mergulhe-na-magia-cultural-de-um-patrimonio-mundial\/","title":{"rendered":"Mergulhe na Magia Cultural de um Patrim\u00f4nio Mundial!"},"content":{"rendered":"\n<p>Olinda, localizada na Regi\u00e3o Metropolitana do Recife, \u00e9 um destino obrigat\u00f3rio para turistas nacionais e estrangeiros. A cidade encanta com suas ladeiras \u00edngremes, ruas estreitas e arquitetura colonial, caracter\u00edsticas que lhe garantiram o t\u00edtulo de Patrim\u00f4nio Cultural da Humanidade pela <strong><a href=\"https:\/\/www.unesco.org\/en\" target=\"_blank\" rel=\"noreferrer noopener\">Unesco<\/a><\/strong> em 1982. Al\u00e9m de sua riqueza hist\u00f3rica, Olinda tem se destacado como um novo polo gastron\u00f4mico, atraindo visitantes em busca de experi\u00eancias culin\u00e1rias \u00fanicas.<\/p>\n\n\n\n<p>A cidade \u00e9 conhecida por sua vitalidade cultural, promovida por eventos ao longo do ano. Seja atrav\u00e9s da administra\u00e7\u00e3o p\u00fablica municipal ou de produtores culturais independentes, Olinda se transforma em um cen\u00e1rio de festa cont\u00ednua. Este ambiente vibrante, aliado a suas belezas naturais, faz de Olinda um lugar de lazer contemplativo \u00fanico.<\/p>\n\n\n\n<h2 class=\"wp-block-heading\">Quais s\u00e3o os atrativos culturais de Olinda?<\/h2>\n\n\n\n<p>Olinda oferece uma rica heran\u00e7a cultural que vai al\u00e9m de suas tradi\u00e7\u00f5es religiosas. A cidade \u00e9 um reduto para artistas pl\u00e1sticos renomados, como Jo\u00e3o C\u00e2mara e Tereza Costa Rego, cujas obras est\u00e3o presentes em muitos dos 71 ateli\u00eas locais. Al\u00e9m disso, Olinda abriga um grande n\u00famero de artistas populares, especialmente not\u00f3rios durante o famoso Carnaval, quando a cidade se transforma em um palco da maior festa pag\u00e3 do mundo.<\/p>\n\n\n\n<p>Para quem aprecia a arte e a cultura, uma visita aos ateli\u00eas e galerias de Olinda \u00e9 uma oportunidade imperd\u00edvel. Os visitantes podem apreciar obras de artes\u00e3os locais e artistas de renome, enriquecendo sua experi\u00eancia cultural na cidade.<\/p>\n\n\n\n<figure class=\"wp-block-image size-large\"><img loading=\"lazy\" decoding=\"async\" width=\"1024\" height=\"518\" src=\"https:\/\/www.em.com.br\/emfoco\/wp-content\/uploads\/2024\/12\/image-44-1024x518.png\" alt=\"Os Carnavais que Voc\u00ea N\u00e3o Pode Perder em 2025!\" class=\"wp-image-4171\"\/><figcaption class=\"wp-element-caption\">Carnaval em Olinda &#8211; Cr\u00e9ditos: Wikimedia Commons<\/figcaption><\/figure>\n\n\n\n<h2 class=\"wp-block-heading\">Como explorar a gastronomia de Olinda?<\/h2>\n\n\n\n<p>A crescente reputa\u00e7\u00e3o de <strong><a href=\"https:\/\/www.em.com.br\/emfoco\/2024\/12\/17\/do-ouro-ao-turismo-uma-cidade-que-marcou-a-historia-do-brasil\/\" target=\"_blank\" rel=\"noreferrer noopener\">Olinda<\/a><\/strong> como polo gastron\u00f4mico se deve \u00e0 sua variada oferta de restaurantes, bares e hot\u00e9is. Estes estabelecimentos oferecem uma combina\u00e7\u00e3o de sabores locais e influ\u00eancia internacional, satisfazendo os paladares mais exigentes. A cidade se consolida como um local de encontro para gourmets e entusiastas da culin\u00e1ria, n\u00e3o somente entre os turistas, mas tamb\u00e9m entre os moradores das cidades vizinhas.<\/p>\n\n\n\n<ul class=\"wp-block-list\">\n<li>Restaurantes de culin\u00e1ria t\u00edpica regional<\/li>\n\n\n\n<li>Bares com m\u00fasica ao vivo e boa gastronomia<\/li>\n\n\n\n<li>Hot\u00e9is que oferecem experi\u00eancias gastron\u00f4micas exclusivas<\/li>\n<\/ul>\n\n\n\n<h2 class=\"wp-block-heading\">Por que Olinda \u00e9 um destino imperd\u00edvel?<\/h2>\n\n\n\n<p>Olinda oferece uma rica experi\u00eancia que combina hist\u00f3ria, cultura, arte e gastronomia. A cidade apresenta uma fus\u00e3o de elementos que atraem visitantes de todos os gostos. Do alto de suas colinas, a vista panor\u00e2mica permite contemplar a beleza das paisagens que inspiraram poetas como Carlos Pena Filho. Olinda \u00e9, sem d\u00favida, um lugar para ver e sentir, proporcionando uma experi\u00eancia sensorial completa para seus visitantes.<\/p>\n\n\n\n<ol class=\"wp-block-list\">\n<li>Explore as ladeiras e ruas estreitas do centro hist\u00f3rico.<\/li>\n\n\n\n<li>Participe dos eventos culturais ao longo de todo o ano.<\/li>\n\n\n\n<li>Deguste pratos t\u00edpicos nos diversos restaurantes da cidade.<\/li>\n\n\n\n<li>Aprecie a arte em ateli\u00eas e galerias espalhados por toda Olinda.<\/li>\n<\/ol>\n","protected":false},"excerpt":{"rendered":"<p>Olinda, localizada na Regi\u00e3o Metropolitana do Recife, \u00e9 um destino obrigat\u00f3rio para turistas nacionais e estrangeiros. A cidade encanta com suas ladeiras \u00edngremes, ruas estreitas e arquitetura colonial, caracter\u00edsticas que lhe garantiram o t\u00edtulo de Patrim\u00f4nio Cultural da Humanidade pela Unesco em 1982. Al\u00e9m de sua riqueza hist\u00f3rica, Olinda tem se destacado como um novo [&hellip;]<\/p>\n","protected":false},"author":5,"featured_media":3182,"comment_status":"open","ping_status":"open","sticky":false,"template":"","format":"standard","meta":{"jnews-multi-image_gallery":[],"jnews_single_post":{"format":"standard"},"jnews_primary_category":[],"jnews_social_meta":[],"jnews_override_counter":[],"footnotes":""},"categories":[26,1],"tags":[1505,1191,157],"class_list":["post-4221","post","type-post","status-publish","format-standard","has-post-thumbnail","hentry","category-cidades","category-noticias","tag-olinda","tag-recife","tag-turismo"],"yoast_head":"<!-- This site is optimized with the Yoast SEO plugin v23.8 - https:\/\/yoast.com\/wordpress\/plugins\/seo\/ -->\n<title>Mergulhe na Magia Cultural de um Patrim\u00f4nio Mundial! - Estado de Minas - Em foco<\/title>\n<meta name=\"description\" content=\"Com arquitetura colonial, rica arte e sabores incr\u00edveis, este destino \u00e9 perfeito para quem busca hist\u00f3ria e modernidade.\" \/>\n<meta name=\"robots\" content=\"index, follow, max-snippet:-1, max-image-preview:large, max-video-preview:-1\" \/>\n<link rel=\"canonical\" href=\"https:\/\/www.em.com.br\/emfoco\/2024\/12\/17\/mergulhe-na-magia-cultural-de-um-patrimonio-mundial\/\" \/>\n<meta property=\"og:locale\" content=\"pt_BR\" \/>\n<meta property=\"og:type\" content=\"article\" \/>\n<meta property=\"og:title\" content=\"Mergulhe na Magia Cultural de um Patrim\u00f4nio Mundial! - Estado de Minas - Em foco\" \/>\n<meta property=\"og:description\" content=\"Com arquitetura colonial, rica arte e sabores incr\u00edveis, este destino \u00e9 perfeito para quem busca hist\u00f3ria e modernidade.\" \/>\n<meta property=\"og:url\" content=\"https:\/\/www.em.com.br\/emfoco\/2024\/12\/17\/mergulhe-na-magia-cultural-de-um-patrimonio-mundial\/\" \/>\n<meta property=\"og:site_name\" content=\"Estado de Minas - Em foco\" \/>\n<meta property=\"article:published_time\" content=\"2024-12-18T00:20:00+00:00\" \/>\n<meta property=\"article:modified_time\" content=\"2024-12-11T13:10:31+00:00\" \/>\n<meta property=\"og:image\" content=\"https:\/\/www.em.com.br\/emfoco\/wp-content\/uploads\/2024\/12\/olinda_1733323966985.jpg\" \/>\n\t<meta property=\"og:image:width\" content=\"1280\" \/>\n\t<meta property=\"og:image:height\" content=\"720\" \/>\n\t<meta property=\"og:image:type\" content=\"image\/jpeg\" \/>\n<meta name=\"author\" content=\"N\u00fabia Rangel\" \/>\n<meta name=\"twitter:card\" content=\"summary_large_image\" \/>\n<meta name=\"twitter:label1\" content=\"Escrito por\" \/>\n\t<meta name=\"twitter:data1\" content=\"N\u00fabia Rangel\" \/>\n\t<meta name=\"twitter:label2\" content=\"Est. tempo de leitura\" \/>\n\t<meta name=\"twitter:data2\" content=\"3 minutos\" \/>\n<!-- \/ Yoast SEO plugin. -->","yoast_head_json":{"title":"Mergulhe na Magia Cultural de um Patrim\u00f4nio Mundial! - Estado de Minas - Em foco","description":"Com arquitetura colonial, rica arte e sabores incr\u00edveis, este destino \u00e9 perfeito para quem busca hist\u00f3ria e modernidade.","robots":{"index":"index","follow":"follow","max-snippet":"max-snippet:-1","max-image-preview":"max-image-preview:large","max-video-preview":"max-video-preview:-1"},"canonical":"https:\/\/www.em.com.br\/emfoco\/2024\/12\/17\/mergulhe-na-magia-cultural-de-um-patrimonio-mundial\/","og_locale":"pt_BR","og_type":"article","og_title":"Mergulhe na Magia Cultural de um Patrim\u00f4nio Mundial! - Estado de Minas - Em foco","og_description":"Com arquitetura colonial, rica arte e sabores incr\u00edveis, este destino \u00e9 perfeito para quem busca hist\u00f3ria e modernidade.","og_url":"https:\/\/www.em.com.br\/emfoco\/2024\/12\/17\/mergulhe-na-magia-cultural-de-um-patrimonio-mundial\/","og_site_name":"Estado de Minas - Em foco","article_published_time":"2024-12-18T00:20:00+00:00","article_modified_time":"2024-12-11T13:10:31+00:00","og_image":[{"width":1280,"height":720,"url":"https:\/\/www.em.com.br\/emfoco\/wp-content\/uploads\/2024\/12\/olinda_1733323966985.jpg","type":"image\/jpeg"}],"author":"N\u00fabia Rangel","twitter_card":"summary_large_image","twitter_misc":{"Escrito por":"N\u00fabia Rangel","Est. tempo de leitura":"3 minutos"},"schema":{"@context":"https:\/\/schema.org","@graph":[{"@type":"WebPage","@id":"https:\/\/www.em.com.br\/emfoco\/2024\/12\/17\/mergulhe-na-magia-cultural-de-um-patrimonio-mundial\/","url":"https:\/\/www.em.com.br\/emfoco\/2024\/12\/17\/mergulhe-na-magia-cultural-de-um-patrimonio-mundial\/","name":"Mergulhe na Magia Cultural de um Patrim\u00f4nio Mundial! - Estado de Minas - Em foco","isPartOf":{"@id":"https:\/\/www.em.com.br\/emfoco\/#website"},"primaryImageOfPage":{"@id":"https:\/\/www.em.com.br\/emfoco\/2024\/12\/17\/mergulhe-na-magia-cultural-de-um-patrimonio-mundial\/#primaryimage"},"image":{"@id":"https:\/\/www.em.com.br\/emfoco\/2024\/12\/17\/mergulhe-na-magia-cultural-de-um-patrimonio-mundial\/#primaryimage"},"thumbnailUrl":"https:\/\/www.em.com.br\/emfoco\/wp-content\/uploads\/2024\/12\/olinda_1733323966985.jpg","datePublished":"2024-12-18T00:20:00+00:00","dateModified":"2024-12-11T13:10:31+00:00","author":{"@id":"https:\/\/www.em.com.br\/emfoco\/#\/schema\/person\/524437ef54f8a5d32591b143307f2e20"},"description":"Com arquitetura colonial, rica arte e sabores incr\u00edveis, este destino \u00e9 perfeito para quem busca hist\u00f3ria e modernidade.","breadcrumb":{"@id":"https:\/\/www.em.com.br\/emfoco\/2024\/12\/17\/mergulhe-na-magia-cultural-de-um-patrimonio-mundial\/#breadcrumb"},"inLanguage":"pt-BR","potentialAction":[{"@type":"ReadAction","target":["https:\/\/www.em.com.br\/emfoco\/2024\/12\/17\/mergulhe-na-magia-cultural-de-um-patrimonio-mundial\/"]}]},{"@type":"ImageObject","inLanguage":"pt-BR","@id":"https:\/\/www.em.com.br\/emfoco\/2024\/12\/17\/mergulhe-na-magia-cultural-de-um-patrimonio-mundial\/#primaryimage","url":"https:\/\/www.em.com.br\/emfoco\/wp-content\/uploads\/2024\/12\/olinda_1733323966985.jpg","contentUrl":"https:\/\/www.em.com.br\/emfoco\/wp-content\/uploads\/2024\/12\/olinda_1733323966985.jpg","width":1280,"height":720,"caption":"Olinda, Pernambuco - Cr\u00e9ditos: depositphotos.com \/ mbastos"},{"@type":"BreadcrumbList","@id":"https:\/\/www.em.com.br\/emfoco\/2024\/12\/17\/mergulhe-na-magia-cultural-de-um-patrimonio-mundial\/#breadcrumb","itemListElement":[{"@type":"ListItem","position":1,"name":"In\u00edcio","item":"https:\/\/www.em.com.br\/emfoco\/"},{"@type":"ListItem","position":2,"name":"Mergulhe na Magia Cultural de um Patrim\u00f4nio Mundial!"}]},{"@type":"WebSite","@id":"https:\/\/www.em.com.br\/emfoco\/#website","url":"https:\/\/www.em.com.br\/emfoco\/","name":"Estado de Minas - Em foco","description":"Acompanhe as \u00faltimas not\u00edcias e fique bem informado sobre tudo o que acontece em Minas Gerais, Brasil e no mundo.","potentialAction":[{"@type":"SearchAction","target":{"@type":"EntryPoint","urlTemplate":"https:\/\/www.em.com.br\/emfoco\/?s={search_term_string}"},"query-input":{"@type":"PropertyValueSpecification","valueRequired":true,"valueName":"search_term_string"}}],"inLanguage":"pt-BR"},{"@type":"Person","@id":"https:\/\/www.em.com.br\/emfoco\/#\/schema\/person\/524437ef54f8a5d32591b143307f2e20","name":"N\u00fabia Rangel","image":{"@type":"ImageObject","inLanguage":"pt-BR","@id":"https:\/\/www.em.com.br\/emfoco\/#\/schema\/person\/image\/","url":"https:\/\/secure.gravatar.com\/avatar\/47cff2827a5ba23c37e8068c86817ea4?s=96&d=mm&r=g","contentUrl":"https:\/\/secure.gravatar.com\/avatar\/47cff2827a5ba23c37e8068c86817ea4?s=96&d=mm&r=g","caption":"N\u00fabia Rangel"},"sameAs":["https:\/\/www.em.com.br\/emfoco\/"],"url":"https:\/\/www.em.com.br\/emfoco\/author\/nubiamyth\/"}]}},"_links":{"self":[{"href":"https:\/\/www.em.com.br\/emfoco\/wp-json\/wp\/v2\/posts\/4221","targetHints":{"allow":["GET"]}}],"collection":[{"href":"https:\/\/www.em.com.br\/emfoco\/wp-json\/wp\/v2\/posts"}],"about":[{"href":"https:\/\/www.em.com.br\/emfoco\/wp-json\/wp\/v2\/types\/post"}],"author":[{"embeddable":true,"href":"https:\/\/www.em.com.br\/emfoco\/wp-json\/wp\/v2\/users\/5"}],"replies":[{"embeddable":true,"href":"https:\/\/www.em.com.br\/emfoco\/wp-json\/wp\/v2\/comments?post=4221"}],"version-history":[{"count":3,"href":"https:\/\/www.em.com.br\/emfoco\/wp-json\/wp\/v2\/posts\/4221\/revisions"}],"predecessor-version":[{"id":4331,"href":"https:\/\/www.em.com.br\/emfoco\/wp-json\/wp\/v2\/posts\/4221\/revisions\/4331"}],"wp:featuredmedia":[{"embeddable":true,"href":"https:\/\/www.em.com.br\/emfoco\/wp-json\/wp\/v2\/media\/3182"}],"wp:attachment":[{"href":"https:\/\/www.em.com.br\/emfoco\/wp-json\/wp\/v2\/media?parent=4221"}],"wp:term":[{"taxonomy":"category","embeddable":true,"href":"https:\/\/www.em.com.br\/emfoco\/wp-json\/wp\/v2\/categories?post=4221"},{"taxonomy":"post_tag","embeddable":true,"href":"https:\/\/www.em.com.br\/emfoco\/wp-json\/wp\/v2\/tags?post=4221"}],"curies":[{"name":"wp","href":"https:\/\/api.w.org\/{rel}","templated":true}]}}