{"id":42199,"date":"2025-05-01T15:40:00","date_gmt":"2025-05-01T18:40:00","guid":{"rendered":"https:\/\/www.em.com.br\/emfoco\/?p=42199"},"modified":"2025-04-29T17:03:04","modified_gmt":"2025-04-29T20:03:04","slug":"um-refugio-natural-entre-dunas-e-lagoas-que-parece-ter-saido-de-conto-de-fadas","status":"publish","type":"post","link":"https:\/\/www.em.com.br\/emfoco\/2025\/05\/01\/um-refugio-natural-entre-dunas-e-lagoas-que-parece-ter-saido-de-conto-de-fadas\/","title":{"rendered":"Um ref\u00fagio natural entre dunas e lagoas que parece ter sa\u00eddo de conto de fadas"},"content":{"rendered":"\n<p><strong>Jericoacoara<\/strong>, ou simplesmente &#8220;Jeri&#8221;, \u00e9 uma vila encantadora localizada no estado do <strong><a href=\"https:\/\/www.em.com.br\/emfoco\/2025\/04\/26\/voce-vai-se-surpreender-com-estas-cidades-brasileiras-que-transformam-cultura-em-riqueza\/\" target=\"_blank\" rel=\"noreferrer noopener\">Cear\u00e1<\/a><\/strong>, no nordeste do <strong>Brasil<\/strong>. Conhecida por suas praias paradis\u00edacas e paisagens deslumbrantes, Jeri atrai turistas de todo o mundo em busca de beleza natural e tranquilidade. A vila, que j\u00e1 foi um simples vilarejo de pescadores, transformou-se em um dos destinos tur\u00edsticos mais cobi\u00e7ados do pa\u00eds.<\/p>\n\n\n\n<p>Com dunas de areia branca, lagoas de \u00e1guas cristalinas e um clima agrad\u00e1vel durante todo o ano, Jericoacoara oferece uma experi\u00eancia \u00fanica para aqueles que desejam escapar da agita\u00e7\u00e3o das grandes cidades. A vila \u00e9 um exemplo de como a natureza e o turismo podem coexistir harmoniosamente, proporcionando uma qualidade de vida excepcional para seus moradores e visitantes.<\/p>\n\n\n\n<h2 class=\"wp-block-heading\">Turismo em Jericoacoara: atra\u00e7\u00f5es imperd\u00edveis<\/h2>\n\n\n\n<p>O turismo \u00e9 a principal atividade econ\u00f4mica de Jericoacoara, e n\u00e3o \u00e9 dif\u00edcil entender o porqu\u00ea. A vila oferece uma variedade de atra\u00e7\u00f5es que encantam todos os tipos de visitantes. Entre as principais, destacam-se:<\/p>\n\n\n\n<ul class=\"wp-block-list\">\n<li><strong>Praia de Jericoacoara:<\/strong> Com suas \u00e1guas calmas e areia fina, \u00e9 perfeita para relaxar e apreciar o p\u00f4r do sol.<\/li>\n\n\n\n<li><strong>Pedra Furada:<\/strong> Um dos cart\u00f5es-postais de Jeri, esta forma\u00e7\u00e3o rochosa natural \u00e9 um espet\u00e1culo \u00e0 parte.<\/li>\n\n\n\n<li><strong>Lagoa do Para\u00edso:<\/strong> Conhecida por suas redes dentro d&#8217;\u00e1gua, \u00e9 um local ideal para descansar e curtir a paisagem.<\/li>\n\n\n\n<li><strong>Duna do P\u00f4r do Sol:<\/strong> Um ponto de encontro para turistas que desejam assistir ao sol se p\u00f4r no horizonte.<\/li>\n<\/ul>\n\n\n\n<figure class=\"wp-block-image size-large\"><img loading=\"lazy\" decoding=\"async\" width=\"1024\" height=\"576\" src=\"https:\/\/www.em.com.br\/emfoco\/wp-content\/uploads\/2025\/04\/Jericoacoara_1744816124236-1024x576.jpg\" alt=\"O pa\u00eds onde a ci\u00eancia prosperou e a cerveja virou s\u00edmbolo nacional\" class=\"wp-image-38947\" srcset=\"https:\/\/www.em.com.br\/emfoco\/wp-content\/uploads\/2025\/04\/Jericoacoara_1744816124236-1024x576.jpg 1024w, https:\/\/www.em.com.br\/emfoco\/wp-content\/uploads\/2025\/04\/Jericoacoara_1744816124236-300x169.jpg 300w, https:\/\/www.em.com.br\/emfoco\/wp-content\/uploads\/2025\/04\/Jericoacoara_1744816124236-768x432.jpg 768w, https:\/\/www.em.com.br\/emfoco\/wp-content\/uploads\/2025\/04\/Jericoacoara_1744816124236-750x422.jpg 750w, https:\/\/www.em.com.br\/emfoco\/wp-content\/uploads\/2025\/04\/Jericoacoara_1744816124236-1140x642.jpg 1140w, https:\/\/www.em.com.br\/emfoco\/wp-content\/uploads\/2025\/04\/Jericoacoara_1744816124236.jpg 1279w\" sizes=\"auto, (max-width: 1024px) 100vw, 1024px\" \/><figcaption class=\"wp-element-caption\">Jericoacoara &#8211; Cr\u00e9ditos: depositphotos.com \/ giannakisphoto<\/figcaption><\/figure>\n\n\n\n<h2 class=\"wp-block-heading\">Qualidade de vida em Jericoacoara<\/h2>\n\n\n\n<p>Jericoacoara \u00e9 um lugar onde a qualidade de vida \u00e9 uma prioridade. A aus\u00eancia de ruas pavimentadas e a proibi\u00e7\u00e3o de ilumina\u00e7\u00e3o p\u00fablica excessiva ajudam a manter o ambiente natural e a tranquilidade do local. A vila oferece um estilo de vida simples e saud\u00e1vel, com um forte senso de comunidade entre os moradores.<\/p>\n\n\n\n<h2 class=\"wp-block-heading\">Educa\u00e7\u00e3o em Jericoacoara: desafios e oportunidades<\/h2>\n\n\n\n<p>A educa\u00e7\u00e3o em Jericoacoara enfrenta desafios comuns a muitas regi\u00f5es tur\u00edsticas, como a sazonalidade e a necessidade de conciliar o turismo com o ensino. No entanto, esfor\u00e7os t\u00eam sido feitos para melhorar a infraestrutura educacional, com escolas locais oferecendo ensino de qualidade e projetos voltados para a capacita\u00e7\u00e3o dos jovens.<\/p>\n\n\n\n<h2 class=\"wp-block-heading\">Gastronomia Local: Sabores de Jericoacoara<\/h2>\n\n\n\n<p>A gastronomia de Jericoacoara \u00e9 um reflexo de sua rica cultura e diversidade. Os restaurantes locais oferecem uma variedade de pratos que combinam ingredientes frescos e sabores aut\u00eanticos. Desde frutos do mar at\u00e9 pratos t\u00edpicos nordestinos, a culin\u00e1ria de Jeri \u00e9 uma experi\u00eancia \u00e0 parte para os visitantes.<\/p>\n\n\n\n<h2 class=\"wp-block-heading\">Como chegar a Jericoacoara<\/h2>\n\n\n\n<p>Chegar a Jericoacoara pode ser uma aventura por si s\u00f3. A vila est\u00e1 localizada a cerca de 300 km de <strong>Fortaleza<\/strong>, capital do Cear\u00e1. O acesso \u00e9 feito por meio de ve\u00edculos 4&#215;4, j\u00e1 que as estradas s\u00e3o de areia. Recentemente, o <strong><a href=\"https:\/\/www.sop.ce.gov.br\/projeto\/jericoacoara\/\" target=\"_blank\" rel=\"noreferrer noopener\">Aeroporto Regional de Jericoacoara<\/a><\/strong> foi inaugurado, facilitando o acesso para turistas nacionais e internacionais.<\/p>\n\n\n\n<h2 class=\"wp-block-heading\">Eventos culturais e festividades<\/h2>\n\n\n\n<p>Jericoacoara \u00e9 palco de diversos eventos culturais ao longo do ano, que celebram a m\u00fasica, a dan\u00e7a e as tradi\u00e7\u00f5es locais. Festividades como o <strong>Festival de Jazz e Blues<\/strong> e a<strong> Festa de S\u00e3o Pedro<\/strong> s\u00e3o exemplos de como a vila mant\u00e9m vivas suas ra\u00edzes culturais, atraindo visitantes que buscam mais do que apenas suas belezas naturais.<\/p>\n\n\n\n<h2 class=\"wp-block-heading\">O futuro de Jericoacoara: sustentabilidade e crescimento<\/h2>\n\n\n\n<p>O futuro de Jericoacoara est\u00e1 intimamente ligado \u00e0 sustentabilidade. Com o aumento do turismo, a vila enfrenta o desafio de crescer sem comprometer seu patrim\u00f4nio natural. Iniciativas de preserva\u00e7\u00e3o ambiental e turismo respons\u00e1vel s\u00e3o essenciais para garantir que Jeri continue sendo um destino de sonho para as pr\u00f3ximas gera\u00e7\u00f5es.<\/p>\n","protected":false},"excerpt":{"rendered":"<p>Jericoacoara, ou simplesmente &#8220;Jeri&#8221;, \u00e9 uma vila encantadora localizada no estado do Cear\u00e1, no nordeste do Brasil. Conhecida por suas praias paradis\u00edacas e paisagens deslumbrantes, Jeri atrai turistas de todo o mundo em busca de beleza natural e tranquilidade. A vila, que j\u00e1 foi um simples vilarejo de pescadores, transformou-se em um dos destinos tur\u00edsticos [&hellip;]<\/p>\n","protected":false},"author":13,"featured_media":35888,"comment_status":"open","ping_status":"open","sticky":false,"template":"","format":"standard","meta":{"jnews-multi-image_gallery":[],"jnews_single_post":{"format":"standard"},"jnews_primary_category":[],"jnews_social_meta":[],"jnews_override_counter":[],"footnotes":""},"categories":[26],"tags":[3260,6355,321,157],"class_list":["post-42199","post","type-post","status-publish","format-standard","has-post-thumbnail","hentry","category-cidades","tag-ceara","tag-jericoacoara","tag-praias","tag-turismo"],"yoast_head":"<!-- This site is optimized with the Yoast SEO plugin v23.8 - https:\/\/yoast.com\/wordpress\/plugins\/seo\/ -->\n<title>Um ref\u00fagio natural entre dunas e lagoas que parece ter sa\u00eddo de conto de fadas - Estado de Minas - Em foco<\/title>\n<meta name=\"description\" content=\"Entre dunas douradas, lagoas cristalinas e ruas de areia, este ref\u00fagio oferece a combina\u00e7\u00e3o perfeita entre natureza e liberdade.\" \/>\n<meta name=\"robots\" content=\"index, follow, max-snippet:-1, max-image-preview:large, max-video-preview:-1\" \/>\n<link rel=\"canonical\" href=\"https:\/\/www.em.com.br\/emfoco\/2025\/05\/01\/um-refugio-natural-entre-dunas-e-lagoas-que-parece-ter-saido-de-conto-de-fadas\/\" \/>\n<meta property=\"og:locale\" content=\"pt_BR\" \/>\n<meta property=\"og:type\" content=\"article\" \/>\n<meta property=\"og:title\" content=\"Um ref\u00fagio natural entre dunas e lagoas que parece ter sa\u00eddo de conto de fadas - Estado de Minas - Em foco\" \/>\n<meta property=\"og:description\" content=\"Entre dunas douradas, lagoas cristalinas e ruas de areia, este ref\u00fagio oferece a combina\u00e7\u00e3o perfeita entre natureza e liberdade.\" \/>\n<meta property=\"og:url\" content=\"https:\/\/www.em.com.br\/emfoco\/2025\/05\/01\/um-refugio-natural-entre-dunas-e-lagoas-que-parece-ter-saido-de-conto-de-fadas\/\" \/>\n<meta property=\"og:site_name\" content=\"Estado de Minas - Em foco\" \/>\n<meta property=\"article:published_time\" content=\"2025-05-01T18:40:00+00:00\" \/>\n<meta property=\"article:modified_time\" content=\"2025-04-29T20:03:04+00:00\" \/>\n<meta property=\"og:image\" content=\"https:\/\/www.em.com.br\/emfoco\/wp-content\/uploads\/2025\/04\/Jericoacoara_1744036569883.jpg\" \/>\n\t<meta property=\"og:image:width\" content=\"1280\" \/>\n\t<meta property=\"og:image:height\" content=\"720\" \/>\n\t<meta property=\"og:image:type\" content=\"image\/jpeg\" \/>\n<meta name=\"author\" content=\"Gabriel Martins\" \/>\n<meta name=\"twitter:card\" content=\"summary_large_image\" \/>\n<meta name=\"twitter:label1\" content=\"Escrito por\" \/>\n\t<meta name=\"twitter:data1\" content=\"Gabriel Martins\" \/>\n\t<meta name=\"twitter:label2\" content=\"Est. tempo de leitura\" \/>\n\t<meta name=\"twitter:data2\" content=\"4 minutos\" \/>\n<!-- \/ Yoast SEO plugin. -->","yoast_head_json":{"title":"Um ref\u00fagio natural entre dunas e lagoas que parece ter sa\u00eddo de conto de fadas - Estado de Minas - Em foco","description":"Entre dunas douradas, lagoas cristalinas e ruas de areia, este ref\u00fagio oferece a combina\u00e7\u00e3o perfeita entre natureza e liberdade.","robots":{"index":"index","follow":"follow","max-snippet":"max-snippet:-1","max-image-preview":"max-image-preview:large","max-video-preview":"max-video-preview:-1"},"canonical":"https:\/\/www.em.com.br\/emfoco\/2025\/05\/01\/um-refugio-natural-entre-dunas-e-lagoas-que-parece-ter-saido-de-conto-de-fadas\/","og_locale":"pt_BR","og_type":"article","og_title":"Um ref\u00fagio natural entre dunas e lagoas que parece ter sa\u00eddo de conto de fadas - Estado de Minas - Em foco","og_description":"Entre dunas douradas, lagoas cristalinas e ruas de areia, este ref\u00fagio oferece a combina\u00e7\u00e3o perfeita entre natureza e liberdade.","og_url":"https:\/\/www.em.com.br\/emfoco\/2025\/05\/01\/um-refugio-natural-entre-dunas-e-lagoas-que-parece-ter-saido-de-conto-de-fadas\/","og_site_name":"Estado de Minas - Em foco","article_published_time":"2025-05-01T18:40:00+00:00","article_modified_time":"2025-04-29T20:03:04+00:00","og_image":[{"width":1280,"height":720,"url":"https:\/\/www.em.com.br\/emfoco\/wp-content\/uploads\/2025\/04\/Jericoacoara_1744036569883.jpg","type":"image\/jpeg"}],"author":"Gabriel Martins","twitter_card":"summary_large_image","twitter_misc":{"Escrito por":"Gabriel Martins","Est. tempo de leitura":"4 minutos"},"schema":{"@context":"https:\/\/schema.org","@graph":[{"@type":"WebPage","@id":"https:\/\/www.em.com.br\/emfoco\/2025\/05\/01\/um-refugio-natural-entre-dunas-e-lagoas-que-parece-ter-saido-de-conto-de-fadas\/","url":"https:\/\/www.em.com.br\/emfoco\/2025\/05\/01\/um-refugio-natural-entre-dunas-e-lagoas-que-parece-ter-saido-de-conto-de-fadas\/","name":"Um ref\u00fagio natural entre dunas e lagoas que parece ter sa\u00eddo de conto de fadas - Estado de Minas - Em foco","isPartOf":{"@id":"https:\/\/www.em.com.br\/emfoco\/#website"},"primaryImageOfPage":{"@id":"https:\/\/www.em.com.br\/emfoco\/2025\/05\/01\/um-refugio-natural-entre-dunas-e-lagoas-que-parece-ter-saido-de-conto-de-fadas\/#primaryimage"},"image":{"@id":"https:\/\/www.em.com.br\/emfoco\/2025\/05\/01\/um-refugio-natural-entre-dunas-e-lagoas-que-parece-ter-saido-de-conto-de-fadas\/#primaryimage"},"thumbnailUrl":"https:\/\/www.em.com.br\/emfoco\/wp-content\/uploads\/2025\/04\/Jericoacoara_1744036569883.jpg","datePublished":"2025-05-01T18:40:00+00:00","dateModified":"2025-04-29T20:03:04+00:00","author":{"@id":"https:\/\/www.em.com.br\/emfoco\/#\/schema\/person\/1c9ddeab18b98abeffef834667bcf08a"},"description":"Entre dunas douradas, lagoas cristalinas e ruas de areia, este ref\u00fagio oferece a combina\u00e7\u00e3o perfeita entre natureza e liberdade.","breadcrumb":{"@id":"https:\/\/www.em.com.br\/emfoco\/2025\/05\/01\/um-refugio-natural-entre-dunas-e-lagoas-que-parece-ter-saido-de-conto-de-fadas\/#breadcrumb"},"inLanguage":"pt-BR","potentialAction":[{"@type":"ReadAction","target":["https:\/\/www.em.com.br\/emfoco\/2025\/05\/01\/um-refugio-natural-entre-dunas-e-lagoas-que-parece-ter-saido-de-conto-de-fadas\/"]}]},{"@type":"ImageObject","inLanguage":"pt-BR","@id":"https:\/\/www.em.com.br\/emfoco\/2025\/05\/01\/um-refugio-natural-entre-dunas-e-lagoas-que-parece-ter-saido-de-conto-de-fadas\/#primaryimage","url":"https:\/\/www.em.com.br\/emfoco\/wp-content\/uploads\/2025\/04\/Jericoacoara_1744036569883.jpg","contentUrl":"https:\/\/www.em.com.br\/emfoco\/wp-content\/uploads\/2025\/04\/Jericoacoara_1744036569883.jpg","width":1280,"height":720,"caption":"Jericoacoara, Cear\u00e1 - Cr\u00e9ditos: depositphotos.com \/ xura"},{"@type":"BreadcrumbList","@id":"https:\/\/www.em.com.br\/emfoco\/2025\/05\/01\/um-refugio-natural-entre-dunas-e-lagoas-que-parece-ter-saido-de-conto-de-fadas\/#breadcrumb","itemListElement":[{"@type":"ListItem","position":1,"name":"In\u00edcio","item":"https:\/\/www.em.com.br\/emfoco\/"},{"@type":"ListItem","position":2,"name":"Um ref\u00fagio natural entre dunas e lagoas que parece ter sa\u00eddo de conto de fadas"}]},{"@type":"WebSite","@id":"https:\/\/www.em.com.br\/emfoco\/#website","url":"https:\/\/www.em.com.br\/emfoco\/","name":"Estado de Minas - Em foco","description":"Acompanhe as \u00faltimas not\u00edcias e fique bem informado sobre tudo o que acontece em Minas Gerais, Brasil e no mundo.","potentialAction":[{"@type":"SearchAction","target":{"@type":"EntryPoint","urlTemplate":"https:\/\/www.em.com.br\/emfoco\/?s={search_term_string}"},"query-input":{"@type":"PropertyValueSpecification","valueRequired":true,"valueName":"search_term_string"}}],"inLanguage":"pt-BR"},{"@type":"Person","@id":"https:\/\/www.em.com.br\/emfoco\/#\/schema\/person\/1c9ddeab18b98abeffef834667bcf08a","name":"Gabriel Martins","image":{"@type":"ImageObject","inLanguage":"pt-BR","@id":"https:\/\/www.em.com.br\/emfoco\/#\/schema\/person\/image\/","url":"https:\/\/secure.gravatar.com\/avatar\/f0f1e2efdfd88f1ad2cb08c5c2731e50?s=96&d=mm&r=g","contentUrl":"https:\/\/secure.gravatar.com\/avatar\/f0f1e2efdfd88f1ad2cb08c5c2731e50?s=96&d=mm&r=g","caption":"Gabriel Martins"},"sameAs":["https:\/\/www.em.com.br\/emfoco\/"],"url":"https:\/\/www.em.com.br\/emfoco\/author\/gabrielmartinsmyth\/"}]}},"_links":{"self":[{"href":"https:\/\/www.em.com.br\/emfoco\/wp-json\/wp\/v2\/posts\/42199","targetHints":{"allow":["GET"]}}],"collection":[{"href":"https:\/\/www.em.com.br\/emfoco\/wp-json\/wp\/v2\/posts"}],"about":[{"href":"https:\/\/www.em.com.br\/emfoco\/wp-json\/wp\/v2\/types\/post"}],"author":[{"embeddable":true,"href":"https:\/\/www.em.com.br\/emfoco\/wp-json\/wp\/v2\/users\/13"}],"replies":[{"embeddable":true,"href":"https:\/\/www.em.com.br\/emfoco\/wp-json\/wp\/v2\/comments?post=42199"}],"version-history":[{"count":2,"href":"https:\/\/www.em.com.br\/emfoco\/wp-json\/wp\/v2\/posts\/42199\/revisions"}],"predecessor-version":[{"id":42214,"href":"https:\/\/www.em.com.br\/emfoco\/wp-json\/wp\/v2\/posts\/42199\/revisions\/42214"}],"wp:featuredmedia":[{"embeddable":true,"href":"https:\/\/www.em.com.br\/emfoco\/wp-json\/wp\/v2\/media\/35888"}],"wp:attachment":[{"href":"https:\/\/www.em.com.br\/emfoco\/wp-json\/wp\/v2\/media?parent=42199"}],"wp:term":[{"taxonomy":"category","embeddable":true,"href":"https:\/\/www.em.com.br\/emfoco\/wp-json\/wp\/v2\/categories?post=42199"},{"taxonomy":"post_tag","embeddable":true,"href":"https:\/\/www.em.com.br\/emfoco\/wp-json\/wp\/v2\/tags?post=42199"}],"curies":[{"name":"wp","href":"https:\/\/api.w.org\/{rel}","templated":true}]}}