{"id":41990,"date":"2025-04-27T21:40:00","date_gmt":"2025-04-28T00:40:00","guid":{"rendered":"https:\/\/www.em.com.br\/emfoco\/?p=41990"},"modified":"2025-04-26T14:46:09","modified_gmt":"2025-04-26T17:46:09","slug":"3-vinicolas-de-minas-gerais-brilham-na-grande-prova-de-vinhos-2025","status":"publish","type":"post","link":"https:\/\/www.em.com.br\/emfoco\/2025\/04\/27\/3-vinicolas-de-minas-gerais-brilham-na-grande-prova-de-vinhos-2025\/","title":{"rendered":"3 vin\u00edcolas de Minas Gerais brilham na Grande Prova de Vinhos 2025"},"content":{"rendered":"\n<p>A <strong><a href=\"https:\/\/www.otempo.com.br\/gastronomia\/2025\/4\/24\/grande-prova-vinhos-do-brasil-premia-tres-vinicolas-mineiras\" target=\"_blank\" rel=\"noreferrer noopener\">Grande Prova Vinhos do Brasil (GPVB) 2025<\/a><\/strong> revelou seus campe\u00f5es e consolidou ainda mais sua posi\u00e7\u00e3o como a maior e mais respeitada degusta\u00e7\u00e3o \u00e0s cegas do pa\u00eds. Realizado no fim de mar\u00e7o no <strong>hotel Vila Gal\u00e9<\/strong>, no <strong>Rio de Janeiro<\/strong>, o evento destacou a excel\u00eancia dos vinhos nacionais, com o<strong> Rio Grande do Sul<\/strong> mantendo sua lideran\u00e7a como principal polo vitivin\u00edcola brasileiro.<\/p>\n\n\n\n<p>Entre as grandes surpresas da edi\u00e7\u00e3o, <strong>tr\u00eas vin\u00edcolas de Minas Gerais<\/strong> brilharam ao conquistar a cobi\u00e7ada medalha dupla ouro, reconhecimento reservado apenas aos vinhos que alcan\u00e7am desempenho sensorial extraordin\u00e1rio.<\/p>\n\n\n\n<p>Confira quem s\u00e3o as estrelas de 2025:<\/p>\n\n\n\n<ul class=\"wp-block-list\">\n<li><strong>Vin\u00edcola Casa Correa &amp; Medici<\/strong>: Serra da Mantiqueira<\/li>\n\n\n\n<li><strong>Vin\u00edcola Fam\u00edlia Davo<\/strong>: S\u00e3o Gon\u00e7alo do Sapuca\u00ed<\/li>\n\n\n\n<li><strong>Vin\u00edcola Stella Valentino<\/strong>: Andradas<\/li>\n<\/ul>\n\n\n\n<h2 class=\"wp-block-heading\">Como funciona a Grande Prova Vinhos do Brasil?<\/h2>\n\n\n\n<p>A GPVB re\u00fane vinhos de todas as regi\u00f5es do pa\u00eds e os submete a uma avalia\u00e7\u00e3o rigorosa e 100% \u00e0s cegas. Nenhum jurado conhece a origem ou o r\u00f3tulo dos vinhos, garantindo imparcialidade absoluta. O j\u00fari t\u00e9cnico avalia aroma, sabor, corpo e equil\u00edbrio, classificando os melhores entre medalhas de bronze, prata, ouro e a rar\u00edssima medalha dupla ouro.<\/p>\n\n\n\n<p>Essa metodologia refor\u00e7a a credibilidade da prova e impulsiona o prest\u00edgio dos vinhos vencedores no mercado.<\/p>\n\n\n\n<figure class=\"wp-block-image size-large\"><img loading=\"lazy\" decoding=\"async\" width=\"1024\" height=\"576\" src=\"https:\/\/www.em.com.br\/emfoco\/wp-content\/uploads\/2025\/04\/bebendo-vinho_1745690978079-1024x576.jpg\" alt=\"\" class=\"wp-image-42022\" srcset=\"https:\/\/www.em.com.br\/emfoco\/wp-content\/uploads\/2025\/04\/bebendo-vinho_1745690978079-1024x576.jpg 1024w, https:\/\/www.em.com.br\/emfoco\/wp-content\/uploads\/2025\/04\/bebendo-vinho_1745690978079-300x169.jpg 300w, https:\/\/www.em.com.br\/emfoco\/wp-content\/uploads\/2025\/04\/bebendo-vinho_1745690978079-768x432.jpg 768w, https:\/\/www.em.com.br\/emfoco\/wp-content\/uploads\/2025\/04\/bebendo-vinho_1745690978079-750x422.jpg 750w, https:\/\/www.em.com.br\/emfoco\/wp-content\/uploads\/2025\/04\/bebendo-vinho_1745690978079-1140x641.jpg 1140w, https:\/\/www.em.com.br\/emfoco\/wp-content\/uploads\/2025\/04\/bebendo-vinho_1745690978079.jpg 1280w\" sizes=\"auto, (max-width: 1024px) 100vw, 1024px\" \/><figcaption class=\"wp-element-caption\">Prova de Vinho &#8211; Cr\u00e9ditos: depositphotos.com \/ TarasMalyarevich<\/figcaption><\/figure>\n\n\n\n<h2 class=\"wp-block-heading\">Outros destaques da edi\u00e7\u00e3o<\/h2>\n\n\n\n<p>Al\u00e9m das vin\u00edcolas mineiras, o Rio Grande do Sul reafirmou sua for\u00e7a no cen\u00e1rio nacional com v\u00e1rios r\u00f3tulos premiados. A edi\u00e7\u00e3o de 2025 revelou o n\u00edvel hist\u00f3rico de qualidade e a diversidade impressionante da produ\u00e7\u00e3o brasileira, sinalizando uma nova era para o setor.<\/p>\n\n\n\n<h2 class=\"wp-block-heading\">Quando ser\u00e1 a premia\u00e7\u00e3o oficial?<\/h2>\n\n\n\n<p>A consagra\u00e7\u00e3o dos vencedores ocorrer\u00e1 entre os dias 6 e 8 de maio, durante a <strong>Wine South America 2025<\/strong>, em Bento Gon\u00e7alves (RS). O evento, considerado o maior da ind\u00fastria vitivin\u00edcola da Am\u00e9rica Latina, promete ser o palco de celebra\u00e7\u00e3o das maiores conquistas do ano!<\/p>\n\n\n\n<p><strong><a href=\"https:\/\/www.em.com.br\/emfoco\/2025\/04\/19\/beber-uma-taca-de-vinho-ao-dia-pode-aumentar-sua-longevidade\/\" target=\"_blank\" rel=\"noreferrer noopener\">Prepare sua ta\u00e7a<\/a>:<\/strong> os vinhos brasileiros nunca estiveram t\u00e3o excepcionais!<\/p>\n","protected":false},"excerpt":{"rendered":"<p>A Grande Prova Vinhos do Brasil (GPVB) 2025 revelou seus campe\u00f5es e consolidou ainda mais sua posi\u00e7\u00e3o como a maior e mais respeitada degusta\u00e7\u00e3o \u00e0s cegas do pa\u00eds. Realizado no fim de mar\u00e7o no hotel Vila Gal\u00e9, no Rio de Janeiro, o evento destacou a excel\u00eancia dos vinhos nacionais, com o Rio Grande do Sul [&hellip;]<\/p>\n","protected":false},"author":11,"featured_media":42023,"comment_status":"open","ping_status":"open","sticky":false,"template":"","format":"standard","meta":{"jnews-multi-image_gallery":[],"jnews_single_post":{"format":"standard"},"jnews_primary_category":[],"jnews_social_meta":[],"jnews_override_counter":[],"footnotes":""},"categories":[138,1],"tags":[207,8020,8021],"class_list":["post-41990","post","type-post","status-publish","format-standard","has-post-thumbnail","hentry","category-mundo","category-noticias","tag-minas-gerais","tag-vinhos","tag-vinicolas"],"yoast_head":"<!-- This site is optimized with the Yoast SEO plugin v23.8 - https:\/\/yoast.com\/wordpress\/plugins\/seo\/ -->\n<title>3 vin\u00edcolas de Minas Gerais brilham na Grande Prova de Vinhos 2025 - Estado de Minas - Em foco<\/title>\n<meta name=\"description\" content=\"Vin\u00edcolas mineiras conquistam o topo na Grande Prova 2025 e elevam o prest\u00edgio dos vinhos brasileiros. Veja os detalhes dessa conquista!\" \/>\n<meta name=\"robots\" content=\"index, follow, max-snippet:-1, max-image-preview:large, max-video-preview:-1\" \/>\n<link rel=\"canonical\" href=\"https:\/\/www.em.com.br\/emfoco\/2025\/04\/27\/3-vinicolas-de-minas-gerais-brilham-na-grande-prova-de-vinhos-2025\/\" \/>\n<meta property=\"og:locale\" content=\"pt_BR\" \/>\n<meta property=\"og:type\" content=\"article\" \/>\n<meta property=\"og:title\" content=\"3 vin\u00edcolas de Minas Gerais brilham na Grande Prova de Vinhos 2025 - Estado de Minas - Em foco\" \/>\n<meta property=\"og:description\" content=\"Vin\u00edcolas mineiras conquistam o topo na Grande Prova 2025 e elevam o prest\u00edgio dos vinhos brasileiros. Veja os detalhes dessa conquista!\" \/>\n<meta property=\"og:url\" content=\"https:\/\/www.em.com.br\/emfoco\/2025\/04\/27\/3-vinicolas-de-minas-gerais-brilham-na-grande-prova-de-vinhos-2025\/\" \/>\n<meta property=\"og:site_name\" content=\"Estado de Minas - Em foco\" \/>\n<meta property=\"article:published_time\" content=\"2025-04-28T00:40:00+00:00\" \/>\n<meta property=\"article:modified_time\" content=\"2025-04-26T17:46:09+00:00\" \/>\n<meta property=\"og:image\" content=\"https:\/\/www.em.com.br\/emfoco\/wp-content\/uploads\/2025\/04\/bebendo-vinho_1745691015988.jpg\" \/>\n\t<meta property=\"og:image:width\" content=\"1280\" \/>\n\t<meta property=\"og:image:height\" content=\"720\" \/>\n\t<meta property=\"og:image:type\" content=\"image\/jpeg\" \/>\n<meta name=\"author\" content=\"Andre\u0301 Rangel\u00a0\" \/>\n<meta name=\"twitter:card\" content=\"summary_large_image\" \/>\n<meta name=\"twitter:label1\" content=\"Escrito por\" \/>\n\t<meta name=\"twitter:data1\" content=\"Andre\u0301 Rangel\u00a0\" \/>\n\t<meta name=\"twitter:label2\" content=\"Est. tempo de leitura\" \/>\n\t<meta name=\"twitter:data2\" content=\"3 minutos\" \/>\n<!-- \/ Yoast SEO plugin. -->","yoast_head_json":{"title":"3 vin\u00edcolas de Minas Gerais brilham na Grande Prova de Vinhos 2025 - Estado de Minas - Em foco","description":"Vin\u00edcolas mineiras conquistam o topo na Grande Prova 2025 e elevam o prest\u00edgio dos vinhos brasileiros. Veja os detalhes dessa conquista!","robots":{"index":"index","follow":"follow","max-snippet":"max-snippet:-1","max-image-preview":"max-image-preview:large","max-video-preview":"max-video-preview:-1"},"canonical":"https:\/\/www.em.com.br\/emfoco\/2025\/04\/27\/3-vinicolas-de-minas-gerais-brilham-na-grande-prova-de-vinhos-2025\/","og_locale":"pt_BR","og_type":"article","og_title":"3 vin\u00edcolas de Minas Gerais brilham na Grande Prova de Vinhos 2025 - Estado de Minas - Em foco","og_description":"Vin\u00edcolas mineiras conquistam o topo na Grande Prova 2025 e elevam o prest\u00edgio dos vinhos brasileiros. Veja os detalhes dessa conquista!","og_url":"https:\/\/www.em.com.br\/emfoco\/2025\/04\/27\/3-vinicolas-de-minas-gerais-brilham-na-grande-prova-de-vinhos-2025\/","og_site_name":"Estado de Minas - Em foco","article_published_time":"2025-04-28T00:40:00+00:00","article_modified_time":"2025-04-26T17:46:09+00:00","og_image":[{"width":1280,"height":720,"url":"https:\/\/www.em.com.br\/emfoco\/wp-content\/uploads\/2025\/04\/bebendo-vinho_1745691015988.jpg","type":"image\/jpeg"}],"author":"Andre\u0301 Rangel\u00a0","twitter_card":"summary_large_image","twitter_misc":{"Escrito por":"Andre\u0301 Rangel\u00a0","Est. tempo de leitura":"3 minutos"},"schema":{"@context":"https:\/\/schema.org","@graph":[{"@type":"WebPage","@id":"https:\/\/www.em.com.br\/emfoco\/2025\/04\/27\/3-vinicolas-de-minas-gerais-brilham-na-grande-prova-de-vinhos-2025\/","url":"https:\/\/www.em.com.br\/emfoco\/2025\/04\/27\/3-vinicolas-de-minas-gerais-brilham-na-grande-prova-de-vinhos-2025\/","name":"3 vin\u00edcolas de Minas Gerais brilham na Grande Prova de Vinhos 2025 - Estado de Minas - Em foco","isPartOf":{"@id":"https:\/\/www.em.com.br\/emfoco\/#website"},"primaryImageOfPage":{"@id":"https:\/\/www.em.com.br\/emfoco\/2025\/04\/27\/3-vinicolas-de-minas-gerais-brilham-na-grande-prova-de-vinhos-2025\/#primaryimage"},"image":{"@id":"https:\/\/www.em.com.br\/emfoco\/2025\/04\/27\/3-vinicolas-de-minas-gerais-brilham-na-grande-prova-de-vinhos-2025\/#primaryimage"},"thumbnailUrl":"https:\/\/www.em.com.br\/emfoco\/wp-content\/uploads\/2025\/04\/bebendo-vinho_1745691015988.jpg","datePublished":"2025-04-28T00:40:00+00:00","dateModified":"2025-04-26T17:46:09+00:00","author":{"@id":"https:\/\/www.em.com.br\/emfoco\/#\/schema\/person\/60eda09c1fedf0d6891f4cef4b60b8b8"},"description":"Vin\u00edcolas mineiras conquistam o topo na Grande Prova 2025 e elevam o prest\u00edgio dos vinhos brasileiros. Veja os detalhes dessa conquista!","breadcrumb":{"@id":"https:\/\/www.em.com.br\/emfoco\/2025\/04\/27\/3-vinicolas-de-minas-gerais-brilham-na-grande-prova-de-vinhos-2025\/#breadcrumb"},"inLanguage":"pt-BR","potentialAction":[{"@type":"ReadAction","target":["https:\/\/www.em.com.br\/emfoco\/2025\/04\/27\/3-vinicolas-de-minas-gerais-brilham-na-grande-prova-de-vinhos-2025\/"]}]},{"@type":"ImageObject","inLanguage":"pt-BR","@id":"https:\/\/www.em.com.br\/emfoco\/2025\/04\/27\/3-vinicolas-de-minas-gerais-brilham-na-grande-prova-de-vinhos-2025\/#primaryimage","url":"https:\/\/www.em.com.br\/emfoco\/wp-content\/uploads\/2025\/04\/bebendo-vinho_1745691015988.jpg","contentUrl":"https:\/\/www.em.com.br\/emfoco\/wp-content\/uploads\/2025\/04\/bebendo-vinho_1745691015988.jpg","width":1280,"height":720,"caption":"Crise na Bodega Norton assusta o setor de vinhos na Argentina - Cr\u00e9ditos: depositphotos.com \/ TarasMalyarevich"},{"@type":"BreadcrumbList","@id":"https:\/\/www.em.com.br\/emfoco\/2025\/04\/27\/3-vinicolas-de-minas-gerais-brilham-na-grande-prova-de-vinhos-2025\/#breadcrumb","itemListElement":[{"@type":"ListItem","position":1,"name":"In\u00edcio","item":"https:\/\/www.em.com.br\/emfoco\/"},{"@type":"ListItem","position":2,"name":"3 vin\u00edcolas de Minas Gerais brilham na Grande Prova de Vinhos 2025"}]},{"@type":"WebSite","@id":"https:\/\/www.em.com.br\/emfoco\/#website","url":"https:\/\/www.em.com.br\/emfoco\/","name":"Estado de Minas - Em foco","description":"Acompanhe as \u00faltimas not\u00edcias e fique bem informado sobre tudo o que acontece em Minas Gerais, Brasil e no mundo.","potentialAction":[{"@type":"SearchAction","target":{"@type":"EntryPoint","urlTemplate":"https:\/\/www.em.com.br\/emfoco\/?s={search_term_string}"},"query-input":{"@type":"PropertyValueSpecification","valueRequired":true,"valueName":"search_term_string"}}],"inLanguage":"pt-BR"},{"@type":"Person","@id":"https:\/\/www.em.com.br\/emfoco\/#\/schema\/person\/60eda09c1fedf0d6891f4cef4b60b8b8","name":"Andre\u0301 Rangel\u00a0","image":{"@type":"ImageObject","inLanguage":"pt-BR","@id":"https:\/\/www.em.com.br\/emfoco\/#\/schema\/person\/image\/","url":"https:\/\/secure.gravatar.com\/avatar\/6234dc814c77c8ef6d8bba622c787efc?s=96&d=mm&r=g","contentUrl":"https:\/\/secure.gravatar.com\/avatar\/6234dc814c77c8ef6d8bba622c787efc?s=96&d=mm&r=g","caption":"Andre\u0301 Rangel\u00a0"},"url":"https:\/\/www.em.com.br\/emfoco\/author\/luizmyth\/"}]}},"_links":{"self":[{"href":"https:\/\/www.em.com.br\/emfoco\/wp-json\/wp\/v2\/posts\/41990","targetHints":{"allow":["GET"]}}],"collection":[{"href":"https:\/\/www.em.com.br\/emfoco\/wp-json\/wp\/v2\/posts"}],"about":[{"href":"https:\/\/www.em.com.br\/emfoco\/wp-json\/wp\/v2\/types\/post"}],"author":[{"embeddable":true,"href":"https:\/\/www.em.com.br\/emfoco\/wp-json\/wp\/v2\/users\/11"}],"replies":[{"embeddable":true,"href":"https:\/\/www.em.com.br\/emfoco\/wp-json\/wp\/v2\/comments?post=41990"}],"version-history":[{"count":4,"href":"https:\/\/www.em.com.br\/emfoco\/wp-json\/wp\/v2\/posts\/41990\/revisions"}],"predecessor-version":[{"id":42024,"href":"https:\/\/www.em.com.br\/emfoco\/wp-json\/wp\/v2\/posts\/41990\/revisions\/42024"}],"wp:featuredmedia":[{"embeddable":true,"href":"https:\/\/www.em.com.br\/emfoco\/wp-json\/wp\/v2\/media\/42023"}],"wp:attachment":[{"href":"https:\/\/www.em.com.br\/emfoco\/wp-json\/wp\/v2\/media?parent=41990"}],"wp:term":[{"taxonomy":"category","embeddable":true,"href":"https:\/\/www.em.com.br\/emfoco\/wp-json\/wp\/v2\/categories?post=41990"},{"taxonomy":"post_tag","embeddable":true,"href":"https:\/\/www.em.com.br\/emfoco\/wp-json\/wp\/v2\/tags?post=41990"}],"curies":[{"name":"wp","href":"https:\/\/api.w.org\/{rel}","templated":true}]}}