{"id":4199,"date":"2024-12-11T07:00:00","date_gmt":"2024-12-11T10:00:00","guid":{"rendered":"https:\/\/www.em.com.br\/emfoco\/?p=4199"},"modified":"2024-12-10T16:38:05","modified_gmt":"2024-12-10T19:38:05","slug":"a-bateria-e-o-novo-petroleo-descubra","status":"publish","type":"post","link":"https:\/\/www.em.com.br\/emfoco\/2024\/12\/11\/a-bateria-e-o-novo-petroleo-descubra\/","title":{"rendered":"A bateria \u00e9 o novo petr\u00f3leo? Descubra!"},"content":{"rendered":"\n<p>Recentemente, a pol\u00edtica de troca de carros antigos por novos na <a href=\"https:\/\/pt.wikipedia.org\/wiki\/China\" target=\"_blank\" rel=\"noreferrer noopener\">China<\/a> tem tido um impacto significativo no mercado automotivo. De acordo com dados divulgados pelo Minist\u00e9rio do Com\u00e9rcio da China, at\u00e9 10 de dezembro de 2024, o programa acumulou mais de 5 milh\u00f5es de pedidos de troca. Desse total, destaca-se que 2,44 milh\u00f5es foram referentes ao descarte de ve\u00edculos antigos, enquanto 2,59 milh\u00f5es resultaram em trocas diretas por novos modelos.<\/p>\n\n\n\n<p>Essa iniciativa n\u00e3o apenas revitaliza as vendas de autom\u00f3veis, mas tamb\u00e9m promove um impacto positivo na redu\u00e7\u00e3o de emiss\u00f5es e na moderniza\u00e7\u00e3o da frota. Com um aumento nas vendas de ve\u00edculos de passageiros, o mercado interno chin\u00eas demonstra sinais de renova\u00e7\u00e3o e crescimento sustent\u00e1vel.<\/p>\n\n\n\n<h2 class=\"wp-block-heading\">Como os Ve\u00edculos El\u00e9tricos Est\u00e3o Liderando o Crescimento?<\/h2>\n\n\n\n<p>No panorama atual, os <strong><a href=\"https:\/\/www.em.com.br\/emfoco\/2024\/12\/09\/as-cidades-brasileiras-que-lideram-em-carros-eletricos\/\" target=\"_blank\" rel=\"noreferrer noopener\">ve\u00edculos el\u00e9tricos<\/a><\/strong> t\u00eam se destacado como o segmento de crescimento mais acelerado. Em novembro de 2024, as vendas de ve\u00edculos el\u00e9tricos totalizaram 1,268 milh\u00e3o de unidades, uma alta expressiva de 50,5% se comparado ao mesmo per\u00edodo do ano anterior. Atualmente, os ve\u00edculos el\u00e9tricos representam 52,3% das vendas totais de autom\u00f3veis de passageiros na China.<\/p>\n\n\n\n<p>Esse crescimento n\u00e3o \u00e9 apenas uma tend\u00eancia passageira. De janeiro a novembro, o acumulado das vendas de ve\u00edculos el\u00e9tricos j\u00e1 chegou a 9,594 milh\u00f5es de unidades, marcando um incremento de 41,2% em rela\u00e7\u00e3o a 2023. Tal avan\u00e7o sinaliza uma mudan\u00e7a no comportamento dos consumidores, cada vez mais conscientes da necessidade de pr\u00e1ticas sustent\u00e1veis.<\/p>\n\n\n<div class=\"wp-block-image\">\n<figure class=\"aligncenter size-large\"><img loading=\"lazy\" decoding=\"async\" width=\"1024\" height=\"576\" src=\"https:\/\/www.em.com.br\/emfoco\/wp-content\/uploads\/2024\/12\/Carro-eletrico_1733203543859-1024x576.jpg\" alt=\"\" class=\"wp-image-2880\" srcset=\"https:\/\/www.em.com.br\/emfoco\/wp-content\/uploads\/2024\/12\/Carro-eletrico_1733203543859-1024x576.jpg 1024w, https:\/\/www.em.com.br\/emfoco\/wp-content\/uploads\/2024\/12\/Carro-eletrico_1733203543859-300x169.jpg 300w, https:\/\/www.em.com.br\/emfoco\/wp-content\/uploads\/2024\/12\/Carro-eletrico_1733203543859-768x432.jpg 768w, https:\/\/www.em.com.br\/emfoco\/wp-content\/uploads\/2024\/12\/Carro-eletrico_1733203543859-750x422.jpg 750w, https:\/\/www.em.com.br\/emfoco\/wp-content\/uploads\/2024\/12\/Carro-eletrico_1733203543859-1140x641.jpg 1140w, https:\/\/www.em.com.br\/emfoco\/wp-content\/uploads\/2024\/12\/Carro-eletrico_1733203543859.jpg 1280w\" sizes=\"auto, (max-width: 1024px) 100vw, 1024px\" \/><figcaption class=\"wp-element-caption\">Carro eletrico &#8211; Cr\u00e9ditos: depositphotos.com \/ kasto<\/figcaption><\/figure><\/div>\n\n\n<h2 class=\"wp-block-heading\">Qual \u00e9 o Papel da Reciclagem de Ve\u00edculos?<\/h2>\n\n\n\n<p>A reciclagem de autom\u00f3veis tamb\u00e9m est\u00e1 em alta, com um crescimento significativo impulsionado pelo programa de troca de carros velhos. Somente em novembro de 2024, a China reciclou 1,032 milh\u00e3o de ve\u00edculos, representando um aumento de 141,6% em compara\u00e7\u00e3o a novembro de 2023. No acumulado do ano, esse n\u00famero chegou a 6,878 milh\u00f5es de ve\u00edculos, resultando em um crescimento de 64,6% em rela\u00e7\u00e3o ao ano anterior.<\/p>\n\n\n\n<p>Esse aumento na reciclagem \u00e9 crucial para a redu\u00e7\u00e3o do impacto ambiental e demonstra o compromisso da China em promover um mercado mais sustent\u00e1vel. Assim, a pol\u00edtica de renova\u00e7\u00e3o da frota tem um efeito duplo: moderniza o parque automotivo e favorece pr\u00e1ticas mais ecol\u00f3gicas.<\/p>\n\n\n\n<h2 class=\"wp-block-heading\">Quais S\u00e3o os Benef\u00edcios de uma Frota Renovada?<\/h2>\n\n\n\n<p>A renova\u00e7\u00e3o da frota automobil\u00edstica na China traz consigo m\u00faltiplos benef\u00edcios. Al\u00e9m de estimular economicamente o setor automotivo, a troca de ve\u00edculos antigos por novos modelos, muitos dos quais s\u00e3o el\u00e9tricos, contribui para a diminui\u00e7\u00e3o das emiss\u00f5es de poluentes. Com pol\u00edticas que incentivam a moderniza\u00e7\u00e3o da frota, os consumidores encontram vantagens n\u00e3o apenas em termos de efici\u00eancia energ\u00e9tica, mas tamb\u00e9m atrav\u00e9s de incentivos fiscais e pol\u00edticas de financiamento mais favor\u00e1veis.<\/p>\n\n\n\n<p>Portanto, a China est\u00e1 n\u00e3o s\u00f3 impulsionando o crescimento do mercado automobil\u00edstico, mas tamb\u00e9m se posicionando como l\u00edder na transi\u00e7\u00e3o para um futuro mais verde. Essa estrat\u00e9gia vem sendo reconhecida como um exemplo a ser seguido por outros pa\u00edses em desenvolvimento e at\u00e9 mesmo por economias j\u00e1 estabelecidas.<\/p>\n","protected":false},"excerpt":{"rendered":"<p>Recentemente, a pol\u00edtica de troca de carros antigos por novos na China tem tido um impacto significativo no mercado automotivo. De acordo com dados divulgados pelo Minist\u00e9rio do Com\u00e9rcio da China, at\u00e9 10 de dezembro de 2024, o programa acumulou mais de 5 milh\u00f5es de pedidos de troca. Desse total, destaca-se que 2,44 milh\u00f5es foram [&hellip;]<\/p>\n","protected":false},"author":7,"featured_media":4204,"comment_status":"open","ping_status":"open","sticky":false,"template":"","format":"standard","meta":{"jnews-multi-image_gallery":[],"jnews_single_post":{"format":"standard"},"jnews_primary_category":[],"jnews_social_meta":[],"jnews_override_counter":[],"footnotes":""},"categories":[27],"tags":[1824,1825,1826,1160],"class_list":["post-4199","post","type-post","status-publish","format-standard","has-post-thumbnail","hentry","category-carros","tag-china","tag-industria-automotiva","tag-reciclagem-de-veiculos","tag-veiculos-eletricos"],"yoast_head":"<!-- This site is optimized with the Yoast SEO plugin v23.8 - https:\/\/yoast.com\/wordpress\/plugins\/seo\/ -->\n<title>A bateria \u00e9 o novo petr\u00f3leo? Descubra! - Estado de Minas - Em foco<\/title>\n<meta name=\"description\" content=\"O artigo discute o impacto da renova\u00e7\u00e3o automotiva no mercado. Confira!\" \/>\n<meta name=\"robots\" content=\"index, follow, max-snippet:-1, max-image-preview:large, max-video-preview:-1\" \/>\n<link rel=\"canonical\" href=\"https:\/\/www.em.com.br\/emfoco\/2024\/12\/11\/a-bateria-e-o-novo-petroleo-descubra\/\" \/>\n<meta property=\"og:locale\" content=\"pt_BR\" \/>\n<meta property=\"og:type\" content=\"article\" \/>\n<meta property=\"og:title\" content=\"A bateria \u00e9 o novo petr\u00f3leo? Descubra! - Estado de Minas - Em foco\" \/>\n<meta property=\"og:description\" content=\"O artigo discute o impacto da renova\u00e7\u00e3o automotiva no mercado. Confira!\" \/>\n<meta property=\"og:url\" content=\"https:\/\/www.em.com.br\/emfoco\/2024\/12\/11\/a-bateria-e-o-novo-petroleo-descubra\/\" \/>\n<meta property=\"og:site_name\" content=\"Estado de Minas - Em foco\" \/>\n<meta property=\"article:published_time\" content=\"2024-12-11T10:00:00+00:00\" \/>\n<meta property=\"article:modified_time\" content=\"2024-12-10T19:38:05+00:00\" \/>\n<meta property=\"og:image\" content=\"https:\/\/www.em.com.br\/emfoco\/wp-content\/uploads\/2024\/12\/Carro-eletrico_1733859382259.jpg\" \/>\n\t<meta property=\"og:image:width\" content=\"1280\" \/>\n\t<meta property=\"og:image:height\" content=\"720\" \/>\n\t<meta property=\"og:image:type\" content=\"image\/jpeg\" \/>\n<meta name=\"author\" content=\"Kelvin\" \/>\n<meta name=\"twitter:card\" content=\"summary_large_image\" \/>\n<meta name=\"twitter:label1\" content=\"Escrito por\" \/>\n\t<meta name=\"twitter:data1\" content=\"Kelvin\" \/>\n\t<meta name=\"twitter:label2\" content=\"Est. tempo de leitura\" \/>\n\t<meta name=\"twitter:data2\" content=\"4 minutos\" \/>\n<!-- \/ Yoast SEO plugin. -->","yoast_head_json":{"title":"A bateria \u00e9 o novo petr\u00f3leo? Descubra! - Estado de Minas - Em foco","description":"O artigo discute o impacto da renova\u00e7\u00e3o automotiva no mercado. Confira!","robots":{"index":"index","follow":"follow","max-snippet":"max-snippet:-1","max-image-preview":"max-image-preview:large","max-video-preview":"max-video-preview:-1"},"canonical":"https:\/\/www.em.com.br\/emfoco\/2024\/12\/11\/a-bateria-e-o-novo-petroleo-descubra\/","og_locale":"pt_BR","og_type":"article","og_title":"A bateria \u00e9 o novo petr\u00f3leo? Descubra! - Estado de Minas - Em foco","og_description":"O artigo discute o impacto da renova\u00e7\u00e3o automotiva no mercado. Confira!","og_url":"https:\/\/www.em.com.br\/emfoco\/2024\/12\/11\/a-bateria-e-o-novo-petroleo-descubra\/","og_site_name":"Estado de Minas - Em foco","article_published_time":"2024-12-11T10:00:00+00:00","article_modified_time":"2024-12-10T19:38:05+00:00","og_image":[{"width":1280,"height":720,"url":"https:\/\/www.em.com.br\/emfoco\/wp-content\/uploads\/2024\/12\/Carro-eletrico_1733859382259.jpg","type":"image\/jpeg"}],"author":"Kelvin","twitter_card":"summary_large_image","twitter_misc":{"Escrito por":"Kelvin","Est. tempo de leitura":"4 minutos"},"schema":{"@context":"https:\/\/schema.org","@graph":[{"@type":"WebPage","@id":"https:\/\/www.em.com.br\/emfoco\/2024\/12\/11\/a-bateria-e-o-novo-petroleo-descubra\/","url":"https:\/\/www.em.com.br\/emfoco\/2024\/12\/11\/a-bateria-e-o-novo-petroleo-descubra\/","name":"A bateria \u00e9 o novo petr\u00f3leo? Descubra! - Estado de Minas - Em foco","isPartOf":{"@id":"https:\/\/www.em.com.br\/emfoco\/#website"},"primaryImageOfPage":{"@id":"https:\/\/www.em.com.br\/emfoco\/2024\/12\/11\/a-bateria-e-o-novo-petroleo-descubra\/#primaryimage"},"image":{"@id":"https:\/\/www.em.com.br\/emfoco\/2024\/12\/11\/a-bateria-e-o-novo-petroleo-descubra\/#primaryimage"},"thumbnailUrl":"https:\/\/www.em.com.br\/emfoco\/wp-content\/uploads\/2024\/12\/Carro-eletrico_1733859382259.jpg","datePublished":"2024-12-11T10:00:00+00:00","dateModified":"2024-12-10T19:38:05+00:00","author":{"@id":"https:\/\/www.em.com.br\/emfoco\/#\/schema\/person\/fb0a7f48c6fbb94b83f413a80f61917d"},"description":"O artigo discute o impacto da renova\u00e7\u00e3o automotiva no mercado. Confira!","breadcrumb":{"@id":"https:\/\/www.em.com.br\/emfoco\/2024\/12\/11\/a-bateria-e-o-novo-petroleo-descubra\/#breadcrumb"},"inLanguage":"pt-BR","potentialAction":[{"@type":"ReadAction","target":["https:\/\/www.em.com.br\/emfoco\/2024\/12\/11\/a-bateria-e-o-novo-petroleo-descubra\/"]}]},{"@type":"ImageObject","inLanguage":"pt-BR","@id":"https:\/\/www.em.com.br\/emfoco\/2024\/12\/11\/a-bateria-e-o-novo-petroleo-descubra\/#primaryimage","url":"https:\/\/www.em.com.br\/emfoco\/wp-content\/uploads\/2024\/12\/Carro-eletrico_1733859382259.jpg","contentUrl":"https:\/\/www.em.com.br\/emfoco\/wp-content\/uploads\/2024\/12\/Carro-eletrico_1733859382259.jpg","width":1280,"height":720,"caption":"Carro eletrico - Cr\u00e9ditos: depositphotos.com \/ tomwang"},{"@type":"BreadcrumbList","@id":"https:\/\/www.em.com.br\/emfoco\/2024\/12\/11\/a-bateria-e-o-novo-petroleo-descubra\/#breadcrumb","itemListElement":[{"@type":"ListItem","position":1,"name":"In\u00edcio","item":"https:\/\/www.em.com.br\/emfoco\/"},{"@type":"ListItem","position":2,"name":"A bateria \u00e9 o novo petr\u00f3leo? Descubra!"}]},{"@type":"WebSite","@id":"https:\/\/www.em.com.br\/emfoco\/#website","url":"https:\/\/www.em.com.br\/emfoco\/","name":"Estado de Minas - Em foco","description":"Acompanhe as \u00faltimas not\u00edcias e fique bem informado sobre tudo o que acontece em Minas Gerais, Brasil e no mundo.","potentialAction":[{"@type":"SearchAction","target":{"@type":"EntryPoint","urlTemplate":"https:\/\/www.em.com.br\/emfoco\/?s={search_term_string}"},"query-input":{"@type":"PropertyValueSpecification","valueRequired":true,"valueName":"search_term_string"}}],"inLanguage":"pt-BR"},{"@type":"Person","@id":"https:\/\/www.em.com.br\/emfoco\/#\/schema\/person\/fb0a7f48c6fbb94b83f413a80f61917d","name":"Kelvin","image":{"@type":"ImageObject","inLanguage":"pt-BR","@id":"https:\/\/www.em.com.br\/emfoco\/#\/schema\/person\/image\/","url":"https:\/\/secure.gravatar.com\/avatar\/e74f84337e6bf6c4c5e88fbdffa05270?s=96&d=mm&r=g","contentUrl":"https:\/\/secure.gravatar.com\/avatar\/e74f84337e6bf6c4c5e88fbdffa05270?s=96&d=mm&r=g","caption":"Kelvin"},"sameAs":["https:\/\/www.em.com.br\/emfoco"],"url":"https:\/\/www.em.com.br\/emfoco\/author\/kelvinmyth\/"}]}},"_links":{"self":[{"href":"https:\/\/www.em.com.br\/emfoco\/wp-json\/wp\/v2\/posts\/4199","targetHints":{"allow":["GET"]}}],"collection":[{"href":"https:\/\/www.em.com.br\/emfoco\/wp-json\/wp\/v2\/posts"}],"about":[{"href":"https:\/\/www.em.com.br\/emfoco\/wp-json\/wp\/v2\/types\/post"}],"author":[{"embeddable":true,"href":"https:\/\/www.em.com.br\/emfoco\/wp-json\/wp\/v2\/users\/7"}],"replies":[{"embeddable":true,"href":"https:\/\/www.em.com.br\/emfoco\/wp-json\/wp\/v2\/comments?post=4199"}],"version-history":[{"count":2,"href":"https:\/\/www.em.com.br\/emfoco\/wp-json\/wp\/v2\/posts\/4199\/revisions"}],"predecessor-version":[{"id":4206,"href":"https:\/\/www.em.com.br\/emfoco\/wp-json\/wp\/v2\/posts\/4199\/revisions\/4206"}],"wp:featuredmedia":[{"embeddable":true,"href":"https:\/\/www.em.com.br\/emfoco\/wp-json\/wp\/v2\/media\/4204"}],"wp:attachment":[{"href":"https:\/\/www.em.com.br\/emfoco\/wp-json\/wp\/v2\/media?parent=4199"}],"wp:term":[{"taxonomy":"category","embeddable":true,"href":"https:\/\/www.em.com.br\/emfoco\/wp-json\/wp\/v2\/categories?post=4199"},{"taxonomy":"post_tag","embeddable":true,"href":"https:\/\/www.em.com.br\/emfoco\/wp-json\/wp\/v2\/tags?post=4199"}],"curies":[{"name":"wp","href":"https:\/\/api.w.org\/{rel}","templated":true}]}}