{"id":41910,"date":"2025-04-27T15:00:08","date_gmt":"2025-04-27T18:00:08","guid":{"rendered":"https:\/\/www.em.com.br\/emfoco\/?p=41910"},"modified":"2025-04-26T14:38:49","modified_gmt":"2025-04-26T17:38:49","slug":"saiba-como-escolher-os-melhores-produtos-para-a-saude-dos-seus-pes","status":"publish","type":"post","link":"https:\/\/www.em.com.br\/emfoco\/2025\/04\/27\/saiba-como-escolher-os-melhores-produtos-para-a-saude-dos-seus-pes\/","title":{"rendered":"Saiba como escolher os melhores produtos para a sa\u00fade dos seus p\u00e9s"},"content":{"rendered":"\n<p>Os p\u00e9s s\u00e3o fundamentais para a mobilidade e o equil\u00edbrio do <strong>corpo humano<\/strong>, mas frequentemente n\u00e3o recebem a aten\u00e7\u00e3o necess\u00e1ria. Cuidar dos p\u00e9s n\u00e3o apenas melhora a apar\u00eancia, mas tamb\u00e9m previne uma s\u00e9rie de problemas de sa\u00fade, como infec\u00e7\u00f5es e desconfortos cr\u00f4nicos. A manuten\u00e7\u00e3o regular dos <strong>p\u00e9s<\/strong> \u00e9 vital para o <strong>bem-estar<\/strong> geral.<\/p>\n\n\n\n<p>Al\u00e9m de contribuir para a <a href=\"https:\/\/www.em.com.br\/emfoco\/2025\/04\/25\/o-que-acontece-com-seu-corpo-quando-voce-treina-tudo-de-uma-vez\/\" target=\"_blank\" rel=\"noopener\">est\u00e9tica,<\/a> os cuidados adequados com os p\u00e9s ajudam a evitar condi\u00e7\u00f5es como <strong>calosidades<\/strong>, <strong>rachaduras<\/strong> e <strong>infec\u00e7\u00f5es f\u00fangicas<\/strong>. Com algumas pr\u00e1ticas simples, \u00e9 poss\u00edvel garantir que os p\u00e9s permane\u00e7am saud\u00e1veis e funcionais ao longo do tempo.<\/p>\n\n\n\n<h2 class=\"wp-block-heading\">Quais s\u00e3o as melhores pr\u00e1ticas para cuidar dos p\u00e9s?<\/h2>\n\n\n\n<p>Para manter os p\u00e9s em \u00f3timas condi\u00e7\u00f5es, \u00e9 importante adotar uma rotina de cuidados que inclua <strong>limpeza<\/strong>, <strong>hidrata\u00e7\u00e3o<\/strong> e <strong>prote\u00e7\u00e3o.<\/strong> Esses passos s\u00e3o essenciais para evitar problemas comuns e garantir que os p\u00e9s estejam sempre prontos para qualquer atividade.<\/p>\n\n\n\n<p>Uma pr\u00e1tica recomendada \u00e9 lavar os p\u00e9s diariamente com \u00e1gua morna e um <strong>sabonete suave,<\/strong> garantindo que estejam bem secos, especialmente entre os dedos, para evitar a <a href=\"https:\/\/www.baruel.com.br\/micose-nos-pes-tipos-causas-e-desafios-no-tratamento\/\" target=\"_blank\" rel=\"noopener\">prolifera\u00e7\u00e3o de fungos<\/a>. A hidrata\u00e7\u00e3o \u00e9 igualmente importante; aplicar um <strong>creme espec\u00edfico<\/strong> para os p\u00e9s ajuda a manter a pele macia e livre de rachaduras.<\/p>\n\n\n<div class=\"wp-block-image\">\n<figure class=\"aligncenter size-large\"><img loading=\"lazy\" decoding=\"async\" width=\"1024\" height=\"576\" src=\"https:\/\/www.em.com.br\/emfoco\/wp-content\/uploads\/2025\/04\/Pes_1745672731985-1024x576.jpg\" alt=\"Saiba como escolher os melhores produtos para a sa\u00fade dos p\u00e9s\" class=\"wp-image-41931\" srcset=\"https:\/\/www.em.com.br\/emfoco\/wp-content\/uploads\/2025\/04\/Pes_1745672731985-1024x576.jpg 1024w, https:\/\/www.em.com.br\/emfoco\/wp-content\/uploads\/2025\/04\/Pes_1745672731985-300x169.jpg 300w, https:\/\/www.em.com.br\/emfoco\/wp-content\/uploads\/2025\/04\/Pes_1745672731985-768x432.jpg 768w, https:\/\/www.em.com.br\/emfoco\/wp-content\/uploads\/2025\/04\/Pes_1745672731985-750x422.jpg 750w, https:\/\/www.em.com.br\/emfoco\/wp-content\/uploads\/2025\/04\/Pes_1745672731985-1140x641.jpg 1140w, https:\/\/www.em.com.br\/emfoco\/wp-content\/uploads\/2025\/04\/Pes_1745672731985.jpg 1280w\" sizes=\"auto, (max-width: 1024px) 100vw, 1024px\" \/><figcaption class=\"wp-element-caption\">P\u00e9s &#8211; Cr\u00e9ditos: depositphotos.com \/ AllaSerebrina<\/figcaption><\/figure><\/div>\n\n\n<h2 class=\"wp-block-heading\">Que produtos usar para cuidar dos p\u00e9s?<\/h2>\n\n\n\n<p>Escolher os produtos certos \u00e9 vital para a efic\u00e1cia dos cuidados com os p\u00e9s. Um sabonete antibacteriano pode ajudar a prevenir infec\u00e7\u00f5es, enquanto um <strong>esfoliante<\/strong> suave remove c\u00e9lulas mortas, promovendo a renova\u00e7\u00e3o da pele. Al\u00e9m disso, um creme hidratante espec\u00edfico para os p\u00e9s \u00e9 fundamental para manter a pele nutrida.<\/p>\n\n\n\n<p>Para quem enfrenta problemas como calos ou pele endurecida, o uso de uma <strong>pedra-pomes<\/strong> pode ser ben\u00e9fico. Protetores de silicone tamb\u00e9m podem ser utilizados para aliviar a press\u00e3o em \u00e1reas sens\u00edveis, prevenindo o surgimento de calosidades. \u00c9 importante escolher produtos de qualidade e adequados ao tipo de pele de cada pessoa.<\/p>\n\n\n\n<h2 class=\"wp-block-heading\">Qual a import\u00e2ncia de consultar um pod\u00f3logo?<\/h2>\n\n\n\n<p>Visitas regulares a um <strong>pod\u00f3logo<\/strong> s\u00e3o recomendadas para a manuten\u00e7\u00e3o da sa\u00fade dos p\u00e9s. Esses profissionais s\u00e3o capacitados para identificar e tratar problemas espec\u00edficos, como <strong>unhas encravadas, verrugas plantares<\/strong> e <strong>infec\u00e7\u00f5es f\u00fangicas.<\/strong> Al\u00e9m disso, podem oferecer orienta\u00e7\u00f5es personalizadas sobre cuidados di\u00e1rios.<\/p>\n\n\n\n<p>Consultar um pod\u00f3logo \u00e9 especialmente importante para pessoas com condi\u00e7\u00f5es de sa\u00fade que afetam os p\u00e9s, como <strong>diabetes.<\/strong> O acompanhamento profissional ajuda a prevenir complica\u00e7\u00f5es e garante que os p\u00e9s recebam o cuidado necess\u00e1rio para se manterem saud\u00e1veis e funcionais.<\/p>\n\n\n\n<h2 class=\"wp-block-heading\">Pr\u00e1ticas adicionais para garantir p\u00e9s saud\u00e1veis<\/h2>\n\n\n\n<p>Al\u00e9m dos cuidados di\u00e1rios, algumas pr\u00e1ticas adicionais podem contribuir para a sa\u00fade dos p\u00e9s. Usar <strong>cal\u00e7ados adequados,<\/strong> que ofere\u00e7am suporte e conforto, \u00e9 fundamental para evitar dores e les\u00f5es. <strong>Trocar<\/strong> <strong>as meias diariamente<\/strong> e optar por materiais que permitam a respira\u00e7\u00e3o dos p\u00e9s tamb\u00e9m s\u00e3o medidas importantes.<\/p>\n\n\n\n<p>Praticar exerc\u00edcios de alongamento para os p\u00e9s e tornozelos pode melhorar a <strong>circula\u00e7\u00e3o<\/strong> e <strong>prevenir rigidez.<\/strong> Manter as unhas dos p\u00e9s cortadas e limpas evita problemas como unhas encravadas. Com essas pr\u00e1ticas, \u00e9 poss\u00edvel garantir que os p\u00e9s permane\u00e7am saud\u00e1veis e bonitos ao longo do tempo.<\/p>\n","protected":false},"excerpt":{"rendered":"<p>Os p\u00e9s s\u00e3o fundamentais para a mobilidade e o equil\u00edbrio do corpo humano, mas frequentemente n\u00e3o recebem a aten\u00e7\u00e3o necess\u00e1ria. Cuidar dos p\u00e9s n\u00e3o apenas melhora a apar\u00eancia, mas tamb\u00e9m previne uma s\u00e9rie de problemas de sa\u00fade, como infec\u00e7\u00f5es e desconfortos cr\u00f4nicos. A manuten\u00e7\u00e3o regular dos p\u00e9s \u00e9 vital para o bem-estar geral. Al\u00e9m de [&hellip;]<\/p>\n","protected":false},"author":9,"featured_media":41930,"comment_status":"open","ping_status":"open","sticky":false,"template":"","format":"standard","meta":{"jnews-multi-image_gallery":[],"jnews_single_post":{"format":"standard"},"jnews_primary_category":[],"jnews_social_meta":[],"jnews_override_counter":[],"footnotes":""},"categories":[29,1],"tags":[2616,711,7619,415],"class_list":["post-41910","post","type-post","status-publish","format-standard","has-post-thumbnail","hentry","category-entretenimento","category-noticias","tag-beleza","tag-bem-estar","tag-pes","tag-saude"],"yoast_head":"<!-- This site is optimized with the Yoast SEO plugin v23.8 - https:\/\/yoast.com\/wordpress\/plugins\/seo\/ -->\n<title>Saiba como escolher os melhores produtos para a sa\u00fade dos seus p\u00e9s<\/title>\n<meta name=\"description\" content=\"Mantenha seus p\u00e9s saud\u00e1veis e confort\u00e1veis com cuidados simples e produtos ideais para evitar desconfortos e les\u00f5es.\" \/>\n<meta name=\"robots\" content=\"index, follow, max-snippet:-1, max-image-preview:large, max-video-preview:-1\" \/>\n<link rel=\"canonical\" href=\"https:\/\/www.em.com.br\/emfoco\/2025\/04\/27\/saiba-como-escolher-os-melhores-produtos-para-a-saude-dos-seus-pes\/\" \/>\n<meta property=\"og:locale\" content=\"pt_BR\" \/>\n<meta property=\"og:type\" content=\"article\" \/>\n<meta property=\"og:title\" content=\"Saiba como escolher os melhores produtos para a sa\u00fade dos seus p\u00e9s\" \/>\n<meta property=\"og:description\" content=\"Mantenha seus p\u00e9s saud\u00e1veis e confort\u00e1veis com cuidados simples e produtos ideais para evitar desconfortos e les\u00f5es.\" \/>\n<meta property=\"og:url\" content=\"https:\/\/www.em.com.br\/emfoco\/2025\/04\/27\/saiba-como-escolher-os-melhores-produtos-para-a-saude-dos-seus-pes\/\" \/>\n<meta property=\"og:site_name\" content=\"Estado de Minas - Em foco\" \/>\n<meta property=\"article:published_time\" content=\"2025-04-27T18:00:08+00:00\" \/>\n<meta property=\"article:modified_time\" content=\"2025-04-26T17:38:49+00:00\" \/>\n<meta property=\"og:image\" content=\"https:\/\/www.em.com.br\/emfoco\/wp-content\/uploads\/2025\/04\/Pes_1745672541393.jpg\" \/>\n\t<meta property=\"og:image:width\" content=\"1280\" \/>\n\t<meta property=\"og:image:height\" content=\"720\" \/>\n\t<meta property=\"og:image:type\" content=\"image\/jpeg\" \/>\n<meta name=\"author\" content=\"Daniely Cardoso\" \/>\n<meta name=\"twitter:card\" content=\"summary_large_image\" \/>\n<meta name=\"twitter:label1\" content=\"Escrito por\" \/>\n\t<meta name=\"twitter:data1\" content=\"Daniely Cardoso\" \/>\n\t<meta name=\"twitter:label2\" content=\"Est. tempo de leitura\" \/>\n\t<meta name=\"twitter:data2\" content=\"4 minutos\" \/>\n<!-- \/ Yoast SEO plugin. -->","yoast_head_json":{"title":"Saiba como escolher os melhores produtos para a sa\u00fade dos seus p\u00e9s","description":"Mantenha seus p\u00e9s saud\u00e1veis e confort\u00e1veis com cuidados simples e produtos ideais para evitar desconfortos e les\u00f5es.","robots":{"index":"index","follow":"follow","max-snippet":"max-snippet:-1","max-image-preview":"max-image-preview:large","max-video-preview":"max-video-preview:-1"},"canonical":"https:\/\/www.em.com.br\/emfoco\/2025\/04\/27\/saiba-como-escolher-os-melhores-produtos-para-a-saude-dos-seus-pes\/","og_locale":"pt_BR","og_type":"article","og_title":"Saiba como escolher os melhores produtos para a sa\u00fade dos seus p\u00e9s","og_description":"Mantenha seus p\u00e9s saud\u00e1veis e confort\u00e1veis com cuidados simples e produtos ideais para evitar desconfortos e les\u00f5es.","og_url":"https:\/\/www.em.com.br\/emfoco\/2025\/04\/27\/saiba-como-escolher-os-melhores-produtos-para-a-saude-dos-seus-pes\/","og_site_name":"Estado de Minas - Em foco","article_published_time":"2025-04-27T18:00:08+00:00","article_modified_time":"2025-04-26T17:38:49+00:00","og_image":[{"width":1280,"height":720,"url":"https:\/\/www.em.com.br\/emfoco\/wp-content\/uploads\/2025\/04\/Pes_1745672541393.jpg","type":"image\/jpeg"}],"author":"Daniely Cardoso","twitter_card":"summary_large_image","twitter_misc":{"Escrito por":"Daniely Cardoso","Est. tempo de leitura":"4 minutos"},"schema":{"@context":"https:\/\/schema.org","@graph":[{"@type":"WebPage","@id":"https:\/\/www.em.com.br\/emfoco\/2025\/04\/27\/saiba-como-escolher-os-melhores-produtos-para-a-saude-dos-seus-pes\/","url":"https:\/\/www.em.com.br\/emfoco\/2025\/04\/27\/saiba-como-escolher-os-melhores-produtos-para-a-saude-dos-seus-pes\/","name":"Saiba como escolher os melhores produtos para a sa\u00fade dos seus p\u00e9s","isPartOf":{"@id":"https:\/\/www.em.com.br\/emfoco\/#website"},"primaryImageOfPage":{"@id":"https:\/\/www.em.com.br\/emfoco\/2025\/04\/27\/saiba-como-escolher-os-melhores-produtos-para-a-saude-dos-seus-pes\/#primaryimage"},"image":{"@id":"https:\/\/www.em.com.br\/emfoco\/2025\/04\/27\/saiba-como-escolher-os-melhores-produtos-para-a-saude-dos-seus-pes\/#primaryimage"},"thumbnailUrl":"https:\/\/www.em.com.br\/emfoco\/wp-content\/uploads\/2025\/04\/Pes_1745672541393.jpg","datePublished":"2025-04-27T18:00:08+00:00","dateModified":"2025-04-26T17:38:49+00:00","author":{"@id":"https:\/\/www.em.com.br\/emfoco\/#\/schema\/person\/0a8186d72f2c3a5c6276d90b41f271a0"},"description":"Mantenha seus p\u00e9s saud\u00e1veis e confort\u00e1veis com cuidados simples e produtos ideais para evitar desconfortos e les\u00f5es.","breadcrumb":{"@id":"https:\/\/www.em.com.br\/emfoco\/2025\/04\/27\/saiba-como-escolher-os-melhores-produtos-para-a-saude-dos-seus-pes\/#breadcrumb"},"inLanguage":"pt-BR","potentialAction":[{"@type":"ReadAction","target":["https:\/\/www.em.com.br\/emfoco\/2025\/04\/27\/saiba-como-escolher-os-melhores-produtos-para-a-saude-dos-seus-pes\/"]}]},{"@type":"ImageObject","inLanguage":"pt-BR","@id":"https:\/\/www.em.com.br\/emfoco\/2025\/04\/27\/saiba-como-escolher-os-melhores-produtos-para-a-saude-dos-seus-pes\/#primaryimage","url":"https:\/\/www.em.com.br\/emfoco\/wp-content\/uploads\/2025\/04\/Pes_1745672541393.jpg","contentUrl":"https:\/\/www.em.com.br\/emfoco\/wp-content\/uploads\/2025\/04\/Pes_1745672541393.jpg","width":1280,"height":720,"caption":"P\u00e9s - Cr\u00e9ditos: depositphotos.com \/ AllaSerebrina"},{"@type":"BreadcrumbList","@id":"https:\/\/www.em.com.br\/emfoco\/2025\/04\/27\/saiba-como-escolher-os-melhores-produtos-para-a-saude-dos-seus-pes\/#breadcrumb","itemListElement":[{"@type":"ListItem","position":1,"name":"In\u00edcio","item":"https:\/\/www.em.com.br\/emfoco\/"},{"@type":"ListItem","position":2,"name":"Saiba como escolher os melhores produtos para a sa\u00fade dos seus p\u00e9s"}]},{"@type":"WebSite","@id":"https:\/\/www.em.com.br\/emfoco\/#website","url":"https:\/\/www.em.com.br\/emfoco\/","name":"Estado de Minas - Em foco","description":"Acompanhe as \u00faltimas not\u00edcias e fique bem informado sobre tudo o que acontece em Minas Gerais, Brasil e no mundo.","potentialAction":[{"@type":"SearchAction","target":{"@type":"EntryPoint","urlTemplate":"https:\/\/www.em.com.br\/emfoco\/?s={search_term_string}"},"query-input":{"@type":"PropertyValueSpecification","valueRequired":true,"valueName":"search_term_string"}}],"inLanguage":"pt-BR"},{"@type":"Person","@id":"https:\/\/www.em.com.br\/emfoco\/#\/schema\/person\/0a8186d72f2c3a5c6276d90b41f271a0","name":"Daniely Cardoso","image":{"@type":"ImageObject","inLanguage":"pt-BR","@id":"https:\/\/www.em.com.br\/emfoco\/#\/schema\/person\/image\/","url":"https:\/\/secure.gravatar.com\/avatar\/4b80ddbd124d1f071b626d52d62e5dff?s=96&d=mm&r=g","contentUrl":"https:\/\/secure.gravatar.com\/avatar\/4b80ddbd124d1f071b626d52d62e5dff?s=96&d=mm&r=g","caption":"Daniely Cardoso"},"url":"https:\/\/www.em.com.br\/emfoco\/author\/danielymyth\/"}]}},"_links":{"self":[{"href":"https:\/\/www.em.com.br\/emfoco\/wp-json\/wp\/v2\/posts\/41910","targetHints":{"allow":["GET"]}}],"collection":[{"href":"https:\/\/www.em.com.br\/emfoco\/wp-json\/wp\/v2\/posts"}],"about":[{"href":"https:\/\/www.em.com.br\/emfoco\/wp-json\/wp\/v2\/types\/post"}],"author":[{"embeddable":true,"href":"https:\/\/www.em.com.br\/emfoco\/wp-json\/wp\/v2\/users\/9"}],"replies":[{"embeddable":true,"href":"https:\/\/www.em.com.br\/emfoco\/wp-json\/wp\/v2\/comments?post=41910"}],"version-history":[{"count":3,"href":"https:\/\/www.em.com.br\/emfoco\/wp-json\/wp\/v2\/posts\/41910\/revisions"}],"predecessor-version":[{"id":41937,"href":"https:\/\/www.em.com.br\/emfoco\/wp-json\/wp\/v2\/posts\/41910\/revisions\/41937"}],"wp:featuredmedia":[{"embeddable":true,"href":"https:\/\/www.em.com.br\/emfoco\/wp-json\/wp\/v2\/media\/41930"}],"wp:attachment":[{"href":"https:\/\/www.em.com.br\/emfoco\/wp-json\/wp\/v2\/media?parent=41910"}],"wp:term":[{"taxonomy":"category","embeddable":true,"href":"https:\/\/www.em.com.br\/emfoco\/wp-json\/wp\/v2\/categories?post=41910"},{"taxonomy":"post_tag","embeddable":true,"href":"https:\/\/www.em.com.br\/emfoco\/wp-json\/wp\/v2\/tags?post=41910"}],"curies":[{"name":"wp","href":"https:\/\/api.w.org\/{rel}","templated":true}]}}