{"id":41843,"date":"2025-04-27T08:40:00","date_gmt":"2025-04-27T11:40:00","guid":{"rendered":"https:\/\/www.em.com.br\/emfoco\/?p=41843"},"modified":"2025-04-25T21:46:35","modified_gmt":"2025-04-26T00:46:35","slug":"recebe-o-bpc-saiba-como-manter-o-beneficio-ativo-em-2025-com-a-atualizacao-do-cadunico","status":"publish","type":"post","link":"https:\/\/www.em.com.br\/emfoco\/2025\/04\/27\/recebe-o-bpc-saiba-como-manter-o-beneficio-ativo-em-2025-com-a-atualizacao-do-cadunico\/","title":{"rendered":"Recebe o BPC? Saiba como manter o benef\u00edcio ativo em 2025 com a atualiza\u00e7\u00e3o do Cad\u00danico"},"content":{"rendered":"\n<p>O Benef\u00edcio de Presta\u00e7\u00e3o Continuada (<a href=\"https:\/\/assistencialismonoticias.com.br\/2025\/04\/14\/bpc-2025-pagamento-pode-ser-interrompido-entenda-a-situacao\/#google_vignette\" target=\"_blank\" rel=\"noreferrer noopener\">BPC<\/a>) \u00e9 uma assist\u00eancia financeira destinada a idosos com 65 anos ou mais e a pessoas com defici\u00eancia que enfrentam dificuldades para manter sua autonomia no dia a dia. Este benef\u00edcio \u00e9 essencial para aqueles que vivem em condi\u00e7\u00f5es de baixa renda, atualmente definida como menos de R$ 353 por pessoa na fam\u00edlia. O BPC n\u00e3o exige que o benefici\u00e1rio tenha contribu\u00eddo para o INSS, pois seu objetivo \u00e9 assegurar um m\u00ednimo de dignidade para quem enfrenta limita\u00e7\u00f5es f\u00edsicas ou sociais. Em 2025, o valor mensal do BPC \u00e9 equivalente ao sal\u00e1rio m\u00ednimo, fixado em R$ 1.412, mas n\u00e3o inclui o 13\u00ba sal\u00e1rio nem se transforma em pens\u00e3o em caso de falecimento.<\/p>\n\n\n\n<h2 class=\"wp-block-heading\">Por que o INSS est\u00e1 revisando os dados dos benefici\u00e1rios do BPC?<\/h2>\n\n\n\n<p>A revis\u00e3o dos dados dos benefici\u00e1rios do BPC pelo <a href=\"https:\/\/www.em.com.br\/emfoco\/2025\/04\/25\/13o-do-inss-ja-esta-sendo-pago-confira-se-voce-esta-na-lista-e-as-datas-de-pagamento\/\" target=\"_blank\" rel=\"noreferrer noopener\">INSS <\/a>visa garantir que as informa\u00e7\u00f5es estejam atualizadas e que os benefici\u00e1rios ainda atendam aos crit\u00e9rios do programa. Essa medida \u00e9 motivada pelo cruzamento de dados, que busca confirmar a veracidade das informa\u00e7\u00f5es fornecidas. Tr\u00eas aspectos principais s\u00e3o analisados: a renda familiar, que pode ser afetada por mudan\u00e7as como a entrada de um novo trabalhador na fam\u00edlia; a atualiza\u00e7\u00e3o do Cad\u00danico, que, se desatualizado, pode levantar suspeitas; e os laudos m\u00e9dicos, que devem estar atualizados para comprovar a condi\u00e7\u00e3o de defici\u00eancia.<\/p>\n\n\n\n<h2 class=\"wp-block-heading\">Como saber se foi convocado para a revis\u00e3o do BPC?<\/h2>\n\n\n\n<p>Os benefici\u00e1rios do BPC podem ser convocados para a revis\u00e3o de dados de diversas maneiras. As notifica\u00e7\u00f5es podem ser enviadas pelo aplicativo Meu INSS, por carta dos Correios ou por liga\u00e7\u00e3o do n\u00famero 135. Ao receber qualquer aviso, \u00e9 crucial atualizar as informa\u00e7\u00f5es o mais r\u00e1pido poss\u00edvel, pois a falta de resposta pode resultar na suspens\u00e3o tempor\u00e1ria e, eventualmente, no cancelamento do benef\u00edcio.<\/p>\n\n\n\n<h2 class=\"wp-block-heading\">Quais documentos s\u00e3o necess\u00e1rios para a atualiza\u00e7\u00e3o do BPC?<\/h2>\n\n\n\n<p>Para atualizar os dados do BPC, \u00e9 importante ter em m\u00e3os os documentos necess\u00e1rios. Para os benefici\u00e1rios, s\u00e3o exigidos RG ou CNH, CPF, comprovante de resid\u00eancia e certid\u00e3o de nascimento ou casamento, se aplic\u00e1vel. Em rela\u00e7\u00e3o aos familiares, \u00e9 necess\u00e1rio apresentar documentos de todos os que residem na mesma casa e comprovantes de renda, como contracheques ou extratos banc\u00e1rios. Para pessoas com defici\u00eancia, \u00e9 imprescind\u00edvel ter um laudo m\u00e9dico atualizado, exames que comprovem a limita\u00e7\u00e3o e informa\u00e7\u00f5es sobre tratamentos e acompanhamentos.<\/p>\n\n\n\n<h2 class=\"wp-block-heading\">Onde realizar a atualiza\u00e7\u00e3o dos dados do BPC?<\/h2>\n\n\n\n<figure class=\"wp-block-image size-large\"><img loading=\"lazy\" decoding=\"async\" width=\"1024\" height=\"576\" src=\"https:\/\/www.em.com.br\/emfoco\/wp-content\/uploads\/2025\/04\/inss_1745628229921-1024x576.jpg\" alt=\"Recebe o BPC? Saiba como manter o benef\u00edcio ativo em 2025 com a atualiza\u00e7\u00e3o do Cad\u00danico\" class=\"wp-image-41846\" srcset=\"https:\/\/www.em.com.br\/emfoco\/wp-content\/uploads\/2025\/04\/inss_1745628229921-1024x576.jpg 1024w, https:\/\/www.em.com.br\/emfoco\/wp-content\/uploads\/2025\/04\/inss_1745628229921-300x169.jpg 300w, https:\/\/www.em.com.br\/emfoco\/wp-content\/uploads\/2025\/04\/inss_1745628229921-768x432.jpg 768w, https:\/\/www.em.com.br\/emfoco\/wp-content\/uploads\/2025\/04\/inss_1745628229921-750x422.jpg 750w, https:\/\/www.em.com.br\/emfoco\/wp-content\/uploads\/2025\/04\/inss_1745628229921-1140x641.jpg 1140w, https:\/\/www.em.com.br\/emfoco\/wp-content\/uploads\/2025\/04\/inss_1745628229921.jpg 1280w\" sizes=\"auto, (max-width: 1024px) 100vw, 1024px\" \/><figcaption class=\"wp-element-caption\">Aplicativo INSS-Cr\u00e9ditos: depositphotos.com \/ rafapress<\/figcaption><\/figure>\n\n\n\n<p>A atualiza\u00e7\u00e3o dos dados do BPC pode ser feita de forma pr\u00e1tica e acess\u00edvel. Existem tr\u00eas op\u00e7\u00f5es principais: o aplicativo Meu INSS, que \u00e9 r\u00e1pido e conveniente para quem j\u00e1 o utiliza; as ag\u00eancias do INSS, que requerem agendamento para atendimento presencial; e as ag\u00eancias dos Correios, uma alternativa para locais onde o acesso ao INSS \u00e9 mais restrito. N\u00e3o deixar para depois \u00e9 fundamental, pois uma pend\u00eancia simples pode resultar na perda do benef\u00edcio.<\/p>\n\n\n\n<h2 class=\"wp-block-heading\">O que fazer se o pagamento do BPC for interrompido?<\/h2>\n\n\n\n<p>Se o pagamento do BPC for interrompido, ainda \u00e9 poss\u00edvel recuper\u00e1-lo. O benefici\u00e1rio deve corrigir as informa\u00e7\u00f5es pendentes o mais r\u00e1pido poss\u00edvel, apresentar os documentos necess\u00e1rios e aguardar uma nova an\u00e1lise. Se tudo estiver correto, o benef\u00edcio pode ser reativado. \u00c9 essencial acompanhar os canais oficiais, como o aplicativo Meu INSS, o site do INSS e a Central 135, para n\u00e3o perder nenhum aviso importante.<\/p>\n\n\n\n<h2 class=\"wp-block-heading\">Como se preparar para n\u00e3o ser pego de surpresa em 2025?<\/h2>\n\n\n\n<p>Para evitar surpresas em 2025, \u00e9 aconselh\u00e1vel manter o Cad\u00danico atualizado a cada dois anos ou sempre que houver mudan\u00e7as na composi\u00e7\u00e3o familiar, renda ou endere\u00e7o. Responder prontamente a qualquer comunica\u00e7\u00e3o do INSS e manter os documentos organizados tamb\u00e9m s\u00e3o pr\u00e1ticas recomendadas. Se o aplicativo n\u00e3o for uma op\u00e7\u00e3o vi\u00e1vel, agendar atendimento presencial pode ser uma alternativa eficaz. Manter os dados em dia reduz significativamente o risco de cortes ou atrasos no benef\u00edcio, garantindo que aqueles que realmente precisam continuem sendo atendidos.<\/p>\n","protected":false},"excerpt":{"rendered":"<p>O Benef\u00edcio de Presta\u00e7\u00e3o Continuada (BPC) \u00e9 uma assist\u00eancia financeira destinada a idosos com 65 anos ou mais e a pessoas com defici\u00eancia que enfrentam dificuldades para manter sua autonomia no dia a dia. Este benef\u00edcio \u00e9 essencial para aqueles que vivem em condi\u00e7\u00f5es de baixa renda, atualmente definida como menos de R$ 353 por [&hellip;]<\/p>\n","protected":false},"author":12,"featured_media":41845,"comment_status":"open","ping_status":"open","sticky":false,"template":"","format":"standard","meta":{"jnews-multi-image_gallery":[],"jnews_single_post":{"format":"standard"},"jnews_primary_category":[],"jnews_social_meta":[],"jnews_override_counter":[],"footnotes":""},"categories":[28,1],"tags":[257,260,174,1516],"class_list":["post-41843","post","type-post","status-publish","format-standard","has-post-thumbnail","hentry","category-economia","category-noticias","tag-bpc","tag-idosos","tag-inss","tag-pessoas-com-deficiencia"],"yoast_head":"<!-- This site is optimized with the Yoast SEO plugin v23.8 - https:\/\/yoast.com\/wordpress\/plugins\/seo\/ -->\n<title>Recebe o BPC? Saiba como manter o benef\u00edcio ativo em 2025 com a atualiza\u00e7\u00e3o do Cad\u00danico - Estado de Minas - Em foco<\/title>\n<meta name=\"description\" content=\"Atualiza\u00e7\u00e3o do BPC em 2025 \u00e9 essencial para continuar recebendo o benef\u00edcio. Entenda o processo, os riscos e como regularizar sua situa\u00e7\u00e3o.\" \/>\n<meta name=\"robots\" content=\"index, follow, max-snippet:-1, max-image-preview:large, max-video-preview:-1\" \/>\n<link rel=\"canonical\" href=\"https:\/\/www.em.com.br\/emfoco\/2025\/04\/27\/recebe-o-bpc-saiba-como-manter-o-beneficio-ativo-em-2025-com-a-atualizacao-do-cadunico\/\" \/>\n<meta property=\"og:locale\" content=\"pt_BR\" \/>\n<meta property=\"og:type\" content=\"article\" \/>\n<meta property=\"og:title\" content=\"Recebe o BPC? Saiba como manter o benef\u00edcio ativo em 2025 com a atualiza\u00e7\u00e3o do Cad\u00danico - Estado de Minas - Em foco\" \/>\n<meta property=\"og:description\" content=\"Atualiza\u00e7\u00e3o do BPC em 2025 \u00e9 essencial para continuar recebendo o benef\u00edcio. Entenda o processo, os riscos e como regularizar sua situa\u00e7\u00e3o.\" \/>\n<meta property=\"og:url\" content=\"https:\/\/www.em.com.br\/emfoco\/2025\/04\/27\/recebe-o-bpc-saiba-como-manter-o-beneficio-ativo-em-2025-com-a-atualizacao-do-cadunico\/\" \/>\n<meta property=\"og:site_name\" content=\"Estado de Minas - Em foco\" \/>\n<meta property=\"article:published_time\" content=\"2025-04-27T11:40:00+00:00\" \/>\n<meta property=\"article:modified_time\" content=\"2025-04-26T00:46:35+00:00\" \/>\n<meta property=\"og:image\" content=\"https:\/\/www.em.com.br\/emfoco\/wp-content\/uploads\/2025\/04\/cadeirante_1745628082574.jpg\" \/>\n\t<meta property=\"og:image:width\" content=\"1280\" \/>\n\t<meta property=\"og:image:height\" content=\"720\" \/>\n\t<meta property=\"og:image:type\" content=\"image\/jpeg\" \/>\n<meta name=\"author\" content=\"Keren Ester\" \/>\n<meta name=\"twitter:card\" content=\"summary_large_image\" \/>\n<meta name=\"twitter:label1\" content=\"Escrito por\" \/>\n\t<meta name=\"twitter:data1\" content=\"Keren Ester\" \/>\n\t<meta name=\"twitter:label2\" content=\"Est. tempo de leitura\" \/>\n\t<meta name=\"twitter:data2\" content=\"4 minutos\" \/>\n<!-- \/ Yoast SEO plugin. -->","yoast_head_json":{"title":"Recebe o BPC? Saiba como manter o benef\u00edcio ativo em 2025 com a atualiza\u00e7\u00e3o do Cad\u00danico - Estado de Minas - Em foco","description":"Atualiza\u00e7\u00e3o do BPC em 2025 \u00e9 essencial para continuar recebendo o benef\u00edcio. Entenda o processo, os riscos e como regularizar sua situa\u00e7\u00e3o.","robots":{"index":"index","follow":"follow","max-snippet":"max-snippet:-1","max-image-preview":"max-image-preview:large","max-video-preview":"max-video-preview:-1"},"canonical":"https:\/\/www.em.com.br\/emfoco\/2025\/04\/27\/recebe-o-bpc-saiba-como-manter-o-beneficio-ativo-em-2025-com-a-atualizacao-do-cadunico\/","og_locale":"pt_BR","og_type":"article","og_title":"Recebe o BPC? Saiba como manter o benef\u00edcio ativo em 2025 com a atualiza\u00e7\u00e3o do Cad\u00danico - Estado de Minas - Em foco","og_description":"Atualiza\u00e7\u00e3o do BPC em 2025 \u00e9 essencial para continuar recebendo o benef\u00edcio. Entenda o processo, os riscos e como regularizar sua situa\u00e7\u00e3o.","og_url":"https:\/\/www.em.com.br\/emfoco\/2025\/04\/27\/recebe-o-bpc-saiba-como-manter-o-beneficio-ativo-em-2025-com-a-atualizacao-do-cadunico\/","og_site_name":"Estado de Minas - Em foco","article_published_time":"2025-04-27T11:40:00+00:00","article_modified_time":"2025-04-26T00:46:35+00:00","og_image":[{"width":1280,"height":720,"url":"https:\/\/www.em.com.br\/emfoco\/wp-content\/uploads\/2025\/04\/cadeirante_1745628082574.jpg","type":"image\/jpeg"}],"author":"Keren Ester","twitter_card":"summary_large_image","twitter_misc":{"Escrito por":"Keren Ester","Est. tempo de leitura":"4 minutos"},"schema":{"@context":"https:\/\/schema.org","@graph":[{"@type":"WebPage","@id":"https:\/\/www.em.com.br\/emfoco\/2025\/04\/27\/recebe-o-bpc-saiba-como-manter-o-beneficio-ativo-em-2025-com-a-atualizacao-do-cadunico\/","url":"https:\/\/www.em.com.br\/emfoco\/2025\/04\/27\/recebe-o-bpc-saiba-como-manter-o-beneficio-ativo-em-2025-com-a-atualizacao-do-cadunico\/","name":"Recebe o BPC? Saiba como manter o benef\u00edcio ativo em 2025 com a atualiza\u00e7\u00e3o do Cad\u00danico - Estado de Minas - Em foco","isPartOf":{"@id":"https:\/\/www.em.com.br\/emfoco\/#website"},"primaryImageOfPage":{"@id":"https:\/\/www.em.com.br\/emfoco\/2025\/04\/27\/recebe-o-bpc-saiba-como-manter-o-beneficio-ativo-em-2025-com-a-atualizacao-do-cadunico\/#primaryimage"},"image":{"@id":"https:\/\/www.em.com.br\/emfoco\/2025\/04\/27\/recebe-o-bpc-saiba-como-manter-o-beneficio-ativo-em-2025-com-a-atualizacao-do-cadunico\/#primaryimage"},"thumbnailUrl":"https:\/\/www.em.com.br\/emfoco\/wp-content\/uploads\/2025\/04\/cadeirante_1745628082574.jpg","datePublished":"2025-04-27T11:40:00+00:00","dateModified":"2025-04-26T00:46:35+00:00","author":{"@id":"https:\/\/www.em.com.br\/emfoco\/#\/schema\/person\/2e06e19826e476d778787245c8ef334d"},"description":"Atualiza\u00e7\u00e3o do BPC em 2025 \u00e9 essencial para continuar recebendo o benef\u00edcio. Entenda o processo, os riscos e como regularizar sua situa\u00e7\u00e3o.","breadcrumb":{"@id":"https:\/\/www.em.com.br\/emfoco\/2025\/04\/27\/recebe-o-bpc-saiba-como-manter-o-beneficio-ativo-em-2025-com-a-atualizacao-do-cadunico\/#breadcrumb"},"inLanguage":"pt-BR","potentialAction":[{"@type":"ReadAction","target":["https:\/\/www.em.com.br\/emfoco\/2025\/04\/27\/recebe-o-bpc-saiba-como-manter-o-beneficio-ativo-em-2025-com-a-atualizacao-do-cadunico\/"]}]},{"@type":"ImageObject","inLanguage":"pt-BR","@id":"https:\/\/www.em.com.br\/emfoco\/2025\/04\/27\/recebe-o-bpc-saiba-como-manter-o-beneficio-ativo-em-2025-com-a-atualizacao-do-cadunico\/#primaryimage","url":"https:\/\/www.em.com.br\/emfoco\/wp-content\/uploads\/2025\/04\/cadeirante_1745628082574.jpg","contentUrl":"https:\/\/www.em.com.br\/emfoco\/wp-content\/uploads\/2025\/04\/cadeirante_1745628082574.jpg","width":1280,"height":720,"caption":"Homem cadeirante mexendo no computador-Cr\u00e9ditos: depositphotos.com \/ VitalikRadko"},{"@type":"BreadcrumbList","@id":"https:\/\/www.em.com.br\/emfoco\/2025\/04\/27\/recebe-o-bpc-saiba-como-manter-o-beneficio-ativo-em-2025-com-a-atualizacao-do-cadunico\/#breadcrumb","itemListElement":[{"@type":"ListItem","position":1,"name":"In\u00edcio","item":"https:\/\/www.em.com.br\/emfoco\/"},{"@type":"ListItem","position":2,"name":"Recebe o BPC? Saiba como manter o benef\u00edcio ativo em 2025 com a atualiza\u00e7\u00e3o do Cad\u00danico"}]},{"@type":"WebSite","@id":"https:\/\/www.em.com.br\/emfoco\/#website","url":"https:\/\/www.em.com.br\/emfoco\/","name":"Estado de Minas - Em foco","description":"Acompanhe as \u00faltimas not\u00edcias e fique bem informado sobre tudo o que acontece em Minas Gerais, Brasil e no mundo.","potentialAction":[{"@type":"SearchAction","target":{"@type":"EntryPoint","urlTemplate":"https:\/\/www.em.com.br\/emfoco\/?s={search_term_string}"},"query-input":{"@type":"PropertyValueSpecification","valueRequired":true,"valueName":"search_term_string"}}],"inLanguage":"pt-BR"},{"@type":"Person","@id":"https:\/\/www.em.com.br\/emfoco\/#\/schema\/person\/2e06e19826e476d778787245c8ef334d","name":"Keren Ester","image":{"@type":"ImageObject","inLanguage":"pt-BR","@id":"https:\/\/www.em.com.br\/emfoco\/#\/schema\/person\/image\/","url":"https:\/\/secure.gravatar.com\/avatar\/b3d0f2b934f7fab59c611ea63b5cf4b1?s=96&d=mm&r=g","contentUrl":"https:\/\/secure.gravatar.com\/avatar\/b3d0f2b934f7fab59c611ea63b5cf4b1?s=96&d=mm&r=g","caption":"Keren Ester"},"url":"https:\/\/www.em.com.br\/emfoco\/author\/kerenmyth\/"}]}},"_links":{"self":[{"href":"https:\/\/www.em.com.br\/emfoco\/wp-json\/wp\/v2\/posts\/41843","targetHints":{"allow":["GET"]}}],"collection":[{"href":"https:\/\/www.em.com.br\/emfoco\/wp-json\/wp\/v2\/posts"}],"about":[{"href":"https:\/\/www.em.com.br\/emfoco\/wp-json\/wp\/v2\/types\/post"}],"author":[{"embeddable":true,"href":"https:\/\/www.em.com.br\/emfoco\/wp-json\/wp\/v2\/users\/12"}],"replies":[{"embeddable":true,"href":"https:\/\/www.em.com.br\/emfoco\/wp-json\/wp\/v2\/comments?post=41843"}],"version-history":[{"count":2,"href":"https:\/\/www.em.com.br\/emfoco\/wp-json\/wp\/v2\/posts\/41843\/revisions"}],"predecessor-version":[{"id":41847,"href":"https:\/\/www.em.com.br\/emfoco\/wp-json\/wp\/v2\/posts\/41843\/revisions\/41847"}],"wp:featuredmedia":[{"embeddable":true,"href":"https:\/\/www.em.com.br\/emfoco\/wp-json\/wp\/v2\/media\/41845"}],"wp:attachment":[{"href":"https:\/\/www.em.com.br\/emfoco\/wp-json\/wp\/v2\/media?parent=41843"}],"wp:term":[{"taxonomy":"category","embeddable":true,"href":"https:\/\/www.em.com.br\/emfoco\/wp-json\/wp\/v2\/categories?post=41843"},{"taxonomy":"post_tag","embeddable":true,"href":"https:\/\/www.em.com.br\/emfoco\/wp-json\/wp\/v2\/tags?post=41843"}],"curies":[{"name":"wp","href":"https:\/\/api.w.org\/{rel}","templated":true}]}}