{"id":41809,"date":"2025-04-27T15:20:00","date_gmt":"2025-04-27T18:20:00","guid":{"rendered":"https:\/\/www.em.com.br\/emfoco\/?p=41809"},"modified":"2025-07-01T18:51:13","modified_gmt":"2025-07-01T21:51:13","slug":"ao-vivo-na-netflix-surpresas-imperdiveis-de-maio-para-voce","status":"publish","type":"post","link":"https:\/\/www.em.com.br\/emfoco\/2025\/04\/27\/ao-vivo-na-netflix-surpresas-imperdiveis-de-maio-para-voce\/","title":{"rendered":"Ao vivo na Netflix? surpresas imperd\u00edveis de maio para voc\u00ea"},"content":{"rendered":"\n<p>O m\u00eas de maio de 2025 est\u00e1 se consolidando como um per\u00edodo excepcional para os assinantes da <strong>Netflix<\/strong>, oferecendo uma programa\u00e7\u00e3o diversificada que atende desde os f\u00e3s mais exigentes de fic\u00e7\u00e3o cient\u00edfica at\u00e9 aqueles que preferem com\u00e9dias rom\u00e2nticas cl\u00e1ssicas. A plataforma preparou um verdadeiro banquete audiovisual, combinando estreias aguardadas com o retorno de t\u00edtulos ic\u00f4nicos que marcaram gera\u00e7\u00f5es de espectadores.<\/p>\n\n\n\n<p>Al\u00e9m dos lan\u00e7amentos regulares, maio tamb\u00e9m marca a realiza\u00e7\u00e3o do <strong>Tudum 2025<\/strong>, o festival anual da <a href=\"https:\/\/www.tudocelular.com\/novos-produtos\/noticias\/n234161\/netflix-novidades-catalogo-maio-2025.html\" target=\"_blank\" rel=\"noreferrer noopener\"><strong>Netflix<\/strong> <\/a>que pela primeira vez ser\u00e1 transmitido ao vivo. Este evento promete revelar antecipa\u00e7\u00f5es exclusivas das produ\u00e7\u00f5es mais esperadas, criando uma experi\u00eancia \u00fanica para milh\u00f5es de f\u00e3s ao redor do mundo que poder\u00e3o participar em tempo real das novidades da plataforma.<\/p>\n\n\n\n<h2 class=\"wp-block-heading\">Quais s\u00e3o as s\u00e9ries que chegam \u00e0 Netflix em maio de 2025?<\/h2>\n\n\n\n<figure class=\"wp-block-embed is-type-video is-provider-youtube wp-block-embed-youtube wp-embed-aspect-16-9 wp-has-aspect-ratio\"><div class=\"wp-block-embed__wrapper\">\n<div class=\"jeg_video_container jeg_video_content\"><iframe loading=\"lazy\" title=\"O Jogo do Diabo | Trailer da temporada 01 | Dublado (Brasil) [HD]\" width=\"500\" height=\"281\" src=\"https:\/\/www.youtube.com\/embed\/RyaTI6VKDLU?feature=oembed\" frameborder=\"0\" allow=\"accelerometer; autoplay; clipboard-write; encrypted-media; gyroscope; picture-in-picture; web-share\" referrerpolicy=\"strict-origin-when-cross-origin\" allowfullscreen><\/iframe><\/div>\n<\/div><\/figure>\n\n\n\n<p>O cat\u00e1logo de s\u00e9ries da Netflix em maio de 2025 est\u00e1 repleto de novidades. Entre os lan\u00e7amentos, destaca-se a segunda temporada de O Jogo do Diabo, que chega no dia 6 de maio, prometendo continuar a hist\u00f3ria intrigante que conquistou muitos f\u00e3s. Outro retorno aguardado \u00e9 NASCAR: Velocidade M\u00e1xima, tamb\u00e9m em sua segunda temporada, dispon\u00edvel a partir de 7 de maio.<\/p>\n\n\n\n<figure class=\"wp-block-embed is-type-video is-provider-youtube wp-block-embed-youtube wp-embed-aspect-16-9 wp-has-aspect-ratio\"><div class=\"wp-block-embed__wrapper\">\n<div class=\"jeg_video_container jeg_video_content\"><iframe loading=\"lazy\" title=\"Love, Death &amp; Robots: Volume 4 | Trailer oficial | Netflix\" width=\"500\" height=\"281\" src=\"https:\/\/www.youtube.com\/embed\/-15EJ7JsL5o?feature=oembed\" frameborder=\"0\" allow=\"accelerometer; autoplay; clipboard-write; encrypted-media; gyroscope; picture-in-picture; web-share\" referrerpolicy=\"strict-origin-when-cross-origin\" allowfullscreen><\/iframe><\/div>\n<\/div><\/figure>\n\n\n\n<p>Para os amantes de anima\u00e7\u00e3o, o Volume 4 de Love,<strong> Death &amp; Robots<\/strong> estreia em 15 de maio, trazendo mais epis\u00f3dios inovadores e visualmente impressionantes. J\u00e1 <strong>Big Mouth<\/strong>, uma das s\u00e9ries de anima\u00e7\u00e3o mais populares da plataforma, retorna com sua oitava temporada no dia 23 de maio.<\/p>\n\n\n\n<h2 class=\"wp-block-heading\">Quais filmes cl\u00e1ssicos e novos estar\u00e3o dispon\u00edveis?<\/h2>\n\n\n\n<figure class=\"wp-block-embed is-type-video is-provider-youtube wp-block-embed-youtube wp-embed-aspect-16-9 wp-has-aspect-ratio\"><div class=\"wp-block-embed__wrapper\">\n<div class=\"jeg_video_container jeg_video_content\"><iframe loading=\"lazy\" title=\"Como se Fosse a Primeira vez 2004 Trailer Oficial Legendado\" width=\"500\" height=\"281\" src=\"https:\/\/www.youtube.com\/embed\/_bN1VGD0v-8?feature=oembed\" frameborder=\"0\" allow=\"accelerometer; autoplay; clipboard-write; encrypted-media; gyroscope; picture-in-picture; web-share\" referrerpolicy=\"strict-origin-when-cross-origin\" allowfullscreen><\/iframe><\/div>\n<\/div><\/figure>\n\n\n\n<p>Maio tamb\u00e9m marca a chegada de diversos filmes ao cat\u00e1logo da Netflix. Cl\u00e1ssicos como Meninas Malvadas, Zumbil\u00e2ndia e Como se Fosse a Primeira Vez estar\u00e3o dispon\u00edveis a partir de 1\u00ba de maio. Al\u00e9m disso, o p\u00fablico poder\u00e1 revisitar Hitch \u2013 Conselheiro Amoroso e O Patriota, ambos adicionados no mesmo dia.<\/p>\n\n\n\n<figure class=\"wp-block-embed is-type-video is-provider-youtube wp-block-embed-youtube wp-embed-aspect-16-9 wp-has-aspect-ratio\"><div class=\"wp-block-embed__wrapper\">\n<div class=\"jeg_video_container jeg_video_content\"><iframe loading=\"lazy\" title=\"Ruby Marinho - Monstro Adolescente | Trailer Oficial (Universal Studios) - HD\" width=\"500\" height=\"281\" src=\"https:\/\/www.youtube.com\/embed\/UzdhWvK1fpc?feature=oembed\" frameborder=\"0\" allow=\"accelerometer; autoplay; clipboard-write; encrypted-media; gyroscope; picture-in-picture; web-share\" referrerpolicy=\"strict-origin-when-cross-origin\" allowfullscreen><\/iframe><\/div>\n<\/div><\/figure>\n\n\n\n<p>Entre os lan\u00e7amentos mais recentes, destaca-se Ruby Marinho \u2013 Monstro Adolescente, que estreia em 15 de maio, e The Blackening: Jogo Mortal, dispon\u00edvel a partir de 16 de maio. Para os f\u00e3s de suspense, Rua do Medo: Rainha do Baile chega no dia 23 de maio, prometendo muita tens\u00e3o e mist\u00e9rio.<\/p>\n\n\n\n<h2 class=\"wp-block-heading\">O que esperar do Tudum 2025?<\/h2>\n\n\n\n<p>O Tudum 2025, programado para 31 de maio, \u00e9 um dos eventos mais aguardados pelos assinantes da Netflix. Este festival anual oferece uma pr\u00e9via exclusiva dos pr\u00f3ximos <a href=\"https:\/\/www.em.com.br\/emfoco\/2025\/04\/24\/voce-precisa-assistir-esses-lancamentos-da-netflix-antes-de-abril-acabar\/\" target=\"_blank\" rel=\"noreferrer noopener\">lan\u00e7amentos <\/a>da plataforma, al\u00e9m de entrevistas com criadores e estrelas das produ\u00e7\u00f5es. Pela primeira vez, o evento ser\u00e1 transmitido ao vivo, permitindo que os f\u00e3s de todo o mundo participem em tempo real.<\/p>\n\n\n\n<p>O Tudum \u00e9 uma oportunidade \u00fanica para os espectadores conhecerem mais sobre suas s\u00e9ries e filmes favoritos, al\u00e9m de descobrir novas produ\u00e7\u00f5es que estar\u00e3o dispon\u00edveis nos pr\u00f3ximos meses. A expectativa \u00e9 que o evento traga an\u00fancios surpreendentes e revela\u00e7\u00f5es exclusivas.<\/p>\n\n\n\n<h2 class=\"wp-block-heading\">Document\u00e1rios, especiais e conte\u00fado infantil<\/h2>\n\n\n\n<figure class=\"wp-block-embed is-type-video is-provider-youtube wp-block-embed-youtube wp-embed-aspect-16-9 wp-has-aspect-ratio\"><div class=\"wp-block-embed__wrapper\">\n<div class=\"jeg_video_container jeg_video_content\"><iframe loading=\"lazy\" title=\"Karol G: Ma\u00f1ana fue muy bonito | Tr\u00e1iler oficial | Netflix\" width=\"500\" height=\"281\" src=\"https:\/\/www.youtube.com\/embed\/TsxI1kxaN5c?feature=oembed\" frameborder=\"0\" allow=\"accelerometer; autoplay; clipboard-write; encrypted-media; gyroscope; picture-in-picture; web-share\" referrerpolicy=\"strict-origin-when-cross-origin\" allowfullscreen><\/iframe><\/div>\n<\/div><\/figure>\n\n\n\n<p>Al\u00e9m de s\u00e9ries e filmes, a Netflix tamb\u00e9m lan\u00e7a document\u00e1rios e especiais em maio de 2025. <strong>Baila, Vini<\/strong>, dispon\u00edvel a partir de 15 de maio, \u00e9 um document\u00e1rio que promete emocionar o p\u00fablico com sua narrativa envolvente. Outro destaque \u00e9 <strong>Karol G<\/strong>: Ma\u00f1ana Fue Muy Bonito, que estreia em 8 de maio, oferecendo uma vis\u00e3o \u00edntima da vida e carreira da artista.<\/p>\n\n\n\n<figure class=\"wp-block-embed is-type-video is-provider-youtube wp-block-embed-youtube wp-embed-aspect-16-9 wp-has-aspect-ratio\"><div class=\"wp-block-embed__wrapper\">\n<div class=\"jeg_video_container jeg_video_content\"><iframe loading=\"lazy\" title=\"It Takes Two (1995) Official Trailer - Mary-Kate Olsen, Ashley Olsen Movie HD\" width=\"500\" height=\"281\" src=\"https:\/\/www.youtube.com\/embed\/yh1OH4NnLWQ?feature=oembed\" frameborder=\"0\" allow=\"accelerometer; autoplay; clipboard-write; encrypted-media; gyroscope; picture-in-picture; web-share\" referrerpolicy=\"strict-origin-when-cross-origin\" allowfullscreen><\/iframe><\/div>\n<\/div><\/figure>\n\n\n\n<p>Para o p\u00fablico infantil, a plataforma adiciona t\u00edtulos como As Namoradas do Papai e O Caminho Para El Dorado, ambos dispon\u00edveis a partir de 1\u00ba de maio. Estas adi\u00e7\u00f5es garantem entretenimento para toda a fam\u00edlia, com hist\u00f3rias divertidas e educativas.<\/p>\n\n\n\n<h2 class=\"wp-block-heading\">Experi\u00eancias interativas e novas tecnologias<\/h2>\n\n\n\n<figure class=\"wp-block-embed is-type-video is-provider-youtube wp-block-embed-youtube wp-embed-aspect-16-9 wp-has-aspect-ratio\"><div class=\"wp-block-embed__wrapper\">\n<div class=\"jeg_video_container jeg_video_content\"><iframe loading=\"lazy\" title=\"Gato de Botas 2: O \u00daltimo Pedido | Trailer 3 Oficial\" width=\"500\" height=\"281\" src=\"https:\/\/www.youtube.com\/embed\/sLk94T-hS78?feature=oembed\" frameborder=\"0\" allow=\"accelerometer; autoplay; clipboard-write; encrypted-media; gyroscope; picture-in-picture; web-share\" referrerpolicy=\"strict-origin-when-cross-origin\" allowfullscreen><\/iframe><\/div>\n<\/div><\/figure>\n\n\n\n<p>Maio de 2025 tamb\u00e9m \u00e9 marcado pelo lan\u00e7amento de Gato de Botas 2: O \u00daltimo Pedido na Netflix. A estreia, prevista para 20 de maio, traz uma nova aventura do carism\u00e1tico Gato de Botas, que parte em uma jornada \u00e9pica para recuperar suas vidas perdidas. O filme promete encantar f\u00e3s de todas as idades com sua narrativa envolvente e personagens cativantes, adicionando um toque especial \u00e0 programa\u00e7\u00e3o do m\u00eas.<\/p>\n\n\n\n<p>Al\u00e9m disso, a plataforma continua a explorar novas tecnologias, introduzindo recursos avan\u00e7ados de realidade aumentada (RA) em alguns de seus lan\u00e7amentos. T\u00edtulos selecionados em maio incluir\u00e3o conte\u00fado em RA acess\u00edvel atrav\u00e9s de dispositivos m\u00f3veis, enriquecendo a experi\u00eancia do usu\u00e1rio e trazendo novas dimens\u00f5es \u00e0s hist\u00f3rias.<\/p>\n\n\n\n<h2 class=\"wp-block-heading\">Qual o impacto das inova\u00e7\u00f5es tecnol\u00f3gicas em maio?<\/h2>\n\n\n\n<p>Maio de 2025 tamb\u00e9m representa um momento de inova\u00e7\u00e3o tecnol\u00f3gica para a <strong>Netflix<\/strong>, que continua explorando novas fronteiras na experi\u00eancia do usu\u00e1rio. A plataforma est\u00e1 introduzindo recursos avan\u00e7ados de realidade aumentada em t\u00edtulos selecionados, permitindo que espectadores acessem conte\u00fado complementar atrav\u00e9s de dispositivos m\u00f3veis.<\/p>\n\n\n\n<p>Esta implementa\u00e7\u00e3o de <strong>RA<\/strong> (Realidade Aumentada) enriquece significativamente a experi\u00eancia de visualiza\u00e7\u00e3o, trazendo novas dimens\u00f5es \u00e0s hist\u00f3rias e criando formas in\u00e9ditas de intera\u00e7\u00e3o entre p\u00fablico e conte\u00fado. A tecnologia est\u00e1 sendo testada em produ\u00e7\u00f5es espec\u00edficas, com planos de expans\u00e3o baseados no feedback dos usu\u00e1rios.<\/p>\n\n\n\n<p>A iniciativa representa um passo importante na evolu\u00e7\u00e3o do streaming, posicionando a <strong>Netflix<\/strong> na vanguarda da inova\u00e7\u00e3o tecnol\u00f3gica no entretenimento. As funcionalidades de <strong>RA<\/strong> prometem transformar a forma como as audi\u00eancias se relacionam com filmes e s\u00e9ries, criando experi\u00eancias mais imersivas e participativas que transcendem os limites tradicionais da tela.<\/p>\n","protected":false},"excerpt":{"rendered":"<p>O m\u00eas de maio de 2025 est\u00e1 se consolidando como um per\u00edodo excepcional para os assinantes da Netflix, oferecendo uma programa\u00e7\u00e3o diversificada que atende desde os f\u00e3s mais exigentes de fic\u00e7\u00e3o cient\u00edfica at\u00e9 aqueles que preferem com\u00e9dias rom\u00e2nticas cl\u00e1ssicas. A plataforma preparou um verdadeiro banquete audiovisual, combinando estreias aguardadas com o retorno de t\u00edtulos ic\u00f4nicos [&hellip;]<\/p>\n","protected":false},"author":12,"featured_media":41812,"comment_status":"open","ping_status":"open","sticky":false,"template":"","format":"standard","meta":{"jnews-multi-image_gallery":[],"jnews_single_post":{"format":"standard"},"jnews_primary_category":[],"jnews_social_meta":[],"jnews_override_counter":[],"footnotes":""},"categories":[137,136],"tags":[1117,7084,7988,1250],"class_list":["post-41809","post","type-post","status-publish","format-standard","has-post-thumbnail","hentry","category-filmes","category-series","tag-lancamentos","tag-maio","tag-series-e-filmes","tag-suspense"],"yoast_head":"<!-- This site is optimized with the Yoast SEO plugin v23.8 - https:\/\/yoast.com\/wordpress\/plugins\/seo\/ -->\n<title>Ao vivo na Netflix? surpresas imperd\u00edveis de maio para voc\u00ea - Estado de Minas - Em foco<\/title>\n<meta name=\"description\" content=\"Os lan\u00e7amentos de maio na Netflix v\u00e3o te surpreender! Grandes filmes, s\u00e9ries e o Tudum 2025 ao vivo, com novidades emocionantes. N\u00e3o perca!\" \/>\n<meta name=\"robots\" content=\"index, follow, max-snippet:-1, max-image-preview:large, max-video-preview:-1\" \/>\n<link rel=\"canonical\" href=\"https:\/\/www.em.com.br\/emfoco\/2025\/04\/27\/ao-vivo-na-netflix-surpresas-imperdiveis-de-maio-para-voce\/\" \/>\n<meta property=\"og:locale\" content=\"pt_BR\" \/>\n<meta property=\"og:type\" content=\"article\" \/>\n<meta property=\"og:title\" content=\"Ao vivo na Netflix? surpresas imperd\u00edveis de maio para voc\u00ea - Estado de Minas - Em foco\" \/>\n<meta property=\"og:description\" content=\"Os lan\u00e7amentos de maio na Netflix v\u00e3o te surpreender! Grandes filmes, s\u00e9ries e o Tudum 2025 ao vivo, com novidades emocionantes. N\u00e3o perca!\" \/>\n<meta property=\"og:url\" content=\"https:\/\/www.em.com.br\/emfoco\/2025\/04\/27\/ao-vivo-na-netflix-surpresas-imperdiveis-de-maio-para-voce\/\" \/>\n<meta property=\"og:site_name\" content=\"Estado de Minas - Em foco\" \/>\n<meta property=\"article:published_time\" content=\"2025-04-27T18:20:00+00:00\" \/>\n<meta property=\"article:modified_time\" content=\"2025-07-01T21:51:13+00:00\" \/>\n<meta property=\"og:image\" content=\"https:\/\/www.em.com.br\/emfoco\/wp-content\/uploads\/2025\/04\/NETFLIX_1745616207500.jpg\" \/>\n\t<meta property=\"og:image:width\" content=\"1280\" \/>\n\t<meta property=\"og:image:height\" content=\"720\" \/>\n\t<meta property=\"og:image:type\" content=\"image\/jpeg\" \/>\n<meta name=\"author\" content=\"Keren Ester\" \/>\n<meta name=\"twitter:card\" content=\"summary_large_image\" \/>\n<meta name=\"twitter:label1\" content=\"Escrito por\" \/>\n\t<meta name=\"twitter:data1\" content=\"Keren Ester\" \/>\n\t<meta name=\"twitter:label2\" content=\"Est. tempo de leitura\" \/>\n\t<meta name=\"twitter:data2\" content=\"5 minutos\" \/>\n<!-- \/ Yoast SEO plugin. -->","yoast_head_json":{"title":"Ao vivo na Netflix? surpresas imperd\u00edveis de maio para voc\u00ea - Estado de Minas - Em foco","description":"Os lan\u00e7amentos de maio na Netflix v\u00e3o te surpreender! Grandes filmes, s\u00e9ries e o Tudum 2025 ao vivo, com novidades emocionantes. N\u00e3o perca!","robots":{"index":"index","follow":"follow","max-snippet":"max-snippet:-1","max-image-preview":"max-image-preview:large","max-video-preview":"max-video-preview:-1"},"canonical":"https:\/\/www.em.com.br\/emfoco\/2025\/04\/27\/ao-vivo-na-netflix-surpresas-imperdiveis-de-maio-para-voce\/","og_locale":"pt_BR","og_type":"article","og_title":"Ao vivo na Netflix? surpresas imperd\u00edveis de maio para voc\u00ea - Estado de Minas - Em foco","og_description":"Os lan\u00e7amentos de maio na Netflix v\u00e3o te surpreender! Grandes filmes, s\u00e9ries e o Tudum 2025 ao vivo, com novidades emocionantes. N\u00e3o perca!","og_url":"https:\/\/www.em.com.br\/emfoco\/2025\/04\/27\/ao-vivo-na-netflix-surpresas-imperdiveis-de-maio-para-voce\/","og_site_name":"Estado de Minas - Em foco","article_published_time":"2025-04-27T18:20:00+00:00","article_modified_time":"2025-07-01T21:51:13+00:00","og_image":[{"width":1280,"height":720,"url":"https:\/\/www.em.com.br\/emfoco\/wp-content\/uploads\/2025\/04\/NETFLIX_1745616207500.jpg","type":"image\/jpeg"}],"author":"Keren Ester","twitter_card":"summary_large_image","twitter_misc":{"Escrito por":"Keren Ester","Est. tempo de leitura":"5 minutos"},"schema":{"@context":"https:\/\/schema.org","@graph":[{"@type":"WebPage","@id":"https:\/\/www.em.com.br\/emfoco\/2025\/04\/27\/ao-vivo-na-netflix-surpresas-imperdiveis-de-maio-para-voce\/","url":"https:\/\/www.em.com.br\/emfoco\/2025\/04\/27\/ao-vivo-na-netflix-surpresas-imperdiveis-de-maio-para-voce\/","name":"Ao vivo na Netflix? surpresas imperd\u00edveis de maio para voc\u00ea - Estado de Minas - Em foco","isPartOf":{"@id":"https:\/\/www.em.com.br\/emfoco\/#website"},"primaryImageOfPage":{"@id":"https:\/\/www.em.com.br\/emfoco\/2025\/04\/27\/ao-vivo-na-netflix-surpresas-imperdiveis-de-maio-para-voce\/#primaryimage"},"image":{"@id":"https:\/\/www.em.com.br\/emfoco\/2025\/04\/27\/ao-vivo-na-netflix-surpresas-imperdiveis-de-maio-para-voce\/#primaryimage"},"thumbnailUrl":"https:\/\/www.em.com.br\/emfoco\/wp-content\/uploads\/2025\/04\/NETFLIX_1745616207500.jpg","datePublished":"2025-04-27T18:20:00+00:00","dateModified":"2025-07-01T21:51:13+00:00","author":{"@id":"https:\/\/www.em.com.br\/emfoco\/#\/schema\/person\/2e06e19826e476d778787245c8ef334d"},"description":"Os lan\u00e7amentos de maio na Netflix v\u00e3o te surpreender! Grandes filmes, s\u00e9ries e o Tudum 2025 ao vivo, com novidades emocionantes. N\u00e3o perca!","breadcrumb":{"@id":"https:\/\/www.em.com.br\/emfoco\/2025\/04\/27\/ao-vivo-na-netflix-surpresas-imperdiveis-de-maio-para-voce\/#breadcrumb"},"inLanguage":"pt-BR","potentialAction":[{"@type":"ReadAction","target":["https:\/\/www.em.com.br\/emfoco\/2025\/04\/27\/ao-vivo-na-netflix-surpresas-imperdiveis-de-maio-para-voce\/"]}]},{"@type":"ImageObject","inLanguage":"pt-BR","@id":"https:\/\/www.em.com.br\/emfoco\/2025\/04\/27\/ao-vivo-na-netflix-surpresas-imperdiveis-de-maio-para-voce\/#primaryimage","url":"https:\/\/www.em.com.br\/emfoco\/wp-content\/uploads\/2025\/04\/NETFLIX_1745616207500.jpg","contentUrl":"https:\/\/www.em.com.br\/emfoco\/wp-content\/uploads\/2025\/04\/NETFLIX_1745616207500.jpg","width":1280,"height":720,"caption":"Aplicativo m\u00f3vel Netflix-Cr\u00e9ditos: depositphotos.com \/ sharafmaksumov"},{"@type":"BreadcrumbList","@id":"https:\/\/www.em.com.br\/emfoco\/2025\/04\/27\/ao-vivo-na-netflix-surpresas-imperdiveis-de-maio-para-voce\/#breadcrumb","itemListElement":[{"@type":"ListItem","position":1,"name":"In\u00edcio","item":"https:\/\/www.em.com.br\/emfoco\/"},{"@type":"ListItem","position":2,"name":"Ao vivo na Netflix? surpresas imperd\u00edveis de maio para voc\u00ea"}]},{"@type":"WebSite","@id":"https:\/\/www.em.com.br\/emfoco\/#website","url":"https:\/\/www.em.com.br\/emfoco\/","name":"Estado de Minas - Em foco","description":"Acompanhe as \u00faltimas not\u00edcias e fique bem informado sobre tudo o que acontece em Minas Gerais, Brasil e no mundo.","potentialAction":[{"@type":"SearchAction","target":{"@type":"EntryPoint","urlTemplate":"https:\/\/www.em.com.br\/emfoco\/?s={search_term_string}"},"query-input":{"@type":"PropertyValueSpecification","valueRequired":true,"valueName":"search_term_string"}}],"inLanguage":"pt-BR"},{"@type":"Person","@id":"https:\/\/www.em.com.br\/emfoco\/#\/schema\/person\/2e06e19826e476d778787245c8ef334d","name":"Keren Ester","image":{"@type":"ImageObject","inLanguage":"pt-BR","@id":"https:\/\/www.em.com.br\/emfoco\/#\/schema\/person\/image\/","url":"https:\/\/secure.gravatar.com\/avatar\/b3d0f2b934f7fab59c611ea63b5cf4b1?s=96&d=mm&r=g","contentUrl":"https:\/\/secure.gravatar.com\/avatar\/b3d0f2b934f7fab59c611ea63b5cf4b1?s=96&d=mm&r=g","caption":"Keren Ester"},"url":"https:\/\/www.em.com.br\/emfoco\/author\/kerenmyth\/"}]}},"_links":{"self":[{"href":"https:\/\/www.em.com.br\/emfoco\/wp-json\/wp\/v2\/posts\/41809","targetHints":{"allow":["GET"]}}],"collection":[{"href":"https:\/\/www.em.com.br\/emfoco\/wp-json\/wp\/v2\/posts"}],"about":[{"href":"https:\/\/www.em.com.br\/emfoco\/wp-json\/wp\/v2\/types\/post"}],"author":[{"embeddable":true,"href":"https:\/\/www.em.com.br\/emfoco\/wp-json\/wp\/v2\/users\/12"}],"replies":[{"embeddable":true,"href":"https:\/\/www.em.com.br\/emfoco\/wp-json\/wp\/v2\/comments?post=41809"}],"version-history":[{"count":4,"href":"https:\/\/www.em.com.br\/emfoco\/wp-json\/wp\/v2\/posts\/41809\/revisions"}],"predecessor-version":[{"id":69876,"href":"https:\/\/www.em.com.br\/emfoco\/wp-json\/wp\/v2\/posts\/41809\/revisions\/69876"}],"wp:featuredmedia":[{"embeddable":true,"href":"https:\/\/www.em.com.br\/emfoco\/wp-json\/wp\/v2\/media\/41812"}],"wp:attachment":[{"href":"https:\/\/www.em.com.br\/emfoco\/wp-json\/wp\/v2\/media?parent=41809"}],"wp:term":[{"taxonomy":"category","embeddable":true,"href":"https:\/\/www.em.com.br\/emfoco\/wp-json\/wp\/v2\/categories?post=41809"},{"taxonomy":"post_tag","embeddable":true,"href":"https:\/\/www.em.com.br\/emfoco\/wp-json\/wp\/v2\/tags?post=41809"}],"curies":[{"name":"wp","href":"https:\/\/api.w.org\/{rel}","templated":true}]}}