{"id":41783,"date":"2025-04-25T19:10:00","date_gmt":"2025-04-25T22:10:00","guid":{"rendered":"https:\/\/www.em.com.br\/emfoco\/?p=41783"},"modified":"2025-04-25T15:33:26","modified_gmt":"2025-04-25T18:33:26","slug":"rede-de-fast-food-famosa-decreta-falencia-apos-demissao-em-massa","status":"publish","type":"post","link":"https:\/\/www.em.com.br\/emfoco\/2025\/04\/25\/rede-de-fast-food-famosa-decreta-falencia-apos-demissao-em-massa\/","title":{"rendered":"Rede de fast food famosa decreta fal\u00eancia ap\u00f3s demiss\u00e3o em massa"},"content":{"rendered":"\n<p>Nos \u00faltimos anos, o setor de fast food nos <strong>Estados Unidos<\/strong> tem passado por transforma\u00e7\u00f5es significativas. A EVOS, uma rede de fast food da <strong>Fl\u00f3rida<\/strong>, \u00e9 um exemplo de empresa que n\u00e3o conseguiu se adaptar a essas mudan\u00e7as, encerrando suas opera\u00e7\u00f5es em 2025. A EVOS era conhecida por oferecer op\u00e7\u00f5es de refei\u00e7\u00f5es mais saud\u00e1veis, utilizando ingredientes org\u00e2nicos e m\u00e9todos de preparo sustent\u00e1veis.<\/p>\n\n\n\n<p>Apesar de sua proposta diferenciada, a<strong> EVOS<\/strong> enfrentou dificuldades para competir em um mercado dominado por grandes cadeias de fast food. A empresa, que buscava expandir sua presen\u00e7a, acabou sucumbindo a desafios financeiros e operacionais que levaram ao fechamento de suas unidades.<\/p>\n\n\n\n<h2 class=\"wp-block-heading\">Quais fatores levaram ao encerramento da EVOS?<\/h2>\n\n\n\n<p>A EVOS foi fundada com a miss\u00e3o de oferecer uma alternativa mais saud\u00e1vel ao fast food tradicional. A rede se destacou por suas pr\u00e1ticas sustent\u00e1veis e por reduzir o uso de gorduras em suas prepara\u00e7\u00f5es. No entanto, mesmo com esses diferenciais, a EVOS n\u00e3o conseguiu se manter competitiva frente \u00e0s grandes redes estabelecidas.<\/p>\n\n\n\n<p>O mercado de alimenta\u00e7\u00e3o fora de casa est\u00e1 em constante evolu\u00e7\u00e3o, com consumidores cada vez mais interessados em conveni\u00eancia e inova\u00e7\u00e3o. As empresas que n\u00e3o conseguem se adaptar a essas novas demandas enfrentam dificuldades para se manterem relevantes e competitivas.<\/p>\n\n\n\n<figure class=\"wp-block-image size-large\"><img loading=\"lazy\" decoding=\"async\" width=\"1024\" height=\"576\" src=\"https:\/\/www.em.com.br\/emfoco\/wp-content\/uploads\/2025\/04\/fast-food_1744651457748-1024x576.jpg\" alt=\"\" class=\"wp-image-38356\" srcset=\"https:\/\/www.em.com.br\/emfoco\/wp-content\/uploads\/2025\/04\/fast-food_1744651457748-1024x576.jpg 1024w, https:\/\/www.em.com.br\/emfoco\/wp-content\/uploads\/2025\/04\/fast-food_1744651457748-300x169.jpg 300w, https:\/\/www.em.com.br\/emfoco\/wp-content\/uploads\/2025\/04\/fast-food_1744651457748-768x432.jpg 768w, https:\/\/www.em.com.br\/emfoco\/wp-content\/uploads\/2025\/04\/fast-food_1744651457748-750x422.jpg 750w, https:\/\/www.em.com.br\/emfoco\/wp-content\/uploads\/2025\/04\/fast-food_1744651457748-1140x641.jpg 1140w, https:\/\/www.em.com.br\/emfoco\/wp-content\/uploads\/2025\/04\/fast-food_1744651457748.jpg 1280w\" sizes=\"auto, (max-width: 1024px) 100vw, 1024px\" \/><figcaption class=\"wp-element-caption\">Comida &#8211; Cr\u00e9ditos: depositphotos.com \/ AntonMatyukha<\/figcaption><\/figure>\n\n\n\n<h2 class=\"wp-block-heading\">Outras redes de fast food enfrentam desafios semelhantes?<\/h2>\n\n\n\n<p>A situa\u00e7\u00e3o da EVOS n\u00e3o \u00e9 um caso isolado. Outras redes de fast food tamb\u00e9m est\u00e3o enfrentando desafios semelhantes. A <strong>Denny\u2019s<\/strong>, por exemplo, anunciou o fechamento de v\u00e1rias unidades recentemente, enquanto a <strong>Red Robin<\/strong> est\u00e1 considerando encerrar opera\u00e7\u00f5es em diversas localidades devido a dificuldades financeiras. Al\u00e9m disso, marcas como <strong>TGI Fridays e On the Border<\/strong> t\u00eam enfrentado problemas econ\u00f4micos significativos.<\/p>\n\n\n\n<p>Esses fechamentos refletem uma instabilidade mais ampla no setor de fast food. As empresas que oferecem modelos alternativos, como a EVOS, precisam encontrar maneiras de se destacar em um mercado dominado por grandes cadeias que oferecem alimentos r\u00e1pidos e de baixo custo.<\/p>\n\n\n\n<h2 class=\"wp-block-heading\">O que o futuro reserva para o fast food?<\/h2>\n\n\n\n<p>O encerramento das atividades da EVOS destaca a necessidade de adapta\u00e7\u00e3o cont\u00ednua no setor de fast food. As empresas precisam se alinhar \u00e0s novas expectativas dos consumidores, que buscam conveni\u00eancia, inova\u00e7\u00e3o e pre\u00e7os competitivos. Investir em tecnologia e explorar novos modelos de neg\u00f3cios s\u00e3o estrat\u00e9gias essenciais para garantir a sustentabilidade e a relev\u00e2ncia no mercado.<\/p>\n\n\n\n<p>Para prosperar em um ambiente t\u00e3o competitivo, as redes de fast food devem continuar a inovar em seus produtos e servi\u00e7os, garantindo que atendam \u00e0s demandas de um p\u00fablico em constante mudan\u00e7a. Somente assim poder\u00e3o assegurar sua posi\u00e7\u00e3o no setor de alimenta\u00e7\u00e3o fora de casa.<\/p>\n","protected":false},"excerpt":{"rendered":"<p>Nos \u00faltimos anos, o setor de fast food nos Estados Unidos tem passado por transforma\u00e7\u00f5es significativas. A EVOS, uma rede de fast food da Fl\u00f3rida, \u00e9 um exemplo de empresa que n\u00e3o conseguiu se adaptar a essas mudan\u00e7as, encerrando suas opera\u00e7\u00f5es em 2025. A EVOS era conhecida por oferecer op\u00e7\u00f5es de refei\u00e7\u00f5es mais saud\u00e1veis, utilizando [&hellip;]<\/p>\n","protected":false},"author":5,"featured_media":38357,"comment_status":"open","ping_status":"open","sticky":false,"template":"","format":"standard","meta":{"jnews-multi-image_gallery":[],"jnews_single_post":{"format":"standard"},"jnews_primary_category":[],"jnews_social_meta":[],"jnews_override_counter":[],"footnotes":""},"categories":[28,1],"tags":[2904,7521,7985,7984],"class_list":["post-41783","post","type-post","status-publish","format-standard","has-post-thumbnail","hentry","category-economia","category-noticias","tag-alimentacao","tag-fast-food","tag-mudancas-no-mercado","tag-negocios-alimentiarios"],"yoast_head":"<!-- This site is optimized with the Yoast SEO plugin v23.8 - https:\/\/yoast.com\/wordpress\/plugins\/seo\/ -->\n<title>Rede de fast food famosa decreta fal\u00eancia ap\u00f3s demiss\u00e3o em massa - Estado de Minas - Em foco<\/title>\n<meta name=\"description\" content=\"Rede de fast food n\u00e3o resistiu \u00e0 crise e fecha todas as lojas, deixando centenas de trabalhadores sem emprego.\" \/>\n<meta name=\"robots\" content=\"index, follow, max-snippet:-1, max-image-preview:large, max-video-preview:-1\" \/>\n<link rel=\"canonical\" href=\"https:\/\/www.em.com.br\/emfoco\/2025\/04\/25\/rede-de-fast-food-famosa-decreta-falencia-apos-demissao-em-massa\/\" \/>\n<meta property=\"og:locale\" content=\"pt_BR\" \/>\n<meta property=\"og:type\" content=\"article\" \/>\n<meta property=\"og:title\" content=\"Rede de fast food famosa decreta fal\u00eancia ap\u00f3s demiss\u00e3o em massa - Estado de Minas - Em foco\" \/>\n<meta property=\"og:description\" content=\"Rede de fast food n\u00e3o resistiu \u00e0 crise e fecha todas as lojas, deixando centenas de trabalhadores sem emprego.\" \/>\n<meta property=\"og:url\" content=\"https:\/\/www.em.com.br\/emfoco\/2025\/04\/25\/rede-de-fast-food-famosa-decreta-falencia-apos-demissao-em-massa\/\" \/>\n<meta property=\"og:site_name\" content=\"Estado de Minas - Em foco\" \/>\n<meta property=\"article:published_time\" content=\"2025-04-25T22:10:00+00:00\" \/>\n<meta property=\"article:modified_time\" content=\"2025-04-25T18:33:26+00:00\" \/>\n<meta property=\"og:image\" content=\"https:\/\/www.em.com.br\/emfoco\/wp-content\/uploads\/2025\/04\/fast-food_1744651487538.jpg\" \/>\n\t<meta property=\"og:image:width\" content=\"1280\" \/>\n\t<meta property=\"og:image:height\" content=\"720\" \/>\n\t<meta property=\"og:image:type\" content=\"image\/jpeg\" \/>\n<meta name=\"author\" content=\"N\u00fabia Rangel\" \/>\n<meta name=\"twitter:card\" content=\"summary_large_image\" \/>\n<meta name=\"twitter:label1\" content=\"Escrito por\" \/>\n\t<meta name=\"twitter:data1\" content=\"N\u00fabia Rangel\" \/>\n\t<meta name=\"twitter:label2\" content=\"Est. tempo de leitura\" \/>\n\t<meta name=\"twitter:data2\" content=\"3 minutos\" \/>\n<!-- \/ Yoast SEO plugin. -->","yoast_head_json":{"title":"Rede de fast food famosa decreta fal\u00eancia ap\u00f3s demiss\u00e3o em massa - Estado de Minas - Em foco","description":"Rede de fast food n\u00e3o resistiu \u00e0 crise e fecha todas as lojas, deixando centenas de trabalhadores sem emprego.","robots":{"index":"index","follow":"follow","max-snippet":"max-snippet:-1","max-image-preview":"max-image-preview:large","max-video-preview":"max-video-preview:-1"},"canonical":"https:\/\/www.em.com.br\/emfoco\/2025\/04\/25\/rede-de-fast-food-famosa-decreta-falencia-apos-demissao-em-massa\/","og_locale":"pt_BR","og_type":"article","og_title":"Rede de fast food famosa decreta fal\u00eancia ap\u00f3s demiss\u00e3o em massa - Estado de Minas - Em foco","og_description":"Rede de fast food n\u00e3o resistiu \u00e0 crise e fecha todas as lojas, deixando centenas de trabalhadores sem emprego.","og_url":"https:\/\/www.em.com.br\/emfoco\/2025\/04\/25\/rede-de-fast-food-famosa-decreta-falencia-apos-demissao-em-massa\/","og_site_name":"Estado de Minas - Em foco","article_published_time":"2025-04-25T22:10:00+00:00","article_modified_time":"2025-04-25T18:33:26+00:00","og_image":[{"width":1280,"height":720,"url":"https:\/\/www.em.com.br\/emfoco\/wp-content\/uploads\/2025\/04\/fast-food_1744651487538.jpg","type":"image\/jpeg"}],"author":"N\u00fabia Rangel","twitter_card":"summary_large_image","twitter_misc":{"Escrito por":"N\u00fabia Rangel","Est. tempo de leitura":"3 minutos"},"schema":{"@context":"https:\/\/schema.org","@graph":[{"@type":"WebPage","@id":"https:\/\/www.em.com.br\/emfoco\/2025\/04\/25\/rede-de-fast-food-famosa-decreta-falencia-apos-demissao-em-massa\/","url":"https:\/\/www.em.com.br\/emfoco\/2025\/04\/25\/rede-de-fast-food-famosa-decreta-falencia-apos-demissao-em-massa\/","name":"Rede de fast food famosa decreta fal\u00eancia ap\u00f3s demiss\u00e3o em massa - Estado de Minas - Em foco","isPartOf":{"@id":"https:\/\/www.em.com.br\/emfoco\/#website"},"primaryImageOfPage":{"@id":"https:\/\/www.em.com.br\/emfoco\/2025\/04\/25\/rede-de-fast-food-famosa-decreta-falencia-apos-demissao-em-massa\/#primaryimage"},"image":{"@id":"https:\/\/www.em.com.br\/emfoco\/2025\/04\/25\/rede-de-fast-food-famosa-decreta-falencia-apos-demissao-em-massa\/#primaryimage"},"thumbnailUrl":"https:\/\/www.em.com.br\/emfoco\/wp-content\/uploads\/2025\/04\/fast-food_1744651487538.jpg","datePublished":"2025-04-25T22:10:00+00:00","dateModified":"2025-04-25T18:33:26+00:00","author":{"@id":"https:\/\/www.em.com.br\/emfoco\/#\/schema\/person\/524437ef54f8a5d32591b143307f2e20"},"description":"Rede de fast food n\u00e3o resistiu \u00e0 crise e fecha todas as lojas, deixando centenas de trabalhadores sem emprego.","breadcrumb":{"@id":"https:\/\/www.em.com.br\/emfoco\/2025\/04\/25\/rede-de-fast-food-famosa-decreta-falencia-apos-demissao-em-massa\/#breadcrumb"},"inLanguage":"pt-BR","potentialAction":[{"@type":"ReadAction","target":["https:\/\/www.em.com.br\/emfoco\/2025\/04\/25\/rede-de-fast-food-famosa-decreta-falencia-apos-demissao-em-massa\/"]}]},{"@type":"ImageObject","inLanguage":"pt-BR","@id":"https:\/\/www.em.com.br\/emfoco\/2025\/04\/25\/rede-de-fast-food-famosa-decreta-falencia-apos-demissao-em-massa\/#primaryimage","url":"https:\/\/www.em.com.br\/emfoco\/wp-content\/uploads\/2025\/04\/fast-food_1744651487538.jpg","contentUrl":"https:\/\/www.em.com.br\/emfoco\/wp-content\/uploads\/2025\/04\/fast-food_1744651487538.jpg","width":1280,"height":720,"caption":"Fast food - Cr\u00e9ditos: depositphotos.com \/ VadimVasenin"},{"@type":"BreadcrumbList","@id":"https:\/\/www.em.com.br\/emfoco\/2025\/04\/25\/rede-de-fast-food-famosa-decreta-falencia-apos-demissao-em-massa\/#breadcrumb","itemListElement":[{"@type":"ListItem","position":1,"name":"In\u00edcio","item":"https:\/\/www.em.com.br\/emfoco\/"},{"@type":"ListItem","position":2,"name":"Rede de fast food famosa decreta fal\u00eancia ap\u00f3s demiss\u00e3o em massa"}]},{"@type":"WebSite","@id":"https:\/\/www.em.com.br\/emfoco\/#website","url":"https:\/\/www.em.com.br\/emfoco\/","name":"Estado de Minas - Em foco","description":"Acompanhe as \u00faltimas not\u00edcias e fique bem informado sobre tudo o que acontece em Minas Gerais, Brasil e no mundo.","potentialAction":[{"@type":"SearchAction","target":{"@type":"EntryPoint","urlTemplate":"https:\/\/www.em.com.br\/emfoco\/?s={search_term_string}"},"query-input":{"@type":"PropertyValueSpecification","valueRequired":true,"valueName":"search_term_string"}}],"inLanguage":"pt-BR"},{"@type":"Person","@id":"https:\/\/www.em.com.br\/emfoco\/#\/schema\/person\/524437ef54f8a5d32591b143307f2e20","name":"N\u00fabia Rangel","image":{"@type":"ImageObject","inLanguage":"pt-BR","@id":"https:\/\/www.em.com.br\/emfoco\/#\/schema\/person\/image\/","url":"https:\/\/secure.gravatar.com\/avatar\/47cff2827a5ba23c37e8068c86817ea4?s=96&d=mm&r=g","contentUrl":"https:\/\/secure.gravatar.com\/avatar\/47cff2827a5ba23c37e8068c86817ea4?s=96&d=mm&r=g","caption":"N\u00fabia Rangel"},"sameAs":["https:\/\/www.em.com.br\/emfoco\/"],"url":"https:\/\/www.em.com.br\/emfoco\/author\/nubiamyth\/"}]}},"_links":{"self":[{"href":"https:\/\/www.em.com.br\/emfoco\/wp-json\/wp\/v2\/posts\/41783","targetHints":{"allow":["GET"]}}],"collection":[{"href":"https:\/\/www.em.com.br\/emfoco\/wp-json\/wp\/v2\/posts"}],"about":[{"href":"https:\/\/www.em.com.br\/emfoco\/wp-json\/wp\/v2\/types\/post"}],"author":[{"embeddable":true,"href":"https:\/\/www.em.com.br\/emfoco\/wp-json\/wp\/v2\/users\/5"}],"replies":[{"embeddable":true,"href":"https:\/\/www.em.com.br\/emfoco\/wp-json\/wp\/v2\/comments?post=41783"}],"version-history":[{"count":2,"href":"https:\/\/www.em.com.br\/emfoco\/wp-json\/wp\/v2\/posts\/41783\/revisions"}],"predecessor-version":[{"id":41787,"href":"https:\/\/www.em.com.br\/emfoco\/wp-json\/wp\/v2\/posts\/41783\/revisions\/41787"}],"wp:featuredmedia":[{"embeddable":true,"href":"https:\/\/www.em.com.br\/emfoco\/wp-json\/wp\/v2\/media\/38357"}],"wp:attachment":[{"href":"https:\/\/www.em.com.br\/emfoco\/wp-json\/wp\/v2\/media?parent=41783"}],"wp:term":[{"taxonomy":"category","embeddable":true,"href":"https:\/\/www.em.com.br\/emfoco\/wp-json\/wp\/v2\/categories?post=41783"},{"taxonomy":"post_tag","embeddable":true,"href":"https:\/\/www.em.com.br\/emfoco\/wp-json\/wp\/v2\/tags?post=41783"}],"curies":[{"name":"wp","href":"https:\/\/api.w.org\/{rel}","templated":true}]}}