{"id":41715,"date":"2025-04-26T20:20:00","date_gmt":"2025-04-26T23:20:00","guid":{"rendered":"https:\/\/www.em.com.br\/emfoco\/?p=41715"},"modified":"2025-04-25T16:05:45","modified_gmt":"2025-04-25T19:05:45","slug":"inss-comeca-pagamento-de-beneficios-para-milhoes-de-brasileiros-veja-as-datas","status":"publish","type":"post","link":"https:\/\/www.em.com.br\/emfoco\/2025\/04\/26\/inss-comeca-pagamento-de-beneficios-para-milhoes-de-brasileiros-veja-as-datas\/","title":{"rendered":"INSS come\u00e7a pagamento de benef\u00edcios para milh\u00f5es de brasileiros; veja as datas"},"content":{"rendered":"\n<p>O <strong><a href=\"https:\/\/www.em.com.br\/emfoco\/2025\/04\/24\/inss-comeca-hoje-24-o-pagamento-da-1a-parcela-do-13o-salario-veja-como-sacar\/\" target=\"_blank\" rel=\"noreferrer noopener\">Instituto Nacional do Seguro Social (INSS)<\/a><\/strong> come\u00e7ou nesta quinta-feira, <strong>24 de abril de 2025<\/strong>, o pagamento de mais de 40,6 milh\u00f5es de benef\u00edcios para aposentados, pensionistas e titulares de aux\u00edlios em todo o pa\u00eds. O cronograma segue o n\u00famero final do cart\u00e3o de benef\u00edcio (sem o d\u00edgito verificador), garantindo organiza\u00e7\u00e3o e previsibilidade no processo.<\/p>\n\n\n\n<p>A distribui\u00e7\u00e3o \u00e9 feita em duas etapas: primeiro, para quem recebe <strong>at\u00e9 um sal\u00e1rio-m\u00ednimo<\/strong>; depois, para os benefici\u00e1rios que recebem valores acima do piso nacional.<\/p>\n\n\n\n<h2 class=\"wp-block-heading\">Como saber a data do seu pagamento do INSS?<\/h2>\n\n\n\n<p>O n\u00famero a ser considerado para definir a data \u00e9 o <strong>\u00faltimo d\u00edgito antes do tra\u00e7o<\/strong> no n\u00famero do benef\u00edcio. Por exemplo: no benef\u00edcio de n\u00famero 1610-3, o d\u00edgito relevante \u00e9 o <strong>0<\/strong>.<\/p>\n\n\n\n<p>As <strong>datas variam entre 24 de abril e 8 de maio<\/strong>, conforme o valor do benef\u00edcio e o d\u00edgito final.<\/p>\n\n\n\n<h2 class=\"wp-block-heading\">Pagamento do INSS para quem recebe at\u00e9 um sal\u00e1rio-m\u00ednimo<\/h2>\n\n\n\n<p>Veja as datas para benefici\u00e1rios que recebem at\u00e9 R$ 1.412 (valor do sal\u00e1rio-m\u00ednimo em 2025):<\/p>\n\n\n\n<figure class=\"wp-block-table\"><table class=\"has-fixed-layout\"><thead><tr><th>Final do benef\u00edcio<\/th><th>Data de pagamento<\/th><\/tr><\/thead><tbody><tr><td>1<\/td><td>24 de abril<\/td><\/tr><tr><td>2<\/td><td>25 de abril<\/td><\/tr><tr><td>3<\/td><td>28 de abril<\/td><\/tr><tr><td>4<\/td><td>29 de abril<\/td><\/tr><tr><td>5<\/td><td>30 de abril<\/td><\/tr><tr><td>6<\/td><td>2 de maio<\/td><\/tr><tr><td>7<\/td><td>5 de maio<\/td><\/tr><tr><td>8<\/td><td>6 de maio<\/td><\/tr><tr><td>9<\/td><td>7 de maio<\/td><\/tr><tr><td>0<\/td><td>8 de maio<\/td><\/tr><\/tbody><\/table><\/figure>\n\n\n\n<figure class=\"wp-block-image\"><img decoding=\"async\" src=\"https:\/\/www.em.com.br\/emfoco\/wp-content\/uploads\/2025\/04\/sacar-dinheiro-brasil_1745429233704-1024x576.jpg\" alt=\"\"\/><figcaption class=\"wp-element-caption\">Saque &#8211; Cr\u00e9ditos: depositphotos.com \/ albund<\/figcaption><\/figure>\n\n\n\n<h2 class=\"wp-block-heading\">Pagamento do INSS para quem recebe acima do sal\u00e1rio-m\u00ednimo<\/h2>\n\n\n\n<p>Para quem recebe mais de R$ 1.412, o cronograma de pagamento \u00e9 o seguinte:<\/p>\n\n\n\n<figure class=\"wp-block-table\"><table class=\"has-fixed-layout\"><thead><tr><th>Finais do benef\u00edcio<\/th><th>Data de pagamento<\/th><\/tr><\/thead><tbody><tr><td>1 e 6<\/td><td>2 de maio<\/td><\/tr><tr><td>2 e 7<\/td><td>5 de maio<\/td><\/tr><tr><td>3 e 8<\/td><td>6 de maio<\/td><\/tr><tr><td>4 e 9<\/td><td>7 de maio<\/td><\/tr><tr><td>5 e 0<\/td><td>8 de maio<\/td><\/tr><\/tbody><\/table><\/figure>\n\n\n\n<h2 class=\"wp-block-heading\">Como consultar o benef\u00edcio e o extrato do INSS?<\/h2>\n\n\n\n<p>Os benefici\u00e1rios podem consultar a data e o valor do pagamento por meio de:<\/p>\n\n\n\n<ul class=\"wp-block-list\">\n<li><strong>Site e aplicativo Meu INSS<\/strong>: acesse a aba \u201cExtrato de Pagamento\u201d;<\/li>\n\n\n\n<li><strong>Central de atendimento 135<\/strong>: dispon\u00edvel de segunda a s\u00e1bado, das 7h \u00e0s 22h.<\/li>\n<\/ul>\n\n\n\n<p>O calend\u00e1rio completo de 2025 tamb\u00e9m est\u00e1 dispon\u00edvel no <strong><a href=\"https:\/\/www.gov.br\/inss\/pt-br\" target=\"_blank\" rel=\"noreferrer noopener\">site oficial do IN<\/a><a class=\"\">SS<\/a><\/strong>.<\/p>\n\n\n\n<p><\/p>\n","protected":false},"excerpt":{"rendered":"<p>O Instituto Nacional do Seguro Social (INSS) come\u00e7ou nesta quinta-feira, 24 de abril de 2025, o pagamento de mais de 40,6 milh\u00f5es de benef\u00edcios para aposentados, pensionistas e titulares de aux\u00edlios em todo o pa\u00eds. O cronograma segue o n\u00famero final do cart\u00e3o de benef\u00edcio (sem o d\u00edgito verificador), garantindo organiza\u00e7\u00e3o e previsibilidade no processo. [&hellip;]<\/p>\n","protected":false},"author":11,"featured_media":41295,"comment_status":"open","ping_status":"open","sticky":false,"template":"","format":"standard","meta":{"jnews-multi-image_gallery":[],"jnews_single_post":{"format":"standard"},"jnews_primary_category":[],"jnews_social_meta":[],"jnews_override_counter":[],"footnotes":""},"categories":[28,1],"tags":[174,7323,1390],"class_list":["post-41715","post","type-post","status-publish","format-standard","has-post-thumbnail","hentry","category-economia","category-noticias","tag-inss","tag-inss-2025","tag-pagamentos-inss"],"yoast_head":"<!-- This site is optimized with the Yoast SEO plugin v23.8 - https:\/\/yoast.com\/wordpress\/plugins\/seo\/ -->\n<title>INSS come\u00e7a pagamento de benef\u00edcios para milh\u00f5es de brasileiros; veja as datas - Estado de Minas - Em foco<\/title>\n<meta name=\"description\" content=\"O INSS iniciou o pagamento de mais de 40 milh\u00f5es de benef\u00edcios. Veja o cronograma completo e saiba como consultar seu benef\u00edcio.\" \/>\n<meta name=\"robots\" content=\"index, follow, max-snippet:-1, max-image-preview:large, max-video-preview:-1\" \/>\n<link rel=\"canonical\" href=\"https:\/\/www.em.com.br\/emfoco\/2025\/04\/26\/inss-comeca-pagamento-de-beneficios-para-milhoes-de-brasileiros-veja-as-datas\/\" \/>\n<meta property=\"og:locale\" content=\"pt_BR\" \/>\n<meta property=\"og:type\" content=\"article\" \/>\n<meta property=\"og:title\" content=\"INSS come\u00e7a pagamento de benef\u00edcios para milh\u00f5es de brasileiros; veja as datas - Estado de Minas - Em foco\" \/>\n<meta property=\"og:description\" content=\"O INSS iniciou o pagamento de mais de 40 milh\u00f5es de benef\u00edcios. Veja o cronograma completo e saiba como consultar seu benef\u00edcio.\" \/>\n<meta property=\"og:url\" content=\"https:\/\/www.em.com.br\/emfoco\/2025\/04\/26\/inss-comeca-pagamento-de-beneficios-para-milhoes-de-brasileiros-veja-as-datas\/\" \/>\n<meta property=\"og:site_name\" content=\"Estado de Minas - Em foco\" \/>\n<meta property=\"article:published_time\" content=\"2025-04-26T23:20:00+00:00\" \/>\n<meta property=\"article:modified_time\" content=\"2025-04-25T19:05:45+00:00\" \/>\n<meta property=\"og:image\" content=\"https:\/\/www.em.com.br\/emfoco\/wp-content\/uploads\/2025\/04\/recebendo-dinheiro_1745512735648.jpg\" \/>\n\t<meta property=\"og:image:width\" content=\"1280\" \/>\n\t<meta property=\"og:image:height\" content=\"720\" \/>\n\t<meta property=\"og:image:type\" content=\"image\/jpeg\" \/>\n<meta name=\"author\" content=\"Andre\u0301 Rangel\u00a0\" \/>\n<meta name=\"twitter:card\" content=\"summary_large_image\" \/>\n<meta name=\"twitter:label1\" content=\"Escrito por\" \/>\n\t<meta name=\"twitter:data1\" content=\"Andre\u0301 Rangel\u00a0\" \/>\n\t<meta name=\"twitter:label2\" content=\"Est. tempo de leitura\" \/>\n\t<meta name=\"twitter:data2\" content=\"1 minuto\" \/>\n<!-- \/ Yoast SEO plugin. -->","yoast_head_json":{"title":"INSS come\u00e7a pagamento de benef\u00edcios para milh\u00f5es de brasileiros; veja as datas - Estado de Minas - Em foco","description":"O INSS iniciou o pagamento de mais de 40 milh\u00f5es de benef\u00edcios. Veja o cronograma completo e saiba como consultar seu benef\u00edcio.","robots":{"index":"index","follow":"follow","max-snippet":"max-snippet:-1","max-image-preview":"max-image-preview:large","max-video-preview":"max-video-preview:-1"},"canonical":"https:\/\/www.em.com.br\/emfoco\/2025\/04\/26\/inss-comeca-pagamento-de-beneficios-para-milhoes-de-brasileiros-veja-as-datas\/","og_locale":"pt_BR","og_type":"article","og_title":"INSS come\u00e7a pagamento de benef\u00edcios para milh\u00f5es de brasileiros; veja as datas - Estado de Minas - Em foco","og_description":"O INSS iniciou o pagamento de mais de 40 milh\u00f5es de benef\u00edcios. Veja o cronograma completo e saiba como consultar seu benef\u00edcio.","og_url":"https:\/\/www.em.com.br\/emfoco\/2025\/04\/26\/inss-comeca-pagamento-de-beneficios-para-milhoes-de-brasileiros-veja-as-datas\/","og_site_name":"Estado de Minas - Em foco","article_published_time":"2025-04-26T23:20:00+00:00","article_modified_time":"2025-04-25T19:05:45+00:00","og_image":[{"width":1280,"height":720,"url":"https:\/\/www.em.com.br\/emfoco\/wp-content\/uploads\/2025\/04\/recebendo-dinheiro_1745512735648.jpg","type":"image\/jpeg"}],"author":"Andre\u0301 Rangel\u00a0","twitter_card":"summary_large_image","twitter_misc":{"Escrito por":"Andre\u0301 Rangel\u00a0","Est. tempo de leitura":"1 minuto"},"schema":{"@context":"https:\/\/schema.org","@graph":[{"@type":"WebPage","@id":"https:\/\/www.em.com.br\/emfoco\/2025\/04\/26\/inss-comeca-pagamento-de-beneficios-para-milhoes-de-brasileiros-veja-as-datas\/","url":"https:\/\/www.em.com.br\/emfoco\/2025\/04\/26\/inss-comeca-pagamento-de-beneficios-para-milhoes-de-brasileiros-veja-as-datas\/","name":"INSS come\u00e7a pagamento de benef\u00edcios para milh\u00f5es de brasileiros; veja as datas - Estado de Minas - Em foco","isPartOf":{"@id":"https:\/\/www.em.com.br\/emfoco\/#website"},"primaryImageOfPage":{"@id":"https:\/\/www.em.com.br\/emfoco\/2025\/04\/26\/inss-comeca-pagamento-de-beneficios-para-milhoes-de-brasileiros-veja-as-datas\/#primaryimage"},"image":{"@id":"https:\/\/www.em.com.br\/emfoco\/2025\/04\/26\/inss-comeca-pagamento-de-beneficios-para-milhoes-de-brasileiros-veja-as-datas\/#primaryimage"},"thumbnailUrl":"https:\/\/www.em.com.br\/emfoco\/wp-content\/uploads\/2025\/04\/recebendo-dinheiro_1745512735648.jpg","datePublished":"2025-04-26T23:20:00+00:00","dateModified":"2025-04-25T19:05:45+00:00","author":{"@id":"https:\/\/www.em.com.br\/emfoco\/#\/schema\/person\/60eda09c1fedf0d6891f4cef4b60b8b8"},"description":"O INSS iniciou o pagamento de mais de 40 milh\u00f5es de benef\u00edcios. Veja o cronograma completo e saiba como consultar seu benef\u00edcio.","breadcrumb":{"@id":"https:\/\/www.em.com.br\/emfoco\/2025\/04\/26\/inss-comeca-pagamento-de-beneficios-para-milhoes-de-brasileiros-veja-as-datas\/#breadcrumb"},"inLanguage":"pt-BR","potentialAction":[{"@type":"ReadAction","target":["https:\/\/www.em.com.br\/emfoco\/2025\/04\/26\/inss-comeca-pagamento-de-beneficios-para-milhoes-de-brasileiros-veja-as-datas\/"]}]},{"@type":"ImageObject","inLanguage":"pt-BR","@id":"https:\/\/www.em.com.br\/emfoco\/2025\/04\/26\/inss-comeca-pagamento-de-beneficios-para-milhoes-de-brasileiros-veja-as-datas\/#primaryimage","url":"https:\/\/www.em.com.br\/emfoco\/wp-content\/uploads\/2025\/04\/recebendo-dinheiro_1745512735648.jpg","contentUrl":"https:\/\/www.em.com.br\/emfoco\/wp-content\/uploads\/2025\/04\/recebendo-dinheiro_1745512735648.jpg","width":1280,"height":720,"caption":"Descubra como garantir o seu d\u00e9cimo terceiro sal\u00e1rio em 2025 - Cr\u00e9ditos: depositphotos.com \/ Buonaventura"},{"@type":"BreadcrumbList","@id":"https:\/\/www.em.com.br\/emfoco\/2025\/04\/26\/inss-comeca-pagamento-de-beneficios-para-milhoes-de-brasileiros-veja-as-datas\/#breadcrumb","itemListElement":[{"@type":"ListItem","position":1,"name":"In\u00edcio","item":"https:\/\/www.em.com.br\/emfoco\/"},{"@type":"ListItem","position":2,"name":"INSS come\u00e7a pagamento de benef\u00edcios para milh\u00f5es de brasileiros; veja as datas"}]},{"@type":"WebSite","@id":"https:\/\/www.em.com.br\/emfoco\/#website","url":"https:\/\/www.em.com.br\/emfoco\/","name":"Estado de Minas - Em foco","description":"Acompanhe as \u00faltimas not\u00edcias e fique bem informado sobre tudo o que acontece em Minas Gerais, Brasil e no mundo.","potentialAction":[{"@type":"SearchAction","target":{"@type":"EntryPoint","urlTemplate":"https:\/\/www.em.com.br\/emfoco\/?s={search_term_string}"},"query-input":{"@type":"PropertyValueSpecification","valueRequired":true,"valueName":"search_term_string"}}],"inLanguage":"pt-BR"},{"@type":"Person","@id":"https:\/\/www.em.com.br\/emfoco\/#\/schema\/person\/60eda09c1fedf0d6891f4cef4b60b8b8","name":"Andre\u0301 Rangel\u00a0","image":{"@type":"ImageObject","inLanguage":"pt-BR","@id":"https:\/\/www.em.com.br\/emfoco\/#\/schema\/person\/image\/","url":"https:\/\/secure.gravatar.com\/avatar\/6234dc814c77c8ef6d8bba622c787efc?s=96&d=mm&r=g","contentUrl":"https:\/\/secure.gravatar.com\/avatar\/6234dc814c77c8ef6d8bba622c787efc?s=96&d=mm&r=g","caption":"Andre\u0301 Rangel\u00a0"},"url":"https:\/\/www.em.com.br\/emfoco\/author\/luizmyth\/"}]}},"_links":{"self":[{"href":"https:\/\/www.em.com.br\/emfoco\/wp-json\/wp\/v2\/posts\/41715","targetHints":{"allow":["GET"]}}],"collection":[{"href":"https:\/\/www.em.com.br\/emfoco\/wp-json\/wp\/v2\/posts"}],"about":[{"href":"https:\/\/www.em.com.br\/emfoco\/wp-json\/wp\/v2\/types\/post"}],"author":[{"embeddable":true,"href":"https:\/\/www.em.com.br\/emfoco\/wp-json\/wp\/v2\/users\/11"}],"replies":[{"embeddable":true,"href":"https:\/\/www.em.com.br\/emfoco\/wp-json\/wp\/v2\/comments?post=41715"}],"version-history":[{"count":4,"href":"https:\/\/www.em.com.br\/emfoco\/wp-json\/wp\/v2\/posts\/41715\/revisions"}],"predecessor-version":[{"id":41791,"href":"https:\/\/www.em.com.br\/emfoco\/wp-json\/wp\/v2\/posts\/41715\/revisions\/41791"}],"wp:featuredmedia":[{"embeddable":true,"href":"https:\/\/www.em.com.br\/emfoco\/wp-json\/wp\/v2\/media\/41295"}],"wp:attachment":[{"href":"https:\/\/www.em.com.br\/emfoco\/wp-json\/wp\/v2\/media?parent=41715"}],"wp:term":[{"taxonomy":"category","embeddable":true,"href":"https:\/\/www.em.com.br\/emfoco\/wp-json\/wp\/v2\/categories?post=41715"},{"taxonomy":"post_tag","embeddable":true,"href":"https:\/\/www.em.com.br\/emfoco\/wp-json\/wp\/v2\/tags?post=41715"}],"curies":[{"name":"wp","href":"https:\/\/api.w.org\/{rel}","templated":true}]}}