{"id":41709,"date":"2025-04-26T17:00:00","date_gmt":"2025-04-26T20:00:00","guid":{"rendered":"https:\/\/www.em.com.br\/emfoco\/?p=41709"},"modified":"2025-04-25T15:52:32","modified_gmt":"2025-04-25T18:52:32","slug":"novas-regras-do-bpc-podem-deixar-milhares-de-beneficiarios-sem-renda","status":"publish","type":"post","link":"https:\/\/www.em.com.br\/emfoco\/2025\/04\/26\/novas-regras-do-bpc-podem-deixar-milhares-de-beneficiarios-sem-renda\/","title":{"rendered":"Novas regras do BPC podem deixar milhares de benefici\u00e1rios sem renda"},"content":{"rendered":"\n<p>Uma nova legisla\u00e7\u00e3o aprovada em 2025 promete transformar radicalmente o acesso ao<strong> <a href=\"https:\/\/www.em.com.br\/emfoco\/2025\/04\/25\/bpc-pode-mudar-entenda-o-plano-do-governo-para-cortar-gastos-e-estimular-o-trabalho\/\" target=\"_blank\" rel=\"noreferrer noopener\">Benef\u00edcio de Presta\u00e7\u00e3o Continuada (BPC)<\/a><\/strong>, que hoje garante renda a milhares de brasileiros em situa\u00e7\u00e3o de vulnerabilidade. Com a <strong>Lei n\u00ba 15.077\/24<\/strong>, a promessa \u00e9 de justi\u00e7a social e mais rigor no combate a fraudes, mas tamb\u00e9m h\u00e1 quem tema os impactos da digitaliza\u00e7\u00e3o e dos novos crit\u00e9rios.<\/p>\n\n\n\n<h2 class=\"wp-block-heading\">Cadastro biom\u00e9trico obrigat\u00f3rio gera d\u00favidas e pode barrar pagamentos<\/h2>\n\n\n\n<p>A exig\u00eancia de identifica\u00e7\u00e3o biom\u00e9trica surpreendeu muitos benefici\u00e1rios. Agora, digitais e fotos faciais passam a ser obrigat\u00f3rias para manter o benef\u00edcio. Essa medida, segundo o governo, \u00e9 essencial para evitar fraudes. No entanto, o receio entre os idosos e pessoas com defici\u00eancia \u00e9 que falhas t\u00e9cnicas ou dificuldades de locomo\u00e7\u00e3o possam prejudicar quem realmente precisa.<\/p>\n\n\n\n<h2 class=\"wp-block-heading\">Atualiza\u00e7\u00e3o do Cad\u00danico fica mais rigorosa e frequente<\/h2>\n\n\n\n<p>Se antes os dados do <strong><a href=\"https:\/\/www.gov.br\/pt-br\/servicos\/consultar-dados-do-cadastro-unico-cadunico\" target=\"_blank\" rel=\"noreferrer noopener\">Cadastro \u00danico<\/a><\/strong> podiam ser atualizados a cada quatro anos, agora o prazo caiu pela metade. Essa mudan\u00e7a exige aten\u00e7\u00e3o redobrada das fam\u00edlias, que precisar\u00e3o comprovar periodicamente sua situa\u00e7\u00e3o econ\u00f4mica para evitar o bloqueio do BPC. A nova lei promete mais controle, mas tamb\u00e9m aumenta o risco de exclus\u00e3o para quem tiver dificuldade de acesso \u00e0s plataformas oficiais.<\/p>\n\n\n\n<figure class=\"wp-block-image\"><img decoding=\"async\" src=\"https:\/\/www.em.com.br\/emfoco\/wp-content\/uploads\/2025\/03\/pessoas-dinheiro_1741960037989-1024x576.jpg\" alt=\"\"\/><figcaption class=\"wp-element-caption\">Preocupa\u00e7\u00e3o dinheiro &#8211; Cr\u00e9ditos: depositphotos.com \/ EdZbarzhyvetsky<\/figcaption><\/figure>\n\n\n\n<h2 class=\"wp-block-heading\">Mudan\u00e7a na an\u00e1lise da renda familiar favorece separa\u00e7\u00f5es e afastamentos<\/h2>\n\n\n\n<p>Um detalhe que pode passar despercebido, mas que faz toda a diferen\u00e7a, \u00e9 a exclus\u00e3o da renda de c\u00f4njuges que n\u00e3o vivem sob o mesmo teto. Isso inclui situa\u00e7\u00f5es como separa\u00e7\u00f5es informais ou afastamentos por quest\u00f5es de sa\u00fade ou trabalho. A medida \u00e9 vista como um avan\u00e7o por especialistas, pois considera a realidade de muitas fam\u00edlias brasileiras.<\/p>\n\n\n\n<h2 class=\"wp-block-heading\">Integra\u00e7\u00e3o de dados acende alerta para inconsist\u00eancias<\/h2>\n\n\n\n<p>Com o cruzamento de dados entre \u00f3rg\u00e3os p\u00fablicos, ficou mais f\u00e1cil identificar quem recebe o benef\u00edcio de forma indevida. A nova legisla\u00e7\u00e3o fortalece a fiscaliza\u00e7\u00e3o, permitindo bloqueios e cancelamentos mais r\u00e1pidos. Embora o objetivo seja nobre, h\u00e1 preocupa\u00e7\u00e3o com falhas nos sistemas e penaliza\u00e7\u00f5es injustas.<\/p>\n\n\n\n<h2 class=\"wp-block-heading\">Quem n\u00e3o seguir as novas regras pode perder tudo<\/h2>\n\n\n\n<p>Os benefici\u00e1rio do BPC s que n\u00e3o realizarem o cadastramento biom\u00e9trico ou deixarem de atualizar seus dados no prazo poder\u00e3o ter o pagamento suspenso \u2014 e at\u00e9 cancelado definitivamente ap\u00f3s 60 dias. Em casos de irregularidade comprovada, a devolu\u00e7\u00e3o dos valores recebidos ser\u00e1 exigida. O recado \u00e9 claro: aten\u00e7\u00e3o \u00e0s notifica\u00e7\u00f5es do <strong>INSS <\/strong>e \u00e0 documenta\u00e7\u00e3o exigida ser\u00e1 fundamental para manter o benef\u00edcio.<\/p>\n","protected":false},"excerpt":{"rendered":"<p>Uma nova legisla\u00e7\u00e3o aprovada em 2025 promete transformar radicalmente o acesso ao Benef\u00edcio de Presta\u00e7\u00e3o Continuada (BPC), que hoje garante renda a milhares de brasileiros em situa\u00e7\u00e3o de vulnerabilidade. Com a Lei n\u00ba 15.077\/24, a promessa \u00e9 de justi\u00e7a social e mais rigor no combate a fraudes, mas tamb\u00e9m h\u00e1 quem tema os impactos da [&hellip;]<\/p>\n","protected":false},"author":11,"featured_media":41771,"comment_status":"open","ping_status":"open","sticky":false,"template":"","format":"standard","meta":{"jnews-multi-image_gallery":[],"jnews_single_post":{"format":"standard"},"jnews_primary_category":[],"jnews_social_meta":[],"jnews_override_counter":[],"footnotes":""},"categories":[28,1],"tags":[257,7392,7260],"class_list":["post-41709","post","type-post","status-publish","format-standard","has-post-thumbnail","hentry","category-economia","category-noticias","tag-bpc","tag-bpc-2025","tag-cadastro-unico-bpc"],"yoast_head":"<!-- This site is optimized with the Yoast SEO plugin v23.8 - https:\/\/yoast.com\/wordpress\/plugins\/seo\/ -->\n<title>Novas regras do BPC podem deixar milhares de benefici\u00e1rios sem renda - Estado de Minas - Em foco<\/title>\n<meta name=\"description\" content=\"A Lei n\u00ba 15.077\/24 trouxe mudan\u00e7as significativas no BPC. Saiba como evitar o bloqueio do benef\u00edcio e garantir o acesso \u00e0 sua renda.\" \/>\n<meta name=\"robots\" content=\"index, follow, max-snippet:-1, max-image-preview:large, max-video-preview:-1\" \/>\n<link rel=\"canonical\" href=\"https:\/\/www.em.com.br\/emfoco\/2025\/04\/26\/novas-regras-do-bpc-podem-deixar-milhares-de-beneficiarios-sem-renda\/\" \/>\n<meta property=\"og:locale\" content=\"pt_BR\" \/>\n<meta property=\"og:type\" content=\"article\" \/>\n<meta property=\"og:title\" content=\"Novas regras do BPC podem deixar milhares de benefici\u00e1rios sem renda - Estado de Minas - Em foco\" \/>\n<meta property=\"og:description\" content=\"A Lei n\u00ba 15.077\/24 trouxe mudan\u00e7as significativas no BPC. Saiba como evitar o bloqueio do benef\u00edcio e garantir o acesso \u00e0 sua renda.\" \/>\n<meta property=\"og:url\" content=\"https:\/\/www.em.com.br\/emfoco\/2025\/04\/26\/novas-regras-do-bpc-podem-deixar-milhares-de-beneficiarios-sem-renda\/\" \/>\n<meta property=\"og:site_name\" content=\"Estado de Minas - Em foco\" \/>\n<meta property=\"article:published_time\" content=\"2025-04-26T20:00:00+00:00\" \/>\n<meta property=\"article:modified_time\" content=\"2025-04-25T18:52:32+00:00\" \/>\n<meta property=\"og:image\" content=\"https:\/\/www.em.com.br\/emfoco\/wp-content\/uploads\/2025\/04\/idoso-_1745608760483.jpg\" \/>\n\t<meta property=\"og:image:width\" content=\"1280\" \/>\n\t<meta property=\"og:image:height\" content=\"720\" \/>\n\t<meta property=\"og:image:type\" content=\"image\/jpeg\" \/>\n<meta name=\"author\" content=\"Andre\u0301 Rangel\u00a0\" \/>\n<meta name=\"twitter:card\" content=\"summary_large_image\" \/>\n<meta name=\"twitter:label1\" content=\"Escrito por\" \/>\n\t<meta name=\"twitter:data1\" content=\"Andre\u0301 Rangel\u00a0\" \/>\n\t<meta name=\"twitter:label2\" content=\"Est. tempo de leitura\" \/>\n\t<meta name=\"twitter:data2\" content=\"3 minutos\" \/>\n<!-- \/ Yoast SEO plugin. -->","yoast_head_json":{"title":"Novas regras do BPC podem deixar milhares de benefici\u00e1rios sem renda - Estado de Minas - Em foco","description":"A Lei n\u00ba 15.077\/24 trouxe mudan\u00e7as significativas no BPC. Saiba como evitar o bloqueio do benef\u00edcio e garantir o acesso \u00e0 sua renda.","robots":{"index":"index","follow":"follow","max-snippet":"max-snippet:-1","max-image-preview":"max-image-preview:large","max-video-preview":"max-video-preview:-1"},"canonical":"https:\/\/www.em.com.br\/emfoco\/2025\/04\/26\/novas-regras-do-bpc-podem-deixar-milhares-de-beneficiarios-sem-renda\/","og_locale":"pt_BR","og_type":"article","og_title":"Novas regras do BPC podem deixar milhares de benefici\u00e1rios sem renda - Estado de Minas - Em foco","og_description":"A Lei n\u00ba 15.077\/24 trouxe mudan\u00e7as significativas no BPC. Saiba como evitar o bloqueio do benef\u00edcio e garantir o acesso \u00e0 sua renda.","og_url":"https:\/\/www.em.com.br\/emfoco\/2025\/04\/26\/novas-regras-do-bpc-podem-deixar-milhares-de-beneficiarios-sem-renda\/","og_site_name":"Estado de Minas - Em foco","article_published_time":"2025-04-26T20:00:00+00:00","article_modified_time":"2025-04-25T18:52:32+00:00","og_image":[{"width":1280,"height":720,"url":"https:\/\/www.em.com.br\/emfoco\/wp-content\/uploads\/2025\/04\/idoso-_1745608760483.jpg","type":"image\/jpeg"}],"author":"Andre\u0301 Rangel\u00a0","twitter_card":"summary_large_image","twitter_misc":{"Escrito por":"Andre\u0301 Rangel\u00a0","Est. tempo de leitura":"3 minutos"},"schema":{"@context":"https:\/\/schema.org","@graph":[{"@type":"WebPage","@id":"https:\/\/www.em.com.br\/emfoco\/2025\/04\/26\/novas-regras-do-bpc-podem-deixar-milhares-de-beneficiarios-sem-renda\/","url":"https:\/\/www.em.com.br\/emfoco\/2025\/04\/26\/novas-regras-do-bpc-podem-deixar-milhares-de-beneficiarios-sem-renda\/","name":"Novas regras do BPC podem deixar milhares de benefici\u00e1rios sem renda - Estado de Minas - Em foco","isPartOf":{"@id":"https:\/\/www.em.com.br\/emfoco\/#website"},"primaryImageOfPage":{"@id":"https:\/\/www.em.com.br\/emfoco\/2025\/04\/26\/novas-regras-do-bpc-podem-deixar-milhares-de-beneficiarios-sem-renda\/#primaryimage"},"image":{"@id":"https:\/\/www.em.com.br\/emfoco\/2025\/04\/26\/novas-regras-do-bpc-podem-deixar-milhares-de-beneficiarios-sem-renda\/#primaryimage"},"thumbnailUrl":"https:\/\/www.em.com.br\/emfoco\/wp-content\/uploads\/2025\/04\/idoso-_1745608760483.jpg","datePublished":"2025-04-26T20:00:00+00:00","dateModified":"2025-04-25T18:52:32+00:00","author":{"@id":"https:\/\/www.em.com.br\/emfoco\/#\/schema\/person\/60eda09c1fedf0d6891f4cef4b60b8b8"},"description":"A Lei n\u00ba 15.077\/24 trouxe mudan\u00e7as significativas no BPC. Saiba como evitar o bloqueio do benef\u00edcio e garantir o acesso \u00e0 sua renda.","breadcrumb":{"@id":"https:\/\/www.em.com.br\/emfoco\/2025\/04\/26\/novas-regras-do-bpc-podem-deixar-milhares-de-beneficiarios-sem-renda\/#breadcrumb"},"inLanguage":"pt-BR","potentialAction":[{"@type":"ReadAction","target":["https:\/\/www.em.com.br\/emfoco\/2025\/04\/26\/novas-regras-do-bpc-podem-deixar-milhares-de-beneficiarios-sem-renda\/"]}]},{"@type":"ImageObject","inLanguage":"pt-BR","@id":"https:\/\/www.em.com.br\/emfoco\/2025\/04\/26\/novas-regras-do-bpc-podem-deixar-milhares-de-beneficiarios-sem-renda\/#primaryimage","url":"https:\/\/www.em.com.br\/emfoco\/wp-content\/uploads\/2025\/04\/idoso-_1745608760483.jpg","contentUrl":"https:\/\/www.em.com.br\/emfoco\/wp-content\/uploads\/2025\/04\/idoso-_1745608760483.jpg","width":1280,"height":720,"caption":"Lei protege idosos contra d\u00edvidas e cobran\u00e7as abusivas - Cr\u00e9ditos: depositphotos.com \/ Boytaro1428"},{"@type":"BreadcrumbList","@id":"https:\/\/www.em.com.br\/emfoco\/2025\/04\/26\/novas-regras-do-bpc-podem-deixar-milhares-de-beneficiarios-sem-renda\/#breadcrumb","itemListElement":[{"@type":"ListItem","position":1,"name":"In\u00edcio","item":"https:\/\/www.em.com.br\/emfoco\/"},{"@type":"ListItem","position":2,"name":"Novas regras do BPC podem deixar milhares de benefici\u00e1rios sem renda"}]},{"@type":"WebSite","@id":"https:\/\/www.em.com.br\/emfoco\/#website","url":"https:\/\/www.em.com.br\/emfoco\/","name":"Estado de Minas - Em foco","description":"Acompanhe as \u00faltimas not\u00edcias e fique bem informado sobre tudo o que acontece em Minas Gerais, Brasil e no mundo.","potentialAction":[{"@type":"SearchAction","target":{"@type":"EntryPoint","urlTemplate":"https:\/\/www.em.com.br\/emfoco\/?s={search_term_string}"},"query-input":{"@type":"PropertyValueSpecification","valueRequired":true,"valueName":"search_term_string"}}],"inLanguage":"pt-BR"},{"@type":"Person","@id":"https:\/\/www.em.com.br\/emfoco\/#\/schema\/person\/60eda09c1fedf0d6891f4cef4b60b8b8","name":"Andre\u0301 Rangel\u00a0","image":{"@type":"ImageObject","inLanguage":"pt-BR","@id":"https:\/\/www.em.com.br\/emfoco\/#\/schema\/person\/image\/","url":"https:\/\/secure.gravatar.com\/avatar\/6234dc814c77c8ef6d8bba622c787efc?s=96&d=mm&r=g","contentUrl":"https:\/\/secure.gravatar.com\/avatar\/6234dc814c77c8ef6d8bba622c787efc?s=96&d=mm&r=g","caption":"Andre\u0301 Rangel\u00a0"},"url":"https:\/\/www.em.com.br\/emfoco\/author\/luizmyth\/"}]}},"_links":{"self":[{"href":"https:\/\/www.em.com.br\/emfoco\/wp-json\/wp\/v2\/posts\/41709","targetHints":{"allow":["GET"]}}],"collection":[{"href":"https:\/\/www.em.com.br\/emfoco\/wp-json\/wp\/v2\/posts"}],"about":[{"href":"https:\/\/www.em.com.br\/emfoco\/wp-json\/wp\/v2\/types\/post"}],"author":[{"embeddable":true,"href":"https:\/\/www.em.com.br\/emfoco\/wp-json\/wp\/v2\/users\/11"}],"replies":[{"embeddable":true,"href":"https:\/\/www.em.com.br\/emfoco\/wp-json\/wp\/v2\/comments?post=41709"}],"version-history":[{"count":5,"href":"https:\/\/www.em.com.br\/emfoco\/wp-json\/wp\/v2\/posts\/41709\/revisions"}],"predecessor-version":[{"id":41799,"href":"https:\/\/www.em.com.br\/emfoco\/wp-json\/wp\/v2\/posts\/41709\/revisions\/41799"}],"wp:featuredmedia":[{"embeddable":true,"href":"https:\/\/www.em.com.br\/emfoco\/wp-json\/wp\/v2\/media\/41771"}],"wp:attachment":[{"href":"https:\/\/www.em.com.br\/emfoco\/wp-json\/wp\/v2\/media?parent=41709"}],"wp:term":[{"taxonomy":"category","embeddable":true,"href":"https:\/\/www.em.com.br\/emfoco\/wp-json\/wp\/v2\/categories?post=41709"},{"taxonomy":"post_tag","embeddable":true,"href":"https:\/\/www.em.com.br\/emfoco\/wp-json\/wp\/v2\/tags?post=41709"}],"curies":[{"name":"wp","href":"https:\/\/api.w.org\/{rel}","templated":true}]}}