{"id":41541,"date":"2025-04-30T18:40:00","date_gmt":"2025-04-30T21:40:00","guid":{"rendered":"https:\/\/www.em.com.br\/emfoco\/?p=41541"},"modified":"2025-04-29T14:54:47","modified_gmt":"2025-04-29T17:54:47","slug":"nova-interface-da-samsung-trava-celulares-e-preocupa-usuarios","status":"publish","type":"post","link":"https:\/\/www.em.com.br\/emfoco\/2025\/04\/30\/nova-interface-da-samsung-trava-celulares-e-preocupa-usuarios\/","title":{"rendered":"Nova interface da Samsung trava celulares e preocupa usu\u00e1rios"},"content":{"rendered":"\n<p>A <strong>Samsung<\/strong> lan\u00e7ou recentemente a <strong>One UI 7<\/strong>, baseada no <strong>Android 15<\/strong>, com a promessa de trazer melhorias significativas para seus dispositivos. No entanto, a atualiza\u00e7\u00e3o encontrou problemas logo no in\u00edcio, levando a empresa a interromper temporariamente sua distribui\u00e7\u00e3o. Relatos de dificuldades no desbloqueio dos aparelhos e alto consumo de bateria foram alguns dos problemas enfrentados pelos usu\u00e1rios.<\/p>\n\n\n\n<p>Com o objetivo de proteger seus clientes e garantir a estabilidade do sistema, a Samsung decidiu retirar os arquivos da atualiza\u00e7\u00e3o de seus servidores. A empresa agora trabalha para corrigir essas falhas antes de retomar o cronograma de lan\u00e7amentos. A expectativa \u00e9 que os erros sejam solucionados nos pr\u00f3ximos meses, permitindo que os usu\u00e1rios possam aproveitar as novidades da interface sem preocupa\u00e7\u00f5es.<\/p>\n\n\n\n<h2 class=\"wp-block-heading\">Quais s\u00e3o os principais problemas enfrentados pelos usu\u00e1rios?<\/h2>\n\n\n\n<p>Ap\u00f3s a instala\u00e7\u00e3o da One UI 7, muitos usu\u00e1rios relataram dificuldades t\u00e9cnicas. Um dos problemas mais comuns foi a incapacidade de desbloquear o telefone, mesmo utilizando senhas corretas. Al\u00e9m disso, houve um aumento significativo no consumo de bateria, mesmo com uso moderado dos dispositivos. Outro ponto de preocupa\u00e7\u00e3o foram as falhas de seguran\u00e7a, que causaram travamentos em aplicativos sens\u00edveis.<\/p>\n\n\n\n<p>Esses problemas geraram uma onda de cr\u00edticas nas redes sociais, pressionando a Samsung a adiar o lan\u00e7amento para analisar e corrigir os bugs. A empresa est\u00e1 empenhada em resolver essas quest\u00f5es para garantir uma experi\u00eancia de usu\u00e1rio mais segura e est\u00e1vel.<\/p>\n\n\n\n<figure class=\"wp-block-image size-large\"><img loading=\"lazy\" decoding=\"async\" width=\"1024\" height=\"576\" src=\"https:\/\/www.em.com.br\/emfoco\/wp-content\/uploads\/2024\/12\/Samsung_1735407330455-1024x576.jpg\" alt=\"\" class=\"wp-image-7302\" srcset=\"https:\/\/www.em.com.br\/emfoco\/wp-content\/uploads\/2024\/12\/Samsung_1735407330455-1024x576.jpg 1024w, https:\/\/www.em.com.br\/emfoco\/wp-content\/uploads\/2024\/12\/Samsung_1735407330455-300x169.jpg 300w, https:\/\/www.em.com.br\/emfoco\/wp-content\/uploads\/2024\/12\/Samsung_1735407330455-768x432.jpg 768w, https:\/\/www.em.com.br\/emfoco\/wp-content\/uploads\/2024\/12\/Samsung_1735407330455-750x422.jpg 750w, https:\/\/www.em.com.br\/emfoco\/wp-content\/uploads\/2024\/12\/Samsung_1735407330455-1140x641.jpg 1140w, https:\/\/www.em.com.br\/emfoco\/wp-content\/uploads\/2024\/12\/Samsung_1735407330455.jpg 1280w\" sizes=\"auto, (max-width: 1024px) 100vw, 1024px\" \/><figcaption class=\"wp-element-caption\">Imagem Ilustrativa da Samsung &#8211; Cr\u00e9ditos: depositphotos.com \/ Mirroni<\/figcaption><\/figure>\n\n\n\n<h2 class=\"wp-block-heading\">Quais s\u00e3o as novidades da One UI 7?<\/h2>\n\n\n\n<p>A nova vers\u00e3o da interface da Samsung traz diversas inova\u00e7\u00f5es voltadas \u00e0 praticidade e ao visual. Entre os destaques est\u00e3o melhorias na personaliza\u00e7\u00e3o, novas funcionalidades de seguran\u00e7a e uma interface mais intuitiva. Essas inova\u00e7\u00f5es visam aprimorar a experi\u00eancia do usu\u00e1rio em todos os aspectos, tornando o uso dos dispositivos mais agrad\u00e1vel e eficiente.<\/p>\n\n\n\n<p>Com a suspens\u00e3o tempor\u00e1ria da atualiza\u00e7\u00e3o, a Samsung reorganizou seu cronograma de lan\u00e7amentos. Os primeiros aparelhos a receberem a vers\u00e3o corrigida ser\u00e3o os mais recentes, como os Galaxy S24 e Z Flip6. No entanto, a empresa alertou que o calend\u00e1rio pode variar entre pa\u00edses e operadoras, sendo importante que os usu\u00e1rios acompanhem os an\u00fancios oficiais.<\/p>\n\n\n\n<h2 class=\"wp-block-heading\">Quando a One UI 7 estar\u00e1 dispon\u00edvel no Brasil?<\/h2>\n\n\n\n<p>Atualmente, o Brasil est\u00e1 fora da fase inicial de distribui\u00e7\u00e3o da One UI 7. A previs\u00e3o \u00e9 que os modelos nacionais recebam a atualiza\u00e7\u00e3o somente ap\u00f3s a estabiliza\u00e7\u00e3o da vers\u00e3o global. Ainda n\u00e3o h\u00e1 uma data definida para o lan\u00e7amento no pa\u00eds, e os usu\u00e1rios devem aguardar os pr\u00f3ximos comunicados da Samsung.<\/p>\n\n\n\n<p>\u00c9 importante ressaltar que a instala\u00e7\u00e3o de vers\u00f5es n\u00e3o oficiais da interface pode causar mais problemas. Especialistas recomendam que os usu\u00e1rios mantenham o sistema atualizado apenas por canais oficiais, garantindo assim a seguran\u00e7a e a estabilidade do dispositivo. A Samsung refor\u00e7a seu compromisso com a seguran\u00e7a e promete uma experi\u00eancia est\u00e1vel para todos os seus clientes.<\/p>\n","protected":false},"excerpt":{"rendered":"<p>A Samsung lan\u00e7ou recentemente a One UI 7, baseada no Android 15, com a promessa de trazer melhorias significativas para seus dispositivos. No entanto, a atualiza\u00e7\u00e3o encontrou problemas logo no in\u00edcio, levando a empresa a interromper temporariamente sua distribui\u00e7\u00e3o. Relatos de dificuldades no desbloqueio dos aparelhos e alto consumo de bateria foram alguns dos problemas [&hellip;]<\/p>\n","protected":false},"author":5,"featured_media":15286,"comment_status":"open","ping_status":"open","sticky":false,"template":"","format":"standard","meta":{"jnews-multi-image_gallery":[],"jnews_single_post":{"format":"standard"},"jnews_primary_category":[],"jnews_social_meta":[],"jnews_override_counter":[],"footnotes":""},"categories":[1,4204],"tags":[2950,5897,2598,5898],"class_list":["post-41541","post","type-post","status-publish","format-standard","has-post-thumbnail","hentry","category-noticias","category-tecnologia","tag-android-15","tag-one-ui-7","tag-samsung","tag-smartphone-update"],"yoast_head":"<!-- This site is optimized with the Yoast SEO plugin v23.8 - https:\/\/yoast.com\/wordpress\/plugins\/seo\/ -->\n<title>Nova interface da Samsung trava celulares e preocupa usu\u00e1rios - Estado de Minas - Em foco<\/title>\n<meta name=\"description\" content=\"Samsung suspende a One UI 7 ap\u00f3s relatos de travamentos e falhas no desbloqueio. Veja quais modelos foram afetados.\" \/>\n<meta name=\"robots\" content=\"index, follow, max-snippet:-1, max-image-preview:large, max-video-preview:-1\" \/>\n<link rel=\"canonical\" href=\"https:\/\/www.em.com.br\/emfoco\/2025\/04\/30\/nova-interface-da-samsung-trava-celulares-e-preocupa-usuarios\/\" \/>\n<meta property=\"og:locale\" content=\"pt_BR\" \/>\n<meta property=\"og:type\" content=\"article\" \/>\n<meta property=\"og:title\" content=\"Nova interface da Samsung trava celulares e preocupa usu\u00e1rios - Estado de Minas - Em foco\" \/>\n<meta property=\"og:description\" content=\"Samsung suspende a One UI 7 ap\u00f3s relatos de travamentos e falhas no desbloqueio. Veja quais modelos foram afetados.\" \/>\n<meta property=\"og:url\" content=\"https:\/\/www.em.com.br\/emfoco\/2025\/04\/30\/nova-interface-da-samsung-trava-celulares-e-preocupa-usuarios\/\" \/>\n<meta property=\"og:site_name\" content=\"Estado de Minas - Em foco\" \/>\n<meta property=\"article:published_time\" content=\"2025-04-30T21:40:00+00:00\" \/>\n<meta property=\"article:modified_time\" content=\"2025-04-29T17:54:47+00:00\" \/>\n<meta property=\"og:image\" content=\"https:\/\/www.em.com.br\/emfoco\/wp-content\/uploads\/2025\/01\/esse-1-5.jpg\" \/>\n\t<meta property=\"og:image:width\" content=\"1280\" \/>\n\t<meta property=\"og:image:height\" content=\"720\" \/>\n\t<meta property=\"og:image:type\" content=\"image\/jpeg\" \/>\n<meta name=\"author\" content=\"N\u00fabia Rangel\" \/>\n<meta name=\"twitter:card\" content=\"summary_large_image\" \/>\n<meta name=\"twitter:label1\" content=\"Escrito por\" \/>\n\t<meta name=\"twitter:data1\" content=\"N\u00fabia Rangel\" \/>\n\t<meta name=\"twitter:label2\" content=\"Est. tempo de leitura\" \/>\n\t<meta name=\"twitter:data2\" content=\"3 minutos\" \/>\n<!-- \/ Yoast SEO plugin. -->","yoast_head_json":{"title":"Nova interface da Samsung trava celulares e preocupa usu\u00e1rios - Estado de Minas - Em foco","description":"Samsung suspende a One UI 7 ap\u00f3s relatos de travamentos e falhas no desbloqueio. Veja quais modelos foram afetados.","robots":{"index":"index","follow":"follow","max-snippet":"max-snippet:-1","max-image-preview":"max-image-preview:large","max-video-preview":"max-video-preview:-1"},"canonical":"https:\/\/www.em.com.br\/emfoco\/2025\/04\/30\/nova-interface-da-samsung-trava-celulares-e-preocupa-usuarios\/","og_locale":"pt_BR","og_type":"article","og_title":"Nova interface da Samsung trava celulares e preocupa usu\u00e1rios - Estado de Minas - Em foco","og_description":"Samsung suspende a One UI 7 ap\u00f3s relatos de travamentos e falhas no desbloqueio. Veja quais modelos foram afetados.","og_url":"https:\/\/www.em.com.br\/emfoco\/2025\/04\/30\/nova-interface-da-samsung-trava-celulares-e-preocupa-usuarios\/","og_site_name":"Estado de Minas - Em foco","article_published_time":"2025-04-30T21:40:00+00:00","article_modified_time":"2025-04-29T17:54:47+00:00","og_image":[{"width":1280,"height":720,"url":"https:\/\/www.em.com.br\/emfoco\/wp-content\/uploads\/2025\/01\/esse-1-5.jpg","type":"image\/jpeg"}],"author":"N\u00fabia Rangel","twitter_card":"summary_large_image","twitter_misc":{"Escrito por":"N\u00fabia Rangel","Est. tempo de leitura":"3 minutos"},"schema":{"@context":"https:\/\/schema.org","@graph":[{"@type":"WebPage","@id":"https:\/\/www.em.com.br\/emfoco\/2025\/04\/30\/nova-interface-da-samsung-trava-celulares-e-preocupa-usuarios\/","url":"https:\/\/www.em.com.br\/emfoco\/2025\/04\/30\/nova-interface-da-samsung-trava-celulares-e-preocupa-usuarios\/","name":"Nova interface da Samsung trava celulares e preocupa usu\u00e1rios - Estado de Minas - Em foco","isPartOf":{"@id":"https:\/\/www.em.com.br\/emfoco\/#website"},"primaryImageOfPage":{"@id":"https:\/\/www.em.com.br\/emfoco\/2025\/04\/30\/nova-interface-da-samsung-trava-celulares-e-preocupa-usuarios\/#primaryimage"},"image":{"@id":"https:\/\/www.em.com.br\/emfoco\/2025\/04\/30\/nova-interface-da-samsung-trava-celulares-e-preocupa-usuarios\/#primaryimage"},"thumbnailUrl":"https:\/\/www.em.com.br\/emfoco\/wp-content\/uploads\/2025\/01\/esse-1-5.jpg","datePublished":"2025-04-30T21:40:00+00:00","dateModified":"2025-04-29T17:54:47+00:00","author":{"@id":"https:\/\/www.em.com.br\/emfoco\/#\/schema\/person\/524437ef54f8a5d32591b143307f2e20"},"description":"Samsung suspende a One UI 7 ap\u00f3s relatos de travamentos e falhas no desbloqueio. Veja quais modelos foram afetados.","breadcrumb":{"@id":"https:\/\/www.em.com.br\/emfoco\/2025\/04\/30\/nova-interface-da-samsung-trava-celulares-e-preocupa-usuarios\/#breadcrumb"},"inLanguage":"pt-BR","potentialAction":[{"@type":"ReadAction","target":["https:\/\/www.em.com.br\/emfoco\/2025\/04\/30\/nova-interface-da-samsung-trava-celulares-e-preocupa-usuarios\/"]}]},{"@type":"ImageObject","inLanguage":"pt-BR","@id":"https:\/\/www.em.com.br\/emfoco\/2025\/04\/30\/nova-interface-da-samsung-trava-celulares-e-preocupa-usuarios\/#primaryimage","url":"https:\/\/www.em.com.br\/emfoco\/wp-content\/uploads\/2025\/01\/esse-1-5.jpg","contentUrl":"https:\/\/www.em.com.br\/emfoco\/wp-content\/uploads\/2025\/01\/esse-1-5.jpg","width":1280,"height":720,"caption":"Galaxy S24 Ultra - Imagem Divulga\u00e7\u00e3o Samsung"},{"@type":"BreadcrumbList","@id":"https:\/\/www.em.com.br\/emfoco\/2025\/04\/30\/nova-interface-da-samsung-trava-celulares-e-preocupa-usuarios\/#breadcrumb","itemListElement":[{"@type":"ListItem","position":1,"name":"In\u00edcio","item":"https:\/\/www.em.com.br\/emfoco\/"},{"@type":"ListItem","position":2,"name":"Nova interface da Samsung trava celulares e preocupa usu\u00e1rios"}]},{"@type":"WebSite","@id":"https:\/\/www.em.com.br\/emfoco\/#website","url":"https:\/\/www.em.com.br\/emfoco\/","name":"Estado de Minas - Em foco","description":"Acompanhe as \u00faltimas not\u00edcias e fique bem informado sobre tudo o que acontece em Minas Gerais, Brasil e no mundo.","potentialAction":[{"@type":"SearchAction","target":{"@type":"EntryPoint","urlTemplate":"https:\/\/www.em.com.br\/emfoco\/?s={search_term_string}"},"query-input":{"@type":"PropertyValueSpecification","valueRequired":true,"valueName":"search_term_string"}}],"inLanguage":"pt-BR"},{"@type":"Person","@id":"https:\/\/www.em.com.br\/emfoco\/#\/schema\/person\/524437ef54f8a5d32591b143307f2e20","name":"N\u00fabia Rangel","image":{"@type":"ImageObject","inLanguage":"pt-BR","@id":"https:\/\/www.em.com.br\/emfoco\/#\/schema\/person\/image\/","url":"https:\/\/secure.gravatar.com\/avatar\/47cff2827a5ba23c37e8068c86817ea4?s=96&d=mm&r=g","contentUrl":"https:\/\/secure.gravatar.com\/avatar\/47cff2827a5ba23c37e8068c86817ea4?s=96&d=mm&r=g","caption":"N\u00fabia Rangel"},"sameAs":["https:\/\/www.em.com.br\/emfoco\/"],"url":"https:\/\/www.em.com.br\/emfoco\/author\/nubiamyth\/"}]}},"_links":{"self":[{"href":"https:\/\/www.em.com.br\/emfoco\/wp-json\/wp\/v2\/posts\/41541","targetHints":{"allow":["GET"]}}],"collection":[{"href":"https:\/\/www.em.com.br\/emfoco\/wp-json\/wp\/v2\/posts"}],"about":[{"href":"https:\/\/www.em.com.br\/emfoco\/wp-json\/wp\/v2\/types\/post"}],"author":[{"embeddable":true,"href":"https:\/\/www.em.com.br\/emfoco\/wp-json\/wp\/v2\/users\/5"}],"replies":[{"embeddable":true,"href":"https:\/\/www.em.com.br\/emfoco\/wp-json\/wp\/v2\/comments?post=41541"}],"version-history":[{"count":3,"href":"https:\/\/www.em.com.br\/emfoco\/wp-json\/wp\/v2\/posts\/41541\/revisions"}],"predecessor-version":[{"id":42757,"href":"https:\/\/www.em.com.br\/emfoco\/wp-json\/wp\/v2\/posts\/41541\/revisions\/42757"}],"wp:featuredmedia":[{"embeddable":true,"href":"https:\/\/www.em.com.br\/emfoco\/wp-json\/wp\/v2\/media\/15286"}],"wp:attachment":[{"href":"https:\/\/www.em.com.br\/emfoco\/wp-json\/wp\/v2\/media?parent=41541"}],"wp:term":[{"taxonomy":"category","embeddable":true,"href":"https:\/\/www.em.com.br\/emfoco\/wp-json\/wp\/v2\/categories?post=41541"},{"taxonomy":"post_tag","embeddable":true,"href":"https:\/\/www.em.com.br\/emfoco\/wp-json\/wp\/v2\/tags?post=41541"}],"curies":[{"name":"wp","href":"https:\/\/api.w.org\/{rel}","templated":true}]}}